{"id":4951,"date":"2019-05-07T13:19:25","date_gmt":"2019-05-07T11:19:25","guid":{"rendered":"https:\/\/www.ficoba.org\/?p=4951"},"modified":"2019-05-07T13:19:25","modified_gmt":"2019-05-07T11:19:25","slug":"el-desarrollo-sostenible-y-el-consumo-responsable-protagonistas-de-la-16-edicion-de-bioterra-en-ficoba","status":"publish","type":"post","link":"https:\/\/www.ficoba.org\/es\/el-desarrollo-sostenible-y-el-consumo-responsable-protagonistas-de-la-16-edicion-de-bioterra-en-ficoba\/","title":{"rendered":"El desarrollo sostenible y el consumo responsable, protagonistas de la 16 edici\u00f3n de Bioterra en Ficoba"},"content":{"rendered":"<p>Esta ma\u00f1ana se ha presentado en Ficoba junto a varios agentes del sector una nueva edici\u00f3n de Bioterra, Feria de Euskadi de productos ecol\u00f3gicos, bioconstrucci\u00f3n, energ\u00edas renovables y consumo responsable. Bioterra lleva ya 16 a\u00f1os aglutinando a los principales productores, elaboradores y distribuidores del Estado e impulsando los contactos comerciales, lo que le ha permitido convertirse en una de las principales ferias del sector.<\/p>\n<p>Bioterra destaca por la profesionalidad de su propuesta tanto desde el punto de vista organizativo como de su propuesta de contenidos. Un hecho que valoran los expositores que tambi\u00e9n destacan la capacidad de Bioterra para atraer visitantes de calidad y la cercan\u00eda de Francia, un hecho diferencial y atractivo para aquellos que quieren abrirse camino en el pa\u00eds vecino.<\/p>\n<p>La batalla por la sostenibilidad se libra en un doble marco, el de las ideas y el de las acciones concretas. Por ello, este a\u00f1o Bioterra plantea del 7 al 9 de junio en Ficoba un programa en el que la sostenibilidad se aborda en torno a lo que podr\u00edamos llamar acciones o reflexiones \u201cmacro\u201d, pero tambi\u00e9n en torno a las peque\u00f1as acciones y decisiones de cada d\u00eda que ayudan a hacer de la Tierra un lugar m\u00e1s sostenible.<\/p>\n<p><strong>Mares, pl\u00e1stico, acciones de limpieza<\/strong><\/p>\n<p>Sin olvidar las tem\u00e1ticas habituales en Bioterra, el estado de los oc\u00e9anos y de los mares adquiere especial relevancia en esta edici\u00f3n. Para ir calentando motores el 19 de mayo junto con <strong>Surfrider<\/strong>, organizaci\u00f3n dedicada a la protecci\u00f3n y valorizaci\u00f3n del oc\u00e9ano, las olas y el litoral con m\u00e1s de 25 a\u00f1os de trayectoria, va a tener lugar una <strong>recogida de basura marina<\/strong>. Se plantea una acci\u00f3n en colaboraci\u00f3n con el Ekoetxea Txingudi dentro del <strong>Parque ecol\u00f3gico de Plaiaundi<\/strong>, que cuenta con 24 hect\u00e1reas de extensi\u00f3n. Zona escogida debido a que se trata de espacios de alto valor ecol\u00f3gico reconocido como Lugar de Inter\u00e9s Comunitario (LIC) Txingudi-Bidasoa y Zona de Especial Protecci\u00f3n para las Aves (ZEPA) Txingudi, incluido en la lista de humedales en Ramsar. Sin embargo, las zonas se encuentran amenazadas por la presencia del n\u00facleo urbano de Irun y el flujo de la marea que transporta basura marina en sus marismas.<\/p>\n<p>Asimismo, durante la feria Surfrider organizar\u00e1 <strong>talleres de clasificaci\u00f3n de residuos<\/strong> marinos, tanto para adultos como para ni\u00f1os, con los residuos obtenidos durante la recogida organizada el 19 de mayo, siguiendo el protocolo cient\u00edfico utilizado durante las actividades de <em>Ocean Initiatives<\/em> y volcando los datos a la <em>Aplicaci\u00f3n Marine Litter Watch,<\/em> aplicaci\u00f3n de la Agencia Europea del Medio Ambiente.Tambi\u00e9n en el entorno de la sostenibilidad de los mares, la <strong>Asociaci\u00f3n GAEA<\/strong> nos interpela directamente en Bioterra con una charla titulada <strong>\u2018Y yo, \u00bfqu\u00e9 puedo hacer\u2019<\/strong>. Nos mostrar\u00e1n sus investigaciones en torno al pl\u00e1stico que protagoniza de manera silenciosa nuestra vida cotidiana,con su presencia constante. Un elemento que ha ido colonizando nuestro entorno. Est\u00e1 dando la vuelta al mundo&#8230; y no tiene la menor intenci\u00f3n de marcharse.<\/p>\n<p>La Asociaci\u00f3n GAEA Elkartea tiene por finalidad promover la defensa y protecci\u00f3n del medio natural y principalmente el marino, minimizar el impacto antropog\u00e9nico y favorecer la conservaci\u00f3n de la vida marina mediante la sensibilizaci\u00f3n, concienciaci\u00f3n y divulgaci\u00f3n en la sociedad.<\/p>\n<p>Para ello, promueven proyectos enfocados en la reducci\u00f3n y reutilizaci\u00f3n de los recursos e impulsan un cambio en nuestro modelo de consumo actual mediante la visibilizaci\u00f3n de la problem\u00e1tica en un lugar al que no mucha gente tiene acceso, el fondo marino.<\/p>\n<p>Consideran vital, potenciar la idea de que peque\u00f1os gestos conllevan un gran impacto y que todos y todas tenemos mucho que hacer por nuestro futuro y el futuro del planeta.<\/p>\n<p><strong>La agricultura ecol\u00f3gica contin\u00faa creciendo en Euskadi<\/strong><\/p>\n<p>La agricultura ecol\u00f3gica en Euskadi goza de una razonable buena salud. En los \u00faltimos 10 a\u00f1os ha ido creciendo de manera constante en n\u00famero de personas operadoras y en superficie cultivada, aunque sin alcanzar las cifras que se est\u00e1n dando consumo de alimentos ecol\u00f3gicos que va increment\u00e1ndose a medida que la oferta disponible en el mercado crece.<\/p>\n<p>Como ha comentado hoy en la rueda de prensa de presentaci\u00f3n de Bioterra celebrada en Ficoba, el Consejo de Alimentaci\u00f3n y Agricultura Ecol\u00f3gica de Euskadi (ENEEK), en 2018 tambi\u00e9n se han obtenido cifras positivas en la agricultura ecol\u00f3gica, con un <strong>crecimiento del 8 % en n\u00famero de operadores<\/strong> inscritos en Euskadi y <strong>un 5% en la superficie agraria ecol\u00f3gica<\/strong>.\u00a0 A diciembre de 2018 el n\u00famero de operadores ascend\u00eda a 585 y el de la superficie total cultivada a 4.466 hect\u00e1reas.<\/p>\n<p>En cuanto a la <strong>facturaci\u00f3n<\/strong>, ha ascendido <strong>a 42.458.592<\/strong>\u20ac, <strong>m\u00e1s que el doble que en el a\u00f1o 2017<\/strong>.<\/p>\n<p>Como en ejercicios anteriores, Gipuzkoa, aun siendo el que menor repercusi\u00f3n tiene en cuanto a extensi\u00f3n territorial se refiere, 848 hect\u00e1reas frente a las 883 de Bizkaia o las 2.735 de Araba, sigue manteniendo el mayor n\u00famero de agentes en el \u00e1mbito: 227.<\/p>\n<p>Por cultivo, los pastos, pradera, forrajes y proteaginosas suponen el 63% del cultivo ecol\u00f3gico en Euskadi, seguidos por la vid con un 17% y los frutales y los cereales con un 6%.<\/p>\n<p>Por lo que se refiere a las empresas de transformaci\u00f3n ecol\u00f3gicas, las actividades m\u00e1s destacadas contin\u00faan siendo la panader\u00eda, las conservas vegetales, la fabricaci\u00f3n de sidra, las empresas de transformaci\u00f3n de productos l\u00e1cteos y las salas de despiece.<\/p>\n<p><strong>Eneek en Bioterra 2019<\/strong><\/p>\n<p>Un a\u00f1o m\u00e1s ENEEK ha participado activamente para que los agentes ecol\u00f3gicos vascos puedan dar a conocer su variada oferta al p\u00fablico de Bioterra, desde hortalizas, plantas, conservas de verduras, conservas de platos preparados, panes y panecillos hasta queso, sidra, vino o frutos secos.<\/p>\n<p>Asimismo, con el objetivo de visibilizar los beneficios que la producci\u00f3n local de productos ecol\u00f3gicos y su consumo tienen para el p\u00fablico y el medio ambiente, ENEEK ha organizado actividades de <em>showcooking<\/em> y ha puesto a disposici\u00f3n de la organizaci\u00f3n de Bioterra lotes de productos ecol\u00f3gicos que se sortear\u00e1n cada hora durante los tres d\u00edas que dura la feria.<\/p>\n<p><strong>\u00a0<\/strong><strong>Datos pr\u00e1cticos<\/strong><\/p>\n<p>La 16 edici\u00f3n de Bioterra abrir\u00e1 sus puertas del <strong>viernes 7 de junio al domingo 9<\/strong> de junio.<\/p>\n<p>La feria tendr\u00e1 <strong>horario ininterrumpido<\/strong> de 10.00 a 20.00 horas el viernes y el domingo, mientras que el s\u00e1bado se prolongar\u00e1 hasta las 21.00 horas. Precio de la entrada: <strong>3\u20ac\u00a0(ni\u00f1os hasta 12 a\u00f1os, gratuito)<\/strong>. <strong>Parking gratuito<\/strong>. Parada de Euskotren a 50 metros.<\/p>\n<p><strong><u><a href=\"http:\/\/bioterra.ficoba.org\">http:\/\/bioterra.ficoba.org<\/a><\/u><\/strong><\/p>\n","protected":false},"excerpt":{"rendered":"<p>Esta ma\u00f1ana se ha presentado en Ficoba junto a varios agentes del sector una nueva edici\u00f3n de Bioterra, Feria de Euskadi de productos ecol\u00f3gicos, bioconstrucci\u00f3n, energ\u00edas renovables y consumo responsable. [&hellip;]<\/p>\n","protected":false},"author":2,"featured_media":4952,"comment_status":"open","ping_status":"open","sticky":false,"template":"","format":"standard","meta":{"_et_pb_use_builder":"","_et_pb_old_content":"","_et_gb_content_width":"","footnotes":""},"categories":[3],"tags":[70,66,67,69,68],"class_list":["post-4951","post","type-post","status-publish","format-standard","has-post-thumbnail","hentry","category-eventos-y-ferias","tag-agricultura-ecologica","tag-bioterra","tag-ecologia","tag-plasticos","tag-sostenibilidad"],"yoast_head":"<!-- This site is optimized with the Yoast SEO plugin v26.8 - https:\/\/yoast.com\/product\/yoast-seo-wordpress\/ -->\n<title>El desarrollo sostenible y el consumo responsable, protagonistas de la 16 edici\u00f3n de Bioterra en Ficoba - Ficoba<\/title>\n<meta name=\"robots\" content=\"index, follow, max-snippet:-1, max-image-preview:large, max-video-preview:-1\" \/>\n<link rel=\"canonical\" href=\"https:\/\/www.ficoba.org\/es\/el-desarrollo-sostenible-y-el-consumo-responsable-protagonistas-de-la-16-edicion-de-bioterra-en-ficoba\/\" \/>\n<meta name=\"twitter:label1\" content=\"Escrito por\" \/>\n\t<meta name=\"twitter:data1\" content=\"ficoba\" \/>\n\t<meta name=\"twitter:label2\" content=\"Tiempo de lectura\" \/>\n\t<meta name=\"twitter:data2\" content=\"6 minutos\" \/>\n<script type=\"application\/ld+json\" class=\"yoast-schema-graph\">{\"@context\":\"https:\/\/schema.org\",\"@graph\":[{\"@type\":\"Article\",\"@id\":\"https:\/\/www.ficoba.org\/es\/el-desarrollo-sostenible-y-el-consumo-responsable-protagonistas-de-la-16-edicion-de-bioterra-en-ficoba\/#article\",\"isPartOf\":{\"@id\":\"https:\/\/www.ficoba.org\/es\/el-desarrollo-sostenible-y-el-consumo-responsable-protagonistas-de-la-16-edicion-de-bioterra-en-ficoba\/\"},\"author\":{\"name\":\"ficoba\",\"@id\":\"https:\/\/www.ficoba.org\/es\/#\/schema\/person\/8a96a121e5dbd393e6e6b5a7ee7ed407\"},\"headline\":\"El desarrollo sostenible y el consumo responsable, protagonistas de la 16 edici\u00f3n de Bioterra en Ficoba\",\"datePublished\":\"2019-05-07T11:19:25+00:00\",\"mainEntityOfPage\":{\"@id\":\"https:\/\/www.ficoba.org\/es\/el-desarrollo-sostenible-y-el-consumo-responsable-protagonistas-de-la-16-edicion-de-bioterra-en-ficoba\/\"},\"wordCount\":1138,\"commentCount\":0,\"publisher\":{\"@id\":\"https:\/\/www.ficoba.org\/es\/#organization\"},\"image\":{\"@id\":\"https:\/\/www.ficoba.org\/es\/el-desarrollo-sostenible-y-el-consumo-responsable-protagonistas-de-la-16-edicion-de-bioterra-en-ficoba\/#primaryimage\"},\"thumbnailUrl\":\"https:\/\/www.ficoba.org\/wp-content\/uploads\/2019\/05\/Bioterra-2.jpg\",\"keywords\":[\"agricultura ecol\u00f3gica\",\"Bioterra\",\"ecolog\u00eda\",\"pl\u00e1sticos\",\"sostenibilidad\"],\"articleSection\":[\"Eventos y ferias\"],\"inLanguage\":\"es\",\"potentialAction\":[{\"@type\":\"CommentAction\",\"name\":\"Comment\",\"target\":[\"https:\/\/www.ficoba.org\/es\/el-desarrollo-sostenible-y-el-consumo-responsable-protagonistas-de-la-16-edicion-de-bioterra-en-ficoba\/#respond\"]}]},{\"@type\":\"WebPage\",\"@id\":\"https:\/\/www.ficoba.org\/es\/el-desarrollo-sostenible-y-el-consumo-responsable-protagonistas-de-la-16-edicion-de-bioterra-en-ficoba\/\",\"url\":\"https:\/\/www.ficoba.org\/es\/el-desarrollo-sostenible-y-el-consumo-responsable-protagonistas-de-la-16-edicion-de-bioterra-en-ficoba\/\",\"name\":\"El desarrollo sostenible y el consumo responsable, protagonistas de la 16 edici\u00f3n de Bioterra en Ficoba - Ficoba\",\"isPartOf\":{\"@id\":\"https:\/\/www.ficoba.org\/es\/#website\"},\"primaryImageOfPage\":{\"@id\":\"https:\/\/www.ficoba.org\/es\/el-desarrollo-sostenible-y-el-consumo-responsable-protagonistas-de-la-16-edicion-de-bioterra-en-ficoba\/#primaryimage\"},\"image\":{\"@id\":\"https:\/\/www.ficoba.org\/es\/el-desarrollo-sostenible-y-el-consumo-responsable-protagonistas-de-la-16-edicion-de-bioterra-en-ficoba\/#primaryimage\"},\"thumbnailUrl\":\"https:\/\/www.ficoba.org\/wp-content\/uploads\/2019\/05\/Bioterra-2.jpg\",\"datePublished\":\"2019-05-07T11:19:25+00:00\",\"breadcrumb\":{\"@id\":\"https:\/\/www.ficoba.org\/es\/el-desarrollo-sostenible-y-el-consumo-responsable-protagonistas-de-la-16-edicion-de-bioterra-en-ficoba\/#breadcrumb\"},\"inLanguage\":\"es\",\"potentialAction\":[{\"@type\":\"ReadAction\",\"target\":[\"https:\/\/www.ficoba.org\/es\/el-desarrollo-sostenible-y-el-consumo-responsable-protagonistas-de-la-16-edicion-de-bioterra-en-ficoba\/\"]}]},{\"@type\":\"ImageObject\",\"inLanguage\":\"es\",\"@id\":\"https:\/\/www.ficoba.org\/es\/el-desarrollo-sostenible-y-el-consumo-responsable-protagonistas-de-la-16-edicion-de-bioterra-en-ficoba\/#primaryimage\",\"url\":\"https:\/\/www.ficoba.org\/wp-content\/uploads\/2019\/05\/Bioterra-2.jpg\",\"contentUrl\":\"https:\/\/www.ficoba.org\/wp-content\/uploads\/2019\/05\/Bioterra-2.jpg\",\"width\":3264,\"height\":2448},{\"@type\":\"BreadcrumbList\",\"@id\":\"https:\/\/www.ficoba.org\/es\/el-desarrollo-sostenible-y-el-consumo-responsable-protagonistas-de-la-16-edicion-de-bioterra-en-ficoba\/#breadcrumb\",\"itemListElement\":[{\"@type\":\"ListItem\",\"position\":1,\"name\":\"Portada\",\"item\":\"https:\/\/www.ficoba.org\/es\/\"},{\"@type\":\"ListItem\",\"position\":2,\"name\":\"El desarrollo sostenible y el consumo responsable, protagonistas de la 16 edici\u00f3n de Bioterra en Ficoba\"}]},{\"@type\":\"WebSite\",\"@id\":\"https:\/\/www.ficoba.org\/es\/#website\",\"url\":\"https:\/\/www.ficoba.org\/es\/\",\"name\":\"Ficoba, Recinto Ferial de Gipuzkoa\",\"description\":\"Ficoba, recinto ferial de Gipuzkoa\",\"publisher\":{\"@id\":\"https:\/\/www.ficoba.org\/es\/#organization\"},\"alternateName\":\"Ficoba\",\"potentialAction\":[{\"@type\":\"SearchAction\",\"target\":{\"@type\":\"EntryPoint\",\"urlTemplate\":\"https:\/\/www.ficoba.org\/es\/?s={search_term_string}\"},\"query-input\":{\"@type\":\"PropertyValueSpecification\",\"valueRequired\":true,\"valueName\":\"search_term_string\"}}],\"inLanguage\":\"es\"},{\"@type\":\"Organization\",\"@id\":\"https:\/\/www.ficoba.org\/es\/#organization\",\"name\":\"Ficoba, Reciento Ferial de Gipuzkoa\",\"url\":\"https:\/\/www.ficoba.org\/es\/\",\"logo\":{\"@type\":\"ImageObject\",\"inLanguage\":\"es\",\"@id\":\"https:\/\/www.ficoba.org\/es\/#\/schema\/logo\/image\/\",\"url\":\"https:\/\/www.ficoba.org\/wp-content\/uploads\/2018\/11\/logo_ficoba.png\",\"contentUrl\":\"https:\/\/www.ficoba.org\/wp-content\/uploads\/2018\/11\/logo_ficoba.png\",\"width\":200,\"height\":124,\"caption\":\"Ficoba, Reciento Ferial de Gipuzkoa\"},\"image\":{\"@id\":\"https:\/\/www.ficoba.org\/es\/#\/schema\/logo\/image\/\"},\"sameAs\":[\"https:\/\/www.facebook.com\/FICOBAFUNDAZIOA\/\",\"https:\/\/x.com\/FicobaFundazioa\",\"https:\/\/www.youtube.com\/channel\/UCvo2JGluemyCf5KPRmEF9JQ\",\"https:\/\/www.linkedin.com\/company\/ficoba\/\",\"https:\/\/www.instagram.com\/ficobafundazioa\/\"]},{\"@type\":\"Person\",\"@id\":\"https:\/\/www.ficoba.org\/es\/#\/schema\/person\/8a96a121e5dbd393e6e6b5a7ee7ed407\",\"name\":\"ficoba\",\"image\":{\"@type\":\"ImageObject\",\"inLanguage\":\"es\",\"@id\":\"https:\/\/www.ficoba.org\/es\/#\/schema\/person\/image\/\",\"url\":\"https:\/\/secure.gravatar.com\/avatar\/c90cc0e07f75fecbe4165c1906a4cd61b0179a28caae2205d37516e4fb7c30c1?s=96&d=mm&r=g\",\"contentUrl\":\"https:\/\/secure.gravatar.com\/avatar\/c90cc0e07f75fecbe4165c1906a4cd61b0179a28caae2205d37516e4fb7c30c1?s=96&d=mm&r=g\",\"caption\":\"ficoba\"}}]}<\/script>\n<!-- \/ Yoast SEO plugin. -->","yoast_head_json":{"title":"El desarrollo sostenible y el consumo responsable, protagonistas de la 16 edici\u00f3n de Bioterra en Ficoba - Ficoba","robots":{"index":"index","follow":"follow","max-snippet":"max-snippet:-1","max-image-preview":"max-image-preview:large","max-video-preview":"max-video-preview:-1"},"canonical":"https:\/\/www.ficoba.org\/es\/el-desarrollo-sostenible-y-el-consumo-responsable-protagonistas-de-la-16-edicion-de-bioterra-en-ficoba\/","twitter_misc":{"Escrito por":"ficoba","Tiempo de lectura":"6 minutos"},"schema":{"@context":"https:\/\/schema.org","@graph":[{"@type":"Article","@id":"https:\/\/www.ficoba.org\/es\/el-desarrollo-sostenible-y-el-consumo-responsable-protagonistas-de-la-16-edicion-de-bioterra-en-ficoba\/#article","isPartOf":{"@id":"https:\/\/www.ficoba.org\/es\/el-desarrollo-sostenible-y-el-consumo-responsable-protagonistas-de-la-16-edicion-de-bioterra-en-ficoba\/"},"author":{"name":"ficoba","@id":"https:\/\/www.ficoba.org\/es\/#\/schema\/person\/8a96a121e5dbd393e6e6b5a7ee7ed407"},"headline":"El desarrollo sostenible y el consumo responsable, protagonistas de la 16 edici\u00f3n de Bioterra en Ficoba","datePublished":"2019-05-07T11:19:25+00:00","mainEntityOfPage":{"@id":"https:\/\/www.ficoba.org\/es\/el-desarrollo-sostenible-y-el-consumo-responsable-protagonistas-de-la-16-edicion-de-bioterra-en-ficoba\/"},"wordCount":1138,"commentCount":0,"publisher":{"@id":"https:\/\/www.ficoba.org\/es\/#organization"},"image":{"@id":"https:\/\/www.ficoba.org\/es\/el-desarrollo-sostenible-y-el-consumo-responsable-protagonistas-de-la-16-edicion-de-bioterra-en-ficoba\/#primaryimage"},"thumbnailUrl":"https:\/\/www.ficoba.org\/wp-content\/uploads\/2019\/05\/Bioterra-2.jpg","keywords":["agricultura ecol\u00f3gica","Bioterra","ecolog\u00eda","pl\u00e1sticos","sostenibilidad"],"articleSection":["Eventos y ferias"],"inLanguage":"es","potentialAction":[{"@type":"CommentAction","name":"Comment","target":["https:\/\/www.ficoba.org\/es\/el-desarrollo-sostenible-y-el-consumo-responsable-protagonistas-de-la-16-edicion-de-bioterra-en-ficoba\/#respond"]}]},{"@type":"WebPage","@id":"https:\/\/www.ficoba.org\/es\/el-desarrollo-sostenible-y-el-consumo-responsable-protagonistas-de-la-16-edicion-de-bioterra-en-ficoba\/","url":"https:\/\/www.ficoba.org\/es\/el-desarrollo-sostenible-y-el-consumo-responsable-protagonistas-de-la-16-edicion-de-bioterra-en-ficoba\/","name":"El desarrollo sostenible y el consumo responsable, protagonistas de la 16 edici\u00f3n de Bioterra en Ficoba - Ficoba","isPartOf":{"@id":"https:\/\/www.ficoba.org\/es\/#website"},"primaryImageOfPage":{"@id":"https:\/\/www.ficoba.org\/es\/el-desarrollo-sostenible-y-el-consumo-responsable-protagonistas-de-la-16-edicion-de-bioterra-en-ficoba\/#primaryimage"},"image":{"@id":"https:\/\/www.ficoba.org\/es\/el-desarrollo-sostenible-y-el-consumo-responsable-protagonistas-de-la-16-edicion-de-bioterra-en-ficoba\/#primaryimage"},"thumbnailUrl":"https:\/\/www.ficoba.org\/wp-content\/uploads\/2019\/05\/Bioterra-2.jpg","datePublished":"2019-05-07T11:19:25+00:00","breadcrumb":{"@id":"https:\/\/www.ficoba.org\/es\/el-desarrollo-sostenible-y-el-consumo-responsable-protagonistas-de-la-16-edicion-de-bioterra-en-ficoba\/#breadcrumb"},"inLanguage":"es","potentialAction":[{"@type":"ReadAction","target":["https:\/\/www.ficoba.org\/es\/el-desarrollo-sostenible-y-el-consumo-responsable-protagonistas-de-la-16-edicion-de-bioterra-en-ficoba\/"]}]},{"@type":"ImageObject","inLanguage":"es","@id":"https:\/\/www.ficoba.org\/es\/el-desarrollo-sostenible-y-el-consumo-responsable-protagonistas-de-la-16-edicion-de-bioterra-en-ficoba\/#primaryimage","url":"https:\/\/www.ficoba.org\/wp-content\/uploads\/2019\/05\/Bioterra-2.jpg","contentUrl":"https:\/\/www.ficoba.org\/wp-content\/uploads\/2019\/05\/Bioterra-2.jpg","width":3264,"height":2448},{"@type":"BreadcrumbList","@id":"https:\/\/www.ficoba.org\/es\/el-desarrollo-sostenible-y-el-consumo-responsable-protagonistas-de-la-16-edicion-de-bioterra-en-ficoba\/#breadcrumb","itemListElement":[{"@type":"ListItem","position":1,"name":"Portada","item":"https:\/\/www.ficoba.org\/es\/"},{"@type":"ListItem","position":2,"name":"El desarrollo sostenible y el consumo responsable, protagonistas de la 16 edici\u00f3n de Bioterra en Ficoba"}]},{"@type":"WebSite","@id":"https:\/\/www.ficoba.org\/es\/#website","url":"https:\/\/www.ficoba.org\/es\/","name":"Ficoba, Recinto Ferial de Gipuzkoa","description":"Ficoba, recinto ferial de Gipuzkoa","publisher":{"@id":"https:\/\/www.ficoba.org\/es\/#organization"},"alternateName":"Ficoba","potentialAction":[{"@type":"SearchAction","target":{"@type":"EntryPoint","urlTemplate":"https:\/\/www.ficoba.org\/es\/?s={search_term_string}"},"query-input":{"@type":"PropertyValueSpecification","valueRequired":true,"valueName":"search_term_string"}}],"inLanguage":"es"},{"@type":"Organization","@id":"https:\/\/www.ficoba.org\/es\/#organization","name":"Ficoba, Reciento Ferial de Gipuzkoa","url":"https:\/\/www.ficoba.org\/es\/","logo":{"@type":"ImageObject","inLanguage":"es","@id":"https:\/\/www.ficoba.org\/es\/#\/schema\/logo\/image\/","url":"https:\/\/www.ficoba.org\/wp-content\/uploads\/2018\/11\/logo_ficoba.png","contentUrl":"https:\/\/www.ficoba.org\/wp-content\/uploads\/2018\/11\/logo_ficoba.png","width":200,"height":124,"caption":"Ficoba, Reciento Ferial de Gipuzkoa"},"image":{"@id":"https:\/\/www.ficoba.org\/es\/#\/schema\/logo\/image\/"},"sameAs":["https:\/\/www.facebook.com\/FICOBAFUNDAZIOA\/","https:\/\/x.com\/FicobaFundazioa","https:\/\/www.youtube.com\/channel\/UCvo2JGluemyCf5KPRmEF9JQ","https:\/\/www.linkedin.com\/company\/ficoba\/","https:\/\/www.instagram.com\/ficobafundazioa\/"]},{"@type":"Person","@id":"https:\/\/www.ficoba.org\/es\/#\/schema\/person\/8a96a121e5dbd393e6e6b5a7ee7ed407","name":"ficoba","image":{"@type":"ImageObject","inLanguage":"es","@id":"https:\/\/www.ficoba.org\/es\/#\/schema\/person\/image\/","url":"https:\/\/secure.gravatar.com\/avatar\/c90cc0e07f75fecbe4165c1906a4cd61b0179a28caae2205d37516e4fb7c30c1?s=96&d=mm&r=g","contentUrl":"https:\/\/secure.gravatar.com\/avatar\/c90cc0e07f75fecbe4165c1906a4cd61b0179a28caae2205d37516e4fb7c30c1?s=96&d=mm&r=g","caption":"ficoba"}}]}},"_links":{"self":[{"href":"https:\/\/www.ficoba.org\/es\/wp-json\/wp\/v2\/posts\/4951","targetHints":{"allow":["GET"]}}],"collection":[{"href":"https:\/\/www.ficoba.org\/es\/wp-json\/wp\/v2\/posts"}],"about":[{"href":"https:\/\/www.ficoba.org\/es\/wp-json\/wp\/v2\/types\/post"}],"author":[{"embeddable":true,"href":"https:\/\/www.ficoba.org\/es\/wp-json\/wp\/v2\/users\/2"}],"replies":[{"embeddable":true,"href":"https:\/\/www.ficoba.org\/es\/wp-json\/wp\/v2\/comments?post=4951"}],"version-history":[{"count":0,"href":"https:\/\/www.ficoba.org\/es\/wp-json\/wp\/v2\/posts\/4951\/revisions"}],"wp:featuredmedia":[{"embeddable":true,"href":"https:\/\/www.ficoba.org\/es\/wp-json\/wp\/v2\/media\/4952"}],"wp:attachment":[{"href":"https:\/\/www.ficoba.org\/es\/wp-json\/wp\/v2\/media?parent=4951"}],"wp:term":[{"taxonomy":"category","embeddable":true,"href":"https:\/\/www.ficoba.org\/es\/wp-json\/wp\/v2\/categories?post=4951"},{"taxonomy":"post_tag","embeddable":true,"href":"https:\/\/www.ficoba.org\/es\/wp-json\/wp\/v2\/tags?post=4951"}],"curies":[{"name":"wp","href":"https:\/\/api.w.org\/{rel}","templated":true}]}}