{"id":3691,"date":"2018-12-21T12:30:31","date_gmt":"2018-12-21T10:30:31","guid":{"rendered":"https:\/\/www.ficoba.org\/?p=3691"},"modified":"2018-12-28T12:31:05","modified_gmt":"2018-12-28T10:31:05","slug":"el-26-de-diciembre-el-pin-regresa-a-ficoba","status":"publish","type":"post","link":"https:\/\/www.ficoba.org\/es\/el-26-de-diciembre-el-pin-regresa-a-ficoba\/","title":{"rendered":"El 26 de diciembre el PIN regresa a Ficoba"},"content":{"rendered":"<ul>\n<li>Las entradas se podr\u00e1n comprar a trav\u00e9s de la web del PIN<\/li>\n<li>El parking es gratuito<\/li>\n<li>Los d\u00edas reservados a los colegios ser\u00e1n cuatro para dar respuesta al aumento de la demanda. Contar\u00e1n con topo gratuito gracias al patrocinio de Euskotren<\/li>\n<\/ul>\n<p>Un a\u00f1o m\u00e1s Ficoba se va a convertir en el epicentro de la diversi\u00f3n para los ni\u00f1@s de Gipuzkoa, Navarra e Iparralde. Desde el 26 de diciembre al 4 de enero abre sus puerta Pin,Pan,Pun, el parque Infantil de Navidad de Ficoba que regresa con novedades en la oferta y con la vocaci\u00f3n de ser un lugar confortable para que los m\u00e1s peque\u00f1os y sus familias puedan disfrutar. Por eso esta edici\u00f3n las entradas ser\u00e1n limitadas. Para facilitar su compra se podr\u00e1n adquirir a trav\u00e9s de la web del PIN <a href=\"http:\/\/www.pin.ficoba.org\">pin.ficoba.org<\/a><\/p>\n<h2><strong>Pabell\u00f3n 1: tecnolog\u00eda y diversi\u00f3n<\/strong><\/h2>\n<p>La principal novedad en este espacio es la participaci\u00f3n de la <strong>Real Sociedad<\/strong> con una variada oferta de <strong>multideporte<\/strong>. Adem\u00e1s de jugar a f\u00fatbol, se podr\u00e1n practicar otros deportes como atletismo, hockey o bril\u00e9.<\/p>\n<p>Para los que prefieren las propuestas m\u00e1s tecnol\u00f3gicas, encontrar\u00e1n en el Pabell\u00f3n 1 un <strong>simulador de drones<\/strong> y tambi\u00e9n un espacio para jugar y aprender a programar con los <strong>robots educativos <\/strong><strong>Dash<\/strong>.<\/p>\n<p>Tras la buena acogida de la pasada edici\u00f3n, regresa al PIN de Ficoba el <strong>\u201cIkasgela Ibiltaria\u201d<\/strong>, un proyecto que forma parte del\u00a0programa KULTURA DIGITAL@\u00a0de la Diputaci\u00f3n Foral de Gipuzkoa donde se podr\u00e1 <strong>aprender aprogramar y a crear videojuegos<\/strong>.<\/p>\n<p>La sensibilizaci\u00f3n en torno a los primeros auxilios va a llegar de la mano de la <strong>Cruz Roja<\/strong>, que ofrecer\u00e1 diversos talleres en los que tambi\u00e9n se abordar\u00e1 la prevenci\u00f3n del consumo de alcohol y drogas.<\/p>\n<p>La oferta de este pabell\u00f3n se completa con una amplia <strong>zona de talleres<\/strong> y un espacio donde se ense\u00f1ar\u00e1 a cuidar la columna vertebral.<\/p>\n<p>Adem\u00e1s, ETB3 tendr\u00e1 un espacio donde poder inscribirse en el club Hiru3 y disfrutar de las m\u00faltiples ventajas de ser socio.<\/p>\n<h2><strong>Pabell\u00f3n 2: m\u00e1s diversi\u00f3n, sensibilizaci\u00f3n y oferta gastron\u00f3mica<\/strong><\/h2>\n<p>Tambi\u00e9n hay novedades en el Pabell\u00f3n 2. Los ni\u00f1@s podr\u00e1n practicar sus habilidades en un <strong>futbol\u00edn gigante<\/strong>, subirse al toro mec\u00e1nico o divertirse en los hinchables.<\/p>\n<p>Los que sean m\u00e1s amantes de la gastronom\u00eda podr\u00e1n <strong>aprender a hacer pizzas<\/strong>, disfrutar de la oferta del <strong>gastrotxoko<\/strong>o conocer el proceso que sigue la leche hasta que llega a nuestras mesas y terminar moviendo el esqueleto o cantando en el <strong>disko festa<\/strong> o en el <strong>karaoke<\/strong>. Y los que necesiten un rato de relax antes de pasar al tercer pabell\u00f3n, siempre tienen la opci\u00f3n de participar en las actividades con <strong>cuenta cuentos<\/strong>, acercarse al mundo del <strong>reciclaje<\/strong>o hacer una parada en la <strong>cafeter\u00eda<\/strong>.<\/p>\n<h2><strong>Pabell\u00f3n 3: adrenalina y emoci\u00f3n<\/strong><\/h2>\n<p>Las <strong>\u201cbarracas\u201d<\/strong> no pueden faltar en un PIN que se precie. El <strong>saltamontes, el tren infantil, el tiovivo, los autos de choque infantilesy las camas el\u00e1sticas<\/strong> estar\u00e1n un a\u00f1o m\u00e1s en Ficoba y compartir\u00e1n espacio con <strong>el SportJam Kids Park<\/strong>, con rampas de todos los niveles, para la pr\u00e1ctica del scooter.<\/p>\n<h2><strong>4 d\u00edas reservados a colegios y a asociaciones de ni\u00f1@s con discapacidad<\/strong><\/h2>\n<p>Este a\u00f1o se incrementa en un d\u00eda las jornadas reservadas a los colegios. Del 17 al 20 de diciembre m\u00e1s de 2.500 escolares de Gipuzkoa, Navarra e Iparraldedisfrutar\u00e1n del PIN de Ficoba, un 25% m\u00e1s que en 2017. Adem\u00e1s, este a\u00f1o contar\u00e1n con los desplazamientos gratuitos en topo patrocinados por Euskotren.<\/p>\n<p>Estos d\u00edas, <strong>Fundaci\u00f3n Mapfre<\/strong> va a instalar un hinchable de 400m<sup>2<\/sup> en el que con la ayuda de 3 bomberos del servicio oficial de Prevenci\u00f3n, Extinci\u00f3n de Incendios y Salvamento de la DFG, los alumnos podr\u00e1n participar en una evacuaci\u00f3n simulada.<\/p>\n<p><strong>\u00a0<\/strong>Asimismo, el 30 de diciembre por la ma\u00f1ana las instalaciones del PIN se abrir\u00e1n en exclusiva para que los ni\u00f1@s con diferentes discapacidades y sus familias puedan disfrutar del Parque Infantil de Navidad.<\/p>\n<h2><strong>Datos pr\u00e1cticos<\/strong><\/h2>\n<ul>\n<li>Del 26 de diciembre al 4 de enero<\/li>\n<li>En horario de tarde de 15.00 a 20.00 horas<\/li>\n<li>Cerrado: 31 de diciembre y 1 de enero<\/li>\n<\/ul>\n<h2>PRECIOS:<\/h2>\n<ul>\n<li>Ni\u00f1os 3 a 13 a\u00f1os: 8\u20ac<\/li>\n<li>Adultos: 7\u20ac<\/li>\n<li>Ni\u00f1os hasta 3 a\u00f1os: gratis<\/li>\n<li>Grupos de m\u00e1s de 10 ni\u00f1os: 6\u20ac por ni\u00f1o (+ 1 acompa\u00f1ante adulto gratis)<\/li>\n<li>Familias numerosas (con carn\u00e9): 6\u20ac por ni\u00f1o<\/li>\n<li>Parking gratuito<\/li>\n<\/ul>\n<p><a href=\"http:\/\/pin.ficoba.org\">http:\/\/pin.ficoba.org<\/a><\/p>\n","protected":false},"excerpt":{"rendered":"<p>Las entradas se podr\u00e1n comprar a trav\u00e9s de la web del PIN El parking es gratuito Los d\u00edas reservados a los colegios ser\u00e1n cuatro para dar respuesta al aumento de [&hellip;]<\/p>\n","protected":false},"author":2,"featured_media":3692,"comment_status":"open","ping_status":"open","sticky":false,"template":"","format":"standard","meta":{"_et_pb_use_builder":"","_et_pb_old_content":"","_et_gb_content_width":"","footnotes":""},"categories":[3],"tags":[],"class_list":["post-3691","post","type-post","status-publish","format-standard","has-post-thumbnail","hentry","category-eventos-y-ferias"],"yoast_head":"<!-- This site is optimized with the Yoast SEO plugin v26.8 - https:\/\/yoast.com\/product\/yoast-seo-wordpress\/ -->\n<title>El 26 de diciembre el PIN regresa a Ficoba - Ficoba<\/title>\n<meta name=\"robots\" content=\"index, follow, max-snippet:-1, max-image-preview:large, max-video-preview:-1\" \/>\n<link rel=\"canonical\" href=\"https:\/\/www.ficoba.org\/es\/el-26-de-diciembre-el-pin-regresa-a-ficoba\/\" \/>\n<meta name=\"twitter:label1\" content=\"Escrito por\" \/>\n\t<meta name=\"twitter:data1\" content=\"ficoba\" \/>\n\t<meta name=\"twitter:label2\" content=\"Tiempo de lectura\" \/>\n\t<meta name=\"twitter:data2\" content=\"4 minutos\" \/>\n<script type=\"application\/ld+json\" class=\"yoast-schema-graph\">{\"@context\":\"https:\/\/schema.org\",\"@graph\":[{\"@type\":\"Article\",\"@id\":\"https:\/\/www.ficoba.org\/es\/el-26-de-diciembre-el-pin-regresa-a-ficoba\/#article\",\"isPartOf\":{\"@id\":\"https:\/\/www.ficoba.org\/es\/el-26-de-diciembre-el-pin-regresa-a-ficoba\/\"},\"author\":{\"name\":\"ficoba\",\"@id\":\"https:\/\/www.ficoba.org\/es\/#\/schema\/person\/8a96a121e5dbd393e6e6b5a7ee7ed407\"},\"headline\":\"El 26 de diciembre el PIN regresa a Ficoba\",\"datePublished\":\"2018-12-21T10:30:31+00:00\",\"dateModified\":\"2018-12-28T10:31:05+00:00\",\"mainEntityOfPage\":{\"@id\":\"https:\/\/www.ficoba.org\/es\/el-26-de-diciembre-el-pin-regresa-a-ficoba\/\"},\"wordCount\":775,\"commentCount\":0,\"publisher\":{\"@id\":\"https:\/\/www.ficoba.org\/es\/#organization\"},\"image\":{\"@id\":\"https:\/\/www.ficoba.org\/es\/el-26-de-diciembre-el-pin-regresa-a-ficoba\/#primaryimage\"},\"thumbnailUrl\":\"https:\/\/www.ficoba.org\/wp-content\/uploads\/2018\/12\/PIN-Ficoba.jpg\",\"articleSection\":[\"Eventos y ferias\"],\"inLanguage\":\"es\",\"potentialAction\":[{\"@type\":\"CommentAction\",\"name\":\"Comment\",\"target\":[\"https:\/\/www.ficoba.org\/es\/el-26-de-diciembre-el-pin-regresa-a-ficoba\/#respond\"]}]},{\"@type\":\"WebPage\",\"@id\":\"https:\/\/www.ficoba.org\/es\/el-26-de-diciembre-el-pin-regresa-a-ficoba\/\",\"url\":\"https:\/\/www.ficoba.org\/es\/el-26-de-diciembre-el-pin-regresa-a-ficoba\/\",\"name\":\"El 26 de diciembre el PIN regresa a Ficoba - Ficoba\",\"isPartOf\":{\"@id\":\"https:\/\/www.ficoba.org\/es\/#website\"},\"primaryImageOfPage\":{\"@id\":\"https:\/\/www.ficoba.org\/es\/el-26-de-diciembre-el-pin-regresa-a-ficoba\/#primaryimage\"},\"image\":{\"@id\":\"https:\/\/www.ficoba.org\/es\/el-26-de-diciembre-el-pin-regresa-a-ficoba\/#primaryimage\"},\"thumbnailUrl\":\"https:\/\/www.ficoba.org\/wp-content\/uploads\/2018\/12\/PIN-Ficoba.jpg\",\"datePublished\":\"2018-12-21T10:30:31+00:00\",\"dateModified\":\"2018-12-28T10:31:05+00:00\",\"breadcrumb\":{\"@id\":\"https:\/\/www.ficoba.org\/es\/el-26-de-diciembre-el-pin-regresa-a-ficoba\/#breadcrumb\"},\"inLanguage\":\"es\",\"potentialAction\":[{\"@type\":\"ReadAction\",\"target\":[\"https:\/\/www.ficoba.org\/es\/el-26-de-diciembre-el-pin-regresa-a-ficoba\/\"]}]},{\"@type\":\"ImageObject\",\"inLanguage\":\"es\",\"@id\":\"https:\/\/www.ficoba.org\/es\/el-26-de-diciembre-el-pin-regresa-a-ficoba\/#primaryimage\",\"url\":\"https:\/\/www.ficoba.org\/wp-content\/uploads\/2018\/12\/PIN-Ficoba.jpg\",\"contentUrl\":\"https:\/\/www.ficoba.org\/wp-content\/uploads\/2018\/12\/PIN-Ficoba.jpg\",\"width\":1200,\"height\":900},{\"@type\":\"BreadcrumbList\",\"@id\":\"https:\/\/www.ficoba.org\/es\/el-26-de-diciembre-el-pin-regresa-a-ficoba\/#breadcrumb\",\"itemListElement\":[{\"@type\":\"ListItem\",\"position\":1,\"name\":\"Portada\",\"item\":\"https:\/\/www.ficoba.org\/es\/\"},{\"@type\":\"ListItem\",\"position\":2,\"name\":\"El 26 de diciembre el PIN regresa a Ficoba\"}]},{\"@type\":\"WebSite\",\"@id\":\"https:\/\/www.ficoba.org\/es\/#website\",\"url\":\"https:\/\/www.ficoba.org\/es\/\",\"name\":\"Ficoba, Recinto Ferial de Gipuzkoa\",\"description\":\"Ficoba, recinto ferial de Gipuzkoa\",\"publisher\":{\"@id\":\"https:\/\/www.ficoba.org\/es\/#organization\"},\"alternateName\":\"Ficoba\",\"potentialAction\":[{\"@type\":\"SearchAction\",\"target\":{\"@type\":\"EntryPoint\",\"urlTemplate\":\"https:\/\/www.ficoba.org\/es\/?s={search_term_string}\"},\"query-input\":{\"@type\":\"PropertyValueSpecification\",\"valueRequired\":true,\"valueName\":\"search_term_string\"}}],\"inLanguage\":\"es\"},{\"@type\":\"Organization\",\"@id\":\"https:\/\/www.ficoba.org\/es\/#organization\",\"name\":\"Ficoba, Reciento Ferial de Gipuzkoa\",\"url\":\"https:\/\/www.ficoba.org\/es\/\",\"logo\":{\"@type\":\"ImageObject\",\"inLanguage\":\"es\",\"@id\":\"https:\/\/www.ficoba.org\/es\/#\/schema\/logo\/image\/\",\"url\":\"https:\/\/www.ficoba.org\/wp-content\/uploads\/2018\/11\/logo_ficoba.png\",\"contentUrl\":\"https:\/\/www.ficoba.org\/wp-content\/uploads\/2018\/11\/logo_ficoba.png\",\"width\":200,\"height\":124,\"caption\":\"Ficoba, Reciento Ferial de Gipuzkoa\"},\"image\":{\"@id\":\"https:\/\/www.ficoba.org\/es\/#\/schema\/logo\/image\/\"},\"sameAs\":[\"https:\/\/www.facebook.com\/FICOBAFUNDAZIOA\/\",\"https:\/\/x.com\/FicobaFundazioa\",\"https:\/\/www.youtube.com\/channel\/UCvo2JGluemyCf5KPRmEF9JQ\",\"https:\/\/www.linkedin.com\/company\/ficoba\/\",\"https:\/\/www.instagram.com\/ficobafundazioa\/\"]},{\"@type\":\"Person\",\"@id\":\"https:\/\/www.ficoba.org\/es\/#\/schema\/person\/8a96a121e5dbd393e6e6b5a7ee7ed407\",\"name\":\"ficoba\",\"image\":{\"@type\":\"ImageObject\",\"inLanguage\":\"es\",\"@id\":\"https:\/\/www.ficoba.org\/es\/#\/schema\/person\/image\/\",\"url\":\"https:\/\/secure.gravatar.com\/avatar\/c90cc0e07f75fecbe4165c1906a4cd61b0179a28caae2205d37516e4fb7c30c1?s=96&d=mm&r=g\",\"contentUrl\":\"https:\/\/secure.gravatar.com\/avatar\/c90cc0e07f75fecbe4165c1906a4cd61b0179a28caae2205d37516e4fb7c30c1?s=96&d=mm&r=g\",\"caption\":\"ficoba\"}}]}<\/script>\n<!-- \/ Yoast SEO plugin. -->","yoast_head_json":{"title":"El 26 de diciembre el PIN regresa a Ficoba - Ficoba","robots":{"index":"index","follow":"follow","max-snippet":"max-snippet:-1","max-image-preview":"max-image-preview:large","max-video-preview":"max-video-preview:-1"},"canonical":"https:\/\/www.ficoba.org\/es\/el-26-de-diciembre-el-pin-regresa-a-ficoba\/","twitter_misc":{"Escrito por":"ficoba","Tiempo de lectura":"4 minutos"},"schema":{"@context":"https:\/\/schema.org","@graph":[{"@type":"Article","@id":"https:\/\/www.ficoba.org\/es\/el-26-de-diciembre-el-pin-regresa-a-ficoba\/#article","isPartOf":{"@id":"https:\/\/www.ficoba.org\/es\/el-26-de-diciembre-el-pin-regresa-a-ficoba\/"},"author":{"name":"ficoba","@id":"https:\/\/www.ficoba.org\/es\/#\/schema\/person\/8a96a121e5dbd393e6e6b5a7ee7ed407"},"headline":"El 26 de diciembre el PIN regresa a Ficoba","datePublished":"2018-12-21T10:30:31+00:00","dateModified":"2018-12-28T10:31:05+00:00","mainEntityOfPage":{"@id":"https:\/\/www.ficoba.org\/es\/el-26-de-diciembre-el-pin-regresa-a-ficoba\/"},"wordCount":775,"commentCount":0,"publisher":{"@id":"https:\/\/www.ficoba.org\/es\/#organization"},"image":{"@id":"https:\/\/www.ficoba.org\/es\/el-26-de-diciembre-el-pin-regresa-a-ficoba\/#primaryimage"},"thumbnailUrl":"https:\/\/www.ficoba.org\/wp-content\/uploads\/2018\/12\/PIN-Ficoba.jpg","articleSection":["Eventos y ferias"],"inLanguage":"es","potentialAction":[{"@type":"CommentAction","name":"Comment","target":["https:\/\/www.ficoba.org\/es\/el-26-de-diciembre-el-pin-regresa-a-ficoba\/#respond"]}]},{"@type":"WebPage","@id":"https:\/\/www.ficoba.org\/es\/el-26-de-diciembre-el-pin-regresa-a-ficoba\/","url":"https:\/\/www.ficoba.org\/es\/el-26-de-diciembre-el-pin-regresa-a-ficoba\/","name":"El 26 de diciembre el PIN regresa a Ficoba - Ficoba","isPartOf":{"@id":"https:\/\/www.ficoba.org\/es\/#website"},"primaryImageOfPage":{"@id":"https:\/\/www.ficoba.org\/es\/el-26-de-diciembre-el-pin-regresa-a-ficoba\/#primaryimage"},"image":{"@id":"https:\/\/www.ficoba.org\/es\/el-26-de-diciembre-el-pin-regresa-a-ficoba\/#primaryimage"},"thumbnailUrl":"https:\/\/www.ficoba.org\/wp-content\/uploads\/2018\/12\/PIN-Ficoba.jpg","datePublished":"2018-12-21T10:30:31+00:00","dateModified":"2018-12-28T10:31:05+00:00","breadcrumb":{"@id":"https:\/\/www.ficoba.org\/es\/el-26-de-diciembre-el-pin-regresa-a-ficoba\/#breadcrumb"},"inLanguage":"es","potentialAction":[{"@type":"ReadAction","target":["https:\/\/www.ficoba.org\/es\/el-26-de-diciembre-el-pin-regresa-a-ficoba\/"]}]},{"@type":"ImageObject","inLanguage":"es","@id":"https:\/\/www.ficoba.org\/es\/el-26-de-diciembre-el-pin-regresa-a-ficoba\/#primaryimage","url":"https:\/\/www.ficoba.org\/wp-content\/uploads\/2018\/12\/PIN-Ficoba.jpg","contentUrl":"https:\/\/www.ficoba.org\/wp-content\/uploads\/2018\/12\/PIN-Ficoba.jpg","width":1200,"height":900},{"@type":"BreadcrumbList","@id":"https:\/\/www.ficoba.org\/es\/el-26-de-diciembre-el-pin-regresa-a-ficoba\/#breadcrumb","itemListElement":[{"@type":"ListItem","position":1,"name":"Portada","item":"https:\/\/www.ficoba.org\/es\/"},{"@type":"ListItem","position":2,"name":"El 26 de diciembre el PIN regresa a Ficoba"}]},{"@type":"WebSite","@id":"https:\/\/www.ficoba.org\/es\/#website","url":"https:\/\/www.ficoba.org\/es\/","name":"Ficoba, Recinto Ferial de Gipuzkoa","description":"Ficoba, recinto ferial de Gipuzkoa","publisher":{"@id":"https:\/\/www.ficoba.org\/es\/#organization"},"alternateName":"Ficoba","potentialAction":[{"@type":"SearchAction","target":{"@type":"EntryPoint","urlTemplate":"https:\/\/www.ficoba.org\/es\/?s={search_term_string}"},"query-input":{"@type":"PropertyValueSpecification","valueRequired":true,"valueName":"search_term_string"}}],"inLanguage":"es"},{"@type":"Organization","@id":"https:\/\/www.ficoba.org\/es\/#organization","name":"Ficoba, Reciento Ferial de Gipuzkoa","url":"https:\/\/www.ficoba.org\/es\/","logo":{"@type":"ImageObject","inLanguage":"es","@id":"https:\/\/www.ficoba.org\/es\/#\/schema\/logo\/image\/","url":"https:\/\/www.ficoba.org\/wp-content\/uploads\/2018\/11\/logo_ficoba.png","contentUrl":"https:\/\/www.ficoba.org\/wp-content\/uploads\/2018\/11\/logo_ficoba.png","width":200,"height":124,"caption":"Ficoba, Reciento Ferial de Gipuzkoa"},"image":{"@id":"https:\/\/www.ficoba.org\/es\/#\/schema\/logo\/image\/"},"sameAs":["https:\/\/www.facebook.com\/FICOBAFUNDAZIOA\/","https:\/\/x.com\/FicobaFundazioa","https:\/\/www.youtube.com\/channel\/UCvo2JGluemyCf5KPRmEF9JQ","https:\/\/www.linkedin.com\/company\/ficoba\/","https:\/\/www.instagram.com\/ficobafundazioa\/"]},{"@type":"Person","@id":"https:\/\/www.ficoba.org\/es\/#\/schema\/person\/8a96a121e5dbd393e6e6b5a7ee7ed407","name":"ficoba","image":{"@type":"ImageObject","inLanguage":"es","@id":"https:\/\/www.ficoba.org\/es\/#\/schema\/person\/image\/","url":"https:\/\/secure.gravatar.com\/avatar\/c90cc0e07f75fecbe4165c1906a4cd61b0179a28caae2205d37516e4fb7c30c1?s=96&d=mm&r=g","contentUrl":"https:\/\/secure.gravatar.com\/avatar\/c90cc0e07f75fecbe4165c1906a4cd61b0179a28caae2205d37516e4fb7c30c1?s=96&d=mm&r=g","caption":"ficoba"}}]}},"_links":{"self":[{"href":"https:\/\/www.ficoba.org\/es\/wp-json\/wp\/v2\/posts\/3691","targetHints":{"allow":["GET"]}}],"collection":[{"href":"https:\/\/www.ficoba.org\/es\/wp-json\/wp\/v2\/posts"}],"about":[{"href":"https:\/\/www.ficoba.org\/es\/wp-json\/wp\/v2\/types\/post"}],"author":[{"embeddable":true,"href":"https:\/\/www.ficoba.org\/es\/wp-json\/wp\/v2\/users\/2"}],"replies":[{"embeddable":true,"href":"https:\/\/www.ficoba.org\/es\/wp-json\/wp\/v2\/comments?post=3691"}],"version-history":[{"count":0,"href":"https:\/\/www.ficoba.org\/es\/wp-json\/wp\/v2\/posts\/3691\/revisions"}],"wp:featuredmedia":[{"embeddable":true,"href":"https:\/\/www.ficoba.org\/es\/wp-json\/wp\/v2\/media\/3692"}],"wp:attachment":[{"href":"https:\/\/www.ficoba.org\/es\/wp-json\/wp\/v2\/media?parent=3691"}],"wp:term":[{"taxonomy":"category","embeddable":true,"href":"https:\/\/www.ficoba.org\/es\/wp-json\/wp\/v2\/categories?post=3691"},{"taxonomy":"post_tag","embeddable":true,"href":"https:\/\/www.ficoba.org\/es\/wp-json\/wp\/v2\/tags?post=3691"}],"curies":[{"name":"wp","href":"https:\/\/api.w.org\/{rel}","templated":true}]}}