{"id":3665,"date":"2018-12-11T10:17:52","date_gmt":"2018-12-11T08:17:52","guid":{"rendered":"https:\/\/www.ficoba.org\/?p=3665"},"modified":"2018-12-11T10:23:09","modified_gmt":"2018-12-11T08:23:09","slug":"cerca-de-17-000-visitantes-en-la-feria-de-navidad-de-la-costa-vasca","status":"publish","type":"post","link":"https:\/\/www.ficoba.org\/es\/cerca-de-17-000-visitantes-en-la-feria-de-navidad-de-la-costa-vasca\/","title":{"rendered":"Cerca de 17.000 visitantes en la Feria de Navidad de la Costa Vasca"},"content":{"rendered":"<p><em>(Irun, 10 de diciembre de 2018). <\/em>Ayer domingo cerraba sus puertas la decimotercera edici\u00f3n de la Feria de Navidad de la Costa Vasca en Ficoba.\u00a0 A lo largo de todo el puente han visitado la feria cerca de 17.000 personas, unos datos ligeramente inferiores a la edici\u00f3n del a\u00f1o pasado, en la que los visitantes ascendieron a 18.000.<\/p>\n<p>Cada vez son m\u00e1s las propuestas de ocio que se desarrollan en estas fechas tanto en Gipuzkoa como en Iparralde y se ha conseguido cerrar una buena edici\u00f3n, pese al incremento de la competencia.<\/p>\n<p>Ese aumento de la oferta en estas fechas se ha reflejado tambi\u00e9n en la procedencia del visitante. Si bien es cierto que la Feria de Navidad de la Costa Vasca mantiene su poder de atraer a visitantes de toda Gipuzkoa y de territorios lim\u00edtrofes, se ha observado un incremento del peso de los visitantes de las comarcas m\u00e1s cercanas.<\/p>\n<p>Un a\u00f1o m\u00e1s hay que destacar la buena respuesta del p\u00fablico a las actividades paralelas que se han organizado a lo largo de los cuatro d\u00edas de duraci\u00f3n de la feria de Navidad.<\/p>\n<p><img loading=\"lazy\" decoding=\"async\" class=\"size-large wp-image-3670 aligncenter\" src=\"https:\/\/www.ficoba.org\/wp-content\/uploads\/2018\/12\/FN18_0456-M-1024x683.jpg\" alt=\"\" width=\"1024\" height=\"683\" srcset=\"https:\/\/www.ficoba.org\/wp-content\/uploads\/2018\/12\/FN18_0456-M-1024x683.jpg 1024w, https:\/\/www.ficoba.org\/wp-content\/uploads\/2018\/12\/FN18_0456-M-300x200.jpg 300w, https:\/\/www.ficoba.org\/wp-content\/uploads\/2018\/12\/FN18_0456-M-768x512.jpg 768w, https:\/\/www.ficoba.org\/wp-content\/uploads\/2018\/12\/FN18_0456-M-1080x720.jpg 1080w, https:\/\/www.ficoba.org\/wp-content\/uploads\/2018\/12\/FN18_0456-M.jpg 1248w\" sizes=\"(max-width: 1024px) 100vw, 1024px\" \/><\/p>\n<p><img loading=\"lazy\" decoding=\"async\" class=\"size-large wp-image-3678 aligncenter\" src=\"https:\/\/www.ficoba.org\/wp-content\/uploads\/2018\/12\/FN18_0607-M-1024x683.jpg\" alt=\"\" width=\"1024\" height=\"683\" srcset=\"https:\/\/www.ficoba.org\/wp-content\/uploads\/2018\/12\/FN18_0607-M-1024x683.jpg 1024w, https:\/\/www.ficoba.org\/wp-content\/uploads\/2018\/12\/FN18_0607-M-300x200.jpg 300w, https:\/\/www.ficoba.org\/wp-content\/uploads\/2018\/12\/FN18_0607-M-768x512.jpg 768w, https:\/\/www.ficoba.org\/wp-content\/uploads\/2018\/12\/FN18_0607-M-1080x720.jpg 1080w, https:\/\/www.ficoba.org\/wp-content\/uploads\/2018\/12\/FN18_0607-M.jpg 1248w\" sizes=\"(max-width: 1024px) 100vw, 1024px\" \/><\/p>\n<p><img loading=\"lazy\" decoding=\"async\" class=\"size-large wp-image-3674 aligncenter\" src=\"https:\/\/www.ficoba.org\/wp-content\/uploads\/2018\/12\/FN18_0463-M-1024x683.jpg\" alt=\"\" width=\"1024\" height=\"683\" srcset=\"https:\/\/www.ficoba.org\/wp-content\/uploads\/2018\/12\/FN18_0463-M-1024x683.jpg 1024w, https:\/\/www.ficoba.org\/wp-content\/uploads\/2018\/12\/FN18_0463-M-300x200.jpg 300w, https:\/\/www.ficoba.org\/wp-content\/uploads\/2018\/12\/FN18_0463-M-768x512.jpg 768w, https:\/\/www.ficoba.org\/wp-content\/uploads\/2018\/12\/FN18_0463-M-1080x720.jpg 1080w, https:\/\/www.ficoba.org\/wp-content\/uploads\/2018\/12\/FN18_0463-M.jpg 1248w\" sizes=\"(max-width: 1024px) 100vw, 1024px\" \/><\/p>\n","protected":false},"excerpt":{"rendered":"<p>(Irun, 10 de diciembre de 2018). Ayer domingo cerraba sus puertas la decimotercera edici\u00f3n de la Feria de Navidad de la Costa Vasca en Ficoba.\u00a0 A lo largo de todo [&hellip;]<\/p>\n","protected":false},"author":2,"featured_media":3666,"comment_status":"open","ping_status":"open","sticky":false,"template":"","format":"standard","meta":{"_et_pb_use_builder":"","_et_pb_old_content":"","_et_gb_content_width":"","footnotes":""},"categories":[3],"tags":[],"class_list":["post-3665","post","type-post","status-publish","format-standard","has-post-thumbnail","hentry","category-eventos-y-ferias"],"yoast_head":"<!-- This site is optimized with the Yoast SEO plugin v26.8 - https:\/\/yoast.com\/product\/yoast-seo-wordpress\/ -->\n<title>Cerca de 17.000 visitantes en la Feria de Navidad de la Costa Vasca - Ficoba<\/title>\n<meta name=\"robots\" content=\"index, follow, max-snippet:-1, max-image-preview:large, max-video-preview:-1\" \/>\n<link rel=\"canonical\" href=\"https:\/\/www.ficoba.org\/es\/cerca-de-17-000-visitantes-en-la-feria-de-navidad-de-la-costa-vasca\/\" \/>\n<meta name=\"twitter:label1\" content=\"Escrito por\" \/>\n\t<meta name=\"twitter:data1\" content=\"ficoba\" \/>\n\t<meta name=\"twitter:label2\" content=\"Tiempo de lectura\" \/>\n\t<meta name=\"twitter:data2\" content=\"1 minuto\" \/>\n<script type=\"application\/ld+json\" class=\"yoast-schema-graph\">{\"@context\":\"https:\/\/schema.org\",\"@graph\":[{\"@type\":\"Article\",\"@id\":\"https:\/\/www.ficoba.org\/es\/cerca-de-17-000-visitantes-en-la-feria-de-navidad-de-la-costa-vasca\/#article\",\"isPartOf\":{\"@id\":\"https:\/\/www.ficoba.org\/es\/cerca-de-17-000-visitantes-en-la-feria-de-navidad-de-la-costa-vasca\/\"},\"author\":{\"name\":\"ficoba\",\"@id\":\"https:\/\/www.ficoba.org\/es\/#\/schema\/person\/8a96a121e5dbd393e6e6b5a7ee7ed407\"},\"headline\":\"Cerca de 17.000 visitantes en la Feria de Navidad de la Costa Vasca\",\"datePublished\":\"2018-12-11T08:17:52+00:00\",\"dateModified\":\"2018-12-11T08:23:09+00:00\",\"mainEntityOfPage\":{\"@id\":\"https:\/\/www.ficoba.org\/es\/cerca-de-17-000-visitantes-en-la-feria-de-navidad-de-la-costa-vasca\/\"},\"wordCount\":205,\"commentCount\":0,\"publisher\":{\"@id\":\"https:\/\/www.ficoba.org\/es\/#organization\"},\"image\":{\"@id\":\"https:\/\/www.ficoba.org\/es\/cerca-de-17-000-visitantes-en-la-feria-de-navidad-de-la-costa-vasca\/#primaryimage\"},\"thumbnailUrl\":\"https:\/\/www.ficoba.org\/wp-content\/uploads\/2018\/12\/FN18_0193-M.jpg\",\"articleSection\":[\"Eventos y ferias\"],\"inLanguage\":\"es\",\"potentialAction\":[{\"@type\":\"CommentAction\",\"name\":\"Comment\",\"target\":[\"https:\/\/www.ficoba.org\/es\/cerca-de-17-000-visitantes-en-la-feria-de-navidad-de-la-costa-vasca\/#respond\"]}]},{\"@type\":\"WebPage\",\"@id\":\"https:\/\/www.ficoba.org\/es\/cerca-de-17-000-visitantes-en-la-feria-de-navidad-de-la-costa-vasca\/\",\"url\":\"https:\/\/www.ficoba.org\/es\/cerca-de-17-000-visitantes-en-la-feria-de-navidad-de-la-costa-vasca\/\",\"name\":\"Cerca de 17.000 visitantes en la Feria de Navidad de la Costa Vasca - Ficoba\",\"isPartOf\":{\"@id\":\"https:\/\/www.ficoba.org\/es\/#website\"},\"primaryImageOfPage\":{\"@id\":\"https:\/\/www.ficoba.org\/es\/cerca-de-17-000-visitantes-en-la-feria-de-navidad-de-la-costa-vasca\/#primaryimage\"},\"image\":{\"@id\":\"https:\/\/www.ficoba.org\/es\/cerca-de-17-000-visitantes-en-la-feria-de-navidad-de-la-costa-vasca\/#primaryimage\"},\"thumbnailUrl\":\"https:\/\/www.ficoba.org\/wp-content\/uploads\/2018\/12\/FN18_0193-M.jpg\",\"datePublished\":\"2018-12-11T08:17:52+00:00\",\"dateModified\":\"2018-12-11T08:23:09+00:00\",\"breadcrumb\":{\"@id\":\"https:\/\/www.ficoba.org\/es\/cerca-de-17-000-visitantes-en-la-feria-de-navidad-de-la-costa-vasca\/#breadcrumb\"},\"inLanguage\":\"es\",\"potentialAction\":[{\"@type\":\"ReadAction\",\"target\":[\"https:\/\/www.ficoba.org\/es\/cerca-de-17-000-visitantes-en-la-feria-de-navidad-de-la-costa-vasca\/\"]}]},{\"@type\":\"ImageObject\",\"inLanguage\":\"es\",\"@id\":\"https:\/\/www.ficoba.org\/es\/cerca-de-17-000-visitantes-en-la-feria-de-navidad-de-la-costa-vasca\/#primaryimage\",\"url\":\"https:\/\/www.ficoba.org\/wp-content\/uploads\/2018\/12\/FN18_0193-M.jpg\",\"contentUrl\":\"https:\/\/www.ficoba.org\/wp-content\/uploads\/2018\/12\/FN18_0193-M.jpg\",\"width\":1248,\"height\":832},{\"@type\":\"BreadcrumbList\",\"@id\":\"https:\/\/www.ficoba.org\/es\/cerca-de-17-000-visitantes-en-la-feria-de-navidad-de-la-costa-vasca\/#breadcrumb\",\"itemListElement\":[{\"@type\":\"ListItem\",\"position\":1,\"name\":\"Portada\",\"item\":\"https:\/\/www.ficoba.org\/es\/\"},{\"@type\":\"ListItem\",\"position\":2,\"name\":\"Cerca de 17.000 visitantes en la Feria de Navidad de la Costa Vasca\"}]},{\"@type\":\"WebSite\",\"@id\":\"https:\/\/www.ficoba.org\/es\/#website\",\"url\":\"https:\/\/www.ficoba.org\/es\/\",\"name\":\"Ficoba, Recinto Ferial de Gipuzkoa\",\"description\":\"Ficoba, recinto ferial de Gipuzkoa\",\"publisher\":{\"@id\":\"https:\/\/www.ficoba.org\/es\/#organization\"},\"alternateName\":\"Ficoba\",\"potentialAction\":[{\"@type\":\"SearchAction\",\"target\":{\"@type\":\"EntryPoint\",\"urlTemplate\":\"https:\/\/www.ficoba.org\/es\/?s={search_term_string}\"},\"query-input\":{\"@type\":\"PropertyValueSpecification\",\"valueRequired\":true,\"valueName\":\"search_term_string\"}}],\"inLanguage\":\"es\"},{\"@type\":\"Organization\",\"@id\":\"https:\/\/www.ficoba.org\/es\/#organization\",\"name\":\"Ficoba, Reciento Ferial de Gipuzkoa\",\"url\":\"https:\/\/www.ficoba.org\/es\/\",\"logo\":{\"@type\":\"ImageObject\",\"inLanguage\":\"es\",\"@id\":\"https:\/\/www.ficoba.org\/es\/#\/schema\/logo\/image\/\",\"url\":\"https:\/\/www.ficoba.org\/wp-content\/uploads\/2018\/11\/logo_ficoba.png\",\"contentUrl\":\"https:\/\/www.ficoba.org\/wp-content\/uploads\/2018\/11\/logo_ficoba.png\",\"width\":200,\"height\":124,\"caption\":\"Ficoba, Reciento Ferial de Gipuzkoa\"},\"image\":{\"@id\":\"https:\/\/www.ficoba.org\/es\/#\/schema\/logo\/image\/\"},\"sameAs\":[\"https:\/\/www.facebook.com\/FICOBAFUNDAZIOA\/\",\"https:\/\/x.com\/FicobaFundazioa\",\"https:\/\/www.youtube.com\/channel\/UCvo2JGluemyCf5KPRmEF9JQ\",\"https:\/\/www.linkedin.com\/company\/ficoba\/\",\"https:\/\/www.instagram.com\/ficobafundazioa\/\"]},{\"@type\":\"Person\",\"@id\":\"https:\/\/www.ficoba.org\/es\/#\/schema\/person\/8a96a121e5dbd393e6e6b5a7ee7ed407\",\"name\":\"ficoba\",\"image\":{\"@type\":\"ImageObject\",\"inLanguage\":\"es\",\"@id\":\"https:\/\/www.ficoba.org\/es\/#\/schema\/person\/image\/\",\"url\":\"https:\/\/secure.gravatar.com\/avatar\/c90cc0e07f75fecbe4165c1906a4cd61b0179a28caae2205d37516e4fb7c30c1?s=96&d=mm&r=g\",\"contentUrl\":\"https:\/\/secure.gravatar.com\/avatar\/c90cc0e07f75fecbe4165c1906a4cd61b0179a28caae2205d37516e4fb7c30c1?s=96&d=mm&r=g\",\"caption\":\"ficoba\"}}]}<\/script>\n<!-- \/ Yoast SEO plugin. -->","yoast_head_json":{"title":"Cerca de 17.000 visitantes en la Feria de Navidad de la Costa Vasca - Ficoba","robots":{"index":"index","follow":"follow","max-snippet":"max-snippet:-1","max-image-preview":"max-image-preview:large","max-video-preview":"max-video-preview:-1"},"canonical":"https:\/\/www.ficoba.org\/es\/cerca-de-17-000-visitantes-en-la-feria-de-navidad-de-la-costa-vasca\/","twitter_misc":{"Escrito por":"ficoba","Tiempo de lectura":"1 minuto"},"schema":{"@context":"https:\/\/schema.org","@graph":[{"@type":"Article","@id":"https:\/\/www.ficoba.org\/es\/cerca-de-17-000-visitantes-en-la-feria-de-navidad-de-la-costa-vasca\/#article","isPartOf":{"@id":"https:\/\/www.ficoba.org\/es\/cerca-de-17-000-visitantes-en-la-feria-de-navidad-de-la-costa-vasca\/"},"author":{"name":"ficoba","@id":"https:\/\/www.ficoba.org\/es\/#\/schema\/person\/8a96a121e5dbd393e6e6b5a7ee7ed407"},"headline":"Cerca de 17.000 visitantes en la Feria de Navidad de la Costa Vasca","datePublished":"2018-12-11T08:17:52+00:00","dateModified":"2018-12-11T08:23:09+00:00","mainEntityOfPage":{"@id":"https:\/\/www.ficoba.org\/es\/cerca-de-17-000-visitantes-en-la-feria-de-navidad-de-la-costa-vasca\/"},"wordCount":205,"commentCount":0,"publisher":{"@id":"https:\/\/www.ficoba.org\/es\/#organization"},"image":{"@id":"https:\/\/www.ficoba.org\/es\/cerca-de-17-000-visitantes-en-la-feria-de-navidad-de-la-costa-vasca\/#primaryimage"},"thumbnailUrl":"https:\/\/www.ficoba.org\/wp-content\/uploads\/2018\/12\/FN18_0193-M.jpg","articleSection":["Eventos y ferias"],"inLanguage":"es","potentialAction":[{"@type":"CommentAction","name":"Comment","target":["https:\/\/www.ficoba.org\/es\/cerca-de-17-000-visitantes-en-la-feria-de-navidad-de-la-costa-vasca\/#respond"]}]},{"@type":"WebPage","@id":"https:\/\/www.ficoba.org\/es\/cerca-de-17-000-visitantes-en-la-feria-de-navidad-de-la-costa-vasca\/","url":"https:\/\/www.ficoba.org\/es\/cerca-de-17-000-visitantes-en-la-feria-de-navidad-de-la-costa-vasca\/","name":"Cerca de 17.000 visitantes en la Feria de Navidad de la Costa Vasca - Ficoba","isPartOf":{"@id":"https:\/\/www.ficoba.org\/es\/#website"},"primaryImageOfPage":{"@id":"https:\/\/www.ficoba.org\/es\/cerca-de-17-000-visitantes-en-la-feria-de-navidad-de-la-costa-vasca\/#primaryimage"},"image":{"@id":"https:\/\/www.ficoba.org\/es\/cerca-de-17-000-visitantes-en-la-feria-de-navidad-de-la-costa-vasca\/#primaryimage"},"thumbnailUrl":"https:\/\/www.ficoba.org\/wp-content\/uploads\/2018\/12\/FN18_0193-M.jpg","datePublished":"2018-12-11T08:17:52+00:00","dateModified":"2018-12-11T08:23:09+00:00","breadcrumb":{"@id":"https:\/\/www.ficoba.org\/es\/cerca-de-17-000-visitantes-en-la-feria-de-navidad-de-la-costa-vasca\/#breadcrumb"},"inLanguage":"es","potentialAction":[{"@type":"ReadAction","target":["https:\/\/www.ficoba.org\/es\/cerca-de-17-000-visitantes-en-la-feria-de-navidad-de-la-costa-vasca\/"]}]},{"@type":"ImageObject","inLanguage":"es","@id":"https:\/\/www.ficoba.org\/es\/cerca-de-17-000-visitantes-en-la-feria-de-navidad-de-la-costa-vasca\/#primaryimage","url":"https:\/\/www.ficoba.org\/wp-content\/uploads\/2018\/12\/FN18_0193-M.jpg","contentUrl":"https:\/\/www.ficoba.org\/wp-content\/uploads\/2018\/12\/FN18_0193-M.jpg","width":1248,"height":832},{"@type":"BreadcrumbList","@id":"https:\/\/www.ficoba.org\/es\/cerca-de-17-000-visitantes-en-la-feria-de-navidad-de-la-costa-vasca\/#breadcrumb","itemListElement":[{"@type":"ListItem","position":1,"name":"Portada","item":"https:\/\/www.ficoba.org\/es\/"},{"@type":"ListItem","position":2,"name":"Cerca de 17.000 visitantes en la Feria de Navidad de la Costa Vasca"}]},{"@type":"WebSite","@id":"https:\/\/www.ficoba.org\/es\/#website","url":"https:\/\/www.ficoba.org\/es\/","name":"Ficoba, Recinto Ferial de Gipuzkoa","description":"Ficoba, recinto ferial de Gipuzkoa","publisher":{"@id":"https:\/\/www.ficoba.org\/es\/#organization"},"alternateName":"Ficoba","potentialAction":[{"@type":"SearchAction","target":{"@type":"EntryPoint","urlTemplate":"https:\/\/www.ficoba.org\/es\/?s={search_term_string}"},"query-input":{"@type":"PropertyValueSpecification","valueRequired":true,"valueName":"search_term_string"}}],"inLanguage":"es"},{"@type":"Organization","@id":"https:\/\/www.ficoba.org\/es\/#organization","name":"Ficoba, Reciento Ferial de Gipuzkoa","url":"https:\/\/www.ficoba.org\/es\/","logo":{"@type":"ImageObject","inLanguage":"es","@id":"https:\/\/www.ficoba.org\/es\/#\/schema\/logo\/image\/","url":"https:\/\/www.ficoba.org\/wp-content\/uploads\/2018\/11\/logo_ficoba.png","contentUrl":"https:\/\/www.ficoba.org\/wp-content\/uploads\/2018\/11\/logo_ficoba.png","width":200,"height":124,"caption":"Ficoba, Reciento Ferial de Gipuzkoa"},"image":{"@id":"https:\/\/www.ficoba.org\/es\/#\/schema\/logo\/image\/"},"sameAs":["https:\/\/www.facebook.com\/FICOBAFUNDAZIOA\/","https:\/\/x.com\/FicobaFundazioa","https:\/\/www.youtube.com\/channel\/UCvo2JGluemyCf5KPRmEF9JQ","https:\/\/www.linkedin.com\/company\/ficoba\/","https:\/\/www.instagram.com\/ficobafundazioa\/"]},{"@type":"Person","@id":"https:\/\/www.ficoba.org\/es\/#\/schema\/person\/8a96a121e5dbd393e6e6b5a7ee7ed407","name":"ficoba","image":{"@type":"ImageObject","inLanguage":"es","@id":"https:\/\/www.ficoba.org\/es\/#\/schema\/person\/image\/","url":"https:\/\/secure.gravatar.com\/avatar\/c90cc0e07f75fecbe4165c1906a4cd61b0179a28caae2205d37516e4fb7c30c1?s=96&d=mm&r=g","contentUrl":"https:\/\/secure.gravatar.com\/avatar\/c90cc0e07f75fecbe4165c1906a4cd61b0179a28caae2205d37516e4fb7c30c1?s=96&d=mm&r=g","caption":"ficoba"}}]}},"_links":{"self":[{"href":"https:\/\/www.ficoba.org\/es\/wp-json\/wp\/v2\/posts\/3665","targetHints":{"allow":["GET"]}}],"collection":[{"href":"https:\/\/www.ficoba.org\/es\/wp-json\/wp\/v2\/posts"}],"about":[{"href":"https:\/\/www.ficoba.org\/es\/wp-json\/wp\/v2\/types\/post"}],"author":[{"embeddable":true,"href":"https:\/\/www.ficoba.org\/es\/wp-json\/wp\/v2\/users\/2"}],"replies":[{"embeddable":true,"href":"https:\/\/www.ficoba.org\/es\/wp-json\/wp\/v2\/comments?post=3665"}],"version-history":[{"count":0,"href":"https:\/\/www.ficoba.org\/es\/wp-json\/wp\/v2\/posts\/3665\/revisions"}],"wp:featuredmedia":[{"embeddable":true,"href":"https:\/\/www.ficoba.org\/es\/wp-json\/wp\/v2\/media\/3666"}],"wp:attachment":[{"href":"https:\/\/www.ficoba.org\/es\/wp-json\/wp\/v2\/media?parent=3665"}],"wp:term":[{"taxonomy":"category","embeddable":true,"href":"https:\/\/www.ficoba.org\/es\/wp-json\/wp\/v2\/categories?post=3665"},{"taxonomy":"post_tag","embeddable":true,"href":"https:\/\/www.ficoba.org\/es\/wp-json\/wp\/v2\/tags?post=3665"}],"curies":[{"name":"wp","href":"https:\/\/api.w.org\/{rel}","templated":true}]}}