{"id":3654,"date":"2018-11-28T18:54:59","date_gmt":"2018-11-28T16:54:59","guid":{"rendered":"https:\/\/www.ficoba.org\/?p=3654"},"modified":"2018-12-03T19:55:43","modified_gmt":"2018-12-03T17:55:43","slug":"2-150-profesionales-han-participado-en-la-primera-edicion-de-gomobility","status":"publish","type":"post","link":"https:\/\/www.ficoba.org\/es\/2-150-profesionales-han-participado-en-la-primera-edicion-de-gomobility\/","title":{"rendered":"2.150 profesionales han participado en la primera edici\u00f3n de GoMobility"},"content":{"rendered":"<p><strong>Los organizadores califican de exitosa esta primera edici\u00f3n de GoMobility, que ha alcanzado sus objetivos en cuanto a la asistencia de visitantes y expositores.<\/strong><\/p>\n<p>GoMobility, la primera exhibici\u00f3n industrial del Sur de Europa de movilidad sostenible del futuro, ha cerrado su primera edici\u00f3n cumpliendo los objetivos marcados. Se han alcanzado tanto las cifras de visitantes como de expositores previstos por la organizaci\u00f3n y durante dos d\u00edas Gipuzkoa se ha convertido en el punto de encuentro internacional de la movilidad el\u00e9ctrica y el almacenamiento de energ\u00eda.<\/p>\n<p>La feria, celebrada en Ficoba el 27 y 28 de noviembre, ha contado con 70 expositores y 2.150profesionales, y reuniendo as\u00ed a representantes del amplio ecosistema que conforma este sector en pleno desarrollo.<\/p>\n<p>Un primer an\u00e1lisis de las encuestas de satisfacci\u00f3n realizadas a expositores y visitantes pone de manifiesto una valoraci\u00f3n positiva tanto de la parte expositiva como de las conferencias y actividades paralelas. Los expositores se han mostrado satisfechos con el perfil del visitante, as\u00ed como por la calidad y variedad de las actividades paralelas de GoMobility, que han servido de foro de debate y reflexi\u00f3n en torno a los retos del futuro sostenible.<\/p>\n<p>Asimismo, cabe destacar que la celebraci\u00f3n de GoMobility ha supuesto un hito en Gipuzkoa, ya que es la primera feria de car\u00e1cter industrial de estas dimensiones (12.000m2) que se celebra en el territorio.<\/p>\n<p>Tras este primer balance nada m\u00e1s terminar la feria, en las pr\u00f3ximas semanas se realizar\u00e1 una evaluaci\u00f3n en profundidad con los representantes del sector para analizar el desarrollo de esta primera edici\u00f3n de GoMobility y definir la periodicidad de la feria en pr\u00f3ximas ediciones.<\/p>\n","protected":false},"excerpt":{"rendered":"<p>Los organizadores califican de exitosa esta primera edici\u00f3n de GoMobility, que ha alcanzado sus objetivos en cuanto a la asistencia de visitantes y expositores. GoMobility, la primera exhibici\u00f3n industrial del [&hellip;]<\/p>\n","protected":false},"author":2,"featured_media":2387,"comment_status":"open","ping_status":"open","sticky":false,"template":"","format":"standard","meta":{"_et_pb_use_builder":"","_et_pb_old_content":"","_et_gb_content_width":"","footnotes":""},"categories":[3],"tags":[],"class_list":["post-3654","post","type-post","status-publish","format-standard","has-post-thumbnail","hentry","category-eventos-y-ferias"],"yoast_head":"<!-- This site is optimized with the Yoast SEO plugin v26.8 - https:\/\/yoast.com\/product\/yoast-seo-wordpress\/ -->\n<title>2.150 profesionales han participado en la primera edici\u00f3n de GoMobility - Ficoba<\/title>\n<meta name=\"robots\" content=\"index, follow, max-snippet:-1, max-image-preview:large, max-video-preview:-1\" \/>\n<link rel=\"canonical\" href=\"https:\/\/www.ficoba.org\/es\/2-150-profesionales-han-participado-en-la-primera-edicion-de-gomobility\/\" \/>\n<meta name=\"twitter:label1\" content=\"Escrito por\" \/>\n\t<meta name=\"twitter:data1\" content=\"ficoba\" \/>\n\t<meta name=\"twitter:label2\" content=\"Tiempo de lectura\" \/>\n\t<meta name=\"twitter:data2\" content=\"1 minuto\" \/>\n<script type=\"application\/ld+json\" class=\"yoast-schema-graph\">{\"@context\":\"https:\/\/schema.org\",\"@graph\":[{\"@type\":\"Article\",\"@id\":\"https:\/\/www.ficoba.org\/es\/2-150-profesionales-han-participado-en-la-primera-edicion-de-gomobility\/#article\",\"isPartOf\":{\"@id\":\"https:\/\/www.ficoba.org\/es\/2-150-profesionales-han-participado-en-la-primera-edicion-de-gomobility\/\"},\"author\":{\"name\":\"ficoba\",\"@id\":\"https:\/\/www.ficoba.org\/es\/#\/schema\/person\/8a96a121e5dbd393e6e6b5a7ee7ed407\"},\"headline\":\"2.150 profesionales han participado en la primera edici\u00f3n de GoMobility\",\"datePublished\":\"2018-11-28T16:54:59+00:00\",\"dateModified\":\"2018-12-03T17:55:43+00:00\",\"mainEntityOfPage\":{\"@id\":\"https:\/\/www.ficoba.org\/es\/2-150-profesionales-han-participado-en-la-primera-edicion-de-gomobility\/\"},\"wordCount\":292,\"commentCount\":0,\"publisher\":{\"@id\":\"https:\/\/www.ficoba.org\/es\/#organization\"},\"image\":{\"@id\":\"https:\/\/www.ficoba.org\/es\/2-150-profesionales-han-participado-en-la-primera-edicion-de-gomobility\/#primaryimage\"},\"thumbnailUrl\":\"https:\/\/www.ficoba.org\/wp-content\/uploads\/2018\/11\/Go-Mobility-negativo.jpg\",\"articleSection\":[\"Eventos y ferias\"],\"inLanguage\":\"es\",\"potentialAction\":[{\"@type\":\"CommentAction\",\"name\":\"Comment\",\"target\":[\"https:\/\/www.ficoba.org\/es\/2-150-profesionales-han-participado-en-la-primera-edicion-de-gomobility\/#respond\"]}]},{\"@type\":\"WebPage\",\"@id\":\"https:\/\/www.ficoba.org\/es\/2-150-profesionales-han-participado-en-la-primera-edicion-de-gomobility\/\",\"url\":\"https:\/\/www.ficoba.org\/es\/2-150-profesionales-han-participado-en-la-primera-edicion-de-gomobility\/\",\"name\":\"2.150 profesionales han participado en la primera edici\u00f3n de GoMobility - Ficoba\",\"isPartOf\":{\"@id\":\"https:\/\/www.ficoba.org\/es\/#website\"},\"primaryImageOfPage\":{\"@id\":\"https:\/\/www.ficoba.org\/es\/2-150-profesionales-han-participado-en-la-primera-edicion-de-gomobility\/#primaryimage\"},\"image\":{\"@id\":\"https:\/\/www.ficoba.org\/es\/2-150-profesionales-han-participado-en-la-primera-edicion-de-gomobility\/#primaryimage\"},\"thumbnailUrl\":\"https:\/\/www.ficoba.org\/wp-content\/uploads\/2018\/11\/Go-Mobility-negativo.jpg\",\"datePublished\":\"2018-11-28T16:54:59+00:00\",\"dateModified\":\"2018-12-03T17:55:43+00:00\",\"breadcrumb\":{\"@id\":\"https:\/\/www.ficoba.org\/es\/2-150-profesionales-han-participado-en-la-primera-edicion-de-gomobility\/#breadcrumb\"},\"inLanguage\":\"es\",\"potentialAction\":[{\"@type\":\"ReadAction\",\"target\":[\"https:\/\/www.ficoba.org\/es\/2-150-profesionales-han-participado-en-la-primera-edicion-de-gomobility\/\"]}]},{\"@type\":\"ImageObject\",\"inLanguage\":\"es\",\"@id\":\"https:\/\/www.ficoba.org\/es\/2-150-profesionales-han-participado-en-la-primera-edicion-de-gomobility\/#primaryimage\",\"url\":\"https:\/\/www.ficoba.org\/wp-content\/uploads\/2018\/11\/Go-Mobility-negativo.jpg\",\"contentUrl\":\"https:\/\/www.ficoba.org\/wp-content\/uploads\/2018\/11\/Go-Mobility-negativo.jpg\",\"width\":640,\"height\":480},{\"@type\":\"BreadcrumbList\",\"@id\":\"https:\/\/www.ficoba.org\/es\/2-150-profesionales-han-participado-en-la-primera-edicion-de-gomobility\/#breadcrumb\",\"itemListElement\":[{\"@type\":\"ListItem\",\"position\":1,\"name\":\"Portada\",\"item\":\"https:\/\/www.ficoba.org\/es\/\"},{\"@type\":\"ListItem\",\"position\":2,\"name\":\"2.150 profesionales han participado en la primera edici\u00f3n de GoMobility\"}]},{\"@type\":\"WebSite\",\"@id\":\"https:\/\/www.ficoba.org\/es\/#website\",\"url\":\"https:\/\/www.ficoba.org\/es\/\",\"name\":\"Ficoba, Recinto Ferial de Gipuzkoa\",\"description\":\"Ficoba, recinto ferial de Gipuzkoa\",\"publisher\":{\"@id\":\"https:\/\/www.ficoba.org\/es\/#organization\"},\"alternateName\":\"Ficoba\",\"potentialAction\":[{\"@type\":\"SearchAction\",\"target\":{\"@type\":\"EntryPoint\",\"urlTemplate\":\"https:\/\/www.ficoba.org\/es\/?s={search_term_string}\"},\"query-input\":{\"@type\":\"PropertyValueSpecification\",\"valueRequired\":true,\"valueName\":\"search_term_string\"}}],\"inLanguage\":\"es\"},{\"@type\":\"Organization\",\"@id\":\"https:\/\/www.ficoba.org\/es\/#organization\",\"name\":\"Ficoba, Reciento Ferial de Gipuzkoa\",\"url\":\"https:\/\/www.ficoba.org\/es\/\",\"logo\":{\"@type\":\"ImageObject\",\"inLanguage\":\"es\",\"@id\":\"https:\/\/www.ficoba.org\/es\/#\/schema\/logo\/image\/\",\"url\":\"https:\/\/www.ficoba.org\/wp-content\/uploads\/2018\/11\/logo_ficoba.png\",\"contentUrl\":\"https:\/\/www.ficoba.org\/wp-content\/uploads\/2018\/11\/logo_ficoba.png\",\"width\":200,\"height\":124,\"caption\":\"Ficoba, Reciento Ferial de Gipuzkoa\"},\"image\":{\"@id\":\"https:\/\/www.ficoba.org\/es\/#\/schema\/logo\/image\/\"},\"sameAs\":[\"https:\/\/www.facebook.com\/FICOBAFUNDAZIOA\/\",\"https:\/\/x.com\/FicobaFundazioa\",\"https:\/\/www.youtube.com\/channel\/UCvo2JGluemyCf5KPRmEF9JQ\",\"https:\/\/www.linkedin.com\/company\/ficoba\/\",\"https:\/\/www.instagram.com\/ficobafundazioa\/\"]},{\"@type\":\"Person\",\"@id\":\"https:\/\/www.ficoba.org\/es\/#\/schema\/person\/8a96a121e5dbd393e6e6b5a7ee7ed407\",\"name\":\"ficoba\",\"image\":{\"@type\":\"ImageObject\",\"inLanguage\":\"es\",\"@id\":\"https:\/\/www.ficoba.org\/es\/#\/schema\/person\/image\/\",\"url\":\"https:\/\/secure.gravatar.com\/avatar\/c90cc0e07f75fecbe4165c1906a4cd61b0179a28caae2205d37516e4fb7c30c1?s=96&d=mm&r=g\",\"contentUrl\":\"https:\/\/secure.gravatar.com\/avatar\/c90cc0e07f75fecbe4165c1906a4cd61b0179a28caae2205d37516e4fb7c30c1?s=96&d=mm&r=g\",\"caption\":\"ficoba\"}}]}<\/script>\n<!-- \/ Yoast SEO plugin. -->","yoast_head_json":{"title":"2.150 profesionales han participado en la primera edici\u00f3n de GoMobility - Ficoba","robots":{"index":"index","follow":"follow","max-snippet":"max-snippet:-1","max-image-preview":"max-image-preview:large","max-video-preview":"max-video-preview:-1"},"canonical":"https:\/\/www.ficoba.org\/es\/2-150-profesionales-han-participado-en-la-primera-edicion-de-gomobility\/","twitter_misc":{"Escrito por":"ficoba","Tiempo de lectura":"1 minuto"},"schema":{"@context":"https:\/\/schema.org","@graph":[{"@type":"Article","@id":"https:\/\/www.ficoba.org\/es\/2-150-profesionales-han-participado-en-la-primera-edicion-de-gomobility\/#article","isPartOf":{"@id":"https:\/\/www.ficoba.org\/es\/2-150-profesionales-han-participado-en-la-primera-edicion-de-gomobility\/"},"author":{"name":"ficoba","@id":"https:\/\/www.ficoba.org\/es\/#\/schema\/person\/8a96a121e5dbd393e6e6b5a7ee7ed407"},"headline":"2.150 profesionales han participado en la primera edici\u00f3n de GoMobility","datePublished":"2018-11-28T16:54:59+00:00","dateModified":"2018-12-03T17:55:43+00:00","mainEntityOfPage":{"@id":"https:\/\/www.ficoba.org\/es\/2-150-profesionales-han-participado-en-la-primera-edicion-de-gomobility\/"},"wordCount":292,"commentCount":0,"publisher":{"@id":"https:\/\/www.ficoba.org\/es\/#organization"},"image":{"@id":"https:\/\/www.ficoba.org\/es\/2-150-profesionales-han-participado-en-la-primera-edicion-de-gomobility\/#primaryimage"},"thumbnailUrl":"https:\/\/www.ficoba.org\/wp-content\/uploads\/2018\/11\/Go-Mobility-negativo.jpg","articleSection":["Eventos y ferias"],"inLanguage":"es","potentialAction":[{"@type":"CommentAction","name":"Comment","target":["https:\/\/www.ficoba.org\/es\/2-150-profesionales-han-participado-en-la-primera-edicion-de-gomobility\/#respond"]}]},{"@type":"WebPage","@id":"https:\/\/www.ficoba.org\/es\/2-150-profesionales-han-participado-en-la-primera-edicion-de-gomobility\/","url":"https:\/\/www.ficoba.org\/es\/2-150-profesionales-han-participado-en-la-primera-edicion-de-gomobility\/","name":"2.150 profesionales han participado en la primera edici\u00f3n de GoMobility - Ficoba","isPartOf":{"@id":"https:\/\/www.ficoba.org\/es\/#website"},"primaryImageOfPage":{"@id":"https:\/\/www.ficoba.org\/es\/2-150-profesionales-han-participado-en-la-primera-edicion-de-gomobility\/#primaryimage"},"image":{"@id":"https:\/\/www.ficoba.org\/es\/2-150-profesionales-han-participado-en-la-primera-edicion-de-gomobility\/#primaryimage"},"thumbnailUrl":"https:\/\/www.ficoba.org\/wp-content\/uploads\/2018\/11\/Go-Mobility-negativo.jpg","datePublished":"2018-11-28T16:54:59+00:00","dateModified":"2018-12-03T17:55:43+00:00","breadcrumb":{"@id":"https:\/\/www.ficoba.org\/es\/2-150-profesionales-han-participado-en-la-primera-edicion-de-gomobility\/#breadcrumb"},"inLanguage":"es","potentialAction":[{"@type":"ReadAction","target":["https:\/\/www.ficoba.org\/es\/2-150-profesionales-han-participado-en-la-primera-edicion-de-gomobility\/"]}]},{"@type":"ImageObject","inLanguage":"es","@id":"https:\/\/www.ficoba.org\/es\/2-150-profesionales-han-participado-en-la-primera-edicion-de-gomobility\/#primaryimage","url":"https:\/\/www.ficoba.org\/wp-content\/uploads\/2018\/11\/Go-Mobility-negativo.jpg","contentUrl":"https:\/\/www.ficoba.org\/wp-content\/uploads\/2018\/11\/Go-Mobility-negativo.jpg","width":640,"height":480},{"@type":"BreadcrumbList","@id":"https:\/\/www.ficoba.org\/es\/2-150-profesionales-han-participado-en-la-primera-edicion-de-gomobility\/#breadcrumb","itemListElement":[{"@type":"ListItem","position":1,"name":"Portada","item":"https:\/\/www.ficoba.org\/es\/"},{"@type":"ListItem","position":2,"name":"2.150 profesionales han participado en la primera edici\u00f3n de GoMobility"}]},{"@type":"WebSite","@id":"https:\/\/www.ficoba.org\/es\/#website","url":"https:\/\/www.ficoba.org\/es\/","name":"Ficoba, Recinto Ferial de Gipuzkoa","description":"Ficoba, recinto ferial de Gipuzkoa","publisher":{"@id":"https:\/\/www.ficoba.org\/es\/#organization"},"alternateName":"Ficoba","potentialAction":[{"@type":"SearchAction","target":{"@type":"EntryPoint","urlTemplate":"https:\/\/www.ficoba.org\/es\/?s={search_term_string}"},"query-input":{"@type":"PropertyValueSpecification","valueRequired":true,"valueName":"search_term_string"}}],"inLanguage":"es"},{"@type":"Organization","@id":"https:\/\/www.ficoba.org\/es\/#organization","name":"Ficoba, Reciento Ferial de Gipuzkoa","url":"https:\/\/www.ficoba.org\/es\/","logo":{"@type":"ImageObject","inLanguage":"es","@id":"https:\/\/www.ficoba.org\/es\/#\/schema\/logo\/image\/","url":"https:\/\/www.ficoba.org\/wp-content\/uploads\/2018\/11\/logo_ficoba.png","contentUrl":"https:\/\/www.ficoba.org\/wp-content\/uploads\/2018\/11\/logo_ficoba.png","width":200,"height":124,"caption":"Ficoba, Reciento Ferial de Gipuzkoa"},"image":{"@id":"https:\/\/www.ficoba.org\/es\/#\/schema\/logo\/image\/"},"sameAs":["https:\/\/www.facebook.com\/FICOBAFUNDAZIOA\/","https:\/\/x.com\/FicobaFundazioa","https:\/\/www.youtube.com\/channel\/UCvo2JGluemyCf5KPRmEF9JQ","https:\/\/www.linkedin.com\/company\/ficoba\/","https:\/\/www.instagram.com\/ficobafundazioa\/"]},{"@type":"Person","@id":"https:\/\/www.ficoba.org\/es\/#\/schema\/person\/8a96a121e5dbd393e6e6b5a7ee7ed407","name":"ficoba","image":{"@type":"ImageObject","inLanguage":"es","@id":"https:\/\/www.ficoba.org\/es\/#\/schema\/person\/image\/","url":"https:\/\/secure.gravatar.com\/avatar\/c90cc0e07f75fecbe4165c1906a4cd61b0179a28caae2205d37516e4fb7c30c1?s=96&d=mm&r=g","contentUrl":"https:\/\/secure.gravatar.com\/avatar\/c90cc0e07f75fecbe4165c1906a4cd61b0179a28caae2205d37516e4fb7c30c1?s=96&d=mm&r=g","caption":"ficoba"}}]}},"_links":{"self":[{"href":"https:\/\/www.ficoba.org\/es\/wp-json\/wp\/v2\/posts\/3654","targetHints":{"allow":["GET"]}}],"collection":[{"href":"https:\/\/www.ficoba.org\/es\/wp-json\/wp\/v2\/posts"}],"about":[{"href":"https:\/\/www.ficoba.org\/es\/wp-json\/wp\/v2\/types\/post"}],"author":[{"embeddable":true,"href":"https:\/\/www.ficoba.org\/es\/wp-json\/wp\/v2\/users\/2"}],"replies":[{"embeddable":true,"href":"https:\/\/www.ficoba.org\/es\/wp-json\/wp\/v2\/comments?post=3654"}],"version-history":[{"count":0,"href":"https:\/\/www.ficoba.org\/es\/wp-json\/wp\/v2\/posts\/3654\/revisions"}],"wp:featuredmedia":[{"embeddable":true,"href":"https:\/\/www.ficoba.org\/es\/wp-json\/wp\/v2\/media\/2387"}],"wp:attachment":[{"href":"https:\/\/www.ficoba.org\/es\/wp-json\/wp\/v2\/media?parent=3654"}],"wp:term":[{"taxonomy":"category","embeddable":true,"href":"https:\/\/www.ficoba.org\/es\/wp-json\/wp\/v2\/categories?post=3654"},{"taxonomy":"post_tag","embeddable":true,"href":"https:\/\/www.ficoba.org\/es\/wp-json\/wp\/v2\/tags?post=3654"}],"curies":[{"name":"wp","href":"https:\/\/api.w.org\/{rel}","templated":true}]}}