{"id":25927,"date":"2025-04-10T09:11:16","date_gmt":"2025-04-10T07:11:16","guid":{"rendered":"https:\/\/www.ficoba.org\/?p=25927"},"modified":"2025-04-10T09:11:16","modified_gmt":"2025-04-10T07:11:16","slug":"ficoba-se-suma-a-euskaraldia","status":"publish","type":"post","link":"https:\/\/www.ficoba.org\/es\/ficoba-se-suma-a-euskaraldia\/","title":{"rendered":"Ficoba se suma a Euskaraldia para promover el uso del euskera"},"content":{"rendered":"<p class=\"\" data-start=\"108\" data-end=\"225\">Del 15 al 25 de mayo participaremos en Euskaraldia para activar a\u00fan m\u00e1s el uso del euskera e invitamos a la ciudadan\u00eda a inscribirse<\/p>\n<p class=\"\" data-start=\"227\" data-end=\"340\">Queremos reafirmar nuestro compromiso con el euskera, desde este enclave estrat\u00e9gico que une Iparralde y Hegoalde<\/p>\n<p class=\"\" data-start=\"342\" data-end=\"746\">Ficoba se ha sumado a Euskaraldia con el objetivo de reafirmar su compromiso con la promoci\u00f3n del uso del euskera en la vida cotidiana. Ubicado en Irun, en el coraz\u00f3n de la eurociudad que une Donostia y Baiona, Ficoba act\u00faa como un punto de encuentro estrat\u00e9gico entre Iparralde y Hegoalde. Esta localizaci\u00f3n nos brinda una oportunidad \u00fanica para ejercer un papel activo en la revitalizaci\u00f3n del euskera.<\/p>\n<p class=\"\" data-start=\"748\" data-end=\"1019\"><a href=\"https:\/\/www.euskaraldia.eus\">Euskaraldia<\/a> es una iniciativa social que persigue el cambio de h\u00e1bitos ling\u00fc\u00edsticos. Su objetivo es aumentar el uso del euskera en las conversaciones entre personas que lo entienden y\/o lo hablan. Para ello, las personas participantes deben elegir uno de estos dos roles:<\/p>\n<ul data-start=\"1020\" data-end=\"1241\">\n<li class=\"\" data-start=\"1020\" data-end=\"1109\">\n<p class=\"\" data-start=\"1022\" data-end=\"1109\"><strong data-start=\"1022\" data-end=\"1033\">Ahobizi<\/strong>: se compromete a hablar en euskera con todas las personas que lo entiendan.<\/p>\n<\/li>\n<li class=\"\" data-start=\"1110\" data-end=\"1241\">\n<p class=\"\" data-start=\"1112\" data-end=\"1241\"><strong data-start=\"1112\" data-end=\"1128\">Belarriprest<\/strong>: invita a las personas a dirigirse a ella en euskera, aunque pueda responder en otra lengua.<\/p>\n<\/li>\n<\/ul>\n<p class=\"\" data-start=\"1243\" data-end=\"1391\">La edici\u00f3n de este a\u00f1o se celebrar\u00e1 del 15 al 25 de mayo, y la inscripci\u00f3n est\u00e1 abierta en la p\u00e1gina web <a class=\"\" href=\"https:\/\/izenematea.euskaraldia.eus\/\" target=\"_new\" rel=\"noopener\" data-start=\"1348\" data-end=\"1390\">euskaraldia.eus<\/a>.<\/p>\n<p class=\"\" data-start=\"1393\" data-end=\"1898\">Desde Ficoba animamos a la ciudadan\u00eda, empresas e instituciones a participar en esta iniciativa. Nuestra actividad re\u00fane a miles de personas cada a\u00f1o, lo que nos permite influir positivamente en el uso del euskera. Adem\u00e1s, uno de nuestros valores es la normalizaci\u00f3n del uso de las tres lenguas del territorio, junto con la colaboraci\u00f3n con nuestro entorno y el compromiso con el desarrollo local. Al estar <a href=\"https:\/\/www.ficoba.org\/es\/ficoba\/entorno-privilegiado\/\">situados en la frontera<\/a>, el euskera nos permite ser un punto de encuentro entre Iparralde y Hegoalde.<\/p>\n<p class=\"\" data-start=\"1900\" data-end=\"2083\">Si quieres conocer m\u00e1s sobre nuestras actividades, consulta nuestra <a href=\"https:\/\/www.ficoba.org\/es\/proximos-eventos\/\">agenda <\/a>o descubre <a href=\"https:\/\/www.ficoba.org\/es\/ficoba\/que-es-ficoba\/\" target=\"_new\" rel=\"noopener\" data-start=\"2020\" data-end=\"2082\">nuestros proyectos y valores<\/a>.<\/p>\n","protected":false},"excerpt":{"rendered":"<p>Del 15 al 25 de mayo participaremos en Euskaraldia para activar a\u00fan m\u00e1s el uso del euskera e invitamos a la ciudadan\u00eda a inscribirse Queremos reafirmar nuestro compromiso con el [&hellip;]<\/p>\n","protected":false},"author":2,"featured_media":25928,"comment_status":"closed","ping_status":"closed","sticky":false,"template":"","format":"standard","meta":{"_et_pb_use_builder":"","_et_pb_old_content":"","_et_gb_content_width":"","footnotes":""},"categories":[1],"tags":[],"class_list":["post-25927","post","type-post","status-publish","format-standard","has-post-thumbnail","hentry","category-noticias"],"yoast_head":"<!-- This site is optimized with the Yoast SEO plugin v26.8 - https:\/\/yoast.com\/product\/yoast-seo-wordpress\/ -->\n<title>Ficoba se suma a Euskaraldia para promover el uso del euskera<\/title>\n<meta name=\"description\" content=\"Ficoba se suma a Euskaraldia e invita a la ciudadan\u00eda a participar en la iniciativa del 15 al 25 de mayo para fomentar el uso del euskera.\" \/>\n<meta name=\"robots\" content=\"index, follow, max-snippet:-1, max-image-preview:large, max-video-preview:-1\" \/>\n<link rel=\"canonical\" href=\"https:\/\/www.ficoba.org\/es\/ficoba-se-suma-a-euskaraldia\/\" \/>\n<meta name=\"twitter:label1\" content=\"Escrito por\" \/>\n\t<meta name=\"twitter:data1\" content=\"ficoba\" \/>\n\t<meta name=\"twitter:label2\" content=\"Tiempo de lectura\" \/>\n\t<meta name=\"twitter:data2\" content=\"2 minutos\" \/>\n<script type=\"application\/ld+json\" class=\"yoast-schema-graph\">{\"@context\":\"https:\/\/schema.org\",\"@graph\":[{\"@type\":\"Article\",\"@id\":\"https:\/\/www.ficoba.org\/es\/ficoba-se-suma-a-euskaraldia\/#article\",\"isPartOf\":{\"@id\":\"https:\/\/www.ficoba.org\/es\/ficoba-se-suma-a-euskaraldia\/\"},\"author\":{\"name\":\"ficoba\",\"@id\":\"https:\/\/www.ficoba.org\/es\/#\/schema\/person\/8a96a121e5dbd393e6e6b5a7ee7ed407\"},\"headline\":\"Ficoba se suma a Euskaraldia para promover el uso del euskera\",\"datePublished\":\"2025-04-10T07:11:16+00:00\",\"mainEntityOfPage\":{\"@id\":\"https:\/\/www.ficoba.org\/es\/ficoba-se-suma-a-euskaraldia\/\"},\"wordCount\":335,\"publisher\":{\"@id\":\"https:\/\/www.ficoba.org\/es\/#organization\"},\"image\":{\"@id\":\"https:\/\/www.ficoba.org\/es\/ficoba-se-suma-a-euskaraldia\/#primaryimage\"},\"thumbnailUrl\":\"https:\/\/www.ficoba.org\/wp-content\/uploads\/2025\/04\/euskaraldia_Logoa_digitala_RGB.png\",\"articleSection\":[\"Noticias\"],\"inLanguage\":\"es\"},{\"@type\":\"WebPage\",\"@id\":\"https:\/\/www.ficoba.org\/es\/ficoba-se-suma-a-euskaraldia\/\",\"url\":\"https:\/\/www.ficoba.org\/es\/ficoba-se-suma-a-euskaraldia\/\",\"name\":\"Ficoba se suma a Euskaraldia para promover el uso del euskera\",\"isPartOf\":{\"@id\":\"https:\/\/www.ficoba.org\/es\/#website\"},\"primaryImageOfPage\":{\"@id\":\"https:\/\/www.ficoba.org\/es\/ficoba-se-suma-a-euskaraldia\/#primaryimage\"},\"image\":{\"@id\":\"https:\/\/www.ficoba.org\/es\/ficoba-se-suma-a-euskaraldia\/#primaryimage\"},\"thumbnailUrl\":\"https:\/\/www.ficoba.org\/wp-content\/uploads\/2025\/04\/euskaraldia_Logoa_digitala_RGB.png\",\"datePublished\":\"2025-04-10T07:11:16+00:00\",\"description\":\"Ficoba se suma a Euskaraldia e invita a la ciudadan\u00eda a participar en la iniciativa del 15 al 25 de mayo para fomentar el uso del euskera.\",\"breadcrumb\":{\"@id\":\"https:\/\/www.ficoba.org\/es\/ficoba-se-suma-a-euskaraldia\/#breadcrumb\"},\"inLanguage\":\"es\",\"potentialAction\":[{\"@type\":\"ReadAction\",\"target\":[\"https:\/\/www.ficoba.org\/es\/ficoba-se-suma-a-euskaraldia\/\"]}]},{\"@type\":\"ImageObject\",\"inLanguage\":\"es\",\"@id\":\"https:\/\/www.ficoba.org\/es\/ficoba-se-suma-a-euskaraldia\/#primaryimage\",\"url\":\"https:\/\/www.ficoba.org\/wp-content\/uploads\/2025\/04\/euskaraldia_Logoa_digitala_RGB.png\",\"contentUrl\":\"https:\/\/www.ficoba.org\/wp-content\/uploads\/2025\/04\/euskaraldia_Logoa_digitala_RGB.png\",\"width\":5976,\"height\":2708,\"caption\":\"Euskaraldia 2025\"},{\"@type\":\"BreadcrumbList\",\"@id\":\"https:\/\/www.ficoba.org\/es\/ficoba-se-suma-a-euskaraldia\/#breadcrumb\",\"itemListElement\":[{\"@type\":\"ListItem\",\"position\":1,\"name\":\"Portada\",\"item\":\"https:\/\/www.ficoba.org\/es\/\"},{\"@type\":\"ListItem\",\"position\":2,\"name\":\"Ficoba se suma a Euskaraldia para promover el uso del euskera\"}]},{\"@type\":\"WebSite\",\"@id\":\"https:\/\/www.ficoba.org\/es\/#website\",\"url\":\"https:\/\/www.ficoba.org\/es\/\",\"name\":\"Ficoba, Recinto Ferial de Gipuzkoa\",\"description\":\"Ficoba, recinto ferial de Gipuzkoa\",\"publisher\":{\"@id\":\"https:\/\/www.ficoba.org\/es\/#organization\"},\"alternateName\":\"Ficoba\",\"potentialAction\":[{\"@type\":\"SearchAction\",\"target\":{\"@type\":\"EntryPoint\",\"urlTemplate\":\"https:\/\/www.ficoba.org\/es\/?s={search_term_string}\"},\"query-input\":{\"@type\":\"PropertyValueSpecification\",\"valueRequired\":true,\"valueName\":\"search_term_string\"}}],\"inLanguage\":\"es\"},{\"@type\":\"Organization\",\"@id\":\"https:\/\/www.ficoba.org\/es\/#organization\",\"name\":\"Ficoba, Reciento Ferial de Gipuzkoa\",\"url\":\"https:\/\/www.ficoba.org\/es\/\",\"logo\":{\"@type\":\"ImageObject\",\"inLanguage\":\"es\",\"@id\":\"https:\/\/www.ficoba.org\/es\/#\/schema\/logo\/image\/\",\"url\":\"https:\/\/www.ficoba.org\/wp-content\/uploads\/2018\/11\/logo_ficoba.png\",\"contentUrl\":\"https:\/\/www.ficoba.org\/wp-content\/uploads\/2018\/11\/logo_ficoba.png\",\"width\":200,\"height\":124,\"caption\":\"Ficoba, Reciento Ferial de Gipuzkoa\"},\"image\":{\"@id\":\"https:\/\/www.ficoba.org\/es\/#\/schema\/logo\/image\/\"},\"sameAs\":[\"https:\/\/www.facebook.com\/FICOBAFUNDAZIOA\/\",\"https:\/\/x.com\/FicobaFundazioa\",\"https:\/\/www.youtube.com\/channel\/UCvo2JGluemyCf5KPRmEF9JQ\",\"https:\/\/www.linkedin.com\/company\/ficoba\/\",\"https:\/\/www.instagram.com\/ficobafundazioa\/\"]},{\"@type\":\"Person\",\"@id\":\"https:\/\/www.ficoba.org\/es\/#\/schema\/person\/8a96a121e5dbd393e6e6b5a7ee7ed407\",\"name\":\"ficoba\",\"image\":{\"@type\":\"ImageObject\",\"inLanguage\":\"es\",\"@id\":\"https:\/\/www.ficoba.org\/es\/#\/schema\/person\/image\/\",\"url\":\"https:\/\/secure.gravatar.com\/avatar\/c90cc0e07f75fecbe4165c1906a4cd61b0179a28caae2205d37516e4fb7c30c1?s=96&d=mm&r=g\",\"contentUrl\":\"https:\/\/secure.gravatar.com\/avatar\/c90cc0e07f75fecbe4165c1906a4cd61b0179a28caae2205d37516e4fb7c30c1?s=96&d=mm&r=g\",\"caption\":\"ficoba\"}}]}<\/script>\n<!-- \/ Yoast SEO plugin. -->","yoast_head_json":{"title":"Ficoba se suma a Euskaraldia para promover el uso del euskera","description":"Ficoba se suma a Euskaraldia e invita a la ciudadan\u00eda a participar en la iniciativa del 15 al 25 de mayo para fomentar el uso del euskera.","robots":{"index":"index","follow":"follow","max-snippet":"max-snippet:-1","max-image-preview":"max-image-preview:large","max-video-preview":"max-video-preview:-1"},"canonical":"https:\/\/www.ficoba.org\/es\/ficoba-se-suma-a-euskaraldia\/","twitter_misc":{"Escrito por":"ficoba","Tiempo de lectura":"2 minutos"},"schema":{"@context":"https:\/\/schema.org","@graph":[{"@type":"Article","@id":"https:\/\/www.ficoba.org\/es\/ficoba-se-suma-a-euskaraldia\/#article","isPartOf":{"@id":"https:\/\/www.ficoba.org\/es\/ficoba-se-suma-a-euskaraldia\/"},"author":{"name":"ficoba","@id":"https:\/\/www.ficoba.org\/es\/#\/schema\/person\/8a96a121e5dbd393e6e6b5a7ee7ed407"},"headline":"Ficoba se suma a Euskaraldia para promover el uso del euskera","datePublished":"2025-04-10T07:11:16+00:00","mainEntityOfPage":{"@id":"https:\/\/www.ficoba.org\/es\/ficoba-se-suma-a-euskaraldia\/"},"wordCount":335,"publisher":{"@id":"https:\/\/www.ficoba.org\/es\/#organization"},"image":{"@id":"https:\/\/www.ficoba.org\/es\/ficoba-se-suma-a-euskaraldia\/#primaryimage"},"thumbnailUrl":"https:\/\/www.ficoba.org\/wp-content\/uploads\/2025\/04\/euskaraldia_Logoa_digitala_RGB.png","articleSection":["Noticias"],"inLanguage":"es"},{"@type":"WebPage","@id":"https:\/\/www.ficoba.org\/es\/ficoba-se-suma-a-euskaraldia\/","url":"https:\/\/www.ficoba.org\/es\/ficoba-se-suma-a-euskaraldia\/","name":"Ficoba se suma a Euskaraldia para promover el uso del euskera","isPartOf":{"@id":"https:\/\/www.ficoba.org\/es\/#website"},"primaryImageOfPage":{"@id":"https:\/\/www.ficoba.org\/es\/ficoba-se-suma-a-euskaraldia\/#primaryimage"},"image":{"@id":"https:\/\/www.ficoba.org\/es\/ficoba-se-suma-a-euskaraldia\/#primaryimage"},"thumbnailUrl":"https:\/\/www.ficoba.org\/wp-content\/uploads\/2025\/04\/euskaraldia_Logoa_digitala_RGB.png","datePublished":"2025-04-10T07:11:16+00:00","description":"Ficoba se suma a Euskaraldia e invita a la ciudadan\u00eda a participar en la iniciativa del 15 al 25 de mayo para fomentar el uso del euskera.","breadcrumb":{"@id":"https:\/\/www.ficoba.org\/es\/ficoba-se-suma-a-euskaraldia\/#breadcrumb"},"inLanguage":"es","potentialAction":[{"@type":"ReadAction","target":["https:\/\/www.ficoba.org\/es\/ficoba-se-suma-a-euskaraldia\/"]}]},{"@type":"ImageObject","inLanguage":"es","@id":"https:\/\/www.ficoba.org\/es\/ficoba-se-suma-a-euskaraldia\/#primaryimage","url":"https:\/\/www.ficoba.org\/wp-content\/uploads\/2025\/04\/euskaraldia_Logoa_digitala_RGB.png","contentUrl":"https:\/\/www.ficoba.org\/wp-content\/uploads\/2025\/04\/euskaraldia_Logoa_digitala_RGB.png","width":5976,"height":2708,"caption":"Euskaraldia 2025"},{"@type":"BreadcrumbList","@id":"https:\/\/www.ficoba.org\/es\/ficoba-se-suma-a-euskaraldia\/#breadcrumb","itemListElement":[{"@type":"ListItem","position":1,"name":"Portada","item":"https:\/\/www.ficoba.org\/es\/"},{"@type":"ListItem","position":2,"name":"Ficoba se suma a Euskaraldia para promover el uso del euskera"}]},{"@type":"WebSite","@id":"https:\/\/www.ficoba.org\/es\/#website","url":"https:\/\/www.ficoba.org\/es\/","name":"Ficoba, Recinto Ferial de Gipuzkoa","description":"Ficoba, recinto ferial de Gipuzkoa","publisher":{"@id":"https:\/\/www.ficoba.org\/es\/#organization"},"alternateName":"Ficoba","potentialAction":[{"@type":"SearchAction","target":{"@type":"EntryPoint","urlTemplate":"https:\/\/www.ficoba.org\/es\/?s={search_term_string}"},"query-input":{"@type":"PropertyValueSpecification","valueRequired":true,"valueName":"search_term_string"}}],"inLanguage":"es"},{"@type":"Organization","@id":"https:\/\/www.ficoba.org\/es\/#organization","name":"Ficoba, Reciento Ferial de Gipuzkoa","url":"https:\/\/www.ficoba.org\/es\/","logo":{"@type":"ImageObject","inLanguage":"es","@id":"https:\/\/www.ficoba.org\/es\/#\/schema\/logo\/image\/","url":"https:\/\/www.ficoba.org\/wp-content\/uploads\/2018\/11\/logo_ficoba.png","contentUrl":"https:\/\/www.ficoba.org\/wp-content\/uploads\/2018\/11\/logo_ficoba.png","width":200,"height":124,"caption":"Ficoba, Reciento Ferial de Gipuzkoa"},"image":{"@id":"https:\/\/www.ficoba.org\/es\/#\/schema\/logo\/image\/"},"sameAs":["https:\/\/www.facebook.com\/FICOBAFUNDAZIOA\/","https:\/\/x.com\/FicobaFundazioa","https:\/\/www.youtube.com\/channel\/UCvo2JGluemyCf5KPRmEF9JQ","https:\/\/www.linkedin.com\/company\/ficoba\/","https:\/\/www.instagram.com\/ficobafundazioa\/"]},{"@type":"Person","@id":"https:\/\/www.ficoba.org\/es\/#\/schema\/person\/8a96a121e5dbd393e6e6b5a7ee7ed407","name":"ficoba","image":{"@type":"ImageObject","inLanguage":"es","@id":"https:\/\/www.ficoba.org\/es\/#\/schema\/person\/image\/","url":"https:\/\/secure.gravatar.com\/avatar\/c90cc0e07f75fecbe4165c1906a4cd61b0179a28caae2205d37516e4fb7c30c1?s=96&d=mm&r=g","contentUrl":"https:\/\/secure.gravatar.com\/avatar\/c90cc0e07f75fecbe4165c1906a4cd61b0179a28caae2205d37516e4fb7c30c1?s=96&d=mm&r=g","caption":"ficoba"}}]}},"_links":{"self":[{"href":"https:\/\/www.ficoba.org\/es\/wp-json\/wp\/v2\/posts\/25927","targetHints":{"allow":["GET"]}}],"collection":[{"href":"https:\/\/www.ficoba.org\/es\/wp-json\/wp\/v2\/posts"}],"about":[{"href":"https:\/\/www.ficoba.org\/es\/wp-json\/wp\/v2\/types\/post"}],"author":[{"embeddable":true,"href":"https:\/\/www.ficoba.org\/es\/wp-json\/wp\/v2\/users\/2"}],"replies":[{"embeddable":true,"href":"https:\/\/www.ficoba.org\/es\/wp-json\/wp\/v2\/comments?post=25927"}],"version-history":[{"count":1,"href":"https:\/\/www.ficoba.org\/es\/wp-json\/wp\/v2\/posts\/25927\/revisions"}],"predecessor-version":[{"id":25932,"href":"https:\/\/www.ficoba.org\/es\/wp-json\/wp\/v2\/posts\/25927\/revisions\/25932"}],"wp:featuredmedia":[{"embeddable":true,"href":"https:\/\/www.ficoba.org\/es\/wp-json\/wp\/v2\/media\/25928"}],"wp:attachment":[{"href":"https:\/\/www.ficoba.org\/es\/wp-json\/wp\/v2\/media?parent=25927"}],"wp:term":[{"taxonomy":"category","embeddable":true,"href":"https:\/\/www.ficoba.org\/es\/wp-json\/wp\/v2\/categories?post=25927"},{"taxonomy":"post_tag","embeddable":true,"href":"https:\/\/www.ficoba.org\/es\/wp-json\/wp\/v2\/tags?post=25927"}],"curies":[{"name":"wp","href":"https:\/\/api.w.org\/{rel}","templated":true}]}}