{"id":25916,"date":"2025-04-09T09:57:16","date_gmt":"2025-04-09T07:57:16","guid":{"rendered":"https:\/\/www.ficoba.org\/?p=25916"},"modified":"2025-04-09T14:56:48","modified_gmt":"2025-04-09T12:56:48","slug":"exito-flashback","status":"publish","type":"post","link":"https:\/\/www.ficoba.org\/es\/exito-flashback\/","title":{"rendered":"\u00c9xito rotundo del Festival Flashback en Ficoba: una noche de cl\u00e1sicos inolvidable"},"content":{"rendered":"<h3 data-start=\"190\" data-end=\"289\">El p\u00fablico respondi\u00f3 con entusiasmo a una propuesta musical cargada de nostalgia: el festival Flashback en Ficoba<\/h3>\n<h3 data-start=\"291\" data-end=\"388\">Ficoba reafirma su versatilidad acogiendo eventos culturales de gran afluencia<\/h3>\n<p class=\"\" data-start=\"452\" data-end=\"824\">El pasado viernes 5 de abril, Ficoba volvi\u00f3 a convertirse en epicentro del ocio en Irun con la celebraci\u00f3n del festival Flashback. El evento, que rindi\u00f3 homenaje a los grandes cl\u00e1sicos del pop y el rock de las d\u00e9cadas de los 80 y 90, logr\u00f3 reunir a cerca de <strong>2.500 personas<\/strong> que no dudaron en entregarse al ritmo de canciones que marcaron una \u00e9poca. Todo ello gracias a grandes artistas: la DJ Aitana Grandes, el m\u00edtico DJ Fernandisco y la banda tributo a La Oreja de Van Gogh La Reina del Pop.<\/p>\n<p class=\"\" data-start=\"826\" data-end=\"1187\">El Festival Flashback en Ficoba fue mucho m\u00e1s que una fiesta musical. Se vivi\u00f3 como un verdadero \u00abtardeo\u00bb intergeneracional donde personas de todas las edades compartieron una experiencia \u00fanica. Los asistentes llenaron el recinto desde primera hora de la tarde, demostrando que la m\u00fasica de siempre sigue teniendo un lugar especial en los corazones del p\u00fablico.<\/p>\n<p class=\"\" data-start=\"1189\" data-end=\"1525\">Este evento consolida a Ficoba como un espacio polivalente, capaz de acoger desde ferias profesionales hasta espect\u00e1culos culturales multitudinarios. Con m\u00e1s de 5.000 m\u00b2 de superficie expositiva cubierta, zonas al aire libre y servicios adaptados, Ficoba demuestra una vez m\u00e1s su apuesta por la calidad, la cercan\u00eda y la sostenibilidad.<\/p>\n<p class=\"\" data-start=\"1527\" data-end=\"1865\">La organizaci\u00f3n, encabezada por <a href=\"https:\/\/cultproductions.es\/\">Cult Productions<\/a>, logr\u00f3 un ambiente inmejorable con una puesta en escena cuidada al detalle. Adem\u00e1s, la ubicaci\u00f3n estrat\u00e9gica del recinto, en pleno coraz\u00f3n de la Eurociudad Donostia-San Sebasti\u00e1n\/Bayona, favoreci\u00f3 una alta participaci\u00f3n de personas llegadas de diferentes puntos del entorno transfronterizo.<\/p>\n<p class=\"\" data-start=\"1867\" data-end=\"2039\">Con iniciativas como esta, Ficoba sigue cumpliendo su misi\u00f3n de promover la actividad cultural en la Costa Vasca, generando un impacto positivo tanto econ\u00f3mico como social.<\/p>\n<p class=\"\" data-start=\"2041\" data-end=\"2222\">Para m\u00e1s informaci\u00f3n sobre pr\u00f3ximos eventos, puedes visitar nuestra <a href=\"https:\/\/www.ficoba.org\/es\/proximos-eventos\/\">agenda <\/a>o descubrir m\u00e1s sobre <a class=\"cursor-pointer\" href=\"https:\/\/www.ficoba.org\/es\/ficoba\/que-es-ficoba\/\" target=\"_new\" rel=\"noopener\" data-start=\"2171\" data-end=\"2221\">nuestro recinto<\/a>.<\/p>\n","protected":false},"excerpt":{"rendered":"<p>El p\u00fablico respondi\u00f3 con entusiasmo a una propuesta musical cargada de nostalgia: el festival Flashback en Ficoba Ficoba reafirma su versatilidad acogiendo eventos culturales de gran afluencia El pasado viernes [&hellip;]<\/p>\n","protected":false},"author":2,"featured_media":25917,"comment_status":"closed","ping_status":"closed","sticky":false,"template":"","format":"standard","meta":{"_et_pb_use_builder":"","_et_pb_old_content":"","_et_gb_content_width":"","footnotes":""},"categories":[1],"tags":[],"class_list":["post-25916","post","type-post","status-publish","format-standard","has-post-thumbnail","hentry","category-noticias"],"yoast_head":"<!-- This site is optimized with the Yoast SEO plugin v26.8 - https:\/\/yoast.com\/product\/yoast-seo-wordpress\/ -->\n<title>\u00c9xito rotundo del Festival Flashback en Ficoba<\/title>\n<meta name=\"description\" content=\"El Festival Flashback en Ficoba triunfa con una tarde de cl\u00e1sicos del pop y rock y un ambiente inmejorable.\" \/>\n<meta name=\"robots\" content=\"index, follow, max-snippet:-1, max-image-preview:large, max-video-preview:-1\" \/>\n<link rel=\"canonical\" href=\"https:\/\/www.ficoba.org\/es\/exito-flashback\/\" \/>\n<meta name=\"twitter:label1\" content=\"Escrito por\" \/>\n\t<meta name=\"twitter:data1\" content=\"ficoba\" \/>\n\t<meta name=\"twitter:label2\" content=\"Tiempo de lectura\" \/>\n\t<meta name=\"twitter:data2\" content=\"2 minutos\" \/>\n<script type=\"application\/ld+json\" class=\"yoast-schema-graph\">{\"@context\":\"https:\/\/schema.org\",\"@graph\":[{\"@type\":\"Article\",\"@id\":\"https:\/\/www.ficoba.org\/es\/exito-flashback\/#article\",\"isPartOf\":{\"@id\":\"https:\/\/www.ficoba.org\/es\/exito-flashback\/\"},\"author\":{\"name\":\"ficoba\",\"@id\":\"https:\/\/www.ficoba.org\/es\/#\/schema\/person\/8a96a121e5dbd393e6e6b5a7ee7ed407\"},\"headline\":\"\u00c9xito rotundo del Festival Flashback en Ficoba: una noche de cl\u00e1sicos inolvidable\",\"datePublished\":\"2025-04-09T07:57:16+00:00\",\"dateModified\":\"2025-04-09T12:56:48+00:00\",\"mainEntityOfPage\":{\"@id\":\"https:\/\/www.ficoba.org\/es\/exito-flashback\/\"},\"wordCount\":346,\"publisher\":{\"@id\":\"https:\/\/www.ficoba.org\/es\/#organization\"},\"image\":{\"@id\":\"https:\/\/www.ficoba.org\/es\/exito-flashback\/#primaryimage\"},\"thumbnailUrl\":\"https:\/\/www.ficoba.org\/wp-content\/uploads\/2025\/04\/20250405_203747-scaled.jpg\",\"articleSection\":[\"Noticias\"],\"inLanguage\":\"es\"},{\"@type\":\"WebPage\",\"@id\":\"https:\/\/www.ficoba.org\/es\/exito-flashback\/\",\"url\":\"https:\/\/www.ficoba.org\/es\/exito-flashback\/\",\"name\":\"\u00c9xito rotundo del Festival Flashback en Ficoba\",\"isPartOf\":{\"@id\":\"https:\/\/www.ficoba.org\/es\/#website\"},\"primaryImageOfPage\":{\"@id\":\"https:\/\/www.ficoba.org\/es\/exito-flashback\/#primaryimage\"},\"image\":{\"@id\":\"https:\/\/www.ficoba.org\/es\/exito-flashback\/#primaryimage\"},\"thumbnailUrl\":\"https:\/\/www.ficoba.org\/wp-content\/uploads\/2025\/04\/20250405_203747-scaled.jpg\",\"datePublished\":\"2025-04-09T07:57:16+00:00\",\"dateModified\":\"2025-04-09T12:56:48+00:00\",\"description\":\"El Festival Flashback en Ficoba triunfa con una tarde de cl\u00e1sicos del pop y rock y un ambiente inmejorable.\",\"breadcrumb\":{\"@id\":\"https:\/\/www.ficoba.org\/es\/exito-flashback\/#breadcrumb\"},\"inLanguage\":\"es\",\"potentialAction\":[{\"@type\":\"ReadAction\",\"target\":[\"https:\/\/www.ficoba.org\/es\/exito-flashback\/\"]}]},{\"@type\":\"ImageObject\",\"inLanguage\":\"es\",\"@id\":\"https:\/\/www.ficoba.org\/es\/exito-flashback\/#primaryimage\",\"url\":\"https:\/\/www.ficoba.org\/wp-content\/uploads\/2025\/04\/20250405_203747-scaled.jpg\",\"contentUrl\":\"https:\/\/www.ficoba.org\/wp-content\/uploads\/2025\/04\/20250405_203747-scaled.jpg\",\"width\":2560,\"height\":1441,\"caption\":\"DJ Aitana Grandes en el Festival Flashback en Ficoba, un evento de tardeo con cl\u00e1sicos del pop-rock\"},{\"@type\":\"BreadcrumbList\",\"@id\":\"https:\/\/www.ficoba.org\/es\/exito-flashback\/#breadcrumb\",\"itemListElement\":[{\"@type\":\"ListItem\",\"position\":1,\"name\":\"Portada\",\"item\":\"https:\/\/www.ficoba.org\/es\/\"},{\"@type\":\"ListItem\",\"position\":2,\"name\":\"\u00c9xito rotundo del Festival Flashback en Ficoba: una noche de cl\u00e1sicos inolvidable\"}]},{\"@type\":\"WebSite\",\"@id\":\"https:\/\/www.ficoba.org\/es\/#website\",\"url\":\"https:\/\/www.ficoba.org\/es\/\",\"name\":\"Ficoba, Recinto Ferial de Gipuzkoa\",\"description\":\"Ficoba, recinto ferial de Gipuzkoa\",\"publisher\":{\"@id\":\"https:\/\/www.ficoba.org\/es\/#organization\"},\"alternateName\":\"Ficoba\",\"potentialAction\":[{\"@type\":\"SearchAction\",\"target\":{\"@type\":\"EntryPoint\",\"urlTemplate\":\"https:\/\/www.ficoba.org\/es\/?s={search_term_string}\"},\"query-input\":{\"@type\":\"PropertyValueSpecification\",\"valueRequired\":true,\"valueName\":\"search_term_string\"}}],\"inLanguage\":\"es\"},{\"@type\":\"Organization\",\"@id\":\"https:\/\/www.ficoba.org\/es\/#organization\",\"name\":\"Ficoba, Reciento Ferial de Gipuzkoa\",\"url\":\"https:\/\/www.ficoba.org\/es\/\",\"logo\":{\"@type\":\"ImageObject\",\"inLanguage\":\"es\",\"@id\":\"https:\/\/www.ficoba.org\/es\/#\/schema\/logo\/image\/\",\"url\":\"https:\/\/www.ficoba.org\/wp-content\/uploads\/2018\/11\/logo_ficoba.png\",\"contentUrl\":\"https:\/\/www.ficoba.org\/wp-content\/uploads\/2018\/11\/logo_ficoba.png\",\"width\":200,\"height\":124,\"caption\":\"Ficoba, Reciento Ferial de Gipuzkoa\"},\"image\":{\"@id\":\"https:\/\/www.ficoba.org\/es\/#\/schema\/logo\/image\/\"},\"sameAs\":[\"https:\/\/www.facebook.com\/FICOBAFUNDAZIOA\/\",\"https:\/\/x.com\/FicobaFundazioa\",\"https:\/\/www.youtube.com\/channel\/UCvo2JGluemyCf5KPRmEF9JQ\",\"https:\/\/www.linkedin.com\/company\/ficoba\/\",\"https:\/\/www.instagram.com\/ficobafundazioa\/\"]},{\"@type\":\"Person\",\"@id\":\"https:\/\/www.ficoba.org\/es\/#\/schema\/person\/8a96a121e5dbd393e6e6b5a7ee7ed407\",\"name\":\"ficoba\",\"image\":{\"@type\":\"ImageObject\",\"inLanguage\":\"es\",\"@id\":\"https:\/\/www.ficoba.org\/es\/#\/schema\/person\/image\/\",\"url\":\"https:\/\/secure.gravatar.com\/avatar\/c90cc0e07f75fecbe4165c1906a4cd61b0179a28caae2205d37516e4fb7c30c1?s=96&d=mm&r=g\",\"contentUrl\":\"https:\/\/secure.gravatar.com\/avatar\/c90cc0e07f75fecbe4165c1906a4cd61b0179a28caae2205d37516e4fb7c30c1?s=96&d=mm&r=g\",\"caption\":\"ficoba\"}}]}<\/script>\n<!-- \/ Yoast SEO plugin. -->","yoast_head_json":{"title":"\u00c9xito rotundo del Festival Flashback en Ficoba","description":"El Festival Flashback en Ficoba triunfa con una tarde de cl\u00e1sicos del pop y rock y un ambiente inmejorable.","robots":{"index":"index","follow":"follow","max-snippet":"max-snippet:-1","max-image-preview":"max-image-preview:large","max-video-preview":"max-video-preview:-1"},"canonical":"https:\/\/www.ficoba.org\/es\/exito-flashback\/","twitter_misc":{"Escrito por":"ficoba","Tiempo de lectura":"2 minutos"},"schema":{"@context":"https:\/\/schema.org","@graph":[{"@type":"Article","@id":"https:\/\/www.ficoba.org\/es\/exito-flashback\/#article","isPartOf":{"@id":"https:\/\/www.ficoba.org\/es\/exito-flashback\/"},"author":{"name":"ficoba","@id":"https:\/\/www.ficoba.org\/es\/#\/schema\/person\/8a96a121e5dbd393e6e6b5a7ee7ed407"},"headline":"\u00c9xito rotundo del Festival Flashback en Ficoba: una noche de cl\u00e1sicos inolvidable","datePublished":"2025-04-09T07:57:16+00:00","dateModified":"2025-04-09T12:56:48+00:00","mainEntityOfPage":{"@id":"https:\/\/www.ficoba.org\/es\/exito-flashback\/"},"wordCount":346,"publisher":{"@id":"https:\/\/www.ficoba.org\/es\/#organization"},"image":{"@id":"https:\/\/www.ficoba.org\/es\/exito-flashback\/#primaryimage"},"thumbnailUrl":"https:\/\/www.ficoba.org\/wp-content\/uploads\/2025\/04\/20250405_203747-scaled.jpg","articleSection":["Noticias"],"inLanguage":"es"},{"@type":"WebPage","@id":"https:\/\/www.ficoba.org\/es\/exito-flashback\/","url":"https:\/\/www.ficoba.org\/es\/exito-flashback\/","name":"\u00c9xito rotundo del Festival Flashback en Ficoba","isPartOf":{"@id":"https:\/\/www.ficoba.org\/es\/#website"},"primaryImageOfPage":{"@id":"https:\/\/www.ficoba.org\/es\/exito-flashback\/#primaryimage"},"image":{"@id":"https:\/\/www.ficoba.org\/es\/exito-flashback\/#primaryimage"},"thumbnailUrl":"https:\/\/www.ficoba.org\/wp-content\/uploads\/2025\/04\/20250405_203747-scaled.jpg","datePublished":"2025-04-09T07:57:16+00:00","dateModified":"2025-04-09T12:56:48+00:00","description":"El Festival Flashback en Ficoba triunfa con una tarde de cl\u00e1sicos del pop y rock y un ambiente inmejorable.","breadcrumb":{"@id":"https:\/\/www.ficoba.org\/es\/exito-flashback\/#breadcrumb"},"inLanguage":"es","potentialAction":[{"@type":"ReadAction","target":["https:\/\/www.ficoba.org\/es\/exito-flashback\/"]}]},{"@type":"ImageObject","inLanguage":"es","@id":"https:\/\/www.ficoba.org\/es\/exito-flashback\/#primaryimage","url":"https:\/\/www.ficoba.org\/wp-content\/uploads\/2025\/04\/20250405_203747-scaled.jpg","contentUrl":"https:\/\/www.ficoba.org\/wp-content\/uploads\/2025\/04\/20250405_203747-scaled.jpg","width":2560,"height":1441,"caption":"DJ Aitana Grandes en el Festival Flashback en Ficoba, un evento de tardeo con cl\u00e1sicos del pop-rock"},{"@type":"BreadcrumbList","@id":"https:\/\/www.ficoba.org\/es\/exito-flashback\/#breadcrumb","itemListElement":[{"@type":"ListItem","position":1,"name":"Portada","item":"https:\/\/www.ficoba.org\/es\/"},{"@type":"ListItem","position":2,"name":"\u00c9xito rotundo del Festival Flashback en Ficoba: una noche de cl\u00e1sicos inolvidable"}]},{"@type":"WebSite","@id":"https:\/\/www.ficoba.org\/es\/#website","url":"https:\/\/www.ficoba.org\/es\/","name":"Ficoba, Recinto Ferial de Gipuzkoa","description":"Ficoba, recinto ferial de Gipuzkoa","publisher":{"@id":"https:\/\/www.ficoba.org\/es\/#organization"},"alternateName":"Ficoba","potentialAction":[{"@type":"SearchAction","target":{"@type":"EntryPoint","urlTemplate":"https:\/\/www.ficoba.org\/es\/?s={search_term_string}"},"query-input":{"@type":"PropertyValueSpecification","valueRequired":true,"valueName":"search_term_string"}}],"inLanguage":"es"},{"@type":"Organization","@id":"https:\/\/www.ficoba.org\/es\/#organization","name":"Ficoba, Reciento Ferial de Gipuzkoa","url":"https:\/\/www.ficoba.org\/es\/","logo":{"@type":"ImageObject","inLanguage":"es","@id":"https:\/\/www.ficoba.org\/es\/#\/schema\/logo\/image\/","url":"https:\/\/www.ficoba.org\/wp-content\/uploads\/2018\/11\/logo_ficoba.png","contentUrl":"https:\/\/www.ficoba.org\/wp-content\/uploads\/2018\/11\/logo_ficoba.png","width":200,"height":124,"caption":"Ficoba, Reciento Ferial de Gipuzkoa"},"image":{"@id":"https:\/\/www.ficoba.org\/es\/#\/schema\/logo\/image\/"},"sameAs":["https:\/\/www.facebook.com\/FICOBAFUNDAZIOA\/","https:\/\/x.com\/FicobaFundazioa","https:\/\/www.youtube.com\/channel\/UCvo2JGluemyCf5KPRmEF9JQ","https:\/\/www.linkedin.com\/company\/ficoba\/","https:\/\/www.instagram.com\/ficobafundazioa\/"]},{"@type":"Person","@id":"https:\/\/www.ficoba.org\/es\/#\/schema\/person\/8a96a121e5dbd393e6e6b5a7ee7ed407","name":"ficoba","image":{"@type":"ImageObject","inLanguage":"es","@id":"https:\/\/www.ficoba.org\/es\/#\/schema\/person\/image\/","url":"https:\/\/secure.gravatar.com\/avatar\/c90cc0e07f75fecbe4165c1906a4cd61b0179a28caae2205d37516e4fb7c30c1?s=96&d=mm&r=g","contentUrl":"https:\/\/secure.gravatar.com\/avatar\/c90cc0e07f75fecbe4165c1906a4cd61b0179a28caae2205d37516e4fb7c30c1?s=96&d=mm&r=g","caption":"ficoba"}}]}},"_links":{"self":[{"href":"https:\/\/www.ficoba.org\/es\/wp-json\/wp\/v2\/posts\/25916","targetHints":{"allow":["GET"]}}],"collection":[{"href":"https:\/\/www.ficoba.org\/es\/wp-json\/wp\/v2\/posts"}],"about":[{"href":"https:\/\/www.ficoba.org\/es\/wp-json\/wp\/v2\/types\/post"}],"author":[{"embeddable":true,"href":"https:\/\/www.ficoba.org\/es\/wp-json\/wp\/v2\/users\/2"}],"replies":[{"embeddable":true,"href":"https:\/\/www.ficoba.org\/es\/wp-json\/wp\/v2\/comments?post=25916"}],"version-history":[{"count":4,"href":"https:\/\/www.ficoba.org\/es\/wp-json\/wp\/v2\/posts\/25916\/revisions"}],"predecessor-version":[{"id":25926,"href":"https:\/\/www.ficoba.org\/es\/wp-json\/wp\/v2\/posts\/25916\/revisions\/25926"}],"wp:featuredmedia":[{"embeddable":true,"href":"https:\/\/www.ficoba.org\/es\/wp-json\/wp\/v2\/media\/25917"}],"wp:attachment":[{"href":"https:\/\/www.ficoba.org\/es\/wp-json\/wp\/v2\/media?parent=25916"}],"wp:term":[{"taxonomy":"category","embeddable":true,"href":"https:\/\/www.ficoba.org\/es\/wp-json\/wp\/v2\/categories?post=25916"},{"taxonomy":"post_tag","embeddable":true,"href":"https:\/\/www.ficoba.org\/es\/wp-json\/wp\/v2\/tags?post=25916"}],"curies":[{"name":"wp","href":"https:\/\/api.w.org\/{rel}","templated":true}]}}