{"id":20286,"date":"2024-10-14T12:49:15","date_gmt":"2024-10-14T10:49:15","guid":{"rendered":"https:\/\/www.ficoba.org\/?p=20286"},"modified":"2024-10-14T12:49:15","modified_gmt":"2024-10-14T10:49:15","slug":"uhinak-2024-nos-enfrentamos-a-un-desafio-de-envergadura-porque-el-cambio-climatico-ya-esta-impactando-de-manera-directa-en-la-costa-y-en-la-vida-de-las-personas","status":"publish","type":"post","link":"https:\/\/www.ficoba.org\/es\/uhinak-2024-nos-enfrentamos-a-un-desafio-de-envergadura-porque-el-cambio-climatico-ya-esta-impactando-de-manera-directa-en-la-costa-y-en-la-vida-de-las-personas\/","title":{"rendered":"Uhinak 2024: Nos enfrentamos a un desaf\u00edo de envergadura porque el cambio clim\u00e1tico ya est\u00e1 impactando de manera directa en la costa y en la vida de las personas"},"content":{"rendered":"<p><strong>la vida de las personas<\/strong><\/p>\n<ul>\n<li><strong>150 expertos debatir\u00e1n durante dos d\u00edas en Ficoba las soluciones pr\u00e1cticas y cient\u00edficas para abordar los retos del cambio clim\u00e1tico<\/strong><\/li>\n<li><strong>Peter Ditlevsen, catedr\u00e1tico del Instituto Niels Bohr de la Universidad de Copenhague, ser\u00e1 el encargado de inaugurar la primera jornada con una conferencia en torno al potencial colapso de la circulaci\u00f3n de vuelco meridional del Atl\u00e1ntico, que cambiar\u00eda radicalmente el clima de Europa<\/strong><\/li>\n<li><strong>Marta Coll, vicedirectora del Institut de Ci\u00e8ncies del Mar, ofrecer\u00e1 la ponencia invitada de apertura de la segunda jornada, con una intervenci\u00f3n sobre los efectos del cambio clim\u00e1tico en los ecosistemas marinos<\/strong><\/li>\n<li><strong>El congreso se celebrar\u00e1 el 23 y 24 de octubre<\/strong><\/li>\n<\/ul>\n<p>&nbsp;<\/p>\n<p><em>(Irun, 14 de octubre de 2024).<\/em> <strong>Aumento del nivel del mar, cambios en los ecosistemas marinos, eventos clim\u00e1ticos extremos, salinizaci\u00f3n de acu\u00edferos y, en los casos m\u00e1s extremos, desplazamiento de comunidades. Son algunas de las consecuencias que el cambio clim\u00e1tico ya est\u00e1 infringiendo al litoral.<\/strong><\/p>\n<p>Ante este contexto, cobra todav\u00eda mayor actualidad el compromiso de Uhinak, Congreso Transfronterizo de Cambio Clim\u00e1tico y Litoral, de promover un abordaje trasversal de este desaf\u00edo, reuniendo en un mismo evento a expertos, cient\u00edficos, administraciones p\u00fablicas y empresas. Hoy, m\u00e1s que nunca, se hace patente que s\u00f3lo actuando en diferentes \u00e1mbitos se alcanzar\u00e1n los resultados necesarios para paliar los efectos del cambio clim\u00e1tico.<\/p>\n<p>Por ello, en Uhinak se hablar\u00e1 de mitigaci\u00f3n, es decir, de la reducci\u00f3n de emisiones. Pero tambi\u00e9n se abordar\u00e1 la adaptaci\u00f3n al cambio clim\u00e1tico para prever y minimizar los da\u00f1os y sus costes. Asimismo, se analizar\u00e1 la investigaci\u00f3n en el seguimiento de las tendencias y el desarrollo de los modelos locales de los sistemas, crucial para prever la respuesta de nuestro territorio e impacto en el ecosistema.<\/p>\n<p>Entre los temas principales que se abordar\u00e1n destaca la advertencia de alcanzar los puntos de no retorno por los cambios globales que se est\u00e1n produciendo como el posible colapso de la Circulaci\u00f3n de Vuelco Meridional del Atl\u00e1ntico (AMOC), crucial para el sistema clim\u00e1tico global y de manera especial en Europa por su afecci\u00f3n al clima regional; los fen\u00f3menos meteorol\u00f3gicos adversos, stocks pesqueros y el cambio en los patrones migratorios de las especies marinas. Tambi\u00e9n se pondr\u00e1 un foco especial en las investigaciones sobre la resiliencia de los mares europeos ante el cambio clim\u00e1tico, muy afectados por el incremento medio de la temperatura del nivel del mar y por la acidificaci\u00f3n del agua.<\/p>\n<p>Este a\u00f1o ser\u00e1n alrededor de 150 las personas de diferentes \u00e1mbitos que participar\u00e1n en Uhinak. Entre ellos, una amplia representaci\u00f3n de congresistas franceses, que supone m\u00e1s del 20%, lo que refuerza el car\u00e1cter transfronterizo del congreso.<\/p>\n<p><strong>\u00a0<\/strong><strong>La visi\u00f3n de las instituciones y de los expertos<\/strong><\/p>\n<p>La VI edici\u00f3n del Congreso Transfronterizo de Cambio Clim\u00e1tico y Litoral se ha presentado esta ma\u00f1ana en rueda de prensa en Ficoba.<\/p>\n<p><strong>La alcaldesa de Irun y presidenta de Fundaci\u00f3n Ficoba, Cristina Laborda<\/strong> ha afirmado que \u201cIrun es un ejemplo de ciudad comprometida con el medio ambiente y este congreso es un ejemplo. Un evento que cuenta con el reconocimiento internacional y del mundo cient\u00edfico, y eso es porque aqu\u00ed se hacen bien las cosas, desde la responsabilidad. Sin embargo, no debemos conformarnos. Las instituciones tenemos el deber de poner el foco en los desaf\u00edos que tenemos como sociedad, y el medio ambiente, es uno de los m\u00e1s importantes. Es esencial aplicar medidas, cada uno desde sus competencias, y ser consecuentes con nuestros hechos y responsables sobre qu\u00e9 mundo dejamos a las siguientes generaciones\u00bb.<\/p>\n<p>Por su parte, <strong>el diputado de Sostenibilidad de Gipuzkoa, Jos\u00e9 Ignacio Asensio<\/strong>, ha se\u00f1alado que \u201cDesde Gipuzkoa, estamos trabajando con rigor y compromiso para anticiparnos a los riesgos mediante iniciativas como el Observatorio Marino Costero y proyectos innovadores como Blue Point, que convierten la contaminaci\u00f3n pl\u00e1stica en oportunidades para la Econom\u00eda Azul. En un territorio donde el 40% de la poblaci\u00f3n vive cerca de la costa, debemos actuar con urgencia, utilizando el conocimiento y la ciencia para garantizar la seguridad y bienestar de nuestra ciudadan\u00eda\u201d.<\/p>\n<p><strong>Adolfo Uriarte, director de Patrimonio Natural y Cambio Clim\u00e1tico del Gobierno Vasco<\/strong>, ha puesto el foco en que \u201cLa adaptaci\u00f3n del litoral a los efectos del cambio clim\u00e1tico precisa que las medidas que se tomen se hagan con urgencia y con amplitud de foco para dar respuesta a la triple crisis: la clim\u00e1tica, la de p\u00e9rdida de biodiversidad y la de la contaminaci\u00f3n. Proyectos como Urban Klima 2050, el mayor proyecto de acci\u00f3n clim\u00e1tica en Euskadi liderado por el Gobierno Vasco, son el ejemplo de que es posible aplicar soluciones transformadoras en el territorio y tambi\u00e9n a generar oportunidades de mercado para transferir nuestra experiencia a otros lugares. Debemos pasar de la planificaci\u00f3n a la acci\u00f3n transformadora, y necesitamos generar conocimiento para facilitar la toma de decisiones\u201d.<\/p>\n<p><strong>Rogelio Pozo, CEO de AZTI<\/strong>, centro tecnol\u00f3gico coorganizador del Congreso Uhinak, ha destacado la importancia de este evento como una plataforma esencial para la discusi\u00f3n y el desarrollo de soluciones pr\u00e1cticas y cient\u00edficas frente a los desaf\u00edos del cambio clim\u00e1tico en nuestras costas. Pozo ha adelantado que \u201cAZTI, como entidad l\u00edder en la evaluaci\u00f3n de los impactos del cambio clim\u00e1tico a nivel local, desempe\u00f1ar\u00e1 un papel crucial en este congreso, centrando su contribuci\u00f3n en los resultados de proyectos innovadores destinados a mitigar los efectos del cambio clim\u00e1tico\u201d.<\/p>\n<p><strong>El contenido del congreso<\/strong><\/p>\n<p>Este a\u00f1o, el congreso contar\u00e1 con 8 ponencias invitadas y 35 comunicaciones orales y 17 p\u00f3sters.<\/p>\n<p><strong>Peter Ditlevsen, catedr\u00e1tico del Instituto Niels Bohr de la Universidad de Copenhague<\/strong>, inaugurar\u00e1 la primera jornada. Con una s\u00f3lida formaci\u00f3n en f\u00edsica del clima y sistemas din\u00e1micos, Ditlevsen ha publicado m\u00e1s de 100 trabajos y numerosos art\u00edculos de divulgaci\u00f3n cient\u00edfica. Su ponencia inaugural se centrar\u00e1 en la advertencia sobre un posible colapso de la Circulaci\u00f3n de Vuelco Meridional del Atl\u00e1ntico (AMOC). Estudios recientes indican un debilitamiento de esta circulaci\u00f3n, y las predicciones sugieren que su colapso podr\u00eda ocurrir hacia mediados de siglo si las emisiones de gases de efecto invernadero contin\u00faan en su trayectoria actual.<\/p>\n<p>La encargada de abrir la segunda jornada del congreso ser\u00e1<strong> Marta Coll, vicedirectora del Institut de Ci\u00e8ncies del Mar<\/strong>. Su investigaci\u00f3n se centra en los cambios y amenazas a la biodiversidad marina y los recursos marinos debido a actividades humanas como la pesca y el cambio clim\u00e1tico. Su presentaci\u00f3n destacar\u00e1 los impactos del cambio clim\u00e1tico en los ecosistemas marinos y las estrategias de mitigaci\u00f3n necesarias para preservar estos vitales recursos.<\/p>\n<p>El Bloque I, Puntos de No Retorno Planetarios, contar\u00e1 con la ponencia invitada de <strong>Jon S\u00e1enz de la Universidad del Pa\u00eds Vasco (UPV),<\/strong> quien hablar\u00e1 sobre las olas de calor marinas en el sur del Golfo de Vizcaya y los flujos de energ\u00eda entre la atm\u00f3sfera y el oc\u00e9ano.<\/p>\n<p>En el Bloque II, Eventos Extremos y Medidas de Adaptaci\u00f3n, el invitado <strong>Roland Garnier de AZTI<\/strong> presentar\u00e1 el programa de seguimiento de acciones de restauraci\u00f3n de marismas en la costa vasca. Adem\u00e1s, <strong>Matthias Delpey de Rivages Pro Tech, SUEZ Eau France<\/strong> hablar\u00e1n sobre el desarrollo de herramientas de apoyo para la toma de decisiones en la gesti\u00f3n de impactos de tormentas oce\u00e1nicas a lo largo de la costa de San Juan de Luz, en el suroeste de Francia.<\/p>\n<p>El Bloque III, Mitigaci\u00f3n del Cambio Clim\u00e1tico en el Litoral y el Oc\u00e9ano, incluir\u00e1 la intervenci\u00f3n de <strong>Soledad Vivas Navarro, coordinadora t\u00e9cnica de Medio Marino de la Agencia de Medio Ambiente y Agua de la Junta de Andaluc\u00eda<\/strong>, quien expondr\u00e1 el proyecto LIFE Blue Natura, centrado en el carbono azul en Andaluc\u00eda como herramienta para mitigar el cambio clim\u00e1tico.<\/p>\n<p>Por \u00faltimo, el Bloque IV, Gobernanza, Herramientas de Gesti\u00f3n y Comunicaci\u00f3n, cuenta con dos ponencias invitadas. Por una parte, la conferencia de <strong>I\u00f1igo Losada Rodr\u00edguez, director de investigaci\u00f3n del Instituto de Hidr\u00e1ulica Ambiental de Cantabria (IHCantabria)<\/strong>, sobre una gu\u00eda para la evaluaci\u00f3n de riesgos y la adaptaci\u00f3n al cambio clim\u00e1tico en la costa. Por otra parte, <strong>Mar\u00eda Josep Pic\u00f3, profesora de Periodismo de la Universitat de Val\u00e8ncia<\/strong>, pronunciar\u00e1 una conferencia sobre \u201cLa gobernanza del litoral en el metaverso. Desaf\u00edos para la comunicaci\u00f3n, la participaci\u00f3n y la conversaci\u00f3n\u201d.<\/p>\n<p><strong>Un congreso con zona expositiva<\/strong><\/p>\n<p>Son varias las empresas y organismos que han querido participar en esta sexta edici\u00f3n de Uhinak acudiendo tambi\u00e9n con una oferta expositiva, ya sea para aumentar su visibilidad como empresa proveedora del sector, vincular su marca con la investigaci\u00f3n para mitigar el cambio clim\u00e1tico, crear conciencia de marca y fortalecer su impacto, posicionarse como empresa de referencia por su compromiso con la preservaci\u00f3n del medio ambiente o establecer relaciones comerciales con su p\u00fablico objetivo.<\/p>\n<p>La lista de expositores est\u00e1 formada por <strong>la Diputaci\u00f3n Foral de Gipuzkoa <\/strong>(Departamento de Sostenibilidad), la sociedad p\u00fablica del Gobierno vasco que promueve la sostenibilidad ambiental en el Pa\u00eds Vasco<strong>\u00a0 Ihobe, Vervirtech <\/strong>(productos multienzim\u00e1ticos sostenibles), el centro de Investigaci\u00f3n Marina y Alimentaria<strong> AZTI<\/strong>, <strong>Artelia<\/strong> (proyectos de arquitectura e ingenier\u00eda, focalizado en dise\u00f1o de soluciones constructivas sostenibles), <strong>GIS Littoral Basque<\/strong> (iniciativa que re\u00fane a entidades cient\u00edficas y gubernamentales de la regi\u00f3n del Pa\u00eds Vasco, tanto de Francia como de Espa\u00f1a, para abordar los desaf\u00edos ambientales del litoral), <strong>Nautilus<\/strong> Oce\u00e1nica (empresa dedicada a la venta e instalaci\u00f3n de equipos oceanogr\u00e1ficos, hidrogr\u00e1ficos y topogr\u00e1ficos) y <strong>Regions4 Climate<\/strong> (red global que apoya a los gobiernos regionales en la gesti\u00f3n de desaf\u00edos relacionados con el cambio clim\u00e1tico, la p\u00e9rdida de biodiversidad y la implementaci\u00f3n de los Objetivos de Desarrollo Sostenible, (ODS).<\/p>\n<p><strong>Sobre Uhinak<\/strong><\/p>\n<p>Uhinak es un Congreso Transfronterizo de cambio Clim\u00e1tico y Litoral promovido por Ficoba y el centro tecnol\u00f3gico AZTI, con el apoyo de m\u00faltiples instituciones como el Departamento de Industria, Transici\u00f3n Energ\u00e9tica y Sostenibilidad del Gobierno Vasco a trav\u00e9s de su sociedad p\u00fablica Ihobe, la Diputaci\u00f3n Foral de Gipuzkoa (Departamento de Sostenibilidad), Communaut\u00e9 d\u2019agglom\u00e9ration Pays Basque y la Regi\u00f3n Nouvelle Aquitaine.<\/p>\n<p><strong>www.uhinak.com<\/strong><\/p>\n<p><strong>\u00a0<\/strong><\/p>\n","protected":false},"excerpt":{"rendered":"<p>la vida de las personas 150 expertos debatir\u00e1n durante dos d\u00edas en Ficoba las soluciones pr\u00e1cticas y cient\u00edficas para abordar los retos del cambio clim\u00e1tico Peter Ditlevsen, catedr\u00e1tico del Instituto [&hellip;]<\/p>\n","protected":false},"author":2,"featured_media":20287,"comment_status":"closed","ping_status":"closed","sticky":false,"template":"","format":"standard","meta":{"_et_pb_use_builder":"","_et_pb_old_content":"","_et_gb_content_width":"","footnotes":""},"categories":[3],"tags":[158,187,159,199,188],"class_list":["post-20286","post","type-post","status-publish","format-standard","has-post-thumbnail","hentry","category-eventos-y-ferias","tag-cambio-climatico","tag-cambio-climatico-y-litoral","tag-emergencia-climatica","tag-emergencia-climatica-y-litoral","tag-eventos-extremos"],"yoast_head":"<!-- This site is optimized with the Yoast SEO plugin v26.8 - https:\/\/yoast.com\/product\/yoast-seo-wordpress\/ -->\n<title>Uhinak 2024: Nos enfrentamos a un desaf\u00edo de envergadura porque el cambio clim\u00e1tico ya est\u00e1 impactando de manera directa en la costa y en la vida de las personas - Ficoba<\/title>\n<meta name=\"robots\" content=\"index, follow, max-snippet:-1, max-image-preview:large, max-video-preview:-1\" \/>\n<link rel=\"canonical\" href=\"https:\/\/www.ficoba.org\/es\/uhinak-2024-nos-enfrentamos-a-un-desafio-de-envergadura-porque-el-cambio-climatico-ya-esta-impactando-de-manera-directa-en-la-costa-y-en-la-vida-de-las-personas\/\" \/>\n<meta name=\"twitter:label1\" content=\"Escrito por\" \/>\n\t<meta name=\"twitter:data1\" content=\"ficoba\" \/>\n\t<meta name=\"twitter:label2\" content=\"Tiempo de lectura\" \/>\n\t<meta name=\"twitter:data2\" content=\"8 minutos\" \/>\n<script type=\"application\/ld+json\" class=\"yoast-schema-graph\">{\"@context\":\"https:\/\/schema.org\",\"@graph\":[{\"@type\":\"Article\",\"@id\":\"https:\/\/www.ficoba.org\/es\/uhinak-2024-nos-enfrentamos-a-un-desafio-de-envergadura-porque-el-cambio-climatico-ya-esta-impactando-de-manera-directa-en-la-costa-y-en-la-vida-de-las-personas\/#article\",\"isPartOf\":{\"@id\":\"https:\/\/www.ficoba.org\/es\/uhinak-2024-nos-enfrentamos-a-un-desafio-de-envergadura-porque-el-cambio-climatico-ya-esta-impactando-de-manera-directa-en-la-costa-y-en-la-vida-de-las-personas\/\"},\"author\":{\"name\":\"ficoba\",\"@id\":\"https:\/\/www.ficoba.org\/es\/#\/schema\/person\/8a96a121e5dbd393e6e6b5a7ee7ed407\"},\"headline\":\"Uhinak 2024: Nos enfrentamos a un desaf\u00edo de envergadura porque el cambio clim\u00e1tico ya est\u00e1 impactando de manera directa en la costa y en la vida de las personas\",\"datePublished\":\"2024-10-14T10:49:15+00:00\",\"mainEntityOfPage\":{\"@id\":\"https:\/\/www.ficoba.org\/es\/uhinak-2024-nos-enfrentamos-a-un-desafio-de-envergadura-porque-el-cambio-climatico-ya-esta-impactando-de-manera-directa-en-la-costa-y-en-la-vida-de-las-personas\/\"},\"wordCount\":1815,\"publisher\":{\"@id\":\"https:\/\/www.ficoba.org\/es\/#organization\"},\"image\":{\"@id\":\"https:\/\/www.ficoba.org\/es\/uhinak-2024-nos-enfrentamos-a-un-desafio-de-envergadura-porque-el-cambio-climatico-ya-esta-impactando-de-manera-directa-en-la-costa-y-en-la-vida-de-las-personas\/#primaryimage\"},\"thumbnailUrl\":\"https:\/\/www.ficoba.org\/wp-content\/uploads\/2024\/10\/Uhinak-1.jpg\",\"keywords\":[\"Cambio clim\u00e1tico\",\"cambio clim\u00e1tico y litoral\",\"emergencia clim\u00e1tica\",\"emergencia clim\u00e1tica y litoral\",\"eventos extremos\"],\"articleSection\":[\"Eventos y ferias\"],\"inLanguage\":\"es\"},{\"@type\":\"WebPage\",\"@id\":\"https:\/\/www.ficoba.org\/es\/uhinak-2024-nos-enfrentamos-a-un-desafio-de-envergadura-porque-el-cambio-climatico-ya-esta-impactando-de-manera-directa-en-la-costa-y-en-la-vida-de-las-personas\/\",\"url\":\"https:\/\/www.ficoba.org\/es\/uhinak-2024-nos-enfrentamos-a-un-desafio-de-envergadura-porque-el-cambio-climatico-ya-esta-impactando-de-manera-directa-en-la-costa-y-en-la-vida-de-las-personas\/\",\"name\":\"Uhinak 2024: Nos enfrentamos a un desaf\u00edo de envergadura porque el cambio clim\u00e1tico ya est\u00e1 impactando de manera directa en la costa y en la vida de las personas - Ficoba\",\"isPartOf\":{\"@id\":\"https:\/\/www.ficoba.org\/es\/#website\"},\"primaryImageOfPage\":{\"@id\":\"https:\/\/www.ficoba.org\/es\/uhinak-2024-nos-enfrentamos-a-un-desafio-de-envergadura-porque-el-cambio-climatico-ya-esta-impactando-de-manera-directa-en-la-costa-y-en-la-vida-de-las-personas\/#primaryimage\"},\"image\":{\"@id\":\"https:\/\/www.ficoba.org\/es\/uhinak-2024-nos-enfrentamos-a-un-desafio-de-envergadura-porque-el-cambio-climatico-ya-esta-impactando-de-manera-directa-en-la-costa-y-en-la-vida-de-las-personas\/#primaryimage\"},\"thumbnailUrl\":\"https:\/\/www.ficoba.org\/wp-content\/uploads\/2024\/10\/Uhinak-1.jpg\",\"datePublished\":\"2024-10-14T10:49:15+00:00\",\"breadcrumb\":{\"@id\":\"https:\/\/www.ficoba.org\/es\/uhinak-2024-nos-enfrentamos-a-un-desafio-de-envergadura-porque-el-cambio-climatico-ya-esta-impactando-de-manera-directa-en-la-costa-y-en-la-vida-de-las-personas\/#breadcrumb\"},\"inLanguage\":\"es\",\"potentialAction\":[{\"@type\":\"ReadAction\",\"target\":[\"https:\/\/www.ficoba.org\/es\/uhinak-2024-nos-enfrentamos-a-un-desafio-de-envergadura-porque-el-cambio-climatico-ya-esta-impactando-de-manera-directa-en-la-costa-y-en-la-vida-de-las-personas\/\"]}]},{\"@type\":\"ImageObject\",\"inLanguage\":\"es\",\"@id\":\"https:\/\/www.ficoba.org\/es\/uhinak-2024-nos-enfrentamos-a-un-desafio-de-envergadura-porque-el-cambio-climatico-ya-esta-impactando-de-manera-directa-en-la-costa-y-en-la-vida-de-las-personas\/#primaryimage\",\"url\":\"https:\/\/www.ficoba.org\/wp-content\/uploads\/2024\/10\/Uhinak-1.jpg\",\"contentUrl\":\"https:\/\/www.ficoba.org\/wp-content\/uploads\/2024\/10\/Uhinak-1.jpg\",\"width\":2016,\"height\":1512},{\"@type\":\"BreadcrumbList\",\"@id\":\"https:\/\/www.ficoba.org\/es\/uhinak-2024-nos-enfrentamos-a-un-desafio-de-envergadura-porque-el-cambio-climatico-ya-esta-impactando-de-manera-directa-en-la-costa-y-en-la-vida-de-las-personas\/#breadcrumb\",\"itemListElement\":[{\"@type\":\"ListItem\",\"position\":1,\"name\":\"Portada\",\"item\":\"https:\/\/www.ficoba.org\/es\/\"},{\"@type\":\"ListItem\",\"position\":2,\"name\":\"Uhinak 2024: Nos enfrentamos a un desaf\u00edo de envergadura porque el cambio clim\u00e1tico ya est\u00e1 impactando de manera directa en la costa y en la vida de las personas\"}]},{\"@type\":\"WebSite\",\"@id\":\"https:\/\/www.ficoba.org\/es\/#website\",\"url\":\"https:\/\/www.ficoba.org\/es\/\",\"name\":\"Ficoba, Recinto Ferial de Gipuzkoa\",\"description\":\"Ficoba, recinto ferial de Gipuzkoa\",\"publisher\":{\"@id\":\"https:\/\/www.ficoba.org\/es\/#organization\"},\"alternateName\":\"Ficoba\",\"potentialAction\":[{\"@type\":\"SearchAction\",\"target\":{\"@type\":\"EntryPoint\",\"urlTemplate\":\"https:\/\/www.ficoba.org\/es\/?s={search_term_string}\"},\"query-input\":{\"@type\":\"PropertyValueSpecification\",\"valueRequired\":true,\"valueName\":\"search_term_string\"}}],\"inLanguage\":\"es\"},{\"@type\":\"Organization\",\"@id\":\"https:\/\/www.ficoba.org\/es\/#organization\",\"name\":\"Ficoba, Reciento Ferial de Gipuzkoa\",\"url\":\"https:\/\/www.ficoba.org\/es\/\",\"logo\":{\"@type\":\"ImageObject\",\"inLanguage\":\"es\",\"@id\":\"https:\/\/www.ficoba.org\/es\/#\/schema\/logo\/image\/\",\"url\":\"https:\/\/www.ficoba.org\/wp-content\/uploads\/2018\/11\/logo_ficoba.png\",\"contentUrl\":\"https:\/\/www.ficoba.org\/wp-content\/uploads\/2018\/11\/logo_ficoba.png\",\"width\":200,\"height\":124,\"caption\":\"Ficoba, Reciento Ferial de Gipuzkoa\"},\"image\":{\"@id\":\"https:\/\/www.ficoba.org\/es\/#\/schema\/logo\/image\/\"},\"sameAs\":[\"https:\/\/www.facebook.com\/FICOBAFUNDAZIOA\/\",\"https:\/\/x.com\/FicobaFundazioa\",\"https:\/\/www.youtube.com\/channel\/UCvo2JGluemyCf5KPRmEF9JQ\",\"https:\/\/www.linkedin.com\/company\/ficoba\/\",\"https:\/\/www.instagram.com\/ficobafundazioa\/\"]},{\"@type\":\"Person\",\"@id\":\"https:\/\/www.ficoba.org\/es\/#\/schema\/person\/8a96a121e5dbd393e6e6b5a7ee7ed407\",\"name\":\"ficoba\",\"image\":{\"@type\":\"ImageObject\",\"inLanguage\":\"es\",\"@id\":\"https:\/\/www.ficoba.org\/es\/#\/schema\/person\/image\/\",\"url\":\"https:\/\/secure.gravatar.com\/avatar\/c90cc0e07f75fecbe4165c1906a4cd61b0179a28caae2205d37516e4fb7c30c1?s=96&d=mm&r=g\",\"contentUrl\":\"https:\/\/secure.gravatar.com\/avatar\/c90cc0e07f75fecbe4165c1906a4cd61b0179a28caae2205d37516e4fb7c30c1?s=96&d=mm&r=g\",\"caption\":\"ficoba\"}}]}<\/script>\n<!-- \/ Yoast SEO plugin. -->","yoast_head_json":{"title":"Uhinak 2024: Nos enfrentamos a un desaf\u00edo de envergadura porque el cambio clim\u00e1tico ya est\u00e1 impactando de manera directa en la costa y en la vida de las personas - Ficoba","robots":{"index":"index","follow":"follow","max-snippet":"max-snippet:-1","max-image-preview":"max-image-preview:large","max-video-preview":"max-video-preview:-1"},"canonical":"https:\/\/www.ficoba.org\/es\/uhinak-2024-nos-enfrentamos-a-un-desafio-de-envergadura-porque-el-cambio-climatico-ya-esta-impactando-de-manera-directa-en-la-costa-y-en-la-vida-de-las-personas\/","twitter_misc":{"Escrito por":"ficoba","Tiempo de lectura":"8 minutos"},"schema":{"@context":"https:\/\/schema.org","@graph":[{"@type":"Article","@id":"https:\/\/www.ficoba.org\/es\/uhinak-2024-nos-enfrentamos-a-un-desafio-de-envergadura-porque-el-cambio-climatico-ya-esta-impactando-de-manera-directa-en-la-costa-y-en-la-vida-de-las-personas\/#article","isPartOf":{"@id":"https:\/\/www.ficoba.org\/es\/uhinak-2024-nos-enfrentamos-a-un-desafio-de-envergadura-porque-el-cambio-climatico-ya-esta-impactando-de-manera-directa-en-la-costa-y-en-la-vida-de-las-personas\/"},"author":{"name":"ficoba","@id":"https:\/\/www.ficoba.org\/es\/#\/schema\/person\/8a96a121e5dbd393e6e6b5a7ee7ed407"},"headline":"Uhinak 2024: Nos enfrentamos a un desaf\u00edo de envergadura porque el cambio clim\u00e1tico ya est\u00e1 impactando de manera directa en la costa y en la vida de las personas","datePublished":"2024-10-14T10:49:15+00:00","mainEntityOfPage":{"@id":"https:\/\/www.ficoba.org\/es\/uhinak-2024-nos-enfrentamos-a-un-desafio-de-envergadura-porque-el-cambio-climatico-ya-esta-impactando-de-manera-directa-en-la-costa-y-en-la-vida-de-las-personas\/"},"wordCount":1815,"publisher":{"@id":"https:\/\/www.ficoba.org\/es\/#organization"},"image":{"@id":"https:\/\/www.ficoba.org\/es\/uhinak-2024-nos-enfrentamos-a-un-desafio-de-envergadura-porque-el-cambio-climatico-ya-esta-impactando-de-manera-directa-en-la-costa-y-en-la-vida-de-las-personas\/#primaryimage"},"thumbnailUrl":"https:\/\/www.ficoba.org\/wp-content\/uploads\/2024\/10\/Uhinak-1.jpg","keywords":["Cambio clim\u00e1tico","cambio clim\u00e1tico y litoral","emergencia clim\u00e1tica","emergencia clim\u00e1tica y litoral","eventos extremos"],"articleSection":["Eventos y ferias"],"inLanguage":"es"},{"@type":"WebPage","@id":"https:\/\/www.ficoba.org\/es\/uhinak-2024-nos-enfrentamos-a-un-desafio-de-envergadura-porque-el-cambio-climatico-ya-esta-impactando-de-manera-directa-en-la-costa-y-en-la-vida-de-las-personas\/","url":"https:\/\/www.ficoba.org\/es\/uhinak-2024-nos-enfrentamos-a-un-desafio-de-envergadura-porque-el-cambio-climatico-ya-esta-impactando-de-manera-directa-en-la-costa-y-en-la-vida-de-las-personas\/","name":"Uhinak 2024: Nos enfrentamos a un desaf\u00edo de envergadura porque el cambio clim\u00e1tico ya est\u00e1 impactando de manera directa en la costa y en la vida de las personas - Ficoba","isPartOf":{"@id":"https:\/\/www.ficoba.org\/es\/#website"},"primaryImageOfPage":{"@id":"https:\/\/www.ficoba.org\/es\/uhinak-2024-nos-enfrentamos-a-un-desafio-de-envergadura-porque-el-cambio-climatico-ya-esta-impactando-de-manera-directa-en-la-costa-y-en-la-vida-de-las-personas\/#primaryimage"},"image":{"@id":"https:\/\/www.ficoba.org\/es\/uhinak-2024-nos-enfrentamos-a-un-desafio-de-envergadura-porque-el-cambio-climatico-ya-esta-impactando-de-manera-directa-en-la-costa-y-en-la-vida-de-las-personas\/#primaryimage"},"thumbnailUrl":"https:\/\/www.ficoba.org\/wp-content\/uploads\/2024\/10\/Uhinak-1.jpg","datePublished":"2024-10-14T10:49:15+00:00","breadcrumb":{"@id":"https:\/\/www.ficoba.org\/es\/uhinak-2024-nos-enfrentamos-a-un-desafio-de-envergadura-porque-el-cambio-climatico-ya-esta-impactando-de-manera-directa-en-la-costa-y-en-la-vida-de-las-personas\/#breadcrumb"},"inLanguage":"es","potentialAction":[{"@type":"ReadAction","target":["https:\/\/www.ficoba.org\/es\/uhinak-2024-nos-enfrentamos-a-un-desafio-de-envergadura-porque-el-cambio-climatico-ya-esta-impactando-de-manera-directa-en-la-costa-y-en-la-vida-de-las-personas\/"]}]},{"@type":"ImageObject","inLanguage":"es","@id":"https:\/\/www.ficoba.org\/es\/uhinak-2024-nos-enfrentamos-a-un-desafio-de-envergadura-porque-el-cambio-climatico-ya-esta-impactando-de-manera-directa-en-la-costa-y-en-la-vida-de-las-personas\/#primaryimage","url":"https:\/\/www.ficoba.org\/wp-content\/uploads\/2024\/10\/Uhinak-1.jpg","contentUrl":"https:\/\/www.ficoba.org\/wp-content\/uploads\/2024\/10\/Uhinak-1.jpg","width":2016,"height":1512},{"@type":"BreadcrumbList","@id":"https:\/\/www.ficoba.org\/es\/uhinak-2024-nos-enfrentamos-a-un-desafio-de-envergadura-porque-el-cambio-climatico-ya-esta-impactando-de-manera-directa-en-la-costa-y-en-la-vida-de-las-personas\/#breadcrumb","itemListElement":[{"@type":"ListItem","position":1,"name":"Portada","item":"https:\/\/www.ficoba.org\/es\/"},{"@type":"ListItem","position":2,"name":"Uhinak 2024: Nos enfrentamos a un desaf\u00edo de envergadura porque el cambio clim\u00e1tico ya est\u00e1 impactando de manera directa en la costa y en la vida de las personas"}]},{"@type":"WebSite","@id":"https:\/\/www.ficoba.org\/es\/#website","url":"https:\/\/www.ficoba.org\/es\/","name":"Ficoba, Recinto Ferial de Gipuzkoa","description":"Ficoba, recinto ferial de Gipuzkoa","publisher":{"@id":"https:\/\/www.ficoba.org\/es\/#organization"},"alternateName":"Ficoba","potentialAction":[{"@type":"SearchAction","target":{"@type":"EntryPoint","urlTemplate":"https:\/\/www.ficoba.org\/es\/?s={search_term_string}"},"query-input":{"@type":"PropertyValueSpecification","valueRequired":true,"valueName":"search_term_string"}}],"inLanguage":"es"},{"@type":"Organization","@id":"https:\/\/www.ficoba.org\/es\/#organization","name":"Ficoba, Reciento Ferial de Gipuzkoa","url":"https:\/\/www.ficoba.org\/es\/","logo":{"@type":"ImageObject","inLanguage":"es","@id":"https:\/\/www.ficoba.org\/es\/#\/schema\/logo\/image\/","url":"https:\/\/www.ficoba.org\/wp-content\/uploads\/2018\/11\/logo_ficoba.png","contentUrl":"https:\/\/www.ficoba.org\/wp-content\/uploads\/2018\/11\/logo_ficoba.png","width":200,"height":124,"caption":"Ficoba, Reciento Ferial de Gipuzkoa"},"image":{"@id":"https:\/\/www.ficoba.org\/es\/#\/schema\/logo\/image\/"},"sameAs":["https:\/\/www.facebook.com\/FICOBAFUNDAZIOA\/","https:\/\/x.com\/FicobaFundazioa","https:\/\/www.youtube.com\/channel\/UCvo2JGluemyCf5KPRmEF9JQ","https:\/\/www.linkedin.com\/company\/ficoba\/","https:\/\/www.instagram.com\/ficobafundazioa\/"]},{"@type":"Person","@id":"https:\/\/www.ficoba.org\/es\/#\/schema\/person\/8a96a121e5dbd393e6e6b5a7ee7ed407","name":"ficoba","image":{"@type":"ImageObject","inLanguage":"es","@id":"https:\/\/www.ficoba.org\/es\/#\/schema\/person\/image\/","url":"https:\/\/secure.gravatar.com\/avatar\/c90cc0e07f75fecbe4165c1906a4cd61b0179a28caae2205d37516e4fb7c30c1?s=96&d=mm&r=g","contentUrl":"https:\/\/secure.gravatar.com\/avatar\/c90cc0e07f75fecbe4165c1906a4cd61b0179a28caae2205d37516e4fb7c30c1?s=96&d=mm&r=g","caption":"ficoba"}}]}},"_links":{"self":[{"href":"https:\/\/www.ficoba.org\/es\/wp-json\/wp\/v2\/posts\/20286","targetHints":{"allow":["GET"]}}],"collection":[{"href":"https:\/\/www.ficoba.org\/es\/wp-json\/wp\/v2\/posts"}],"about":[{"href":"https:\/\/www.ficoba.org\/es\/wp-json\/wp\/v2\/types\/post"}],"author":[{"embeddable":true,"href":"https:\/\/www.ficoba.org\/es\/wp-json\/wp\/v2\/users\/2"}],"replies":[{"embeddable":true,"href":"https:\/\/www.ficoba.org\/es\/wp-json\/wp\/v2\/comments?post=20286"}],"version-history":[{"count":1,"href":"https:\/\/www.ficoba.org\/es\/wp-json\/wp\/v2\/posts\/20286\/revisions"}],"predecessor-version":[{"id":20295,"href":"https:\/\/www.ficoba.org\/es\/wp-json\/wp\/v2\/posts\/20286\/revisions\/20295"}],"wp:featuredmedia":[{"embeddable":true,"href":"https:\/\/www.ficoba.org\/es\/wp-json\/wp\/v2\/media\/20287"}],"wp:attachment":[{"href":"https:\/\/www.ficoba.org\/es\/wp-json\/wp\/v2\/media?parent=20286"}],"wp:term":[{"taxonomy":"category","embeddable":true,"href":"https:\/\/www.ficoba.org\/es\/wp-json\/wp\/v2\/categories?post=20286"},{"taxonomy":"post_tag","embeddable":true,"href":"https:\/\/www.ficoba.org\/es\/wp-json\/wp\/v2\/tags?post=20286"}],"curies":[{"name":"wp","href":"https:\/\/api.w.org\/{rel}","templated":true}]}}