{"id":20262,"date":"2024-10-02T13:00:48","date_gmt":"2024-10-02T11:00:48","guid":{"rendered":"https:\/\/www.ficoba.org\/?p=20262"},"modified":"2024-10-02T13:00:48","modified_gmt":"2024-10-02T11:00:48","slug":"el-departamento-de-deportes-confirma-la-asistencia-de-natalia-arroyo-lola-romero-y-eli-pinedo-al-i-congreso-internacional-de-futbol-femenino","status":"publish","type":"post","link":"https:\/\/www.ficoba.org\/es\/el-departamento-de-deportes-confirma-la-asistencia-de-natalia-arroyo-lola-romero-y-eli-pinedo-al-i-congreso-internacional-de-futbol-femenino\/","title":{"rendered":"El Departamento de Deportes confirma la asistencia de Natalia Arroyo, Lola Romero y Eli Pinedo al I Congreso Internacional de F\u00fatbol Femenino"},"content":{"rendered":"<p><strong>\u00a0<\/strong><\/p>\n<ul>\n<li><em>El congreso tendr\u00e1 lugar en Ficoba el 21 y 22 de noviembre, y contar\u00e1 con tres mesas redondas y cinco ponencias a cargo de destacadas profesionales del f\u00fatbol y del deporte femenino <\/em><\/li>\n<li><em>La diputada Goizane \u00c1lvarez subraya que estos foros \u201ccontribuyen a posicionar referentes alternativos en el deporte y, en consecuencia, a reducir la desigualdad en el deporte base\u201d.<\/em><\/li>\n<li><em>Arroyo: <\/em>\u201cDebemos seguir dando pasos para guiar el camino de las nuevas generaciones. Congresos como \u00e9ste fomentan el debate y la implicaci\u00f3n de todos los estamentos para seguir creciendo\u201d.<\/li>\n<li><em>Las inscripciones pueden realizarse en la web: <\/em><a href=\"https:\/\/congresoff.ficoba.org\">https:\/\/congresoff.ficoba.org<\/a>.<\/li>\n<\/ul>\n<p>Gipuzkoa ser\u00e1 el pr\u00f3ximo mes escenario de un evento sin precedentes: el I Congreso Internacional de F\u00fatbol Femenino que se celebrar\u00e1 en Ficoba los d\u00edas 21 y 22 de noviembre. El evento, impulsado por el Departamento de Cultura y Deportes de la Diputaci\u00f3n Foral de Gipuzkoa, se ha dise\u00f1ado para abordar los desaf\u00edos y oportunidades que enfrenta el f\u00fatbol femenino en la actualidad, de la mano de rostros conocidos y reputados en el panorama deportivo internacional, como Natalia Arroyo, Lola Romero o Eli Pinedo.<\/p>\n<p>La diputada de Deportes, Goizane \u00c1lvarez, resalta que la organizaci\u00f3n de foros como este \u201cson fundamentales\u201d y permiten \u201cavanzar hacia un doble objetivo\u201d. \u201cAl dar voz a mujeres que han llevado su carrera deportiva hasta lo m\u00e1s alto, se logra posicionar a estas deportistas como referentes alternativos y no normativos que inspiren los pasos, comportamientos y modelen los sue\u00f1os de otras ni\u00f1as, ni\u00f1os y adolescentes. Y en consecuencia, todo ello contribuye a reducir la desigualdad en el deporte base\u201d.<\/p>\n<p>Las inscripciones para esta primera edici\u00f3n del congreso ya est\u00e1n abiertas y pueden realizarse a trav\u00e9s de la p\u00e1gina oficial del evento: <a href=\"https:\/\/congresoff.ficoba.org\">https:\/\/congresoff.ficoba.org<\/a>. Las plazas son limitadas, por lo que se recomienda a los interesados reservar su lugar lo antes posible.<\/p>\n<p>La cita contar\u00e1 con un completo programa que incluye tres mesas redondas y cinco ponencias a cargo de destacados profesionales del f\u00fatbol femenino en particular, y del deporte femenino, en general. Entre las confirmadas, se encuentran reconocidas deportistas como Natalia Arroyo, Lola Romero y Eli Pinedo, quienes compartir\u00e1n sus experiencias y perspectivas sobre el crecimiento y la evoluci\u00f3n de este deporte.<\/p>\n<p>Arroyo, exentrenadora de la Real Sociedad, se\u00f1ala que \u201cestamos en un momento bonito y a la vez exigente en el f\u00fatbol femenino. Hemos avanzado en muchos aspectos que hab\u00edan estado olvidados durante a\u00f1os, pero tenemos que seguir dando pasos para consolidarnos y guiar el camino de las nuevas generaciones, que ahora sue\u00f1an con ser profesionales. Congresos como \u00e9ste fomentan el debate y la implicaci\u00f3n de todos los estamentos para que sigamos creciendo\u201d.<\/p>\n<p><strong>Natalia Arroyo<\/strong> es entrenadora de f\u00fatbol y ha dirigido a la Real Sociedad desde 2020 hasta 2024, tras haber sido seleccionadora catalana entre 2010 y 2020. Licenciada en Comunicaci\u00f3n Audiovisual por la Universitat Pompeu Fabra, ha trabajado como analista y comentarista en medios como Diari Ara, Gol Televisi\u00f3n, RTVE, la Cadena Ser y Rac1. Actualmente, colabora con TV3, El Pa\u00eds y Catalunya R\u00e0dio, y ha escrito varios libros, entre ellos \u00abDones de Futbol\u00bb, \u00abLas chicas juegan a todo\u00bb y \u00abGisela Pulido &#8211; Sin miedo a caer\u00bb.<\/p>\n<p>Desde 2001, <strong>Lola Romero<\/strong> ha promovido el f\u00fatbol femenino en el Club Atl\u00e9tico de Madrid, donde ha ocupado varios cargos, incluida la presidencia de la Secci\u00f3n Femenina y actualmente es directora Femenina del club. Ha sido campeona de Espa\u00f1a de Judo en 1988 y 1989, y fue miembro de la Selecci\u00f3n Espa\u00f1ola Absoluta de Judo durante seis a\u00f1os. Como portera de f\u00fatbol, jug\u00f3 en Liga Nacional durante dos temporadas y en diferentes clubes de f\u00fatbol sala de Madrid durante once temporadas. Tambi\u00e9n form\u00f3 parte de la Selecci\u00f3n de Madrid de F\u00fatbol Sala Femenino. Lola ha sido editora de la Revista Judo-Prensa y colaboradora del Diario As en las secciones de Judo y F\u00fatbol Sala.<\/p>\n<p><strong>Eli Pinedo<\/strong> es una exjugadora espa\u00f1ola de balonmano, internacional absoluta con la selecci\u00f3n espa\u00f1ola, con la que gan\u00f3 la medalla de bronce en los Juegos Ol\u00edmpicos de Londres 2012. Debut\u00f3 con el Balonmano Bera Bera a los 16 a\u00f1os, donde permaneci\u00f3 cinco temporadas, logrando m\u00faltiples t\u00edtulos, incluidos campeonatos de liga y copas. Eli ha sido internacional en 184 ocasiones, anotando 408 goles, convirti\u00e9ndose en la octava jugadora con m\u00e1s internacionalidades y la d\u00e9cima m\u00e1xima goleadora en la historia de la selecci\u00f3n. Adem\u00e1s, ha recibido la Medalla de Plata al M\u00e9rito Deportivo del Consejo Superior de Deportes.<\/p>\n<p><strong>Una oportunidad \u00fanica para impulsar el f\u00fatbol femenino<\/strong><\/p>\n<p>El I Congreso Internacional de F\u00fatbol Femenino representa una plataforma \u00fanica de intercambio de ideas y experiencias en un momento en que el f\u00fatbol femenino est\u00e1 experimentando un crecimiento exponencial en todo el mundo. Las mesas redondas y las ponencias han sido dise\u00f1adas no solo para ofrecer contenido de valor a profesionales del sector, sino tambi\u00e9n para fomentar la creaci\u00f3n de redes y colaboraciones entre los asistentes.<\/p>\n<p>Para ello, el congreso contar\u00e1 con la participaci\u00f3n de representantes de otros sectores profesionales, como la psicolog\u00eda, el periodismo y la medicina, lo que enriquecer\u00e1 las discusiones y aportar\u00e1 una visi\u00f3n multidimensional sobre los temas tratados.<\/p>\n<p>Los temas generales que se abordar\u00e1n en el congreso incluyen factores de riesgo de lesi\u00f3n en el f\u00fatbol femenino, las entrenadoras, equipos t\u00e9cnicos y arbitraje, el entrenamiento de hoy en el f\u00fatbol de \u00e9lite, la sostenibilidad de las emociones en el f\u00fatbol, desaf\u00edos y oportunidades en el desarrollo del f\u00fatbol femenino a nivel mundial, la violencia sexual y abusos de poder en el f\u00fatbol, y las instituciones y el f\u00fatbol femenino. Todo un completo programa dise\u00f1ado para reflexionar en un momento crucial para la visibilidad y profesionalizaci\u00f3n del f\u00fatbol femenino.<\/p>\n<p>La vocaci\u00f3n del congreso es, por tanto, constituirse en un foro para unir fuerzas, compartir conocimientos y forjar alianzas duraderas que permitan superar los obst\u00e1culos y aprovechar al m\u00e1ximo las posibilidades que el f\u00fatbol femenino puede brindar a la sociedad en su conjunto.<\/p>\n<p>&nbsp;<\/p>\n<p><strong>Donostia-San Sebasti\u00e1n, 2 de octubre de 2024<\/strong><\/p>\n<p><strong>\u00a0<\/strong><\/p>\n","protected":false},"excerpt":{"rendered":"<p>\u00a0 El congreso tendr\u00e1 lugar en Ficoba el 21 y 22 de noviembre, y contar\u00e1 con tres mesas redondas y cinco ponencias a cargo de destacadas profesionales del f\u00fatbol y [&hellip;]<\/p>\n","protected":false},"author":2,"featured_media":20267,"comment_status":"closed","ping_status":"closed","sticky":false,"template":"","format":"standard","meta":{"_et_pb_use_builder":"","_et_pb_old_content":"","_et_gb_content_width":"","footnotes":""},"categories":[3],"tags":[424,422,423],"class_list":["post-20262","post","type-post","status-publish","format-standard","has-post-thumbnail","hentry","category-eventos-y-ferias","tag-deporte-inclusivo","tag-futbol-femenino","tag-sexismo"],"yoast_head":"<!-- This site is optimized with the Yoast SEO plugin v26.8 - https:\/\/yoast.com\/product\/yoast-seo-wordpress\/ -->\n<title>El Departamento de Deportes confirma la asistencia de Natalia Arroyo, Lola Romero y Eli Pinedo al I Congreso Internacional de F\u00fatbol Femenino - Ficoba<\/title>\n<meta name=\"robots\" content=\"index, follow, max-snippet:-1, max-image-preview:large, max-video-preview:-1\" \/>\n<link rel=\"canonical\" href=\"https:\/\/www.ficoba.org\/es\/el-departamento-de-deportes-confirma-la-asistencia-de-natalia-arroyo-lola-romero-y-eli-pinedo-al-i-congreso-internacional-de-futbol-femenino\/\" \/>\n<meta name=\"twitter:label1\" content=\"Escrito por\" \/>\n\t<meta name=\"twitter:data1\" content=\"ficoba\" \/>\n\t<meta name=\"twitter:label2\" content=\"Tiempo de lectura\" \/>\n\t<meta name=\"twitter:data2\" content=\"5 minutos\" \/>\n<script type=\"application\/ld+json\" class=\"yoast-schema-graph\">{\"@context\":\"https:\/\/schema.org\",\"@graph\":[{\"@type\":\"Article\",\"@id\":\"https:\/\/www.ficoba.org\/es\/el-departamento-de-deportes-confirma-la-asistencia-de-natalia-arroyo-lola-romero-y-eli-pinedo-al-i-congreso-internacional-de-futbol-femenino\/#article\",\"isPartOf\":{\"@id\":\"https:\/\/www.ficoba.org\/es\/el-departamento-de-deportes-confirma-la-asistencia-de-natalia-arroyo-lola-romero-y-eli-pinedo-al-i-congreso-internacional-de-futbol-femenino\/\"},\"author\":{\"name\":\"ficoba\",\"@id\":\"https:\/\/www.ficoba.org\/es\/#\/schema\/person\/8a96a121e5dbd393e6e6b5a7ee7ed407\"},\"headline\":\"El Departamento de Deportes confirma la asistencia de Natalia Arroyo, Lola Romero y Eli Pinedo al I Congreso Internacional de F\u00fatbol Femenino\",\"datePublished\":\"2024-10-02T11:00:48+00:00\",\"mainEntityOfPage\":{\"@id\":\"https:\/\/www.ficoba.org\/es\/el-departamento-de-deportes-confirma-la-asistencia-de-natalia-arroyo-lola-romero-y-eli-pinedo-al-i-congreso-internacional-de-futbol-femenino\/\"},\"wordCount\":1079,\"publisher\":{\"@id\":\"https:\/\/www.ficoba.org\/es\/#organization\"},\"image\":{\"@id\":\"https:\/\/www.ficoba.org\/es\/el-departamento-de-deportes-confirma-la-asistencia-de-natalia-arroyo-lola-romero-y-eli-pinedo-al-i-congreso-internacional-de-futbol-femenino\/#primaryimage\"},\"thumbnailUrl\":\"https:\/\/www.ficoba.org\/wp-content\/uploads\/2024\/10\/Logo-ICIFF-scaled.jpg\",\"keywords\":[\"deporte inclusivo\",\"f\u00fatbol femenino\",\"sexismo\"],\"articleSection\":[\"Eventos y ferias\"],\"inLanguage\":\"es\"},{\"@type\":\"WebPage\",\"@id\":\"https:\/\/www.ficoba.org\/es\/el-departamento-de-deportes-confirma-la-asistencia-de-natalia-arroyo-lola-romero-y-eli-pinedo-al-i-congreso-internacional-de-futbol-femenino\/\",\"url\":\"https:\/\/www.ficoba.org\/es\/el-departamento-de-deportes-confirma-la-asistencia-de-natalia-arroyo-lola-romero-y-eli-pinedo-al-i-congreso-internacional-de-futbol-femenino\/\",\"name\":\"El Departamento de Deportes confirma la asistencia de Natalia Arroyo, Lola Romero y Eli Pinedo al I Congreso Internacional de F\u00fatbol Femenino - Ficoba\",\"isPartOf\":{\"@id\":\"https:\/\/www.ficoba.org\/es\/#website\"},\"primaryImageOfPage\":{\"@id\":\"https:\/\/www.ficoba.org\/es\/el-departamento-de-deportes-confirma-la-asistencia-de-natalia-arroyo-lola-romero-y-eli-pinedo-al-i-congreso-internacional-de-futbol-femenino\/#primaryimage\"},\"image\":{\"@id\":\"https:\/\/www.ficoba.org\/es\/el-departamento-de-deportes-confirma-la-asistencia-de-natalia-arroyo-lola-romero-y-eli-pinedo-al-i-congreso-internacional-de-futbol-femenino\/#primaryimage\"},\"thumbnailUrl\":\"https:\/\/www.ficoba.org\/wp-content\/uploads\/2024\/10\/Logo-ICIFF-scaled.jpg\",\"datePublished\":\"2024-10-02T11:00:48+00:00\",\"breadcrumb\":{\"@id\":\"https:\/\/www.ficoba.org\/es\/el-departamento-de-deportes-confirma-la-asistencia-de-natalia-arroyo-lola-romero-y-eli-pinedo-al-i-congreso-internacional-de-futbol-femenino\/#breadcrumb\"},\"inLanguage\":\"es\",\"potentialAction\":[{\"@type\":\"ReadAction\",\"target\":[\"https:\/\/www.ficoba.org\/es\/el-departamento-de-deportes-confirma-la-asistencia-de-natalia-arroyo-lola-romero-y-eli-pinedo-al-i-congreso-internacional-de-futbol-femenino\/\"]}]},{\"@type\":\"ImageObject\",\"inLanguage\":\"es\",\"@id\":\"https:\/\/www.ficoba.org\/es\/el-departamento-de-deportes-confirma-la-asistencia-de-natalia-arroyo-lola-romero-y-eli-pinedo-al-i-congreso-internacional-de-futbol-femenino\/#primaryimage\",\"url\":\"https:\/\/www.ficoba.org\/wp-content\/uploads\/2024\/10\/Logo-ICIFF-scaled.jpg\",\"contentUrl\":\"https:\/\/www.ficoba.org\/wp-content\/uploads\/2024\/10\/Logo-ICIFF-scaled.jpg\",\"width\":2560,\"height\":2560},{\"@type\":\"BreadcrumbList\",\"@id\":\"https:\/\/www.ficoba.org\/es\/el-departamento-de-deportes-confirma-la-asistencia-de-natalia-arroyo-lola-romero-y-eli-pinedo-al-i-congreso-internacional-de-futbol-femenino\/#breadcrumb\",\"itemListElement\":[{\"@type\":\"ListItem\",\"position\":1,\"name\":\"Portada\",\"item\":\"https:\/\/www.ficoba.org\/es\/\"},{\"@type\":\"ListItem\",\"position\":2,\"name\":\"El Departamento de Deportes confirma la asistencia de Natalia Arroyo, Lola Romero y Eli Pinedo al I Congreso Internacional de F\u00fatbol Femenino\"}]},{\"@type\":\"WebSite\",\"@id\":\"https:\/\/www.ficoba.org\/es\/#website\",\"url\":\"https:\/\/www.ficoba.org\/es\/\",\"name\":\"Ficoba, Recinto Ferial de Gipuzkoa\",\"description\":\"Ficoba, recinto ferial de Gipuzkoa\",\"publisher\":{\"@id\":\"https:\/\/www.ficoba.org\/es\/#organization\"},\"alternateName\":\"Ficoba\",\"potentialAction\":[{\"@type\":\"SearchAction\",\"target\":{\"@type\":\"EntryPoint\",\"urlTemplate\":\"https:\/\/www.ficoba.org\/es\/?s={search_term_string}\"},\"query-input\":{\"@type\":\"PropertyValueSpecification\",\"valueRequired\":true,\"valueName\":\"search_term_string\"}}],\"inLanguage\":\"es\"},{\"@type\":\"Organization\",\"@id\":\"https:\/\/www.ficoba.org\/es\/#organization\",\"name\":\"Ficoba, Reciento Ferial de Gipuzkoa\",\"url\":\"https:\/\/www.ficoba.org\/es\/\",\"logo\":{\"@type\":\"ImageObject\",\"inLanguage\":\"es\",\"@id\":\"https:\/\/www.ficoba.org\/es\/#\/schema\/logo\/image\/\",\"url\":\"https:\/\/www.ficoba.org\/wp-content\/uploads\/2018\/11\/logo_ficoba.png\",\"contentUrl\":\"https:\/\/www.ficoba.org\/wp-content\/uploads\/2018\/11\/logo_ficoba.png\",\"width\":200,\"height\":124,\"caption\":\"Ficoba, Reciento Ferial de Gipuzkoa\"},\"image\":{\"@id\":\"https:\/\/www.ficoba.org\/es\/#\/schema\/logo\/image\/\"},\"sameAs\":[\"https:\/\/www.facebook.com\/FICOBAFUNDAZIOA\/\",\"https:\/\/x.com\/FicobaFundazioa\",\"https:\/\/www.youtube.com\/channel\/UCvo2JGluemyCf5KPRmEF9JQ\",\"https:\/\/www.linkedin.com\/company\/ficoba\/\",\"https:\/\/www.instagram.com\/ficobafundazioa\/\"]},{\"@type\":\"Person\",\"@id\":\"https:\/\/www.ficoba.org\/es\/#\/schema\/person\/8a96a121e5dbd393e6e6b5a7ee7ed407\",\"name\":\"ficoba\",\"image\":{\"@type\":\"ImageObject\",\"inLanguage\":\"es\",\"@id\":\"https:\/\/www.ficoba.org\/es\/#\/schema\/person\/image\/\",\"url\":\"https:\/\/secure.gravatar.com\/avatar\/c90cc0e07f75fecbe4165c1906a4cd61b0179a28caae2205d37516e4fb7c30c1?s=96&d=mm&r=g\",\"contentUrl\":\"https:\/\/secure.gravatar.com\/avatar\/c90cc0e07f75fecbe4165c1906a4cd61b0179a28caae2205d37516e4fb7c30c1?s=96&d=mm&r=g\",\"caption\":\"ficoba\"}}]}<\/script>\n<!-- \/ Yoast SEO plugin. -->","yoast_head_json":{"title":"El Departamento de Deportes confirma la asistencia de Natalia Arroyo, Lola Romero y Eli Pinedo al I Congreso Internacional de F\u00fatbol Femenino - Ficoba","robots":{"index":"index","follow":"follow","max-snippet":"max-snippet:-1","max-image-preview":"max-image-preview:large","max-video-preview":"max-video-preview:-1"},"canonical":"https:\/\/www.ficoba.org\/es\/el-departamento-de-deportes-confirma-la-asistencia-de-natalia-arroyo-lola-romero-y-eli-pinedo-al-i-congreso-internacional-de-futbol-femenino\/","twitter_misc":{"Escrito por":"ficoba","Tiempo de lectura":"5 minutos"},"schema":{"@context":"https:\/\/schema.org","@graph":[{"@type":"Article","@id":"https:\/\/www.ficoba.org\/es\/el-departamento-de-deportes-confirma-la-asistencia-de-natalia-arroyo-lola-romero-y-eli-pinedo-al-i-congreso-internacional-de-futbol-femenino\/#article","isPartOf":{"@id":"https:\/\/www.ficoba.org\/es\/el-departamento-de-deportes-confirma-la-asistencia-de-natalia-arroyo-lola-romero-y-eli-pinedo-al-i-congreso-internacional-de-futbol-femenino\/"},"author":{"name":"ficoba","@id":"https:\/\/www.ficoba.org\/es\/#\/schema\/person\/8a96a121e5dbd393e6e6b5a7ee7ed407"},"headline":"El Departamento de Deportes confirma la asistencia de Natalia Arroyo, Lola Romero y Eli Pinedo al I Congreso Internacional de F\u00fatbol Femenino","datePublished":"2024-10-02T11:00:48+00:00","mainEntityOfPage":{"@id":"https:\/\/www.ficoba.org\/es\/el-departamento-de-deportes-confirma-la-asistencia-de-natalia-arroyo-lola-romero-y-eli-pinedo-al-i-congreso-internacional-de-futbol-femenino\/"},"wordCount":1079,"publisher":{"@id":"https:\/\/www.ficoba.org\/es\/#organization"},"image":{"@id":"https:\/\/www.ficoba.org\/es\/el-departamento-de-deportes-confirma-la-asistencia-de-natalia-arroyo-lola-romero-y-eli-pinedo-al-i-congreso-internacional-de-futbol-femenino\/#primaryimage"},"thumbnailUrl":"https:\/\/www.ficoba.org\/wp-content\/uploads\/2024\/10\/Logo-ICIFF-scaled.jpg","keywords":["deporte inclusivo","f\u00fatbol femenino","sexismo"],"articleSection":["Eventos y ferias"],"inLanguage":"es"},{"@type":"WebPage","@id":"https:\/\/www.ficoba.org\/es\/el-departamento-de-deportes-confirma-la-asistencia-de-natalia-arroyo-lola-romero-y-eli-pinedo-al-i-congreso-internacional-de-futbol-femenino\/","url":"https:\/\/www.ficoba.org\/es\/el-departamento-de-deportes-confirma-la-asistencia-de-natalia-arroyo-lola-romero-y-eli-pinedo-al-i-congreso-internacional-de-futbol-femenino\/","name":"El Departamento de Deportes confirma la asistencia de Natalia Arroyo, Lola Romero y Eli Pinedo al I Congreso Internacional de F\u00fatbol Femenino - Ficoba","isPartOf":{"@id":"https:\/\/www.ficoba.org\/es\/#website"},"primaryImageOfPage":{"@id":"https:\/\/www.ficoba.org\/es\/el-departamento-de-deportes-confirma-la-asistencia-de-natalia-arroyo-lola-romero-y-eli-pinedo-al-i-congreso-internacional-de-futbol-femenino\/#primaryimage"},"image":{"@id":"https:\/\/www.ficoba.org\/es\/el-departamento-de-deportes-confirma-la-asistencia-de-natalia-arroyo-lola-romero-y-eli-pinedo-al-i-congreso-internacional-de-futbol-femenino\/#primaryimage"},"thumbnailUrl":"https:\/\/www.ficoba.org\/wp-content\/uploads\/2024\/10\/Logo-ICIFF-scaled.jpg","datePublished":"2024-10-02T11:00:48+00:00","breadcrumb":{"@id":"https:\/\/www.ficoba.org\/es\/el-departamento-de-deportes-confirma-la-asistencia-de-natalia-arroyo-lola-romero-y-eli-pinedo-al-i-congreso-internacional-de-futbol-femenino\/#breadcrumb"},"inLanguage":"es","potentialAction":[{"@type":"ReadAction","target":["https:\/\/www.ficoba.org\/es\/el-departamento-de-deportes-confirma-la-asistencia-de-natalia-arroyo-lola-romero-y-eli-pinedo-al-i-congreso-internacional-de-futbol-femenino\/"]}]},{"@type":"ImageObject","inLanguage":"es","@id":"https:\/\/www.ficoba.org\/es\/el-departamento-de-deportes-confirma-la-asistencia-de-natalia-arroyo-lola-romero-y-eli-pinedo-al-i-congreso-internacional-de-futbol-femenino\/#primaryimage","url":"https:\/\/www.ficoba.org\/wp-content\/uploads\/2024\/10\/Logo-ICIFF-scaled.jpg","contentUrl":"https:\/\/www.ficoba.org\/wp-content\/uploads\/2024\/10\/Logo-ICIFF-scaled.jpg","width":2560,"height":2560},{"@type":"BreadcrumbList","@id":"https:\/\/www.ficoba.org\/es\/el-departamento-de-deportes-confirma-la-asistencia-de-natalia-arroyo-lola-romero-y-eli-pinedo-al-i-congreso-internacional-de-futbol-femenino\/#breadcrumb","itemListElement":[{"@type":"ListItem","position":1,"name":"Portada","item":"https:\/\/www.ficoba.org\/es\/"},{"@type":"ListItem","position":2,"name":"El Departamento de Deportes confirma la asistencia de Natalia Arroyo, Lola Romero y Eli Pinedo al I Congreso Internacional de F\u00fatbol Femenino"}]},{"@type":"WebSite","@id":"https:\/\/www.ficoba.org\/es\/#website","url":"https:\/\/www.ficoba.org\/es\/","name":"Ficoba, Recinto Ferial de Gipuzkoa","description":"Ficoba, recinto ferial de Gipuzkoa","publisher":{"@id":"https:\/\/www.ficoba.org\/es\/#organization"},"alternateName":"Ficoba","potentialAction":[{"@type":"SearchAction","target":{"@type":"EntryPoint","urlTemplate":"https:\/\/www.ficoba.org\/es\/?s={search_term_string}"},"query-input":{"@type":"PropertyValueSpecification","valueRequired":true,"valueName":"search_term_string"}}],"inLanguage":"es"},{"@type":"Organization","@id":"https:\/\/www.ficoba.org\/es\/#organization","name":"Ficoba, Reciento Ferial de Gipuzkoa","url":"https:\/\/www.ficoba.org\/es\/","logo":{"@type":"ImageObject","inLanguage":"es","@id":"https:\/\/www.ficoba.org\/es\/#\/schema\/logo\/image\/","url":"https:\/\/www.ficoba.org\/wp-content\/uploads\/2018\/11\/logo_ficoba.png","contentUrl":"https:\/\/www.ficoba.org\/wp-content\/uploads\/2018\/11\/logo_ficoba.png","width":200,"height":124,"caption":"Ficoba, Reciento Ferial de Gipuzkoa"},"image":{"@id":"https:\/\/www.ficoba.org\/es\/#\/schema\/logo\/image\/"},"sameAs":["https:\/\/www.facebook.com\/FICOBAFUNDAZIOA\/","https:\/\/x.com\/FicobaFundazioa","https:\/\/www.youtube.com\/channel\/UCvo2JGluemyCf5KPRmEF9JQ","https:\/\/www.linkedin.com\/company\/ficoba\/","https:\/\/www.instagram.com\/ficobafundazioa\/"]},{"@type":"Person","@id":"https:\/\/www.ficoba.org\/es\/#\/schema\/person\/8a96a121e5dbd393e6e6b5a7ee7ed407","name":"ficoba","image":{"@type":"ImageObject","inLanguage":"es","@id":"https:\/\/www.ficoba.org\/es\/#\/schema\/person\/image\/","url":"https:\/\/secure.gravatar.com\/avatar\/c90cc0e07f75fecbe4165c1906a4cd61b0179a28caae2205d37516e4fb7c30c1?s=96&d=mm&r=g","contentUrl":"https:\/\/secure.gravatar.com\/avatar\/c90cc0e07f75fecbe4165c1906a4cd61b0179a28caae2205d37516e4fb7c30c1?s=96&d=mm&r=g","caption":"ficoba"}}]}},"_links":{"self":[{"href":"https:\/\/www.ficoba.org\/es\/wp-json\/wp\/v2\/posts\/20262","targetHints":{"allow":["GET"]}}],"collection":[{"href":"https:\/\/www.ficoba.org\/es\/wp-json\/wp\/v2\/posts"}],"about":[{"href":"https:\/\/www.ficoba.org\/es\/wp-json\/wp\/v2\/types\/post"}],"author":[{"embeddable":true,"href":"https:\/\/www.ficoba.org\/es\/wp-json\/wp\/v2\/users\/2"}],"replies":[{"embeddable":true,"href":"https:\/\/www.ficoba.org\/es\/wp-json\/wp\/v2\/comments?post=20262"}],"version-history":[{"count":1,"href":"https:\/\/www.ficoba.org\/es\/wp-json\/wp\/v2\/posts\/20262\/revisions"}],"predecessor-version":[{"id":20271,"href":"https:\/\/www.ficoba.org\/es\/wp-json\/wp\/v2\/posts\/20262\/revisions\/20271"}],"wp:featuredmedia":[{"embeddable":true,"href":"https:\/\/www.ficoba.org\/es\/wp-json\/wp\/v2\/media\/20267"}],"wp:attachment":[{"href":"https:\/\/www.ficoba.org\/es\/wp-json\/wp\/v2\/media?parent=20262"}],"wp:term":[{"taxonomy":"category","embeddable":true,"href":"https:\/\/www.ficoba.org\/es\/wp-json\/wp\/v2\/categories?post=20262"},{"taxonomy":"post_tag","embeddable":true,"href":"https:\/\/www.ficoba.org\/es\/wp-json\/wp\/v2\/tags?post=20262"}],"curies":[{"name":"wp","href":"https:\/\/api.w.org\/{rel}","templated":true}]}}