{"id":19909,"date":"2024-07-29T13:17:27","date_gmt":"2024-07-29T11:17:27","guid":{"rendered":"https:\/\/www.ficoba.org\/?p=19909"},"modified":"2024-07-29T13:17:27","modified_gmt":"2024-07-29T11:17:27","slug":"la-segunda-edicion-de-la-feria-unire-ya-tiene-fecha-18-y-19-de-marzo-de-2025-en-ficoba","status":"publish","type":"post","link":"https:\/\/www.ficoba.org\/es\/la-segunda-edicion-de-la-feria-unire-ya-tiene-fecha-18-y-19-de-marzo-de-2025-en-ficoba\/","title":{"rendered":"La segunda edici\u00f3n de la feria UNIRE ya tiene fecha: 18 y 19 de marzo de 2025 en Ficoba"},"content":{"rendered":"<ul>\n<li><strong>La feria, de car\u00e1cter bienal, ha iniciado la comercializaci\u00f3n para atraer a las principales empresas proveedoras de equipamiento y servicios para la soldadura y uni\u00f3n de materiales.<\/strong><\/li>\n<li><strong>UNIRE es la \u00fanica feria estatal dedicada en exclusiva a la uni\u00f3n de materiales y sus tecnolog\u00edas. <\/strong><\/li>\n<\/ul>\n<p>UNIRE se ha consolidado como la cumbre industrial estatal dedicada exclusivamente a la uni\u00f3n de materiales y sus tecnolog\u00edas. Durante dos d\u00edas (18-19 marzo 2025), el evento ofrecer\u00e1 un espacio para la presentaci\u00f3n de novedades, el establecimiento de redes de contactos y la generaci\u00f3n de nuevas relaciones y acuerdos comerciales.<\/p>\n<p>La comercializaci\u00f3n con empresas expositoras ya ha comenzado y se est\u00e1 desarrollando a buen ritmo. Asimismo, pr\u00f3ximamente se convocar\u00e1 la segunda edici\u00f3n de la competici\u00f3n de soldadura, que tuvo una excelente acogida en su primera edici\u00f3n. Como novedad y atractivo para esta segunda edici\u00f3n, los ganadores de la competici\u00f3n optar\u00e1n a una plaza para el campeonato mundial, que se celebrar\u00e1 en Essen, Alemania. Esta competici\u00f3n, dirigida a estudiantes de soldadura y j\u00f3venes profesionales, est\u00e1 coordinada por CESOL (Asociaci\u00f3n Espa\u00f1ola de Soldadura y Tecnolog\u00edas de Uni\u00f3n).<\/p>\n<p>Asimismo, la organizaci\u00f3n, es decir, Ficoba, junto con su socio colaborador CESOL y el comit\u00e9 t\u00e9cnico, configurar\u00e1n el programa de ponencias y mesas redondas sobre las \u00faltimas tendencias en tecnolog\u00edas de la soldadura y tecnolog\u00edas de uni\u00f3n.<\/p>\n<p><strong>UNIRE en cifras<\/strong><\/p>\n<p>La primera edici\u00f3n de la feria de soldadura y tecnolog\u00edas de uni\u00f3n, celebrada el 8 y 9 de marzo de 2023, reuni\u00f3 a 68 empresas expositoras y 2.000 visitantes profesionales y alcanz\u00f3 un alto grado de satisfacci\u00f3n tanto por parte de las empresas expositoras como de los visitantes profesionales. En las encuestas realizadas, la feria tuvo una calificaci\u00f3n global de un 4,17 sobre 5. Unos excelentes resultados para una primera edici\u00f3n.<\/p>\n<p>Por su parte, las personan participantes quisieron destacar el programa de actividades paralelas con 25 conferencias sectoriales, demostraciones en los stands, un c\u00f3rner de soldadura y la celebraci\u00f3n paralela a la feria de las XXIII Jornadas T\u00e9cnicas de CESOL, que tuvieron lugar del 7 al 9 de marzo en el auditorio de Ficoba.<\/p>\n<p>Sin duda, la I Competici\u00f3n de Soldadura UNIRE fue otro de los atractivos de la feria. Una iniciativa altamente valorada por el sector, que necesita de profesionales altamente formados, los centros educativos y los propios participantes,.<\/p>\n<p><strong>Sobre UNIRE<\/strong><\/p>\n<p>UNIRE es la feria profesional especializada en la cadena de valor de la soldadura y las tecnolog\u00edas de uni\u00f3n multimaterial, desmontables y no desmontables, impulsada por Ficoba en colaboraci\u00f3n con CESOL, Asociaci\u00f3n Espa\u00f1ola de Soldadura y Tecnolog\u00edas de Uni\u00f3n. El objetivo de UNIRE es reunir al ecosistema de empresas que ofrecen y requieren soluciones para la uni\u00f3n de materiales y sus tecnolog\u00edas, promover la generaci\u00f3n de negocio, intercambiar conocimiento y promover el talento de los futuros profesionales.<\/p>\n<p><strong>M\u00e1s informaci\u00f3n: <\/strong><a href=\"http:\/\/www.expounire.org\"><strong>www.expounire.org<\/strong><\/a><\/p>\n<p><strong>\u00a0<\/strong><\/p>\n","protected":false},"excerpt":{"rendered":"<p>La feria, de car\u00e1cter bienal, ha iniciado la comercializaci\u00f3n para atraer a las principales empresas proveedoras de equipamiento y servicios para la soldadura y uni\u00f3n de materiales. UNIRE es la [&hellip;]<\/p>\n","protected":false},"author":2,"featured_media":19958,"comment_status":"closed","ping_status":"closed","sticky":false,"template":"","format":"standard","meta":{"_et_pb_use_builder":"","_et_pb_old_content":"","_et_gb_content_width":"","footnotes":""},"categories":[3],"tags":[418,231,228,229,417],"class_list":["post-19909","post","type-post","status-publish","format-standard","has-post-thumbnail","hentry","category-eventos-y-ferias","tag-campeonato-de-soldadura","tag-cesol","tag-soldadura","tag-tecnologias-de-union","tag-union-de-materiales"],"yoast_head":"<!-- This site is optimized with the Yoast SEO plugin v26.8 - https:\/\/yoast.com\/product\/yoast-seo-wordpress\/ -->\n<title>La segunda edici\u00f3n de la feria UNIRE ya tiene fecha: 18 y 19 de marzo de 2025 en Ficoba - Ficoba<\/title>\n<meta name=\"robots\" content=\"index, follow, max-snippet:-1, max-image-preview:large, max-video-preview:-1\" \/>\n<link rel=\"canonical\" href=\"https:\/\/www.ficoba.org\/es\/la-segunda-edicion-de-la-feria-unire-ya-tiene-fecha-18-y-19-de-marzo-de-2025-en-ficoba\/\" \/>\n<meta name=\"twitter:label1\" content=\"Escrito por\" \/>\n\t<meta name=\"twitter:data1\" content=\"ficoba\" \/>\n\t<meta name=\"twitter:label2\" content=\"Tiempo de lectura\" \/>\n\t<meta name=\"twitter:data2\" content=\"3 minutos\" \/>\n<script type=\"application\/ld+json\" class=\"yoast-schema-graph\">{\"@context\":\"https:\/\/schema.org\",\"@graph\":[{\"@type\":\"Article\",\"@id\":\"https:\/\/www.ficoba.org\/es\/la-segunda-edicion-de-la-feria-unire-ya-tiene-fecha-18-y-19-de-marzo-de-2025-en-ficoba\/#article\",\"isPartOf\":{\"@id\":\"https:\/\/www.ficoba.org\/es\/la-segunda-edicion-de-la-feria-unire-ya-tiene-fecha-18-y-19-de-marzo-de-2025-en-ficoba\/\"},\"author\":{\"name\":\"ficoba\",\"@id\":\"https:\/\/www.ficoba.org\/es\/#\/schema\/person\/8a96a121e5dbd393e6e6b5a7ee7ed407\"},\"headline\":\"La segunda edici\u00f3n de la feria UNIRE ya tiene fecha: 18 y 19 de marzo de 2025 en Ficoba\",\"datePublished\":\"2024-07-29T11:17:27+00:00\",\"mainEntityOfPage\":{\"@id\":\"https:\/\/www.ficoba.org\/es\/la-segunda-edicion-de-la-feria-unire-ya-tiene-fecha-18-y-19-de-marzo-de-2025-en-ficoba\/\"},\"wordCount\":521,\"publisher\":{\"@id\":\"https:\/\/www.ficoba.org\/es\/#organization\"},\"image\":{\"@id\":\"https:\/\/www.ficoba.org\/es\/la-segunda-edicion-de-la-feria-unire-ya-tiene-fecha-18-y-19-de-marzo-de-2025-en-ficoba\/#primaryimage\"},\"thumbnailUrl\":\"https:\/\/www.ficoba.org\/wp-content\/uploads\/2024\/07\/Unire-13.jpg\",\"keywords\":[\"campeonato de soldadura\",\"CESOL\",\"soldadura\",\"tecnolog\u00edas de uni\u00f3n\",\"uni\u00f3n de materiales\"],\"articleSection\":[\"Eventos y ferias\"],\"inLanguage\":\"es\"},{\"@type\":\"WebPage\",\"@id\":\"https:\/\/www.ficoba.org\/es\/la-segunda-edicion-de-la-feria-unire-ya-tiene-fecha-18-y-19-de-marzo-de-2025-en-ficoba\/\",\"url\":\"https:\/\/www.ficoba.org\/es\/la-segunda-edicion-de-la-feria-unire-ya-tiene-fecha-18-y-19-de-marzo-de-2025-en-ficoba\/\",\"name\":\"La segunda edici\u00f3n de la feria UNIRE ya tiene fecha: 18 y 19 de marzo de 2025 en Ficoba - Ficoba\",\"isPartOf\":{\"@id\":\"https:\/\/www.ficoba.org\/es\/#website\"},\"primaryImageOfPage\":{\"@id\":\"https:\/\/www.ficoba.org\/es\/la-segunda-edicion-de-la-feria-unire-ya-tiene-fecha-18-y-19-de-marzo-de-2025-en-ficoba\/#primaryimage\"},\"image\":{\"@id\":\"https:\/\/www.ficoba.org\/es\/la-segunda-edicion-de-la-feria-unire-ya-tiene-fecha-18-y-19-de-marzo-de-2025-en-ficoba\/#primaryimage\"},\"thumbnailUrl\":\"https:\/\/www.ficoba.org\/wp-content\/uploads\/2024\/07\/Unire-13.jpg\",\"datePublished\":\"2024-07-29T11:17:27+00:00\",\"breadcrumb\":{\"@id\":\"https:\/\/www.ficoba.org\/es\/la-segunda-edicion-de-la-feria-unire-ya-tiene-fecha-18-y-19-de-marzo-de-2025-en-ficoba\/#breadcrumb\"},\"inLanguage\":\"es\",\"potentialAction\":[{\"@type\":\"ReadAction\",\"target\":[\"https:\/\/www.ficoba.org\/es\/la-segunda-edicion-de-la-feria-unire-ya-tiene-fecha-18-y-19-de-marzo-de-2025-en-ficoba\/\"]}]},{\"@type\":\"ImageObject\",\"inLanguage\":\"es\",\"@id\":\"https:\/\/www.ficoba.org\/es\/la-segunda-edicion-de-la-feria-unire-ya-tiene-fecha-18-y-19-de-marzo-de-2025-en-ficoba\/#primaryimage\",\"url\":\"https:\/\/www.ficoba.org\/wp-content\/uploads\/2024\/07\/Unire-13.jpg\",\"contentUrl\":\"https:\/\/www.ficoba.org\/wp-content\/uploads\/2024\/07\/Unire-13.jpg\",\"width\":1024,\"height\":683},{\"@type\":\"BreadcrumbList\",\"@id\":\"https:\/\/www.ficoba.org\/es\/la-segunda-edicion-de-la-feria-unire-ya-tiene-fecha-18-y-19-de-marzo-de-2025-en-ficoba\/#breadcrumb\",\"itemListElement\":[{\"@type\":\"ListItem\",\"position\":1,\"name\":\"Portada\",\"item\":\"https:\/\/www.ficoba.org\/es\/\"},{\"@type\":\"ListItem\",\"position\":2,\"name\":\"La segunda edici\u00f3n de la feria UNIRE ya tiene fecha: 18 y 19 de marzo de 2025 en Ficoba\"}]},{\"@type\":\"WebSite\",\"@id\":\"https:\/\/www.ficoba.org\/es\/#website\",\"url\":\"https:\/\/www.ficoba.org\/es\/\",\"name\":\"Ficoba, Recinto Ferial de Gipuzkoa\",\"description\":\"Ficoba, recinto ferial de Gipuzkoa\",\"publisher\":{\"@id\":\"https:\/\/www.ficoba.org\/es\/#organization\"},\"alternateName\":\"Ficoba\",\"potentialAction\":[{\"@type\":\"SearchAction\",\"target\":{\"@type\":\"EntryPoint\",\"urlTemplate\":\"https:\/\/www.ficoba.org\/es\/?s={search_term_string}\"},\"query-input\":{\"@type\":\"PropertyValueSpecification\",\"valueRequired\":true,\"valueName\":\"search_term_string\"}}],\"inLanguage\":\"es\"},{\"@type\":\"Organization\",\"@id\":\"https:\/\/www.ficoba.org\/es\/#organization\",\"name\":\"Ficoba, Reciento Ferial de Gipuzkoa\",\"url\":\"https:\/\/www.ficoba.org\/es\/\",\"logo\":{\"@type\":\"ImageObject\",\"inLanguage\":\"es\",\"@id\":\"https:\/\/www.ficoba.org\/es\/#\/schema\/logo\/image\/\",\"url\":\"https:\/\/www.ficoba.org\/wp-content\/uploads\/2018\/11\/logo_ficoba.png\",\"contentUrl\":\"https:\/\/www.ficoba.org\/wp-content\/uploads\/2018\/11\/logo_ficoba.png\",\"width\":200,\"height\":124,\"caption\":\"Ficoba, Reciento Ferial de Gipuzkoa\"},\"image\":{\"@id\":\"https:\/\/www.ficoba.org\/es\/#\/schema\/logo\/image\/\"},\"sameAs\":[\"https:\/\/www.facebook.com\/FICOBAFUNDAZIOA\/\",\"https:\/\/x.com\/FicobaFundazioa\",\"https:\/\/www.youtube.com\/channel\/UCvo2JGluemyCf5KPRmEF9JQ\",\"https:\/\/www.linkedin.com\/company\/ficoba\/\",\"https:\/\/www.instagram.com\/ficobafundazioa\/\"]},{\"@type\":\"Person\",\"@id\":\"https:\/\/www.ficoba.org\/es\/#\/schema\/person\/8a96a121e5dbd393e6e6b5a7ee7ed407\",\"name\":\"ficoba\",\"image\":{\"@type\":\"ImageObject\",\"inLanguage\":\"es\",\"@id\":\"https:\/\/www.ficoba.org\/es\/#\/schema\/person\/image\/\",\"url\":\"https:\/\/secure.gravatar.com\/avatar\/c90cc0e07f75fecbe4165c1906a4cd61b0179a28caae2205d37516e4fb7c30c1?s=96&d=mm&r=g\",\"contentUrl\":\"https:\/\/secure.gravatar.com\/avatar\/c90cc0e07f75fecbe4165c1906a4cd61b0179a28caae2205d37516e4fb7c30c1?s=96&d=mm&r=g\",\"caption\":\"ficoba\"}}]}<\/script>\n<!-- \/ Yoast SEO plugin. -->","yoast_head_json":{"title":"La segunda edici\u00f3n de la feria UNIRE ya tiene fecha: 18 y 19 de marzo de 2025 en Ficoba - Ficoba","robots":{"index":"index","follow":"follow","max-snippet":"max-snippet:-1","max-image-preview":"max-image-preview:large","max-video-preview":"max-video-preview:-1"},"canonical":"https:\/\/www.ficoba.org\/es\/la-segunda-edicion-de-la-feria-unire-ya-tiene-fecha-18-y-19-de-marzo-de-2025-en-ficoba\/","twitter_misc":{"Escrito por":"ficoba","Tiempo de lectura":"3 minutos"},"schema":{"@context":"https:\/\/schema.org","@graph":[{"@type":"Article","@id":"https:\/\/www.ficoba.org\/es\/la-segunda-edicion-de-la-feria-unire-ya-tiene-fecha-18-y-19-de-marzo-de-2025-en-ficoba\/#article","isPartOf":{"@id":"https:\/\/www.ficoba.org\/es\/la-segunda-edicion-de-la-feria-unire-ya-tiene-fecha-18-y-19-de-marzo-de-2025-en-ficoba\/"},"author":{"name":"ficoba","@id":"https:\/\/www.ficoba.org\/es\/#\/schema\/person\/8a96a121e5dbd393e6e6b5a7ee7ed407"},"headline":"La segunda edici\u00f3n de la feria UNIRE ya tiene fecha: 18 y 19 de marzo de 2025 en Ficoba","datePublished":"2024-07-29T11:17:27+00:00","mainEntityOfPage":{"@id":"https:\/\/www.ficoba.org\/es\/la-segunda-edicion-de-la-feria-unire-ya-tiene-fecha-18-y-19-de-marzo-de-2025-en-ficoba\/"},"wordCount":521,"publisher":{"@id":"https:\/\/www.ficoba.org\/es\/#organization"},"image":{"@id":"https:\/\/www.ficoba.org\/es\/la-segunda-edicion-de-la-feria-unire-ya-tiene-fecha-18-y-19-de-marzo-de-2025-en-ficoba\/#primaryimage"},"thumbnailUrl":"https:\/\/www.ficoba.org\/wp-content\/uploads\/2024\/07\/Unire-13.jpg","keywords":["campeonato de soldadura","CESOL","soldadura","tecnolog\u00edas de uni\u00f3n","uni\u00f3n de materiales"],"articleSection":["Eventos y ferias"],"inLanguage":"es"},{"@type":"WebPage","@id":"https:\/\/www.ficoba.org\/es\/la-segunda-edicion-de-la-feria-unire-ya-tiene-fecha-18-y-19-de-marzo-de-2025-en-ficoba\/","url":"https:\/\/www.ficoba.org\/es\/la-segunda-edicion-de-la-feria-unire-ya-tiene-fecha-18-y-19-de-marzo-de-2025-en-ficoba\/","name":"La segunda edici\u00f3n de la feria UNIRE ya tiene fecha: 18 y 19 de marzo de 2025 en Ficoba - Ficoba","isPartOf":{"@id":"https:\/\/www.ficoba.org\/es\/#website"},"primaryImageOfPage":{"@id":"https:\/\/www.ficoba.org\/es\/la-segunda-edicion-de-la-feria-unire-ya-tiene-fecha-18-y-19-de-marzo-de-2025-en-ficoba\/#primaryimage"},"image":{"@id":"https:\/\/www.ficoba.org\/es\/la-segunda-edicion-de-la-feria-unire-ya-tiene-fecha-18-y-19-de-marzo-de-2025-en-ficoba\/#primaryimage"},"thumbnailUrl":"https:\/\/www.ficoba.org\/wp-content\/uploads\/2024\/07\/Unire-13.jpg","datePublished":"2024-07-29T11:17:27+00:00","breadcrumb":{"@id":"https:\/\/www.ficoba.org\/es\/la-segunda-edicion-de-la-feria-unire-ya-tiene-fecha-18-y-19-de-marzo-de-2025-en-ficoba\/#breadcrumb"},"inLanguage":"es","potentialAction":[{"@type":"ReadAction","target":["https:\/\/www.ficoba.org\/es\/la-segunda-edicion-de-la-feria-unire-ya-tiene-fecha-18-y-19-de-marzo-de-2025-en-ficoba\/"]}]},{"@type":"ImageObject","inLanguage":"es","@id":"https:\/\/www.ficoba.org\/es\/la-segunda-edicion-de-la-feria-unire-ya-tiene-fecha-18-y-19-de-marzo-de-2025-en-ficoba\/#primaryimage","url":"https:\/\/www.ficoba.org\/wp-content\/uploads\/2024\/07\/Unire-13.jpg","contentUrl":"https:\/\/www.ficoba.org\/wp-content\/uploads\/2024\/07\/Unire-13.jpg","width":1024,"height":683},{"@type":"BreadcrumbList","@id":"https:\/\/www.ficoba.org\/es\/la-segunda-edicion-de-la-feria-unire-ya-tiene-fecha-18-y-19-de-marzo-de-2025-en-ficoba\/#breadcrumb","itemListElement":[{"@type":"ListItem","position":1,"name":"Portada","item":"https:\/\/www.ficoba.org\/es\/"},{"@type":"ListItem","position":2,"name":"La segunda edici\u00f3n de la feria UNIRE ya tiene fecha: 18 y 19 de marzo de 2025 en Ficoba"}]},{"@type":"WebSite","@id":"https:\/\/www.ficoba.org\/es\/#website","url":"https:\/\/www.ficoba.org\/es\/","name":"Ficoba, Recinto Ferial de Gipuzkoa","description":"Ficoba, recinto ferial de Gipuzkoa","publisher":{"@id":"https:\/\/www.ficoba.org\/es\/#organization"},"alternateName":"Ficoba","potentialAction":[{"@type":"SearchAction","target":{"@type":"EntryPoint","urlTemplate":"https:\/\/www.ficoba.org\/es\/?s={search_term_string}"},"query-input":{"@type":"PropertyValueSpecification","valueRequired":true,"valueName":"search_term_string"}}],"inLanguage":"es"},{"@type":"Organization","@id":"https:\/\/www.ficoba.org\/es\/#organization","name":"Ficoba, Reciento Ferial de Gipuzkoa","url":"https:\/\/www.ficoba.org\/es\/","logo":{"@type":"ImageObject","inLanguage":"es","@id":"https:\/\/www.ficoba.org\/es\/#\/schema\/logo\/image\/","url":"https:\/\/www.ficoba.org\/wp-content\/uploads\/2018\/11\/logo_ficoba.png","contentUrl":"https:\/\/www.ficoba.org\/wp-content\/uploads\/2018\/11\/logo_ficoba.png","width":200,"height":124,"caption":"Ficoba, Reciento Ferial de Gipuzkoa"},"image":{"@id":"https:\/\/www.ficoba.org\/es\/#\/schema\/logo\/image\/"},"sameAs":["https:\/\/www.facebook.com\/FICOBAFUNDAZIOA\/","https:\/\/x.com\/FicobaFundazioa","https:\/\/www.youtube.com\/channel\/UCvo2JGluemyCf5KPRmEF9JQ","https:\/\/www.linkedin.com\/company\/ficoba\/","https:\/\/www.instagram.com\/ficobafundazioa\/"]},{"@type":"Person","@id":"https:\/\/www.ficoba.org\/es\/#\/schema\/person\/8a96a121e5dbd393e6e6b5a7ee7ed407","name":"ficoba","image":{"@type":"ImageObject","inLanguage":"es","@id":"https:\/\/www.ficoba.org\/es\/#\/schema\/person\/image\/","url":"https:\/\/secure.gravatar.com\/avatar\/c90cc0e07f75fecbe4165c1906a4cd61b0179a28caae2205d37516e4fb7c30c1?s=96&d=mm&r=g","contentUrl":"https:\/\/secure.gravatar.com\/avatar\/c90cc0e07f75fecbe4165c1906a4cd61b0179a28caae2205d37516e4fb7c30c1?s=96&d=mm&r=g","caption":"ficoba"}}]}},"_links":{"self":[{"href":"https:\/\/www.ficoba.org\/es\/wp-json\/wp\/v2\/posts\/19909","targetHints":{"allow":["GET"]}}],"collection":[{"href":"https:\/\/www.ficoba.org\/es\/wp-json\/wp\/v2\/posts"}],"about":[{"href":"https:\/\/www.ficoba.org\/es\/wp-json\/wp\/v2\/types\/post"}],"author":[{"embeddable":true,"href":"https:\/\/www.ficoba.org\/es\/wp-json\/wp\/v2\/users\/2"}],"replies":[{"embeddable":true,"href":"https:\/\/www.ficoba.org\/es\/wp-json\/wp\/v2\/comments?post=19909"}],"version-history":[{"count":1,"href":"https:\/\/www.ficoba.org\/es\/wp-json\/wp\/v2\/posts\/19909\/revisions"}],"predecessor-version":[{"id":19962,"href":"https:\/\/www.ficoba.org\/es\/wp-json\/wp\/v2\/posts\/19909\/revisions\/19962"}],"wp:featuredmedia":[{"embeddable":true,"href":"https:\/\/www.ficoba.org\/es\/wp-json\/wp\/v2\/media\/19958"}],"wp:attachment":[{"href":"https:\/\/www.ficoba.org\/es\/wp-json\/wp\/v2\/media?parent=19909"}],"wp:term":[{"taxonomy":"category","embeddable":true,"href":"https:\/\/www.ficoba.org\/es\/wp-json\/wp\/v2\/categories?post=19909"},{"taxonomy":"post_tag","embeddable":true,"href":"https:\/\/www.ficoba.org\/es\/wp-json\/wp\/v2\/tags?post=19909"}],"curies":[{"name":"wp","href":"https:\/\/api.w.org\/{rel}","templated":true}]}}