{"id":19169,"date":"2024-04-19T12:59:56","date_gmt":"2024-04-19T10:59:56","guid":{"rendered":"https:\/\/www.ficoba.org\/?p=19169"},"modified":"2024-04-19T12:59:56","modified_gmt":"2024-04-19T10:59:56","slug":"mubil-mobility-expo-se-suma-al-dinamismo-del-sector-y-cierra-su-cuarta-edicion-consolidada-como-una-de-las-principales-citas-profesionales-de-la-movilidad-sostenible","status":"publish","type":"post","link":"https:\/\/www.ficoba.org\/es\/mubil-mobility-expo-se-suma-al-dinamismo-del-sector-y-cierra-su-cuarta-edicion-consolidada-como-una-de-las-principales-citas-profesionales-de-la-movilidad-sostenible\/","title":{"rendered":"MUBIl Mobility Expo se suma al dinamismo del sector y cierra su cuarta edici\u00f3n consolidada como una de las principales citas profesionales de la movilidad sostenible"},"content":{"rendered":"<p><em>(Donostia-San Sebasti\u00e1n, 19 de abril de 2024).<\/em> Todos los par\u00e1metros confirman que MUBIL Mobility Expo se ha convertido en un escaparate de primer nivel para el amplio ecosistema de la movilidad sostenible. A la presencia de 105 empresas expositoras, se ha sumado la participaci\u00f3n de 2.000 personas.<\/p>\n<p>Las empresas expositoras han resaltado la \u2018calidad\u2019 de los visitantes, ya sea por su capacidad de compra, potenciales sinergias o capacidad para entablar relaciones comerciales.<\/p>\n<p>Por su parte, los visitantes han destacado la variedad y calidad de las propuestas expositoras. Una percepci\u00f3n que refrenda el dato del incremento del tiempo medio que los visitantes han dedicado a su visita a MUBIL Mobility Expo.<\/p>\n<p>En definitiva, los visitantes han podido conocer de forma presencial y en primera persona c\u00f3mo est\u00e1 evolucionando la cadena de valor de la movilidad sostenible y cu\u00e1les son las tendencias que marcar\u00e1n la evoluci\u00f3n del sector en los pr\u00f3ximos a\u00f1os.<\/p>\n<p>En este sentido, tambi\u00e9n cabe resaltar la buena acogida que han tenido por parte de empresas expositoras y de visitantes las mesas redondas y <em>fast interviews<\/em> que se han desarrollado en la Conference\u00a0 Area en torno a temas de actualidad relacionados con la evoluci\u00f3n de la movilidad sostenible como las bater\u00edas, la infraestructura de recarga, el transporte multimodal, el veh\u00edculo aut\u00f3nomo, los servicios e infraestructuras inteligentes para una movilidad sostenible, la movilidad compartida o el hidr\u00f3geno.<\/p>\n<p>Como ha se\u00f1alado Igor Villarreal, director de MUBIL, entidad impulsora de la feria, \u201cCreo que podemos afirmar sin temor a ser triunfalistas que esta ha sido la mejor edici\u00f3n de MUBIL Mobility Expo. Yo la calificar\u00eda de \u00e9xito. As\u00ed nos lo indican los datos y las conversaciones que hemos mantenido con empresas expositoras y visitantes en los dos d\u00edas de feria. Se han hecho relaciones comerciales y ha habido ocasi\u00f3n para compartir conocimientos y experiencias en torno a un sector en pleno desarrollo como el de la movilidad sostenible\u201d.<\/p>\n<p>El \u00edndice de satisfacci\u00f3n mostrado por empresas y visitantes corroboran estas afirmaciones. Los resultados de las encuestas realizadas se\u00f1alan que cerca del 82% de empresas encuestadas participar\u00edan en la pr\u00f3xima edici\u00f3n de MUBil Mobility Expo.<\/p>\n<p><strong>Sobre MUBIL Mobility Expo<\/strong><\/p>\n<p>MUBIL Mobility Expo, la feria profesional de la industria de la movilidad sostenible en el sur de Europa, es una cita impulsada por MUBIL, hub de movilidad inteligente y sostenible de Euskadi, que se cre\u00f3 dentro de la iniciativa Etorkizuna Eraikiz de la Diputaci\u00f3n Foral de Gipuzkoa y cuenta con el apoyo del Gobierno Vasco y el EVE (Ente Vasco de la Energ\u00eda), con el objeto de reforzar las capacidades existentes en este sector, impulsar su desarrollo y reforzar la competitividad y posicionamiento internacional del tejido empresarial en esta materia.<\/p>\n<p>MUBIL Mobility Expo es el punto de encuentro profesional de la cadena de valor de la movilidad sostenible entendida como limpia, accesible, segura y conectada. Un espacio en el que se dan cita los principales actores p\u00fablicos y privados y donde las necesidades del presente y los retos futuros de la movilidad sostenible encuentran sus soluciones industriales y digitales.<\/p>\n","protected":false},"excerpt":{"rendered":"<p>(Donostia-San Sebasti\u00e1n, 19 de abril de 2024). Todos los par\u00e1metros confirman que MUBIL Mobility Expo se ha convertido en un escaparate de primer nivel para el amplio ecosistema de la [&hellip;]<\/p>\n","protected":false},"author":2,"featured_media":19159,"comment_status":"closed","ping_status":"closed","sticky":false,"template":"","format":"standard","meta":{"_et_pb_use_builder":"","_et_pb_old_content":"","_et_gb_content_width":"","footnotes":""},"categories":[3],"tags":[393,238,68],"class_list":["post-19169","post","type-post","status-publish","format-standard","has-post-thumbnail","hentry","category-eventos-y-ferias","tag-moviklidad-sostenible","tag-movilidad-electrica","tag-sostenibilidad"],"yoast_head":"<!-- This site is optimized with the Yoast SEO plugin v26.8 - https:\/\/yoast.com\/product\/yoast-seo-wordpress\/ -->\n<title>MUBIl Mobility Expo se suma al dinamismo del sector y cierra su cuarta edici\u00f3n consolidada como una de las principales citas profesionales de la movilidad sostenible - Ficoba<\/title>\n<meta name=\"robots\" content=\"index, follow, max-snippet:-1, max-image-preview:large, max-video-preview:-1\" \/>\n<link rel=\"canonical\" href=\"https:\/\/www.ficoba.org\/es\/mubil-mobility-expo-se-suma-al-dinamismo-del-sector-y-cierra-su-cuarta-edicion-consolidada-como-una-de-las-principales-citas-profesionales-de-la-movilidad-sostenible\/\" \/>\n<meta name=\"twitter:label1\" content=\"Escrito por\" \/>\n\t<meta name=\"twitter:data1\" content=\"ficoba\" \/>\n\t<meta name=\"twitter:label2\" content=\"Tiempo de lectura\" \/>\n\t<meta name=\"twitter:data2\" content=\"3 minutos\" \/>\n<script type=\"application\/ld+json\" class=\"yoast-schema-graph\">{\"@context\":\"https:\/\/schema.org\",\"@graph\":[{\"@type\":\"Article\",\"@id\":\"https:\/\/www.ficoba.org\/es\/mubil-mobility-expo-se-suma-al-dinamismo-del-sector-y-cierra-su-cuarta-edicion-consolidada-como-una-de-las-principales-citas-profesionales-de-la-movilidad-sostenible\/#article\",\"isPartOf\":{\"@id\":\"https:\/\/www.ficoba.org\/es\/mubil-mobility-expo-se-suma-al-dinamismo-del-sector-y-cierra-su-cuarta-edicion-consolidada-como-una-de-las-principales-citas-profesionales-de-la-movilidad-sostenible\/\"},\"author\":{\"name\":\"ficoba\",\"@id\":\"https:\/\/www.ficoba.org\/es\/#\/schema\/person\/8a96a121e5dbd393e6e6b5a7ee7ed407\"},\"headline\":\"MUBIl Mobility Expo se suma al dinamismo del sector y cierra su cuarta edici\u00f3n consolidada como una de las principales citas profesionales de la movilidad sostenible\",\"datePublished\":\"2024-04-19T10:59:56+00:00\",\"mainEntityOfPage\":{\"@id\":\"https:\/\/www.ficoba.org\/es\/mubil-mobility-expo-se-suma-al-dinamismo-del-sector-y-cierra-su-cuarta-edicion-consolidada-como-una-de-las-principales-citas-profesionales-de-la-movilidad-sostenible\/\"},\"wordCount\":554,\"publisher\":{\"@id\":\"https:\/\/www.ficoba.org\/es\/#organization\"},\"image\":{\"@id\":\"https:\/\/www.ficoba.org\/es\/mubil-mobility-expo-se-suma-al-dinamismo-del-sector-y-cierra-su-cuarta-edicion-consolidada-como-una-de-las-principales-citas-profesionales-de-la-movilidad-sostenible\/#primaryimage\"},\"thumbnailUrl\":\"https:\/\/www.ficoba.org\/wp-content\/uploads\/2024\/04\/MME-2-scaled.jpg\",\"keywords\":[\"Moviklidad sostenible\",\"movilidad el\u00e9ctrica\",\"sostenibilidad\"],\"articleSection\":[\"Eventos y ferias\"],\"inLanguage\":\"es\"},{\"@type\":\"WebPage\",\"@id\":\"https:\/\/www.ficoba.org\/es\/mubil-mobility-expo-se-suma-al-dinamismo-del-sector-y-cierra-su-cuarta-edicion-consolidada-como-una-de-las-principales-citas-profesionales-de-la-movilidad-sostenible\/\",\"url\":\"https:\/\/www.ficoba.org\/es\/mubil-mobility-expo-se-suma-al-dinamismo-del-sector-y-cierra-su-cuarta-edicion-consolidada-como-una-de-las-principales-citas-profesionales-de-la-movilidad-sostenible\/\",\"name\":\"MUBIl Mobility Expo se suma al dinamismo del sector y cierra su cuarta edici\u00f3n consolidada como una de las principales citas profesionales de la movilidad sostenible - Ficoba\",\"isPartOf\":{\"@id\":\"https:\/\/www.ficoba.org\/es\/#website\"},\"primaryImageOfPage\":{\"@id\":\"https:\/\/www.ficoba.org\/es\/mubil-mobility-expo-se-suma-al-dinamismo-del-sector-y-cierra-su-cuarta-edicion-consolidada-como-una-de-las-principales-citas-profesionales-de-la-movilidad-sostenible\/#primaryimage\"},\"image\":{\"@id\":\"https:\/\/www.ficoba.org\/es\/mubil-mobility-expo-se-suma-al-dinamismo-del-sector-y-cierra-su-cuarta-edicion-consolidada-como-una-de-las-principales-citas-profesionales-de-la-movilidad-sostenible\/#primaryimage\"},\"thumbnailUrl\":\"https:\/\/www.ficoba.org\/wp-content\/uploads\/2024\/04\/MME-2-scaled.jpg\",\"datePublished\":\"2024-04-19T10:59:56+00:00\",\"breadcrumb\":{\"@id\":\"https:\/\/www.ficoba.org\/es\/mubil-mobility-expo-se-suma-al-dinamismo-del-sector-y-cierra-su-cuarta-edicion-consolidada-como-una-de-las-principales-citas-profesionales-de-la-movilidad-sostenible\/#breadcrumb\"},\"inLanguage\":\"es\",\"potentialAction\":[{\"@type\":\"ReadAction\",\"target\":[\"https:\/\/www.ficoba.org\/es\/mubil-mobility-expo-se-suma-al-dinamismo-del-sector-y-cierra-su-cuarta-edicion-consolidada-como-una-de-las-principales-citas-profesionales-de-la-movilidad-sostenible\/\"]}]},{\"@type\":\"ImageObject\",\"inLanguage\":\"es\",\"@id\":\"https:\/\/www.ficoba.org\/es\/mubil-mobility-expo-se-suma-al-dinamismo-del-sector-y-cierra-su-cuarta-edicion-consolidada-como-una-de-las-principales-citas-profesionales-de-la-movilidad-sostenible\/#primaryimage\",\"url\":\"https:\/\/www.ficoba.org\/wp-content\/uploads\/2024\/04\/MME-2-scaled.jpg\",\"contentUrl\":\"https:\/\/www.ficoba.org\/wp-content\/uploads\/2024\/04\/MME-2-scaled.jpg\",\"width\":2560,\"height\":1707},{\"@type\":\"BreadcrumbList\",\"@id\":\"https:\/\/www.ficoba.org\/es\/mubil-mobility-expo-se-suma-al-dinamismo-del-sector-y-cierra-su-cuarta-edicion-consolidada-como-una-de-las-principales-citas-profesionales-de-la-movilidad-sostenible\/#breadcrumb\",\"itemListElement\":[{\"@type\":\"ListItem\",\"position\":1,\"name\":\"Portada\",\"item\":\"https:\/\/www.ficoba.org\/es\/\"},{\"@type\":\"ListItem\",\"position\":2,\"name\":\"MUBIl Mobility Expo se suma al dinamismo del sector y cierra su cuarta edici\u00f3n consolidada como una de las principales citas profesionales de la movilidad sostenible\"}]},{\"@type\":\"WebSite\",\"@id\":\"https:\/\/www.ficoba.org\/es\/#website\",\"url\":\"https:\/\/www.ficoba.org\/es\/\",\"name\":\"Ficoba, Recinto Ferial de Gipuzkoa\",\"description\":\"Ficoba, recinto ferial de Gipuzkoa\",\"publisher\":{\"@id\":\"https:\/\/www.ficoba.org\/es\/#organization\"},\"alternateName\":\"Ficoba\",\"potentialAction\":[{\"@type\":\"SearchAction\",\"target\":{\"@type\":\"EntryPoint\",\"urlTemplate\":\"https:\/\/www.ficoba.org\/es\/?s={search_term_string}\"},\"query-input\":{\"@type\":\"PropertyValueSpecification\",\"valueRequired\":true,\"valueName\":\"search_term_string\"}}],\"inLanguage\":\"es\"},{\"@type\":\"Organization\",\"@id\":\"https:\/\/www.ficoba.org\/es\/#organization\",\"name\":\"Ficoba, Reciento Ferial de Gipuzkoa\",\"url\":\"https:\/\/www.ficoba.org\/es\/\",\"logo\":{\"@type\":\"ImageObject\",\"inLanguage\":\"es\",\"@id\":\"https:\/\/www.ficoba.org\/es\/#\/schema\/logo\/image\/\",\"url\":\"https:\/\/www.ficoba.org\/wp-content\/uploads\/2018\/11\/logo_ficoba.png\",\"contentUrl\":\"https:\/\/www.ficoba.org\/wp-content\/uploads\/2018\/11\/logo_ficoba.png\",\"width\":200,\"height\":124,\"caption\":\"Ficoba, Reciento Ferial de Gipuzkoa\"},\"image\":{\"@id\":\"https:\/\/www.ficoba.org\/es\/#\/schema\/logo\/image\/\"},\"sameAs\":[\"https:\/\/www.facebook.com\/FICOBAFUNDAZIOA\/\",\"https:\/\/x.com\/FicobaFundazioa\",\"https:\/\/www.youtube.com\/channel\/UCvo2JGluemyCf5KPRmEF9JQ\",\"https:\/\/www.linkedin.com\/company\/ficoba\/\",\"https:\/\/www.instagram.com\/ficobafundazioa\/\"]},{\"@type\":\"Person\",\"@id\":\"https:\/\/www.ficoba.org\/es\/#\/schema\/person\/8a96a121e5dbd393e6e6b5a7ee7ed407\",\"name\":\"ficoba\",\"image\":{\"@type\":\"ImageObject\",\"inLanguage\":\"es\",\"@id\":\"https:\/\/www.ficoba.org\/es\/#\/schema\/person\/image\/\",\"url\":\"https:\/\/secure.gravatar.com\/avatar\/c90cc0e07f75fecbe4165c1906a4cd61b0179a28caae2205d37516e4fb7c30c1?s=96&d=mm&r=g\",\"contentUrl\":\"https:\/\/secure.gravatar.com\/avatar\/c90cc0e07f75fecbe4165c1906a4cd61b0179a28caae2205d37516e4fb7c30c1?s=96&d=mm&r=g\",\"caption\":\"ficoba\"}}]}<\/script>\n<!-- \/ Yoast SEO plugin. -->","yoast_head_json":{"title":"MUBIl Mobility Expo se suma al dinamismo del sector y cierra su cuarta edici\u00f3n consolidada como una de las principales citas profesionales de la movilidad sostenible - Ficoba","robots":{"index":"index","follow":"follow","max-snippet":"max-snippet:-1","max-image-preview":"max-image-preview:large","max-video-preview":"max-video-preview:-1"},"canonical":"https:\/\/www.ficoba.org\/es\/mubil-mobility-expo-se-suma-al-dinamismo-del-sector-y-cierra-su-cuarta-edicion-consolidada-como-una-de-las-principales-citas-profesionales-de-la-movilidad-sostenible\/","twitter_misc":{"Escrito por":"ficoba","Tiempo de lectura":"3 minutos"},"schema":{"@context":"https:\/\/schema.org","@graph":[{"@type":"Article","@id":"https:\/\/www.ficoba.org\/es\/mubil-mobility-expo-se-suma-al-dinamismo-del-sector-y-cierra-su-cuarta-edicion-consolidada-como-una-de-las-principales-citas-profesionales-de-la-movilidad-sostenible\/#article","isPartOf":{"@id":"https:\/\/www.ficoba.org\/es\/mubil-mobility-expo-se-suma-al-dinamismo-del-sector-y-cierra-su-cuarta-edicion-consolidada-como-una-de-las-principales-citas-profesionales-de-la-movilidad-sostenible\/"},"author":{"name":"ficoba","@id":"https:\/\/www.ficoba.org\/es\/#\/schema\/person\/8a96a121e5dbd393e6e6b5a7ee7ed407"},"headline":"MUBIl Mobility Expo se suma al dinamismo del sector y cierra su cuarta edici\u00f3n consolidada como una de las principales citas profesionales de la movilidad sostenible","datePublished":"2024-04-19T10:59:56+00:00","mainEntityOfPage":{"@id":"https:\/\/www.ficoba.org\/es\/mubil-mobility-expo-se-suma-al-dinamismo-del-sector-y-cierra-su-cuarta-edicion-consolidada-como-una-de-las-principales-citas-profesionales-de-la-movilidad-sostenible\/"},"wordCount":554,"publisher":{"@id":"https:\/\/www.ficoba.org\/es\/#organization"},"image":{"@id":"https:\/\/www.ficoba.org\/es\/mubil-mobility-expo-se-suma-al-dinamismo-del-sector-y-cierra-su-cuarta-edicion-consolidada-como-una-de-las-principales-citas-profesionales-de-la-movilidad-sostenible\/#primaryimage"},"thumbnailUrl":"https:\/\/www.ficoba.org\/wp-content\/uploads\/2024\/04\/MME-2-scaled.jpg","keywords":["Moviklidad sostenible","movilidad el\u00e9ctrica","sostenibilidad"],"articleSection":["Eventos y ferias"],"inLanguage":"es"},{"@type":"WebPage","@id":"https:\/\/www.ficoba.org\/es\/mubil-mobility-expo-se-suma-al-dinamismo-del-sector-y-cierra-su-cuarta-edicion-consolidada-como-una-de-las-principales-citas-profesionales-de-la-movilidad-sostenible\/","url":"https:\/\/www.ficoba.org\/es\/mubil-mobility-expo-se-suma-al-dinamismo-del-sector-y-cierra-su-cuarta-edicion-consolidada-como-una-de-las-principales-citas-profesionales-de-la-movilidad-sostenible\/","name":"MUBIl Mobility Expo se suma al dinamismo del sector y cierra su cuarta edici\u00f3n consolidada como una de las principales citas profesionales de la movilidad sostenible - Ficoba","isPartOf":{"@id":"https:\/\/www.ficoba.org\/es\/#website"},"primaryImageOfPage":{"@id":"https:\/\/www.ficoba.org\/es\/mubil-mobility-expo-se-suma-al-dinamismo-del-sector-y-cierra-su-cuarta-edicion-consolidada-como-una-de-las-principales-citas-profesionales-de-la-movilidad-sostenible\/#primaryimage"},"image":{"@id":"https:\/\/www.ficoba.org\/es\/mubil-mobility-expo-se-suma-al-dinamismo-del-sector-y-cierra-su-cuarta-edicion-consolidada-como-una-de-las-principales-citas-profesionales-de-la-movilidad-sostenible\/#primaryimage"},"thumbnailUrl":"https:\/\/www.ficoba.org\/wp-content\/uploads\/2024\/04\/MME-2-scaled.jpg","datePublished":"2024-04-19T10:59:56+00:00","breadcrumb":{"@id":"https:\/\/www.ficoba.org\/es\/mubil-mobility-expo-se-suma-al-dinamismo-del-sector-y-cierra-su-cuarta-edicion-consolidada-como-una-de-las-principales-citas-profesionales-de-la-movilidad-sostenible\/#breadcrumb"},"inLanguage":"es","potentialAction":[{"@type":"ReadAction","target":["https:\/\/www.ficoba.org\/es\/mubil-mobility-expo-se-suma-al-dinamismo-del-sector-y-cierra-su-cuarta-edicion-consolidada-como-una-de-las-principales-citas-profesionales-de-la-movilidad-sostenible\/"]}]},{"@type":"ImageObject","inLanguage":"es","@id":"https:\/\/www.ficoba.org\/es\/mubil-mobility-expo-se-suma-al-dinamismo-del-sector-y-cierra-su-cuarta-edicion-consolidada-como-una-de-las-principales-citas-profesionales-de-la-movilidad-sostenible\/#primaryimage","url":"https:\/\/www.ficoba.org\/wp-content\/uploads\/2024\/04\/MME-2-scaled.jpg","contentUrl":"https:\/\/www.ficoba.org\/wp-content\/uploads\/2024\/04\/MME-2-scaled.jpg","width":2560,"height":1707},{"@type":"BreadcrumbList","@id":"https:\/\/www.ficoba.org\/es\/mubil-mobility-expo-se-suma-al-dinamismo-del-sector-y-cierra-su-cuarta-edicion-consolidada-como-una-de-las-principales-citas-profesionales-de-la-movilidad-sostenible\/#breadcrumb","itemListElement":[{"@type":"ListItem","position":1,"name":"Portada","item":"https:\/\/www.ficoba.org\/es\/"},{"@type":"ListItem","position":2,"name":"MUBIl Mobility Expo se suma al dinamismo del sector y cierra su cuarta edici\u00f3n consolidada como una de las principales citas profesionales de la movilidad sostenible"}]},{"@type":"WebSite","@id":"https:\/\/www.ficoba.org\/es\/#website","url":"https:\/\/www.ficoba.org\/es\/","name":"Ficoba, Recinto Ferial de Gipuzkoa","description":"Ficoba, recinto ferial de Gipuzkoa","publisher":{"@id":"https:\/\/www.ficoba.org\/es\/#organization"},"alternateName":"Ficoba","potentialAction":[{"@type":"SearchAction","target":{"@type":"EntryPoint","urlTemplate":"https:\/\/www.ficoba.org\/es\/?s={search_term_string}"},"query-input":{"@type":"PropertyValueSpecification","valueRequired":true,"valueName":"search_term_string"}}],"inLanguage":"es"},{"@type":"Organization","@id":"https:\/\/www.ficoba.org\/es\/#organization","name":"Ficoba, Reciento Ferial de Gipuzkoa","url":"https:\/\/www.ficoba.org\/es\/","logo":{"@type":"ImageObject","inLanguage":"es","@id":"https:\/\/www.ficoba.org\/es\/#\/schema\/logo\/image\/","url":"https:\/\/www.ficoba.org\/wp-content\/uploads\/2018\/11\/logo_ficoba.png","contentUrl":"https:\/\/www.ficoba.org\/wp-content\/uploads\/2018\/11\/logo_ficoba.png","width":200,"height":124,"caption":"Ficoba, Reciento Ferial de Gipuzkoa"},"image":{"@id":"https:\/\/www.ficoba.org\/es\/#\/schema\/logo\/image\/"},"sameAs":["https:\/\/www.facebook.com\/FICOBAFUNDAZIOA\/","https:\/\/x.com\/FicobaFundazioa","https:\/\/www.youtube.com\/channel\/UCvo2JGluemyCf5KPRmEF9JQ","https:\/\/www.linkedin.com\/company\/ficoba\/","https:\/\/www.instagram.com\/ficobafundazioa\/"]},{"@type":"Person","@id":"https:\/\/www.ficoba.org\/es\/#\/schema\/person\/8a96a121e5dbd393e6e6b5a7ee7ed407","name":"ficoba","image":{"@type":"ImageObject","inLanguage":"es","@id":"https:\/\/www.ficoba.org\/es\/#\/schema\/person\/image\/","url":"https:\/\/secure.gravatar.com\/avatar\/c90cc0e07f75fecbe4165c1906a4cd61b0179a28caae2205d37516e4fb7c30c1?s=96&d=mm&r=g","contentUrl":"https:\/\/secure.gravatar.com\/avatar\/c90cc0e07f75fecbe4165c1906a4cd61b0179a28caae2205d37516e4fb7c30c1?s=96&d=mm&r=g","caption":"ficoba"}}]}},"_links":{"self":[{"href":"https:\/\/www.ficoba.org\/es\/wp-json\/wp\/v2\/posts\/19169","targetHints":{"allow":["GET"]}}],"collection":[{"href":"https:\/\/www.ficoba.org\/es\/wp-json\/wp\/v2\/posts"}],"about":[{"href":"https:\/\/www.ficoba.org\/es\/wp-json\/wp\/v2\/types\/post"}],"author":[{"embeddable":true,"href":"https:\/\/www.ficoba.org\/es\/wp-json\/wp\/v2\/users\/2"}],"replies":[{"embeddable":true,"href":"https:\/\/www.ficoba.org\/es\/wp-json\/wp\/v2\/comments?post=19169"}],"version-history":[{"count":1,"href":"https:\/\/www.ficoba.org\/es\/wp-json\/wp\/v2\/posts\/19169\/revisions"}],"predecessor-version":[{"id":19170,"href":"https:\/\/www.ficoba.org\/es\/wp-json\/wp\/v2\/posts\/19169\/revisions\/19170"}],"wp:featuredmedia":[{"embeddable":true,"href":"https:\/\/www.ficoba.org\/es\/wp-json\/wp\/v2\/media\/19159"}],"wp:attachment":[{"href":"https:\/\/www.ficoba.org\/es\/wp-json\/wp\/v2\/media?parent=19169"}],"wp:term":[{"taxonomy":"category","embeddable":true,"href":"https:\/\/www.ficoba.org\/es\/wp-json\/wp\/v2\/categories?post=19169"},{"taxonomy":"post_tag","embeddable":true,"href":"https:\/\/www.ficoba.org\/es\/wp-json\/wp\/v2\/tags?post=19169"}],"curies":[{"name":"wp","href":"https:\/\/api.w.org\/{rel}","templated":true}]}}