{"id":19118,"date":"2024-04-15T12:30:36","date_gmt":"2024-04-15T10:30:36","guid":{"rendered":"https:\/\/www.ficoba.org\/?p=19118"},"modified":"2024-04-15T12:33:23","modified_gmt":"2024-04-15T10:33:23","slug":"el-21-de-abril-regresa-a-ficoba-la-exposicion-internacional-canina","status":"publish","type":"post","link":"https:\/\/www.ficoba.org\/es\/el-21-de-abril-regresa-a-ficoba-la-exposicion-internacional-canina\/","title":{"rendered":"El 21 de abril regresa a Ficoba la Exposici\u00f3n Internacional Canina"},"content":{"rendered":"<ul>\n<li><strong>Este a\u00f1o participar\u00e1n m\u00e1s de 500 perros<\/strong><\/li>\n<li><strong>Los retriever, teckel y doberman ser\u00e1n las razas m\u00e1s representadas<\/strong><\/li>\n<\/ul>\n<p><em>(Irun, 15 de abril de 2024)<\/em>. Ficoba se prepara para acoger una de las citas m\u00e1s esperadas por los amantes de los canes: la <strong>42\u00aa Edici\u00f3n de la Exposici\u00f3n Internacional Canina de Gipuzkoa<\/strong>. Este evento, consolidado como un punto de encuentro imprescindible para criadores, profesionales y aficionados al mundo canino, promete un d\u00eda lleno de actividades, competiciones y, sobre todo, la presencia de m\u00e1s de 500 perros de 150 razas diferentes<\/p>\n<p>La exposici\u00f3n, que se celebrar\u00e1 el <strong>domingo 21 de abril<\/strong>, se distingue por ser un escaparate de la diversidad y belleza canina, donde se podr\u00e1n apreciar ejemplares de la m\u00e1s alta calidad.<\/p>\n<p>La jornada arrancar\u00e1 a las 09.30 horas y se extender\u00e1 hasta las 19.00 horas, ofreciendo a los visitantes una experiencia \u00fanica y la oportunidad de conocer m\u00e1s de cerca el fascinante mundo de los perros.<\/p>\n<p>Como en ediciones anteriores, la exposici\u00f3n ha tenido una importante repercusi\u00f3n en Francia, pa\u00eds del que llegar\u00e1 una destacada delegaci\u00f3n de canes.<\/p>\n<p>Los perros participan en 11 grupos diferentes. Precisamente en el grupo 11 se incluir\u00e1 una de las razas m\u00e1s raras que se podr\u00e1 ver este a\u00f1o. Se trata de los biewer, una raza canina, lograda como consecuencia de una mutaci\u00f3n gen\u00e9tica que afecta al color del manto del Yorkshire terrier, produci\u00e9ndose as\u00ed ejemplares tricolores.<\/p>\n<p>Las razas que compiten en el grupo 11 son razas que todav\u00eda no est\u00e1n reconocidas por la FCI, (Federaci\u00f3n Cinol\u00f3gica Internacional). En el que, adem\u00e1s del ya mencionado biewer, se incluyen ejemplares de razas espa\u00f1olas como el majorero, el pastor vasco, el pastor garafiano, el perro leon\u00e9s de pastor, el perro de valdueza, el alano espa\u00f1ol, el ratonero bodeguero andaluz, el ratonero valenciano, el podenco andaluz, el maneto, el podenco valenciano y el pach\u00f3n navarro.<\/p>\n<p>En cuanto a las razas que estar\u00e1n m\u00e1s representadas en la Exposici\u00f3n Internacional Canina de este a\u00f1o se encuentran los retriever, teckel y doberman.<\/p>\n<p><strong>Jurado de excepci\u00f3n<\/strong><\/p>\n<p>Este a\u00f1o, la exposici\u00f3n contar\u00e1 con la presencia de destacados jueces internacionales como Enrico Drudi de San Marino, Bruce Schwartz de EE.UU. Elisabet Caminade Lavault de Sur\u00e1frica y Claudio Lonbardi de Italia, quienes, junto a jueces de Espa\u00f1a, tendr\u00e1n la tarea de seleccionar a los mejores ejemplares. Los participantes competir\u00e1n por el prestigioso t\u00edtulo de Mejor Perro de la Exposici\u00f3n y por la copa de Su Majestad el Rey, adem\u00e1s de optar a m\u00e1s de un centenar de trofeos y medallas.<\/p>\n<p><strong>Actividades paralelas<\/strong><\/p>\n<p>Adem\u00e1s de la competici\u00f3n, la exposici\u00f3n ofrecer\u00e1 una zona de stands con todo tipo de productos para el cuidado y bienestar de nuestros amigos los perros. Asimismo, los m\u00e1s j\u00f3venes tendr\u00e1n la oportunidad de demostrar sus habilidades en el concurso de j\u00f3venes presentadores.<\/p>\n<p><strong>Premios y reconocimientos<\/strong><\/p>\n<p>Los participantes podr\u00e1n optar a galardones como el Certificado de Aptitud al Campeonato de Espa\u00f1a (CAC) y el Certificado de Aptitud Internacional (CACIB), entre otros. Los momentos culminantes ser\u00e1n las finales por grupos y la Gran Final, donde se coronar\u00e1 al Mejor Perro de la Exposici\u00f3n y merecedor de la COPA DE SU MAJESTAD EL REY.<\/p>\n<p><strong>Informaci\u00f3n pr\u00e1ctica<\/strong><\/p>\n<p>La entrada a la Exposici\u00f3n tendr\u00e1 un coste de 5 euros para adultos y 3 euros para ni\u00f1os menores de 10 a\u00f1os.<\/p>\n<p><strong>ES IMPORTANTE RECORDAR QUE, DE ACUERDO CON EL REGLAMENTO DE EXPOSICIONES, NO SE PERMITE LA ENTRADA DE PERROS QUE NO PARTICIPEN EN EL CERTAMEN NI LA VENTA DE PERROS EN EL RECINTO.<\/strong><\/p>\n<p><strong>Programa<\/strong><\/p>\n<ul>\n<li>08.00: Retirada de documentaci\u00f3n y control veterinario.<\/li>\n<li>09.30: Comienzo de los juicios.<\/li>\n<li>12.00: Demostraci\u00f3n de adiestramiento canino<\/li>\n<li>14.00: Concurso de j\u00f3venes presentadores.<\/li>\n<li>16.00: Finales de grupo y la Gran Final.<\/li>\n<\/ul>\n<p><strong>\u00a0<\/strong><\/p>\n<p><strong>\u00a0<\/strong><\/p>\n","protected":false},"excerpt":{"rendered":"<p>Este a\u00f1o participar\u00e1n m\u00e1s de 500 perros Los retriever, teckel y doberman ser\u00e1n las razas m\u00e1s representadas (Irun, 15 de abril de 2024). Ficoba se prepara para acoger una de [&hellip;]<\/p>\n","protected":false},"author":2,"featured_media":19119,"comment_status":"closed","ping_status":"closed","sticky":false,"template":"","format":"standard","meta":{"_et_pb_use_builder":"","_et_pb_old_content":"","_et_gb_content_width":"","footnotes":""},"categories":[3],"tags":[392,82],"class_list":["post-19118","post","type-post","status-publish","format-standard","has-post-thumbnail","hentry","category-eventos-y-ferias","tag-concurso-canino","tag-exposicion-canina"],"yoast_head":"<!-- This site is optimized with the Yoast SEO plugin v26.8 - https:\/\/yoast.com\/product\/yoast-seo-wordpress\/ -->\n<title>El 21 de abril regresa a Ficoba la Exposici\u00f3n Internacional Canina - Ficoba<\/title>\n<meta name=\"robots\" content=\"index, follow, max-snippet:-1, max-image-preview:large, max-video-preview:-1\" \/>\n<link rel=\"canonical\" href=\"https:\/\/www.ficoba.org\/es\/el-21-de-abril-regresa-a-ficoba-la-exposicion-internacional-canina\/\" \/>\n<meta name=\"twitter:label1\" content=\"Escrito por\" \/>\n\t<meta name=\"twitter:data1\" content=\"ficoba\" \/>\n\t<meta name=\"twitter:label2\" content=\"Tiempo de lectura\" \/>\n\t<meta name=\"twitter:data2\" content=\"3 minutos\" \/>\n<script type=\"application\/ld+json\" class=\"yoast-schema-graph\">{\"@context\":\"https:\/\/schema.org\",\"@graph\":[{\"@type\":\"Article\",\"@id\":\"https:\/\/www.ficoba.org\/es\/el-21-de-abril-regresa-a-ficoba-la-exposicion-internacional-canina\/#article\",\"isPartOf\":{\"@id\":\"https:\/\/www.ficoba.org\/es\/el-21-de-abril-regresa-a-ficoba-la-exposicion-internacional-canina\/\"},\"author\":{\"name\":\"ficoba\",\"@id\":\"https:\/\/www.ficoba.org\/es\/#\/schema\/person\/8a96a121e5dbd393e6e6b5a7ee7ed407\"},\"headline\":\"El 21 de abril regresa a Ficoba la Exposici\u00f3n Internacional Canina\",\"datePublished\":\"2024-04-15T10:30:36+00:00\",\"dateModified\":\"2024-04-15T10:33:23+00:00\",\"mainEntityOfPage\":{\"@id\":\"https:\/\/www.ficoba.org\/es\/el-21-de-abril-regresa-a-ficoba-la-exposicion-internacional-canina\/\"},\"wordCount\":663,\"publisher\":{\"@id\":\"https:\/\/www.ficoba.org\/es\/#organization\"},\"image\":{\"@id\":\"https:\/\/www.ficoba.org\/es\/el-21-de-abril-regresa-a-ficoba-la-exposicion-internacional-canina\/#primaryimage\"},\"thumbnailUrl\":\"https:\/\/www.ficoba.org\/wp-content\/uploads\/2024\/04\/Expo-Canina-scaled.jpg\",\"keywords\":[\"concurso canino\",\"Exposici\u00f3n canina\"],\"articleSection\":[\"Eventos y ferias\"],\"inLanguage\":\"es\"},{\"@type\":\"WebPage\",\"@id\":\"https:\/\/www.ficoba.org\/es\/el-21-de-abril-regresa-a-ficoba-la-exposicion-internacional-canina\/\",\"url\":\"https:\/\/www.ficoba.org\/es\/el-21-de-abril-regresa-a-ficoba-la-exposicion-internacional-canina\/\",\"name\":\"El 21 de abril regresa a Ficoba la Exposici\u00f3n Internacional Canina - Ficoba\",\"isPartOf\":{\"@id\":\"https:\/\/www.ficoba.org\/es\/#website\"},\"primaryImageOfPage\":{\"@id\":\"https:\/\/www.ficoba.org\/es\/el-21-de-abril-regresa-a-ficoba-la-exposicion-internacional-canina\/#primaryimage\"},\"image\":{\"@id\":\"https:\/\/www.ficoba.org\/es\/el-21-de-abril-regresa-a-ficoba-la-exposicion-internacional-canina\/#primaryimage\"},\"thumbnailUrl\":\"https:\/\/www.ficoba.org\/wp-content\/uploads\/2024\/04\/Expo-Canina-scaled.jpg\",\"datePublished\":\"2024-04-15T10:30:36+00:00\",\"dateModified\":\"2024-04-15T10:33:23+00:00\",\"breadcrumb\":{\"@id\":\"https:\/\/www.ficoba.org\/es\/el-21-de-abril-regresa-a-ficoba-la-exposicion-internacional-canina\/#breadcrumb\"},\"inLanguage\":\"es\",\"potentialAction\":[{\"@type\":\"ReadAction\",\"target\":[\"https:\/\/www.ficoba.org\/es\/el-21-de-abril-regresa-a-ficoba-la-exposicion-internacional-canina\/\"]}]},{\"@type\":\"ImageObject\",\"inLanguage\":\"es\",\"@id\":\"https:\/\/www.ficoba.org\/es\/el-21-de-abril-regresa-a-ficoba-la-exposicion-internacional-canina\/#primaryimage\",\"url\":\"https:\/\/www.ficoba.org\/wp-content\/uploads\/2024\/04\/Expo-Canina-scaled.jpg\",\"contentUrl\":\"https:\/\/www.ficoba.org\/wp-content\/uploads\/2024\/04\/Expo-Canina-scaled.jpg\",\"width\":2560,\"height\":1916},{\"@type\":\"BreadcrumbList\",\"@id\":\"https:\/\/www.ficoba.org\/es\/el-21-de-abril-regresa-a-ficoba-la-exposicion-internacional-canina\/#breadcrumb\",\"itemListElement\":[{\"@type\":\"ListItem\",\"position\":1,\"name\":\"Portada\",\"item\":\"https:\/\/www.ficoba.org\/es\/\"},{\"@type\":\"ListItem\",\"position\":2,\"name\":\"El 21 de abril regresa a Ficoba la Exposici\u00f3n Internacional Canina\"}]},{\"@type\":\"WebSite\",\"@id\":\"https:\/\/www.ficoba.org\/es\/#website\",\"url\":\"https:\/\/www.ficoba.org\/es\/\",\"name\":\"Ficoba, Recinto Ferial de Gipuzkoa\",\"description\":\"Ficoba, recinto ferial de Gipuzkoa\",\"publisher\":{\"@id\":\"https:\/\/www.ficoba.org\/es\/#organization\"},\"alternateName\":\"Ficoba\",\"potentialAction\":[{\"@type\":\"SearchAction\",\"target\":{\"@type\":\"EntryPoint\",\"urlTemplate\":\"https:\/\/www.ficoba.org\/es\/?s={search_term_string}\"},\"query-input\":{\"@type\":\"PropertyValueSpecification\",\"valueRequired\":true,\"valueName\":\"search_term_string\"}}],\"inLanguage\":\"es\"},{\"@type\":\"Organization\",\"@id\":\"https:\/\/www.ficoba.org\/es\/#organization\",\"name\":\"Ficoba, Reciento Ferial de Gipuzkoa\",\"url\":\"https:\/\/www.ficoba.org\/es\/\",\"logo\":{\"@type\":\"ImageObject\",\"inLanguage\":\"es\",\"@id\":\"https:\/\/www.ficoba.org\/es\/#\/schema\/logo\/image\/\",\"url\":\"https:\/\/www.ficoba.org\/wp-content\/uploads\/2018\/11\/logo_ficoba.png\",\"contentUrl\":\"https:\/\/www.ficoba.org\/wp-content\/uploads\/2018\/11\/logo_ficoba.png\",\"width\":200,\"height\":124,\"caption\":\"Ficoba, Reciento Ferial de Gipuzkoa\"},\"image\":{\"@id\":\"https:\/\/www.ficoba.org\/es\/#\/schema\/logo\/image\/\"},\"sameAs\":[\"https:\/\/www.facebook.com\/FICOBAFUNDAZIOA\/\",\"https:\/\/x.com\/FicobaFundazioa\",\"https:\/\/www.youtube.com\/channel\/UCvo2JGluemyCf5KPRmEF9JQ\",\"https:\/\/www.linkedin.com\/company\/ficoba\/\",\"https:\/\/www.instagram.com\/ficobafundazioa\/\"]},{\"@type\":\"Person\",\"@id\":\"https:\/\/www.ficoba.org\/es\/#\/schema\/person\/8a96a121e5dbd393e6e6b5a7ee7ed407\",\"name\":\"ficoba\",\"image\":{\"@type\":\"ImageObject\",\"inLanguage\":\"es\",\"@id\":\"https:\/\/www.ficoba.org\/es\/#\/schema\/person\/image\/\",\"url\":\"https:\/\/secure.gravatar.com\/avatar\/c90cc0e07f75fecbe4165c1906a4cd61b0179a28caae2205d37516e4fb7c30c1?s=96&d=mm&r=g\",\"contentUrl\":\"https:\/\/secure.gravatar.com\/avatar\/c90cc0e07f75fecbe4165c1906a4cd61b0179a28caae2205d37516e4fb7c30c1?s=96&d=mm&r=g\",\"caption\":\"ficoba\"}}]}<\/script>\n<!-- \/ Yoast SEO plugin. -->","yoast_head_json":{"title":"El 21 de abril regresa a Ficoba la Exposici\u00f3n Internacional Canina - Ficoba","robots":{"index":"index","follow":"follow","max-snippet":"max-snippet:-1","max-image-preview":"max-image-preview:large","max-video-preview":"max-video-preview:-1"},"canonical":"https:\/\/www.ficoba.org\/es\/el-21-de-abril-regresa-a-ficoba-la-exposicion-internacional-canina\/","twitter_misc":{"Escrito por":"ficoba","Tiempo de lectura":"3 minutos"},"schema":{"@context":"https:\/\/schema.org","@graph":[{"@type":"Article","@id":"https:\/\/www.ficoba.org\/es\/el-21-de-abril-regresa-a-ficoba-la-exposicion-internacional-canina\/#article","isPartOf":{"@id":"https:\/\/www.ficoba.org\/es\/el-21-de-abril-regresa-a-ficoba-la-exposicion-internacional-canina\/"},"author":{"name":"ficoba","@id":"https:\/\/www.ficoba.org\/es\/#\/schema\/person\/8a96a121e5dbd393e6e6b5a7ee7ed407"},"headline":"El 21 de abril regresa a Ficoba la Exposici\u00f3n Internacional Canina","datePublished":"2024-04-15T10:30:36+00:00","dateModified":"2024-04-15T10:33:23+00:00","mainEntityOfPage":{"@id":"https:\/\/www.ficoba.org\/es\/el-21-de-abril-regresa-a-ficoba-la-exposicion-internacional-canina\/"},"wordCount":663,"publisher":{"@id":"https:\/\/www.ficoba.org\/es\/#organization"},"image":{"@id":"https:\/\/www.ficoba.org\/es\/el-21-de-abril-regresa-a-ficoba-la-exposicion-internacional-canina\/#primaryimage"},"thumbnailUrl":"https:\/\/www.ficoba.org\/wp-content\/uploads\/2024\/04\/Expo-Canina-scaled.jpg","keywords":["concurso canino","Exposici\u00f3n canina"],"articleSection":["Eventos y ferias"],"inLanguage":"es"},{"@type":"WebPage","@id":"https:\/\/www.ficoba.org\/es\/el-21-de-abril-regresa-a-ficoba-la-exposicion-internacional-canina\/","url":"https:\/\/www.ficoba.org\/es\/el-21-de-abril-regresa-a-ficoba-la-exposicion-internacional-canina\/","name":"El 21 de abril regresa a Ficoba la Exposici\u00f3n Internacional Canina - Ficoba","isPartOf":{"@id":"https:\/\/www.ficoba.org\/es\/#website"},"primaryImageOfPage":{"@id":"https:\/\/www.ficoba.org\/es\/el-21-de-abril-regresa-a-ficoba-la-exposicion-internacional-canina\/#primaryimage"},"image":{"@id":"https:\/\/www.ficoba.org\/es\/el-21-de-abril-regresa-a-ficoba-la-exposicion-internacional-canina\/#primaryimage"},"thumbnailUrl":"https:\/\/www.ficoba.org\/wp-content\/uploads\/2024\/04\/Expo-Canina-scaled.jpg","datePublished":"2024-04-15T10:30:36+00:00","dateModified":"2024-04-15T10:33:23+00:00","breadcrumb":{"@id":"https:\/\/www.ficoba.org\/es\/el-21-de-abril-regresa-a-ficoba-la-exposicion-internacional-canina\/#breadcrumb"},"inLanguage":"es","potentialAction":[{"@type":"ReadAction","target":["https:\/\/www.ficoba.org\/es\/el-21-de-abril-regresa-a-ficoba-la-exposicion-internacional-canina\/"]}]},{"@type":"ImageObject","inLanguage":"es","@id":"https:\/\/www.ficoba.org\/es\/el-21-de-abril-regresa-a-ficoba-la-exposicion-internacional-canina\/#primaryimage","url":"https:\/\/www.ficoba.org\/wp-content\/uploads\/2024\/04\/Expo-Canina-scaled.jpg","contentUrl":"https:\/\/www.ficoba.org\/wp-content\/uploads\/2024\/04\/Expo-Canina-scaled.jpg","width":2560,"height":1916},{"@type":"BreadcrumbList","@id":"https:\/\/www.ficoba.org\/es\/el-21-de-abril-regresa-a-ficoba-la-exposicion-internacional-canina\/#breadcrumb","itemListElement":[{"@type":"ListItem","position":1,"name":"Portada","item":"https:\/\/www.ficoba.org\/es\/"},{"@type":"ListItem","position":2,"name":"El 21 de abril regresa a Ficoba la Exposici\u00f3n Internacional Canina"}]},{"@type":"WebSite","@id":"https:\/\/www.ficoba.org\/es\/#website","url":"https:\/\/www.ficoba.org\/es\/","name":"Ficoba, Recinto Ferial de Gipuzkoa","description":"Ficoba, recinto ferial de Gipuzkoa","publisher":{"@id":"https:\/\/www.ficoba.org\/es\/#organization"},"alternateName":"Ficoba","potentialAction":[{"@type":"SearchAction","target":{"@type":"EntryPoint","urlTemplate":"https:\/\/www.ficoba.org\/es\/?s={search_term_string}"},"query-input":{"@type":"PropertyValueSpecification","valueRequired":true,"valueName":"search_term_string"}}],"inLanguage":"es"},{"@type":"Organization","@id":"https:\/\/www.ficoba.org\/es\/#organization","name":"Ficoba, Reciento Ferial de Gipuzkoa","url":"https:\/\/www.ficoba.org\/es\/","logo":{"@type":"ImageObject","inLanguage":"es","@id":"https:\/\/www.ficoba.org\/es\/#\/schema\/logo\/image\/","url":"https:\/\/www.ficoba.org\/wp-content\/uploads\/2018\/11\/logo_ficoba.png","contentUrl":"https:\/\/www.ficoba.org\/wp-content\/uploads\/2018\/11\/logo_ficoba.png","width":200,"height":124,"caption":"Ficoba, Reciento Ferial de Gipuzkoa"},"image":{"@id":"https:\/\/www.ficoba.org\/es\/#\/schema\/logo\/image\/"},"sameAs":["https:\/\/www.facebook.com\/FICOBAFUNDAZIOA\/","https:\/\/x.com\/FicobaFundazioa","https:\/\/www.youtube.com\/channel\/UCvo2JGluemyCf5KPRmEF9JQ","https:\/\/www.linkedin.com\/company\/ficoba\/","https:\/\/www.instagram.com\/ficobafundazioa\/"]},{"@type":"Person","@id":"https:\/\/www.ficoba.org\/es\/#\/schema\/person\/8a96a121e5dbd393e6e6b5a7ee7ed407","name":"ficoba","image":{"@type":"ImageObject","inLanguage":"es","@id":"https:\/\/www.ficoba.org\/es\/#\/schema\/person\/image\/","url":"https:\/\/secure.gravatar.com\/avatar\/c90cc0e07f75fecbe4165c1906a4cd61b0179a28caae2205d37516e4fb7c30c1?s=96&d=mm&r=g","contentUrl":"https:\/\/secure.gravatar.com\/avatar\/c90cc0e07f75fecbe4165c1906a4cd61b0179a28caae2205d37516e4fb7c30c1?s=96&d=mm&r=g","caption":"ficoba"}}]}},"_links":{"self":[{"href":"https:\/\/www.ficoba.org\/es\/wp-json\/wp\/v2\/posts\/19118","targetHints":{"allow":["GET"]}}],"collection":[{"href":"https:\/\/www.ficoba.org\/es\/wp-json\/wp\/v2\/posts"}],"about":[{"href":"https:\/\/www.ficoba.org\/es\/wp-json\/wp\/v2\/types\/post"}],"author":[{"embeddable":true,"href":"https:\/\/www.ficoba.org\/es\/wp-json\/wp\/v2\/users\/2"}],"replies":[{"embeddable":true,"href":"https:\/\/www.ficoba.org\/es\/wp-json\/wp\/v2\/comments?post=19118"}],"version-history":[{"count":2,"href":"https:\/\/www.ficoba.org\/es\/wp-json\/wp\/v2\/posts\/19118\/revisions"}],"predecessor-version":[{"id":19125,"href":"https:\/\/www.ficoba.org\/es\/wp-json\/wp\/v2\/posts\/19118\/revisions\/19125"}],"wp:featuredmedia":[{"embeddable":true,"href":"https:\/\/www.ficoba.org\/es\/wp-json\/wp\/v2\/media\/19119"}],"wp:attachment":[{"href":"https:\/\/www.ficoba.org\/es\/wp-json\/wp\/v2\/media?parent=19118"}],"wp:term":[{"taxonomy":"category","embeddable":true,"href":"https:\/\/www.ficoba.org\/es\/wp-json\/wp\/v2\/categories?post=19118"},{"taxonomy":"post_tag","embeddable":true,"href":"https:\/\/www.ficoba.org\/es\/wp-json\/wp\/v2\/tags?post=19118"}],"curies":[{"name":"wp","href":"https:\/\/api.w.org\/{rel}","templated":true}]}}