{"id":19035,"date":"2024-03-11T14:45:06","date_gmt":"2024-03-11T12:45:06","guid":{"rendered":"https:\/\/www.ficoba.org\/?p=19035"},"modified":"2024-03-11T14:45:06","modified_gmt":"2024-03-11T12:45:06","slug":"a-la-espera-de-la-nueva-edicion-de-ababor-en-2025-las-actividades-de-elkarrekin-ababor-toman-la-bahia-del-txingudi-este-fin-de-semana","status":"publish","type":"post","link":"https:\/\/www.ficoba.org\/es\/a-la-espera-de-la-nueva-edicion-de-ababor-en-2025-las-actividades-de-elkarrekin-ababor-toman-la-bahia-del-txingudi-este-fin-de-semana\/","title":{"rendered":"A la espera de la nueva edici\u00f3n de Ababor en 2025, las actividades de Elkarrekin Ababor toman la bah\u00eda del Txingudi este fin de semana"},"content":{"rendered":"<ul>\n<li><strong>Se espera la participaci\u00f3n de m\u00e1s de 150 embarcaciones <\/strong><\/li>\n<\/ul>\n<p>Este fin de semana va a tener sabor n\u00e1utico en Hondarribia con la celebraci\u00f3n de Elkarrekin Ababor 2024. Un a\u00f1o m\u00e1s, gracias a la labor conjunta de Ficoba, Euskal Kirol Portuak (EKP), el Club N\u00e1utico de Hondarribia, la Federaci\u00f3n Vasca de Vela, la Federaci\u00f3n Guipuzcoana de Vela y el Ayuntamiento de Hondarribia, los amantes de los deportes n\u00e1uticos van a poder disfrutar de una regata de clase optimist, un concurso de pesca desde embarcaci\u00f3n fondeada y de una traves\u00eda de cruceros en la Bah\u00eda del Txingudi.<\/p>\n<p>Tradicionalmente las actividades de Elkarrekin Ababor preceden a la celebraci\u00f3n de la feria n\u00e1utica Ababor, impulsada por Ficoba. La feria, siguiendo su plan de desarrollo, y atendiendo a la consulta realizada a los agentes del sector, ha variado su periodicidad y a partir de ahora tendr\u00e1 car\u00e1cter bienal, por lo que la pr\u00f3xima edici\u00f3n se celebrar\u00e1 en 2025, concretamente del 28 al 30 de marzo.<\/p>\n<p><strong>Elkarrekin Ababor 2024: un fin de semana n\u00e1utico en la bah\u00eda del Txingudi<\/strong><\/p>\n<p>La tradici\u00f3n se mantiene viva, y el 16 y 17 de marzo las personas aficionadas a las actividades n\u00e1uticas tienen una cita con tres apropuestas, en las que se estima que participar\u00e1n m\u00e1s de 150 embarcaciones.<\/p>\n<p><strong>Optimartxoa Elkarrekin Ababor Estropada:<\/strong><\/p>\n<ol>\n<li style=\"list-style-type: none;\">\n<ul>\n<li>Fecha y Hora: s\u00e1bado 16 y domingo 17, a partir de las 13:00 y 11:00 respectivamente<\/li>\n<li>Lugar: Escuela de vela del Club N\u00e1utico de Hondarribia<\/li>\n<li>Participantes: Clase Optimist sub16, sub13 y sub11<\/li>\n<li>Inscripciones: http:\/\/regatascnh-hib.sailti.com\/es\/default\/races\/race-inscription\/text\/regataoptimartxoa-estropada-es\/0<\/li>\n<li>Estimaci\u00f3n de participaci\u00f3n: 100 barcos<\/li>\n<\/ul>\n<\/li>\n<\/ol>\n<p><strong>Concurso de Pesca desde Embarcaci\u00f3n Fondeada (Equipos de 3):<\/strong><\/p>\n<ol>\n<li style=\"list-style-type: none;\">\n<ul>\n<li>Fecha y Hora: s\u00e1bado 16, salida a las 7:30 y llegada a las 13:30<\/li>\n<li>Lugar: Salida desde EKP y recorrido de aproximadamente 4 millas de la costa<\/li>\n<li>Inscripciones: www.cnh-hib.org<\/li>\n<li>Estimaci\u00f3n de participaci\u00f3n: 20 barcos<\/li>\n<\/ul>\n<\/li>\n<\/ol>\n<p><strong>Traves\u00eda Cruceros:<\/strong><\/p>\n<ol>\n<li style=\"list-style-type: none;\">\n<ul>\n<li>Fecha y hora: s\u00e1bado 16, salida a las 10:30 y llegada a las 13:30<\/li>\n<li>Recorrido aproximado: direcci\u00f3n San Juan de Luz, a 4 millas de la costa, bordeando a los barcos del concurso de pesca<\/li>\n<li>Lunch: A las 14:00, parrillada de txistorra y verdel con sidra y cerveza en el Club N\u00e1utico de Hondarribia junto con la Cofrad\u00eda de Pescadores.<\/li>\n<li>Inscripciones: www.cnh-hib.org<\/li>\n<li>Estimaci\u00f3n de participaci\u00f3n: 40 barcos.<\/li>\n<\/ul>\n<\/li>\n<\/ol>\n<p><strong>Sobre Ababor<\/strong><\/p>\n<p>Desde sus primeras dos exitosas ediciones, la feria n\u00e1utica de Euskadi, Ababor, ha logrado consolidarse como un evento de gran relevancia en la regi\u00f3n, atrayendo a m\u00e1s de 80 empresas expositoras y recibiendo a casi 10.000 visitantes.<\/p>\n<p>Entre estos visitantes, el 80% otorg\u00f3 calificaciones de entre 4 y 5 puntos (siendo 5 la puntuaci\u00f3n m\u00e1xima) a la feria. Este s\u00f3lido respaldo se ha visto complementado por el inter\u00e9s mostrado por el mercado franc\u00e9s, donde la n\u00e1utica juega un papel econ\u00f3mico crucial y cuenta con multitud de seguidores. En ambas ediciones, la presencia de visitantes franceses se mantuvo en un rango del 16 al 20%.<\/p>\n<p>La tercera edici\u00f3n de Ababor, que se llevar\u00e1 a cabo del 28 al 30 de marzo de 2025, promete seguir atrayendo a entusiastas de la n\u00e1utica y profesionales del sector, consolidando su posici\u00f3n como una de las principales ferias n\u00e1uticas de Euskadi y el norte de Espa\u00f1a. El evento, como en ediciones precedentes, contar\u00e1 con el apoyo institucional de ANEN (Asociaci\u00f3n Nacional de Empresas N\u00e1uticas, patronal del sector n\u00e1utico en Espa\u00f1a).<\/p>\n<p><strong>www.ababor.eus<\/strong><\/p>\n<p>&nbsp;<\/p>\n","protected":false},"excerpt":{"rendered":"<p>Se espera la participaci\u00f3n de m\u00e1s de 150 embarcaciones Este fin de semana va a tener sabor n\u00e1utico en Hondarribia con la celebraci\u00f3n de Elkarrekin Ababor 2024. Un a\u00f1o m\u00e1s, [&hellip;]<\/p>\n","protected":false},"author":2,"featured_media":19036,"comment_status":"closed","ping_status":"closed","sticky":false,"template":"","format":"standard","meta":{"_et_pb_use_builder":"","_et_pb_old_content":"","_et_gb_content_width":"","footnotes":""},"categories":[3],"tags":[],"class_list":["post-19035","post","type-post","status-publish","format-standard","has-post-thumbnail","hentry","category-eventos-y-ferias"],"yoast_head":"<!-- This site is optimized with the Yoast SEO plugin v26.8 - https:\/\/yoast.com\/product\/yoast-seo-wordpress\/ -->\n<title>A la espera de la nueva edici\u00f3n de Ababor en 2025, las actividades de Elkarrekin Ababor toman la bah\u00eda del Txingudi este fin de semana - Ficoba<\/title>\n<meta name=\"robots\" content=\"index, follow, max-snippet:-1, max-image-preview:large, max-video-preview:-1\" \/>\n<link rel=\"canonical\" href=\"https:\/\/www.ficoba.org\/es\/a-la-espera-de-la-nueva-edicion-de-ababor-en-2025-las-actividades-de-elkarrekin-ababor-toman-la-bahia-del-txingudi-este-fin-de-semana\/\" \/>\n<meta name=\"twitter:label1\" content=\"Escrito por\" \/>\n\t<meta name=\"twitter:data1\" content=\"ficoba\" \/>\n\t<meta name=\"twitter:label2\" content=\"Tiempo de lectura\" \/>\n\t<meta name=\"twitter:data2\" content=\"3 minutos\" \/>\n<script type=\"application\/ld+json\" class=\"yoast-schema-graph\">{\"@context\":\"https:\/\/schema.org\",\"@graph\":[{\"@type\":\"Article\",\"@id\":\"https:\/\/www.ficoba.org\/es\/a-la-espera-de-la-nueva-edicion-de-ababor-en-2025-las-actividades-de-elkarrekin-ababor-toman-la-bahia-del-txingudi-este-fin-de-semana\/#article\",\"isPartOf\":{\"@id\":\"https:\/\/www.ficoba.org\/es\/a-la-espera-de-la-nueva-edicion-de-ababor-en-2025-las-actividades-de-elkarrekin-ababor-toman-la-bahia-del-txingudi-este-fin-de-semana\/\"},\"author\":{\"name\":\"ficoba\",\"@id\":\"https:\/\/www.ficoba.org\/es\/#\/schema\/person\/8a96a121e5dbd393e6e6b5a7ee7ed407\"},\"headline\":\"A la espera de la nueva edici\u00f3n de Ababor en 2025, las actividades de Elkarrekin Ababor toman la bah\u00eda del Txingudi este fin de semana\",\"datePublished\":\"2024-03-11T12:45:06+00:00\",\"mainEntityOfPage\":{\"@id\":\"https:\/\/www.ficoba.org\/es\/a-la-espera-de-la-nueva-edicion-de-ababor-en-2025-las-actividades-de-elkarrekin-ababor-toman-la-bahia-del-txingudi-este-fin-de-semana\/\"},\"wordCount\":605,\"publisher\":{\"@id\":\"https:\/\/www.ficoba.org\/es\/#organization\"},\"image\":{\"@id\":\"https:\/\/www.ficoba.org\/es\/a-la-espera-de-la-nueva-edicion-de-ababor-en-2025-las-actividades-de-elkarrekin-ababor-toman-la-bahia-del-txingudi-este-fin-de-semana\/#primaryimage\"},\"thumbnailUrl\":\"https:\/\/www.ficoba.org\/wp-content\/uploads\/2024\/03\/Ababor-2.jpg\",\"articleSection\":[\"Eventos y ferias\"],\"inLanguage\":\"es\"},{\"@type\":\"WebPage\",\"@id\":\"https:\/\/www.ficoba.org\/es\/a-la-espera-de-la-nueva-edicion-de-ababor-en-2025-las-actividades-de-elkarrekin-ababor-toman-la-bahia-del-txingudi-este-fin-de-semana\/\",\"url\":\"https:\/\/www.ficoba.org\/es\/a-la-espera-de-la-nueva-edicion-de-ababor-en-2025-las-actividades-de-elkarrekin-ababor-toman-la-bahia-del-txingudi-este-fin-de-semana\/\",\"name\":\"A la espera de la nueva edici\u00f3n de Ababor en 2025, las actividades de Elkarrekin Ababor toman la bah\u00eda del Txingudi este fin de semana - Ficoba\",\"isPartOf\":{\"@id\":\"https:\/\/www.ficoba.org\/es\/#website\"},\"primaryImageOfPage\":{\"@id\":\"https:\/\/www.ficoba.org\/es\/a-la-espera-de-la-nueva-edicion-de-ababor-en-2025-las-actividades-de-elkarrekin-ababor-toman-la-bahia-del-txingudi-este-fin-de-semana\/#primaryimage\"},\"image\":{\"@id\":\"https:\/\/www.ficoba.org\/es\/a-la-espera-de-la-nueva-edicion-de-ababor-en-2025-las-actividades-de-elkarrekin-ababor-toman-la-bahia-del-txingudi-este-fin-de-semana\/#primaryimage\"},\"thumbnailUrl\":\"https:\/\/www.ficoba.org\/wp-content\/uploads\/2024\/03\/Ababor-2.jpg\",\"datePublished\":\"2024-03-11T12:45:06+00:00\",\"breadcrumb\":{\"@id\":\"https:\/\/www.ficoba.org\/es\/a-la-espera-de-la-nueva-edicion-de-ababor-en-2025-las-actividades-de-elkarrekin-ababor-toman-la-bahia-del-txingudi-este-fin-de-semana\/#breadcrumb\"},\"inLanguage\":\"es\",\"potentialAction\":[{\"@type\":\"ReadAction\",\"target\":[\"https:\/\/www.ficoba.org\/es\/a-la-espera-de-la-nueva-edicion-de-ababor-en-2025-las-actividades-de-elkarrekin-ababor-toman-la-bahia-del-txingudi-este-fin-de-semana\/\"]}]},{\"@type\":\"ImageObject\",\"inLanguage\":\"es\",\"@id\":\"https:\/\/www.ficoba.org\/es\/a-la-espera-de-la-nueva-edicion-de-ababor-en-2025-las-actividades-de-elkarrekin-ababor-toman-la-bahia-del-txingudi-este-fin-de-semana\/#primaryimage\",\"url\":\"https:\/\/www.ficoba.org\/wp-content\/uploads\/2024\/03\/Ababor-2.jpg\",\"contentUrl\":\"https:\/\/www.ficoba.org\/wp-content\/uploads\/2024\/03\/Ababor-2.jpg\",\"width\":2016,\"height\":1512},{\"@type\":\"BreadcrumbList\",\"@id\":\"https:\/\/www.ficoba.org\/es\/a-la-espera-de-la-nueva-edicion-de-ababor-en-2025-las-actividades-de-elkarrekin-ababor-toman-la-bahia-del-txingudi-este-fin-de-semana\/#breadcrumb\",\"itemListElement\":[{\"@type\":\"ListItem\",\"position\":1,\"name\":\"Portada\",\"item\":\"https:\/\/www.ficoba.org\/es\/\"},{\"@type\":\"ListItem\",\"position\":2,\"name\":\"A la espera de la nueva edici\u00f3n de Ababor en 2025, las actividades de Elkarrekin Ababor toman la bah\u00eda del Txingudi este fin de semana\"}]},{\"@type\":\"WebSite\",\"@id\":\"https:\/\/www.ficoba.org\/es\/#website\",\"url\":\"https:\/\/www.ficoba.org\/es\/\",\"name\":\"Ficoba, Recinto Ferial de Gipuzkoa\",\"description\":\"Ficoba, recinto ferial de Gipuzkoa\",\"publisher\":{\"@id\":\"https:\/\/www.ficoba.org\/es\/#organization\"},\"alternateName\":\"Ficoba\",\"potentialAction\":[{\"@type\":\"SearchAction\",\"target\":{\"@type\":\"EntryPoint\",\"urlTemplate\":\"https:\/\/www.ficoba.org\/es\/?s={search_term_string}\"},\"query-input\":{\"@type\":\"PropertyValueSpecification\",\"valueRequired\":true,\"valueName\":\"search_term_string\"}}],\"inLanguage\":\"es\"},{\"@type\":\"Organization\",\"@id\":\"https:\/\/www.ficoba.org\/es\/#organization\",\"name\":\"Ficoba, Reciento Ferial de Gipuzkoa\",\"url\":\"https:\/\/www.ficoba.org\/es\/\",\"logo\":{\"@type\":\"ImageObject\",\"inLanguage\":\"es\",\"@id\":\"https:\/\/www.ficoba.org\/es\/#\/schema\/logo\/image\/\",\"url\":\"https:\/\/www.ficoba.org\/wp-content\/uploads\/2018\/11\/logo_ficoba.png\",\"contentUrl\":\"https:\/\/www.ficoba.org\/wp-content\/uploads\/2018\/11\/logo_ficoba.png\",\"width\":200,\"height\":124,\"caption\":\"Ficoba, Reciento Ferial de Gipuzkoa\"},\"image\":{\"@id\":\"https:\/\/www.ficoba.org\/es\/#\/schema\/logo\/image\/\"},\"sameAs\":[\"https:\/\/www.facebook.com\/FICOBAFUNDAZIOA\/\",\"https:\/\/x.com\/FicobaFundazioa\",\"https:\/\/www.youtube.com\/channel\/UCvo2JGluemyCf5KPRmEF9JQ\",\"https:\/\/www.linkedin.com\/company\/ficoba\/\",\"https:\/\/www.instagram.com\/ficobafundazioa\/\"]},{\"@type\":\"Person\",\"@id\":\"https:\/\/www.ficoba.org\/es\/#\/schema\/person\/8a96a121e5dbd393e6e6b5a7ee7ed407\",\"name\":\"ficoba\",\"image\":{\"@type\":\"ImageObject\",\"inLanguage\":\"es\",\"@id\":\"https:\/\/www.ficoba.org\/es\/#\/schema\/person\/image\/\",\"url\":\"https:\/\/secure.gravatar.com\/avatar\/c90cc0e07f75fecbe4165c1906a4cd61b0179a28caae2205d37516e4fb7c30c1?s=96&d=mm&r=g\",\"contentUrl\":\"https:\/\/secure.gravatar.com\/avatar\/c90cc0e07f75fecbe4165c1906a4cd61b0179a28caae2205d37516e4fb7c30c1?s=96&d=mm&r=g\",\"caption\":\"ficoba\"}}]}<\/script>\n<!-- \/ Yoast SEO plugin. -->","yoast_head_json":{"title":"A la espera de la nueva edici\u00f3n de Ababor en 2025, las actividades de Elkarrekin Ababor toman la bah\u00eda del Txingudi este fin de semana - Ficoba","robots":{"index":"index","follow":"follow","max-snippet":"max-snippet:-1","max-image-preview":"max-image-preview:large","max-video-preview":"max-video-preview:-1"},"canonical":"https:\/\/www.ficoba.org\/es\/a-la-espera-de-la-nueva-edicion-de-ababor-en-2025-las-actividades-de-elkarrekin-ababor-toman-la-bahia-del-txingudi-este-fin-de-semana\/","twitter_misc":{"Escrito por":"ficoba","Tiempo de lectura":"3 minutos"},"schema":{"@context":"https:\/\/schema.org","@graph":[{"@type":"Article","@id":"https:\/\/www.ficoba.org\/es\/a-la-espera-de-la-nueva-edicion-de-ababor-en-2025-las-actividades-de-elkarrekin-ababor-toman-la-bahia-del-txingudi-este-fin-de-semana\/#article","isPartOf":{"@id":"https:\/\/www.ficoba.org\/es\/a-la-espera-de-la-nueva-edicion-de-ababor-en-2025-las-actividades-de-elkarrekin-ababor-toman-la-bahia-del-txingudi-este-fin-de-semana\/"},"author":{"name":"ficoba","@id":"https:\/\/www.ficoba.org\/es\/#\/schema\/person\/8a96a121e5dbd393e6e6b5a7ee7ed407"},"headline":"A la espera de la nueva edici\u00f3n de Ababor en 2025, las actividades de Elkarrekin Ababor toman la bah\u00eda del Txingudi este fin de semana","datePublished":"2024-03-11T12:45:06+00:00","mainEntityOfPage":{"@id":"https:\/\/www.ficoba.org\/es\/a-la-espera-de-la-nueva-edicion-de-ababor-en-2025-las-actividades-de-elkarrekin-ababor-toman-la-bahia-del-txingudi-este-fin-de-semana\/"},"wordCount":605,"publisher":{"@id":"https:\/\/www.ficoba.org\/es\/#organization"},"image":{"@id":"https:\/\/www.ficoba.org\/es\/a-la-espera-de-la-nueva-edicion-de-ababor-en-2025-las-actividades-de-elkarrekin-ababor-toman-la-bahia-del-txingudi-este-fin-de-semana\/#primaryimage"},"thumbnailUrl":"https:\/\/www.ficoba.org\/wp-content\/uploads\/2024\/03\/Ababor-2.jpg","articleSection":["Eventos y ferias"],"inLanguage":"es"},{"@type":"WebPage","@id":"https:\/\/www.ficoba.org\/es\/a-la-espera-de-la-nueva-edicion-de-ababor-en-2025-las-actividades-de-elkarrekin-ababor-toman-la-bahia-del-txingudi-este-fin-de-semana\/","url":"https:\/\/www.ficoba.org\/es\/a-la-espera-de-la-nueva-edicion-de-ababor-en-2025-las-actividades-de-elkarrekin-ababor-toman-la-bahia-del-txingudi-este-fin-de-semana\/","name":"A la espera de la nueva edici\u00f3n de Ababor en 2025, las actividades de Elkarrekin Ababor toman la bah\u00eda del Txingudi este fin de semana - Ficoba","isPartOf":{"@id":"https:\/\/www.ficoba.org\/es\/#website"},"primaryImageOfPage":{"@id":"https:\/\/www.ficoba.org\/es\/a-la-espera-de-la-nueva-edicion-de-ababor-en-2025-las-actividades-de-elkarrekin-ababor-toman-la-bahia-del-txingudi-este-fin-de-semana\/#primaryimage"},"image":{"@id":"https:\/\/www.ficoba.org\/es\/a-la-espera-de-la-nueva-edicion-de-ababor-en-2025-las-actividades-de-elkarrekin-ababor-toman-la-bahia-del-txingudi-este-fin-de-semana\/#primaryimage"},"thumbnailUrl":"https:\/\/www.ficoba.org\/wp-content\/uploads\/2024\/03\/Ababor-2.jpg","datePublished":"2024-03-11T12:45:06+00:00","breadcrumb":{"@id":"https:\/\/www.ficoba.org\/es\/a-la-espera-de-la-nueva-edicion-de-ababor-en-2025-las-actividades-de-elkarrekin-ababor-toman-la-bahia-del-txingudi-este-fin-de-semana\/#breadcrumb"},"inLanguage":"es","potentialAction":[{"@type":"ReadAction","target":["https:\/\/www.ficoba.org\/es\/a-la-espera-de-la-nueva-edicion-de-ababor-en-2025-las-actividades-de-elkarrekin-ababor-toman-la-bahia-del-txingudi-este-fin-de-semana\/"]}]},{"@type":"ImageObject","inLanguage":"es","@id":"https:\/\/www.ficoba.org\/es\/a-la-espera-de-la-nueva-edicion-de-ababor-en-2025-las-actividades-de-elkarrekin-ababor-toman-la-bahia-del-txingudi-este-fin-de-semana\/#primaryimage","url":"https:\/\/www.ficoba.org\/wp-content\/uploads\/2024\/03\/Ababor-2.jpg","contentUrl":"https:\/\/www.ficoba.org\/wp-content\/uploads\/2024\/03\/Ababor-2.jpg","width":2016,"height":1512},{"@type":"BreadcrumbList","@id":"https:\/\/www.ficoba.org\/es\/a-la-espera-de-la-nueva-edicion-de-ababor-en-2025-las-actividades-de-elkarrekin-ababor-toman-la-bahia-del-txingudi-este-fin-de-semana\/#breadcrumb","itemListElement":[{"@type":"ListItem","position":1,"name":"Portada","item":"https:\/\/www.ficoba.org\/es\/"},{"@type":"ListItem","position":2,"name":"A la espera de la nueva edici\u00f3n de Ababor en 2025, las actividades de Elkarrekin Ababor toman la bah\u00eda del Txingudi este fin de semana"}]},{"@type":"WebSite","@id":"https:\/\/www.ficoba.org\/es\/#website","url":"https:\/\/www.ficoba.org\/es\/","name":"Ficoba, Recinto Ferial de Gipuzkoa","description":"Ficoba, recinto ferial de Gipuzkoa","publisher":{"@id":"https:\/\/www.ficoba.org\/es\/#organization"},"alternateName":"Ficoba","potentialAction":[{"@type":"SearchAction","target":{"@type":"EntryPoint","urlTemplate":"https:\/\/www.ficoba.org\/es\/?s={search_term_string}"},"query-input":{"@type":"PropertyValueSpecification","valueRequired":true,"valueName":"search_term_string"}}],"inLanguage":"es"},{"@type":"Organization","@id":"https:\/\/www.ficoba.org\/es\/#organization","name":"Ficoba, Reciento Ferial de Gipuzkoa","url":"https:\/\/www.ficoba.org\/es\/","logo":{"@type":"ImageObject","inLanguage":"es","@id":"https:\/\/www.ficoba.org\/es\/#\/schema\/logo\/image\/","url":"https:\/\/www.ficoba.org\/wp-content\/uploads\/2018\/11\/logo_ficoba.png","contentUrl":"https:\/\/www.ficoba.org\/wp-content\/uploads\/2018\/11\/logo_ficoba.png","width":200,"height":124,"caption":"Ficoba, Reciento Ferial de Gipuzkoa"},"image":{"@id":"https:\/\/www.ficoba.org\/es\/#\/schema\/logo\/image\/"},"sameAs":["https:\/\/www.facebook.com\/FICOBAFUNDAZIOA\/","https:\/\/x.com\/FicobaFundazioa","https:\/\/www.youtube.com\/channel\/UCvo2JGluemyCf5KPRmEF9JQ","https:\/\/www.linkedin.com\/company\/ficoba\/","https:\/\/www.instagram.com\/ficobafundazioa\/"]},{"@type":"Person","@id":"https:\/\/www.ficoba.org\/es\/#\/schema\/person\/8a96a121e5dbd393e6e6b5a7ee7ed407","name":"ficoba","image":{"@type":"ImageObject","inLanguage":"es","@id":"https:\/\/www.ficoba.org\/es\/#\/schema\/person\/image\/","url":"https:\/\/secure.gravatar.com\/avatar\/c90cc0e07f75fecbe4165c1906a4cd61b0179a28caae2205d37516e4fb7c30c1?s=96&d=mm&r=g","contentUrl":"https:\/\/secure.gravatar.com\/avatar\/c90cc0e07f75fecbe4165c1906a4cd61b0179a28caae2205d37516e4fb7c30c1?s=96&d=mm&r=g","caption":"ficoba"}}]}},"_links":{"self":[{"href":"https:\/\/www.ficoba.org\/es\/wp-json\/wp\/v2\/posts\/19035","targetHints":{"allow":["GET"]}}],"collection":[{"href":"https:\/\/www.ficoba.org\/es\/wp-json\/wp\/v2\/posts"}],"about":[{"href":"https:\/\/www.ficoba.org\/es\/wp-json\/wp\/v2\/types\/post"}],"author":[{"embeddable":true,"href":"https:\/\/www.ficoba.org\/es\/wp-json\/wp\/v2\/users\/2"}],"replies":[{"embeddable":true,"href":"https:\/\/www.ficoba.org\/es\/wp-json\/wp\/v2\/comments?post=19035"}],"version-history":[{"count":1,"href":"https:\/\/www.ficoba.org\/es\/wp-json\/wp\/v2\/posts\/19035\/revisions"}],"predecessor-version":[{"id":19040,"href":"https:\/\/www.ficoba.org\/es\/wp-json\/wp\/v2\/posts\/19035\/revisions\/19040"}],"wp:featuredmedia":[{"embeddable":true,"href":"https:\/\/www.ficoba.org\/es\/wp-json\/wp\/v2\/media\/19036"}],"wp:attachment":[{"href":"https:\/\/www.ficoba.org\/es\/wp-json\/wp\/v2\/media?parent=19035"}],"wp:term":[{"taxonomy":"category","embeddable":true,"href":"https:\/\/www.ficoba.org\/es\/wp-json\/wp\/v2\/categories?post=19035"},{"taxonomy":"post_tag","embeddable":true,"href":"https:\/\/www.ficoba.org\/es\/wp-json\/wp\/v2\/tags?post=19035"}],"curies":[{"name":"wp","href":"https:\/\/api.w.org\/{rel}","templated":true}]}}