{"id":18982,"date":"2024-02-26T13:53:22","date_gmt":"2024-02-26T11:53:22","guid":{"rendered":"https:\/\/www.ficoba.org\/?p=18982"},"modified":"2024-02-26T13:53:22","modified_gmt":"2024-02-26T11:53:22","slug":"a-dos-meses-de-su-celebracion-mubil-mobility-expo-ha-comercializado-el-100-del-espacio-expositivo","status":"publish","type":"post","link":"https:\/\/www.ficoba.org\/es\/a-dos-meses-de-su-celebracion-mubil-mobility-expo-ha-comercializado-el-100-del-espacio-expositivo\/","title":{"rendered":"A dos meses de su celebraci\u00f3n, MUBIL Mobility Expo ha comercializado el 100% del espacio expositivo"},"content":{"rendered":"<ul>\n<li><strong>El Comit\u00e9 T\u00e9cnico de la feria se ha reunido esta ma\u00f1ana en Ficoba<\/strong><\/li>\n<li><strong>MUBIL Mobility Expo se celebrar\u00e1 en Ficoba el 17 y 18 de abril<\/strong><\/li>\n<\/ul>\n<p>MUBIL Mobility Expo, la feria profesional de la industria de la movilidad sostenible en el sur de Europa, ha logrado comercializar ya el 100% del espacio expositivo. Los tres pabellones de Ficoba acoger\u00e1n, los pr\u00f3ximos 17 y 18 de abril, a un centenar de empresas, centros tecnol\u00f3gicos, instituciones y asociaciones ligadas a la movilidad sostenible y a la energ\u00eda, en una nueva edici\u00f3n de la feria que se augura exitosa.<\/p>\n<p>El comit\u00e9 t\u00e9cnico de MUBIL Mobility Expo ha mantenido esta ma\u00f1ana en Ficoba su \u00faltima reuni\u00f3n antes de la celebraci\u00f3n de la feria.\u00a0 En el encuentro se ha constatado la buena respuesta que est\u00e1 teniendo en el sector esta cuarta edici\u00f3n de la feria. Los esfuerzos se centran ahora en la captaci\u00f3n de visitantes, especialmente operadores, compradores, decisores de ciudades y empresas y proveedores de servicios en b\u00fasqueda de nuevas oportunidades de negocio.<\/p>\n<p><em>\u00a0<\/em>Asimismo, como en ediciones anteriores, MUBIL Mobility Expo promover\u00e1 la asistencia de visitantes especializados (tanto de empresa privada como p\u00fablica) con capacidad y previsi\u00f3n de inversi\u00f3n contrastada en productos y servicios de movilidad sostenible mediante la organizaci\u00f3n de un Programa de Hosted Buyers.<\/p>\n<p><strong>Direbus, nuevo miembro del Comit\u00e9 T\u00e9cnico <\/strong><\/p>\n<p>La reuni\u00f3n del Comit\u00e9 T\u00e9cnico de MUBIL Mobility Expo celebrada esta ma\u00f1ana ha contado con la participaci\u00f3n de Direbus, nuevo miembro que se suma a las instituciones p\u00fablicas, empresas, centros tecnol\u00f3gicos y asociaciones ligadas a la movilidad sostenible y a la energ\u00eda, que est\u00e1n trabajando en la cuarta edici\u00f3n de la feria.<\/p>\n<p>Direbus es una organizaci\u00f3n empresarial de las PYMES del Sector del Transporte de Servicios P\u00fablicos Discrecionales y Regulares de Viajeros por Carretera, con representaci\u00f3n en todas las Comunidades Aut\u00f3nomas y m\u00e1s de 700 empresas afiliadas prestatarias de servicios de transporte por carretera.<\/p>\n<p><strong>Sobre MUBIL Mobility Expo<\/strong><\/p>\n<p>MUBIL Mobility Expo, la feria profesional de la industria de la movilidad sostenible en el sur de Europa, es una cita impulsada por MUBIL, polo de movilidad inteligente y sostenible de Euskadi, que se cre\u00f3 dentro de la iniciativa Etorkizuna Eraikiz de la Diputaci\u00f3n Foral de Gipuzkoa y cuenta con el apoyo del Gobierno Vasco y el EVE (Ente Vasco de la Energ\u00eda), con el objeto de reforzar las capacidades existentes en este sector, impulsar su desarrollo y reforzar la competitividad y posicionamiento internacional del tejido empresarial en esta materia. MUBIL Mobility Expo es el punto de encuentro profesional de la cadena de valor de la movilidad sostenible entendida como limpia, accesible, segura y conectada. Un espacio en el que se dan cita los principales actores p\u00fablicos y privados y donde las necesidades del presente y los retos futuros de la movilidad sostenible encuentran sus soluciones industriales y digitales.<\/p>\n<p><strong>Integrantes del comit\u00e9 t\u00e9cnico de MUBIL Mobility Expo\u00a0\u00a0\u00a0\u00a0\u00a0\u00a0\u00a0\u00a0\u00a0\u00a0\u00a0\u00a0\u00a0 <\/strong><\/p>\n<ul>\n<li>AEDIVE (Asociaci\u00f3n Empresarial para el desarrollo e impulso del veh\u00edculo el\u00e9ctrico)<\/li>\n<li>BRTA-Basque Research and Technology Alliance<\/li>\n<li>C\u00e1mara de Comercio de Gipuzkoa<\/li>\n<li>Cl\u00faster de Energ\u00eda<\/li>\n<li>Cl\u00faster de Movilidad y Log\u00edstica de Euskadi<\/li>\n<li>Colegio Oficial de Ingenieros industriales de Gipuzkoa<\/li>\n<li>Diputaci\u00f3n Foral de Gipuzkoa<\/li>\n<li>Direbus<\/li>\n<li>EIT Innoenergy (European Institute of Innovation &amp; Technology)<\/li>\n<li>EIT Urban Mobility (European Institute of Innovation &amp; Technology)<\/li>\n<li>Ente Vasco de la Energ\u00eda<\/li>\n<li>Gobierno Vasco<\/li>\n<li>Grupo CAF-Solaris<\/li>\n<li>Ibil<\/li>\n<li>Indar (Grupo Ingeteam)<\/li>\n<li>Irizar e-mobility<\/li>\n<li>MUBIL<\/li>\n<li>Oficina de la Eurorregi\u00f3n Euskadi-Navarra-Aquitania<\/li>\n<li>Petronor<\/li>\n<li>Tecnalia<\/li>\n<\/ul>\n<p><strong>\u00a0<\/strong><\/p>\n<p><a href=\"https:\/\/www.mubilexpo.eus\/\"><strong>https:\/\/www.mubilexpo.eus\/<\/strong><\/a><\/p>\n<p>&nbsp;<\/p>\n","protected":false},"excerpt":{"rendered":"<p>El Comit\u00e9 T\u00e9cnico de la feria se ha reunido esta ma\u00f1ana en Ficoba MUBIL Mobility Expo se celebrar\u00e1 en Ficoba el 17 y 18 de abril MUBIL Mobility Expo, la [&hellip;]<\/p>\n","protected":false},"author":2,"featured_media":18983,"comment_status":"closed","ping_status":"closed","sticky":false,"template":"","format":"standard","meta":{"_et_pb_use_builder":"","_et_pb_old_content":"","_et_gb_content_width":"","footnotes":""},"categories":[3],"tags":[387,378,118],"class_list":["post-18982","post","type-post","status-publish","format-standard","has-post-thumbnail","hentry","category-eventos-y-ferias","tag-coche-electrico","tag-hidrogeno","tag-movilidad-sostenible"],"yoast_head":"<!-- This site is optimized with the Yoast SEO plugin v26.8 - https:\/\/yoast.com\/product\/yoast-seo-wordpress\/ -->\n<title>A dos meses de su celebraci\u00f3n, MUBIL Mobility Expo ha comercializado el 100% del espacio expositivo - Ficoba<\/title>\n<meta name=\"robots\" content=\"index, follow, max-snippet:-1, max-image-preview:large, max-video-preview:-1\" \/>\n<link rel=\"canonical\" href=\"https:\/\/www.ficoba.org\/es\/a-dos-meses-de-su-celebracion-mubil-mobility-expo-ha-comercializado-el-100-del-espacio-expositivo\/\" \/>\n<meta name=\"twitter:label1\" content=\"Escrito por\" \/>\n\t<meta name=\"twitter:data1\" content=\"ficoba\" \/>\n\t<meta name=\"twitter:label2\" content=\"Tiempo de lectura\" \/>\n\t<meta name=\"twitter:data2\" content=\"3 minutos\" \/>\n<script type=\"application\/ld+json\" class=\"yoast-schema-graph\">{\"@context\":\"https:\/\/schema.org\",\"@graph\":[{\"@type\":\"Article\",\"@id\":\"https:\/\/www.ficoba.org\/es\/a-dos-meses-de-su-celebracion-mubil-mobility-expo-ha-comercializado-el-100-del-espacio-expositivo\/#article\",\"isPartOf\":{\"@id\":\"https:\/\/www.ficoba.org\/es\/a-dos-meses-de-su-celebracion-mubil-mobility-expo-ha-comercializado-el-100-del-espacio-expositivo\/\"},\"author\":{\"name\":\"ficoba\",\"@id\":\"https:\/\/www.ficoba.org\/es\/#\/schema\/person\/8a96a121e5dbd393e6e6b5a7ee7ed407\"},\"headline\":\"A dos meses de su celebraci\u00f3n, MUBIL Mobility Expo ha comercializado el 100% del espacio expositivo\",\"datePublished\":\"2024-02-26T11:53:22+00:00\",\"mainEntityOfPage\":{\"@id\":\"https:\/\/www.ficoba.org\/es\/a-dos-meses-de-su-celebracion-mubil-mobility-expo-ha-comercializado-el-100-del-espacio-expositivo\/\"},\"wordCount\":619,\"publisher\":{\"@id\":\"https:\/\/www.ficoba.org\/es\/#organization\"},\"image\":{\"@id\":\"https:\/\/www.ficoba.org\/es\/a-dos-meses-de-su-celebracion-mubil-mobility-expo-ha-comercializado-el-100-del-espacio-expositivo\/#primaryimage\"},\"thumbnailUrl\":\"https:\/\/www.ficoba.org\/wp-content\/uploads\/2024\/02\/MME-scaled.jpg\",\"keywords\":[\"coche el\u00e9ctrico\",\"hidr\u00f3geno\",\"Movilidad sostenible\"],\"articleSection\":[\"Eventos y ferias\"],\"inLanguage\":\"es\"},{\"@type\":\"WebPage\",\"@id\":\"https:\/\/www.ficoba.org\/es\/a-dos-meses-de-su-celebracion-mubil-mobility-expo-ha-comercializado-el-100-del-espacio-expositivo\/\",\"url\":\"https:\/\/www.ficoba.org\/es\/a-dos-meses-de-su-celebracion-mubil-mobility-expo-ha-comercializado-el-100-del-espacio-expositivo\/\",\"name\":\"A dos meses de su celebraci\u00f3n, MUBIL Mobility Expo ha comercializado el 100% del espacio expositivo - Ficoba\",\"isPartOf\":{\"@id\":\"https:\/\/www.ficoba.org\/es\/#website\"},\"primaryImageOfPage\":{\"@id\":\"https:\/\/www.ficoba.org\/es\/a-dos-meses-de-su-celebracion-mubil-mobility-expo-ha-comercializado-el-100-del-espacio-expositivo\/#primaryimage\"},\"image\":{\"@id\":\"https:\/\/www.ficoba.org\/es\/a-dos-meses-de-su-celebracion-mubil-mobility-expo-ha-comercializado-el-100-del-espacio-expositivo\/#primaryimage\"},\"thumbnailUrl\":\"https:\/\/www.ficoba.org\/wp-content\/uploads\/2024\/02\/MME-scaled.jpg\",\"datePublished\":\"2024-02-26T11:53:22+00:00\",\"breadcrumb\":{\"@id\":\"https:\/\/www.ficoba.org\/es\/a-dos-meses-de-su-celebracion-mubil-mobility-expo-ha-comercializado-el-100-del-espacio-expositivo\/#breadcrumb\"},\"inLanguage\":\"es\",\"potentialAction\":[{\"@type\":\"ReadAction\",\"target\":[\"https:\/\/www.ficoba.org\/es\/a-dos-meses-de-su-celebracion-mubil-mobility-expo-ha-comercializado-el-100-del-espacio-expositivo\/\"]}]},{\"@type\":\"ImageObject\",\"inLanguage\":\"es\",\"@id\":\"https:\/\/www.ficoba.org\/es\/a-dos-meses-de-su-celebracion-mubil-mobility-expo-ha-comercializado-el-100-del-espacio-expositivo\/#primaryimage\",\"url\":\"https:\/\/www.ficoba.org\/wp-content\/uploads\/2024\/02\/MME-scaled.jpg\",\"contentUrl\":\"https:\/\/www.ficoba.org\/wp-content\/uploads\/2024\/02\/MME-scaled.jpg\",\"width\":2560,\"height\":1920},{\"@type\":\"BreadcrumbList\",\"@id\":\"https:\/\/www.ficoba.org\/es\/a-dos-meses-de-su-celebracion-mubil-mobility-expo-ha-comercializado-el-100-del-espacio-expositivo\/#breadcrumb\",\"itemListElement\":[{\"@type\":\"ListItem\",\"position\":1,\"name\":\"Portada\",\"item\":\"https:\/\/www.ficoba.org\/es\/\"},{\"@type\":\"ListItem\",\"position\":2,\"name\":\"A dos meses de su celebraci\u00f3n, MUBIL Mobility Expo ha comercializado el 100% del espacio expositivo\"}]},{\"@type\":\"WebSite\",\"@id\":\"https:\/\/www.ficoba.org\/es\/#website\",\"url\":\"https:\/\/www.ficoba.org\/es\/\",\"name\":\"Ficoba, Recinto Ferial de Gipuzkoa\",\"description\":\"Ficoba, recinto ferial de Gipuzkoa\",\"publisher\":{\"@id\":\"https:\/\/www.ficoba.org\/es\/#organization\"},\"alternateName\":\"Ficoba\",\"potentialAction\":[{\"@type\":\"SearchAction\",\"target\":{\"@type\":\"EntryPoint\",\"urlTemplate\":\"https:\/\/www.ficoba.org\/es\/?s={search_term_string}\"},\"query-input\":{\"@type\":\"PropertyValueSpecification\",\"valueRequired\":true,\"valueName\":\"search_term_string\"}}],\"inLanguage\":\"es\"},{\"@type\":\"Organization\",\"@id\":\"https:\/\/www.ficoba.org\/es\/#organization\",\"name\":\"Ficoba, Reciento Ferial de Gipuzkoa\",\"url\":\"https:\/\/www.ficoba.org\/es\/\",\"logo\":{\"@type\":\"ImageObject\",\"inLanguage\":\"es\",\"@id\":\"https:\/\/www.ficoba.org\/es\/#\/schema\/logo\/image\/\",\"url\":\"https:\/\/www.ficoba.org\/wp-content\/uploads\/2018\/11\/logo_ficoba.png\",\"contentUrl\":\"https:\/\/www.ficoba.org\/wp-content\/uploads\/2018\/11\/logo_ficoba.png\",\"width\":200,\"height\":124,\"caption\":\"Ficoba, Reciento Ferial de Gipuzkoa\"},\"image\":{\"@id\":\"https:\/\/www.ficoba.org\/es\/#\/schema\/logo\/image\/\"},\"sameAs\":[\"https:\/\/www.facebook.com\/FICOBAFUNDAZIOA\/\",\"https:\/\/x.com\/FicobaFundazioa\",\"https:\/\/www.youtube.com\/channel\/UCvo2JGluemyCf5KPRmEF9JQ\",\"https:\/\/www.linkedin.com\/company\/ficoba\/\",\"https:\/\/www.instagram.com\/ficobafundazioa\/\"]},{\"@type\":\"Person\",\"@id\":\"https:\/\/www.ficoba.org\/es\/#\/schema\/person\/8a96a121e5dbd393e6e6b5a7ee7ed407\",\"name\":\"ficoba\",\"image\":{\"@type\":\"ImageObject\",\"inLanguage\":\"es\",\"@id\":\"https:\/\/www.ficoba.org\/es\/#\/schema\/person\/image\/\",\"url\":\"https:\/\/secure.gravatar.com\/avatar\/c90cc0e07f75fecbe4165c1906a4cd61b0179a28caae2205d37516e4fb7c30c1?s=96&d=mm&r=g\",\"contentUrl\":\"https:\/\/secure.gravatar.com\/avatar\/c90cc0e07f75fecbe4165c1906a4cd61b0179a28caae2205d37516e4fb7c30c1?s=96&d=mm&r=g\",\"caption\":\"ficoba\"}}]}<\/script>\n<!-- \/ Yoast SEO plugin. -->","yoast_head_json":{"title":"A dos meses de su celebraci\u00f3n, MUBIL Mobility Expo ha comercializado el 100% del espacio expositivo - Ficoba","robots":{"index":"index","follow":"follow","max-snippet":"max-snippet:-1","max-image-preview":"max-image-preview:large","max-video-preview":"max-video-preview:-1"},"canonical":"https:\/\/www.ficoba.org\/es\/a-dos-meses-de-su-celebracion-mubil-mobility-expo-ha-comercializado-el-100-del-espacio-expositivo\/","twitter_misc":{"Escrito por":"ficoba","Tiempo de lectura":"3 minutos"},"schema":{"@context":"https:\/\/schema.org","@graph":[{"@type":"Article","@id":"https:\/\/www.ficoba.org\/es\/a-dos-meses-de-su-celebracion-mubil-mobility-expo-ha-comercializado-el-100-del-espacio-expositivo\/#article","isPartOf":{"@id":"https:\/\/www.ficoba.org\/es\/a-dos-meses-de-su-celebracion-mubil-mobility-expo-ha-comercializado-el-100-del-espacio-expositivo\/"},"author":{"name":"ficoba","@id":"https:\/\/www.ficoba.org\/es\/#\/schema\/person\/8a96a121e5dbd393e6e6b5a7ee7ed407"},"headline":"A dos meses de su celebraci\u00f3n, MUBIL Mobility Expo ha comercializado el 100% del espacio expositivo","datePublished":"2024-02-26T11:53:22+00:00","mainEntityOfPage":{"@id":"https:\/\/www.ficoba.org\/es\/a-dos-meses-de-su-celebracion-mubil-mobility-expo-ha-comercializado-el-100-del-espacio-expositivo\/"},"wordCount":619,"publisher":{"@id":"https:\/\/www.ficoba.org\/es\/#organization"},"image":{"@id":"https:\/\/www.ficoba.org\/es\/a-dos-meses-de-su-celebracion-mubil-mobility-expo-ha-comercializado-el-100-del-espacio-expositivo\/#primaryimage"},"thumbnailUrl":"https:\/\/www.ficoba.org\/wp-content\/uploads\/2024\/02\/MME-scaled.jpg","keywords":["coche el\u00e9ctrico","hidr\u00f3geno","Movilidad sostenible"],"articleSection":["Eventos y ferias"],"inLanguage":"es"},{"@type":"WebPage","@id":"https:\/\/www.ficoba.org\/es\/a-dos-meses-de-su-celebracion-mubil-mobility-expo-ha-comercializado-el-100-del-espacio-expositivo\/","url":"https:\/\/www.ficoba.org\/es\/a-dos-meses-de-su-celebracion-mubil-mobility-expo-ha-comercializado-el-100-del-espacio-expositivo\/","name":"A dos meses de su celebraci\u00f3n, MUBIL Mobility Expo ha comercializado el 100% del espacio expositivo - Ficoba","isPartOf":{"@id":"https:\/\/www.ficoba.org\/es\/#website"},"primaryImageOfPage":{"@id":"https:\/\/www.ficoba.org\/es\/a-dos-meses-de-su-celebracion-mubil-mobility-expo-ha-comercializado-el-100-del-espacio-expositivo\/#primaryimage"},"image":{"@id":"https:\/\/www.ficoba.org\/es\/a-dos-meses-de-su-celebracion-mubil-mobility-expo-ha-comercializado-el-100-del-espacio-expositivo\/#primaryimage"},"thumbnailUrl":"https:\/\/www.ficoba.org\/wp-content\/uploads\/2024\/02\/MME-scaled.jpg","datePublished":"2024-02-26T11:53:22+00:00","breadcrumb":{"@id":"https:\/\/www.ficoba.org\/es\/a-dos-meses-de-su-celebracion-mubil-mobility-expo-ha-comercializado-el-100-del-espacio-expositivo\/#breadcrumb"},"inLanguage":"es","potentialAction":[{"@type":"ReadAction","target":["https:\/\/www.ficoba.org\/es\/a-dos-meses-de-su-celebracion-mubil-mobility-expo-ha-comercializado-el-100-del-espacio-expositivo\/"]}]},{"@type":"ImageObject","inLanguage":"es","@id":"https:\/\/www.ficoba.org\/es\/a-dos-meses-de-su-celebracion-mubil-mobility-expo-ha-comercializado-el-100-del-espacio-expositivo\/#primaryimage","url":"https:\/\/www.ficoba.org\/wp-content\/uploads\/2024\/02\/MME-scaled.jpg","contentUrl":"https:\/\/www.ficoba.org\/wp-content\/uploads\/2024\/02\/MME-scaled.jpg","width":2560,"height":1920},{"@type":"BreadcrumbList","@id":"https:\/\/www.ficoba.org\/es\/a-dos-meses-de-su-celebracion-mubil-mobility-expo-ha-comercializado-el-100-del-espacio-expositivo\/#breadcrumb","itemListElement":[{"@type":"ListItem","position":1,"name":"Portada","item":"https:\/\/www.ficoba.org\/es\/"},{"@type":"ListItem","position":2,"name":"A dos meses de su celebraci\u00f3n, MUBIL Mobility Expo ha comercializado el 100% del espacio expositivo"}]},{"@type":"WebSite","@id":"https:\/\/www.ficoba.org\/es\/#website","url":"https:\/\/www.ficoba.org\/es\/","name":"Ficoba, Recinto Ferial de Gipuzkoa","description":"Ficoba, recinto ferial de Gipuzkoa","publisher":{"@id":"https:\/\/www.ficoba.org\/es\/#organization"},"alternateName":"Ficoba","potentialAction":[{"@type":"SearchAction","target":{"@type":"EntryPoint","urlTemplate":"https:\/\/www.ficoba.org\/es\/?s={search_term_string}"},"query-input":{"@type":"PropertyValueSpecification","valueRequired":true,"valueName":"search_term_string"}}],"inLanguage":"es"},{"@type":"Organization","@id":"https:\/\/www.ficoba.org\/es\/#organization","name":"Ficoba, Reciento Ferial de Gipuzkoa","url":"https:\/\/www.ficoba.org\/es\/","logo":{"@type":"ImageObject","inLanguage":"es","@id":"https:\/\/www.ficoba.org\/es\/#\/schema\/logo\/image\/","url":"https:\/\/www.ficoba.org\/wp-content\/uploads\/2018\/11\/logo_ficoba.png","contentUrl":"https:\/\/www.ficoba.org\/wp-content\/uploads\/2018\/11\/logo_ficoba.png","width":200,"height":124,"caption":"Ficoba, Reciento Ferial de Gipuzkoa"},"image":{"@id":"https:\/\/www.ficoba.org\/es\/#\/schema\/logo\/image\/"},"sameAs":["https:\/\/www.facebook.com\/FICOBAFUNDAZIOA\/","https:\/\/x.com\/FicobaFundazioa","https:\/\/www.youtube.com\/channel\/UCvo2JGluemyCf5KPRmEF9JQ","https:\/\/www.linkedin.com\/company\/ficoba\/","https:\/\/www.instagram.com\/ficobafundazioa\/"]},{"@type":"Person","@id":"https:\/\/www.ficoba.org\/es\/#\/schema\/person\/8a96a121e5dbd393e6e6b5a7ee7ed407","name":"ficoba","image":{"@type":"ImageObject","inLanguage":"es","@id":"https:\/\/www.ficoba.org\/es\/#\/schema\/person\/image\/","url":"https:\/\/secure.gravatar.com\/avatar\/c90cc0e07f75fecbe4165c1906a4cd61b0179a28caae2205d37516e4fb7c30c1?s=96&d=mm&r=g","contentUrl":"https:\/\/secure.gravatar.com\/avatar\/c90cc0e07f75fecbe4165c1906a4cd61b0179a28caae2205d37516e4fb7c30c1?s=96&d=mm&r=g","caption":"ficoba"}}]}},"_links":{"self":[{"href":"https:\/\/www.ficoba.org\/es\/wp-json\/wp\/v2\/posts\/18982","targetHints":{"allow":["GET"]}}],"collection":[{"href":"https:\/\/www.ficoba.org\/es\/wp-json\/wp\/v2\/posts"}],"about":[{"href":"https:\/\/www.ficoba.org\/es\/wp-json\/wp\/v2\/types\/post"}],"author":[{"embeddable":true,"href":"https:\/\/www.ficoba.org\/es\/wp-json\/wp\/v2\/users\/2"}],"replies":[{"embeddable":true,"href":"https:\/\/www.ficoba.org\/es\/wp-json\/wp\/v2\/comments?post=18982"}],"version-history":[{"count":1,"href":"https:\/\/www.ficoba.org\/es\/wp-json\/wp\/v2\/posts\/18982\/revisions"}],"predecessor-version":[{"id":18987,"href":"https:\/\/www.ficoba.org\/es\/wp-json\/wp\/v2\/posts\/18982\/revisions\/18987"}],"wp:featuredmedia":[{"embeddable":true,"href":"https:\/\/www.ficoba.org\/es\/wp-json\/wp\/v2\/media\/18983"}],"wp:attachment":[{"href":"https:\/\/www.ficoba.org\/es\/wp-json\/wp\/v2\/media?parent=18982"}],"wp:term":[{"taxonomy":"category","embeddable":true,"href":"https:\/\/www.ficoba.org\/es\/wp-json\/wp\/v2\/categories?post=18982"},{"taxonomy":"post_tag","embeddable":true,"href":"https:\/\/www.ficoba.org\/es\/wp-json\/wp\/v2\/tags?post=18982"}],"curies":[{"name":"wp","href":"https:\/\/api.w.org\/{rel}","templated":true}]}}