{"id":18838,"date":"2024-02-02T13:55:03","date_gmt":"2024-02-02T11:55:03","guid":{"rendered":"https:\/\/www.ficoba.org\/?p=18838"},"modified":"2024-02-02T13:55:03","modified_gmt":"2024-02-02T11:55:03","slug":"bioterra-2024-del-7-al-9-de-junio-en-ficoba","status":"publish","type":"post","link":"https:\/\/www.ficoba.org\/es\/bioterra-2024-del-7-al-9-de-junio-en-ficoba\/","title":{"rendered":"Bioterra 2024: del 7 al 9 de junio en Ficoba"},"content":{"rendered":"<ul>\n<li><strong>En esta edici\u00f3n n\u00famero 21 la feria prestar\u00e1 especial atenci\u00f3n al activismo y presentar\u00e1 diversas propuestas en torno a la celebraci\u00f3n el 8 de junio del D\u00eda Mundial de los Oc\u00e9anos<\/strong><\/li>\n<\/ul>\n<p>Ya est\u00e1 en marcha la comercializaci\u00f3n de una nueva edici\u00f3n de Bioterra, la feria de Euskadi de productos ecol\u00f3gicos, bioconstrucci\u00f3n, energ\u00edas renovables y consumo responsable, que este a\u00f1o se desarrollar\u00e1 bajo el lema \u2018Compromiso ecol\u00f3gico\u2019. Una cita, que forma parte del calendario desde hace 21 a\u00f1os del calendario de empresas expositoras y visitantes. \u00a0Una comunidad cada vez m\u00e1s amplia, comprometida con los productos y servicios respetuosos con el medioambiente, que desea informarse y profundizar en estas propuestas y para la que Bioterra es una cita ineludible.<\/p>\n<p><strong>Una mirada integral a la sostenibilidad<\/strong><\/p>\n<p>La creciente concienciaci\u00f3n de la sociedad en torno a los temas medioambientales y su apertura a pr\u00e1cticamente todas las actividades econ\u00f3micas es un hecho. Se est\u00e1 imponiendo una visi\u00f3n en la que se percibe que la multitud de factores que inciden en la sostenibilidad del planeta hacen necesarias acciones por parte de los gobiernos, las entidades supranacionales, las empresas\u2026 Pero que tambi\u00e9n nos interpelan a todos y cada uno de nosotros en pr\u00e1cticamente todas las facetas de nuestra vida.<\/p>\n<p>De ah\u00ed que esta 21 edici\u00f3n de Bioterra quiera abrir tambi\u00e9n una ventana al activismo como movimiento social que busca solucionar problem\u00e1ticas medioambientales, tanto de manera individual como colectiva. Y como este a\u00f1o la celebraci\u00f3n de la feria coincide con el D\u00eda Mundial de los Oc\u00e9anos tambi\u00e9n se est\u00e1n organizando actividades, que incidan en la importancia de los mares para la supervivencia de todas las especies, en su calidad de pulm\u00f3n del planeta y responsables de generar gran parte del ox\u00edgeno del planeta.<\/p>\n<p><strong>Una cita con m\u00faltiples propuestas, pensada para toda la familia<\/strong><\/p>\n<p>En pr\u00f3ximas semanas, Bioterra dar\u00e1 a conocer su programa de actividades. Una propuesta en la que tiene cabida un amplio abanico de pr\u00e1cticas ecol\u00f3gicas para promover un futuro sostenible. Un compromiso que Bioterra aborda con una zona expositiva en la que se puede descubrir toda una gama de productos y servicios ecol\u00f3gicos que cuidan el planeta y mejoran el estilo de vida. Y tambi\u00e9n con iniciativas de educaci\u00f3n ambiental para conocer pr\u00e1cticas sostenibles y descubrir c\u00f3mo peque\u00f1as acciones pueden tener un gran impacto en la salud de nuestro planeta.<\/p>\n<p>La cocina ecol\u00f3gica, que permite comer rico y saludable mientras reduce el impacto ambiental de la alimentaci\u00f3n, es otra de las propuestas de mayor \u00e9xito de Bioterra. A la que hay que sumar las propuestas para adoptar un estilo de vida m\u00e1s sostenible, tambi\u00e9n en la moda y en el propio hogar.<\/p>\n<p>Porque a Bioterra se viene a ver y a conocer, pero tambi\u00e9n a aprender y a reflexionar. Todo ello con el objetivo de que los grandes acuerdos, unidos a las peque\u00f1as acciones y decisiones de cada d\u00eda ayuden a hacer de la Tierra un lugar m\u00e1s sostenible.<\/p>\n<p><strong>www.bioterra.org<\/strong><\/p>\n","protected":false},"excerpt":{"rendered":"<p>En esta edici\u00f3n n\u00famero 21 la feria prestar\u00e1 especial atenci\u00f3n al activismo y presentar\u00e1 diversas propuestas en torno a la celebraci\u00f3n el 8 de junio del D\u00eda Mundial de los [&hellip;]<\/p>\n","protected":false},"author":2,"featured_media":18847,"comment_status":"closed","ping_status":"closed","sticky":false,"template":"","format":"standard","meta":{"_et_pb_use_builder":"","_et_pb_old_content":"","_et_gb_content_width":"","footnotes":""},"categories":[3],"tags":[70,386,116,384,186,112,115,361,385,68],"class_list":["post-18838","post","type-post","status-publish","format-standard","has-post-thumbnail","hentry","category-eventos-y-ferias","tag-agricultura-ecologica","tag-bienestar","tag-bioconstruccion","tag-compromiso-ecologico","tag-consumo-responsable","tag-cosmetica-ecologica","tag-feria-ecologica","tag-medioambiente","tag-moda-ecologica","tag-sostenibilidad"],"yoast_head":"<!-- This site is optimized with the Yoast SEO plugin v26.8 - https:\/\/yoast.com\/product\/yoast-seo-wordpress\/ -->\n<title>Bioterra 2024: del 7 al 9 de junio en Ficoba - Ficoba<\/title>\n<meta name=\"robots\" content=\"index, follow, max-snippet:-1, max-image-preview:large, max-video-preview:-1\" \/>\n<link rel=\"canonical\" href=\"https:\/\/www.ficoba.org\/es\/bioterra-2024-del-7-al-9-de-junio-en-ficoba\/\" \/>\n<meta name=\"twitter:label1\" content=\"Escrito por\" \/>\n\t<meta name=\"twitter:data1\" content=\"ficoba\" \/>\n\t<meta name=\"twitter:label2\" content=\"Tiempo de lectura\" \/>\n\t<meta name=\"twitter:data2\" content=\"3 minutos\" \/>\n<script type=\"application\/ld+json\" class=\"yoast-schema-graph\">{\"@context\":\"https:\/\/schema.org\",\"@graph\":[{\"@type\":\"Article\",\"@id\":\"https:\/\/www.ficoba.org\/es\/bioterra-2024-del-7-al-9-de-junio-en-ficoba\/#article\",\"isPartOf\":{\"@id\":\"https:\/\/www.ficoba.org\/es\/bioterra-2024-del-7-al-9-de-junio-en-ficoba\/\"},\"author\":{\"name\":\"ficoba\",\"@id\":\"https:\/\/www.ficoba.org\/es\/#\/schema\/person\/8a96a121e5dbd393e6e6b5a7ee7ed407\"},\"headline\":\"Bioterra 2024: del 7 al 9 de junio en Ficoba\",\"datePublished\":\"2024-02-02T11:55:03+00:00\",\"mainEntityOfPage\":{\"@id\":\"https:\/\/www.ficoba.org\/es\/bioterra-2024-del-7-al-9-de-junio-en-ficoba\/\"},\"wordCount\":539,\"publisher\":{\"@id\":\"https:\/\/www.ficoba.org\/es\/#organization\"},\"image\":{\"@id\":\"https:\/\/www.ficoba.org\/es\/bioterra-2024-del-7-al-9-de-junio-en-ficoba\/#primaryimage\"},\"thumbnailUrl\":\"https:\/\/www.ficoba.org\/wp-content\/uploads\/2024\/02\/CMYK_marca_bioterra_2024-VERT.png\",\"keywords\":[\"agricultura ecol\u00f3gica\",\"bienestar\",\"bioconstrucci\u00f3n\",\"compromiso ecol\u00f3gico\",\"consumo responsable\",\"cosm\u00e9tica ecol\u00f3gica\",\"feria ecol\u00f3gica\",\"medioambiente\",\"moda ecol\u00f3gica\",\"sostenibilidad\"],\"articleSection\":[\"Eventos y ferias\"],\"inLanguage\":\"es\"},{\"@type\":\"WebPage\",\"@id\":\"https:\/\/www.ficoba.org\/es\/bioterra-2024-del-7-al-9-de-junio-en-ficoba\/\",\"url\":\"https:\/\/www.ficoba.org\/es\/bioterra-2024-del-7-al-9-de-junio-en-ficoba\/\",\"name\":\"Bioterra 2024: del 7 al 9 de junio en Ficoba - Ficoba\",\"isPartOf\":{\"@id\":\"https:\/\/www.ficoba.org\/es\/#website\"},\"primaryImageOfPage\":{\"@id\":\"https:\/\/www.ficoba.org\/es\/bioterra-2024-del-7-al-9-de-junio-en-ficoba\/#primaryimage\"},\"image\":{\"@id\":\"https:\/\/www.ficoba.org\/es\/bioterra-2024-del-7-al-9-de-junio-en-ficoba\/#primaryimage\"},\"thumbnailUrl\":\"https:\/\/www.ficoba.org\/wp-content\/uploads\/2024\/02\/CMYK_marca_bioterra_2024-VERT.png\",\"datePublished\":\"2024-02-02T11:55:03+00:00\",\"breadcrumb\":{\"@id\":\"https:\/\/www.ficoba.org\/es\/bioterra-2024-del-7-al-9-de-junio-en-ficoba\/#breadcrumb\"},\"inLanguage\":\"es\",\"potentialAction\":[{\"@type\":\"ReadAction\",\"target\":[\"https:\/\/www.ficoba.org\/es\/bioterra-2024-del-7-al-9-de-junio-en-ficoba\/\"]}]},{\"@type\":\"ImageObject\",\"inLanguage\":\"es\",\"@id\":\"https:\/\/www.ficoba.org\/es\/bioterra-2024-del-7-al-9-de-junio-en-ficoba\/#primaryimage\",\"url\":\"https:\/\/www.ficoba.org\/wp-content\/uploads\/2024\/02\/CMYK_marca_bioterra_2024-VERT.png\",\"contentUrl\":\"https:\/\/www.ficoba.org\/wp-content\/uploads\/2024\/02\/CMYK_marca_bioterra_2024-VERT.png\",\"width\":1000,\"height\":1000},{\"@type\":\"BreadcrumbList\",\"@id\":\"https:\/\/www.ficoba.org\/es\/bioterra-2024-del-7-al-9-de-junio-en-ficoba\/#breadcrumb\",\"itemListElement\":[{\"@type\":\"ListItem\",\"position\":1,\"name\":\"Portada\",\"item\":\"https:\/\/www.ficoba.org\/es\/\"},{\"@type\":\"ListItem\",\"position\":2,\"name\":\"Bioterra 2024: del 7 al 9 de junio en Ficoba\"}]},{\"@type\":\"WebSite\",\"@id\":\"https:\/\/www.ficoba.org\/es\/#website\",\"url\":\"https:\/\/www.ficoba.org\/es\/\",\"name\":\"Ficoba, Recinto Ferial de Gipuzkoa\",\"description\":\"Ficoba, recinto ferial de Gipuzkoa\",\"publisher\":{\"@id\":\"https:\/\/www.ficoba.org\/es\/#organization\"},\"alternateName\":\"Ficoba\",\"potentialAction\":[{\"@type\":\"SearchAction\",\"target\":{\"@type\":\"EntryPoint\",\"urlTemplate\":\"https:\/\/www.ficoba.org\/es\/?s={search_term_string}\"},\"query-input\":{\"@type\":\"PropertyValueSpecification\",\"valueRequired\":true,\"valueName\":\"search_term_string\"}}],\"inLanguage\":\"es\"},{\"@type\":\"Organization\",\"@id\":\"https:\/\/www.ficoba.org\/es\/#organization\",\"name\":\"Ficoba, Reciento Ferial de Gipuzkoa\",\"url\":\"https:\/\/www.ficoba.org\/es\/\",\"logo\":{\"@type\":\"ImageObject\",\"inLanguage\":\"es\",\"@id\":\"https:\/\/www.ficoba.org\/es\/#\/schema\/logo\/image\/\",\"url\":\"https:\/\/www.ficoba.org\/wp-content\/uploads\/2018\/11\/logo_ficoba.png\",\"contentUrl\":\"https:\/\/www.ficoba.org\/wp-content\/uploads\/2018\/11\/logo_ficoba.png\",\"width\":200,\"height\":124,\"caption\":\"Ficoba, Reciento Ferial de Gipuzkoa\"},\"image\":{\"@id\":\"https:\/\/www.ficoba.org\/es\/#\/schema\/logo\/image\/\"},\"sameAs\":[\"https:\/\/www.facebook.com\/FICOBAFUNDAZIOA\/\",\"https:\/\/x.com\/FicobaFundazioa\",\"https:\/\/www.youtube.com\/channel\/UCvo2JGluemyCf5KPRmEF9JQ\",\"https:\/\/www.linkedin.com\/company\/ficoba\/\",\"https:\/\/www.instagram.com\/ficobafundazioa\/\"]},{\"@type\":\"Person\",\"@id\":\"https:\/\/www.ficoba.org\/es\/#\/schema\/person\/8a96a121e5dbd393e6e6b5a7ee7ed407\",\"name\":\"ficoba\",\"image\":{\"@type\":\"ImageObject\",\"inLanguage\":\"es\",\"@id\":\"https:\/\/www.ficoba.org\/es\/#\/schema\/person\/image\/\",\"url\":\"https:\/\/secure.gravatar.com\/avatar\/c90cc0e07f75fecbe4165c1906a4cd61b0179a28caae2205d37516e4fb7c30c1?s=96&d=mm&r=g\",\"contentUrl\":\"https:\/\/secure.gravatar.com\/avatar\/c90cc0e07f75fecbe4165c1906a4cd61b0179a28caae2205d37516e4fb7c30c1?s=96&d=mm&r=g\",\"caption\":\"ficoba\"}}]}<\/script>\n<!-- \/ Yoast SEO plugin. -->","yoast_head_json":{"title":"Bioterra 2024: del 7 al 9 de junio en Ficoba - Ficoba","robots":{"index":"index","follow":"follow","max-snippet":"max-snippet:-1","max-image-preview":"max-image-preview:large","max-video-preview":"max-video-preview:-1"},"canonical":"https:\/\/www.ficoba.org\/es\/bioterra-2024-del-7-al-9-de-junio-en-ficoba\/","twitter_misc":{"Escrito por":"ficoba","Tiempo de lectura":"3 minutos"},"schema":{"@context":"https:\/\/schema.org","@graph":[{"@type":"Article","@id":"https:\/\/www.ficoba.org\/es\/bioterra-2024-del-7-al-9-de-junio-en-ficoba\/#article","isPartOf":{"@id":"https:\/\/www.ficoba.org\/es\/bioterra-2024-del-7-al-9-de-junio-en-ficoba\/"},"author":{"name":"ficoba","@id":"https:\/\/www.ficoba.org\/es\/#\/schema\/person\/8a96a121e5dbd393e6e6b5a7ee7ed407"},"headline":"Bioterra 2024: del 7 al 9 de junio en Ficoba","datePublished":"2024-02-02T11:55:03+00:00","mainEntityOfPage":{"@id":"https:\/\/www.ficoba.org\/es\/bioterra-2024-del-7-al-9-de-junio-en-ficoba\/"},"wordCount":539,"publisher":{"@id":"https:\/\/www.ficoba.org\/es\/#organization"},"image":{"@id":"https:\/\/www.ficoba.org\/es\/bioterra-2024-del-7-al-9-de-junio-en-ficoba\/#primaryimage"},"thumbnailUrl":"https:\/\/www.ficoba.org\/wp-content\/uploads\/2024\/02\/CMYK_marca_bioterra_2024-VERT.png","keywords":["agricultura ecol\u00f3gica","bienestar","bioconstrucci\u00f3n","compromiso ecol\u00f3gico","consumo responsable","cosm\u00e9tica ecol\u00f3gica","feria ecol\u00f3gica","medioambiente","moda ecol\u00f3gica","sostenibilidad"],"articleSection":["Eventos y ferias"],"inLanguage":"es"},{"@type":"WebPage","@id":"https:\/\/www.ficoba.org\/es\/bioterra-2024-del-7-al-9-de-junio-en-ficoba\/","url":"https:\/\/www.ficoba.org\/es\/bioterra-2024-del-7-al-9-de-junio-en-ficoba\/","name":"Bioterra 2024: del 7 al 9 de junio en Ficoba - Ficoba","isPartOf":{"@id":"https:\/\/www.ficoba.org\/es\/#website"},"primaryImageOfPage":{"@id":"https:\/\/www.ficoba.org\/es\/bioterra-2024-del-7-al-9-de-junio-en-ficoba\/#primaryimage"},"image":{"@id":"https:\/\/www.ficoba.org\/es\/bioterra-2024-del-7-al-9-de-junio-en-ficoba\/#primaryimage"},"thumbnailUrl":"https:\/\/www.ficoba.org\/wp-content\/uploads\/2024\/02\/CMYK_marca_bioterra_2024-VERT.png","datePublished":"2024-02-02T11:55:03+00:00","breadcrumb":{"@id":"https:\/\/www.ficoba.org\/es\/bioterra-2024-del-7-al-9-de-junio-en-ficoba\/#breadcrumb"},"inLanguage":"es","potentialAction":[{"@type":"ReadAction","target":["https:\/\/www.ficoba.org\/es\/bioterra-2024-del-7-al-9-de-junio-en-ficoba\/"]}]},{"@type":"ImageObject","inLanguage":"es","@id":"https:\/\/www.ficoba.org\/es\/bioterra-2024-del-7-al-9-de-junio-en-ficoba\/#primaryimage","url":"https:\/\/www.ficoba.org\/wp-content\/uploads\/2024\/02\/CMYK_marca_bioterra_2024-VERT.png","contentUrl":"https:\/\/www.ficoba.org\/wp-content\/uploads\/2024\/02\/CMYK_marca_bioterra_2024-VERT.png","width":1000,"height":1000},{"@type":"BreadcrumbList","@id":"https:\/\/www.ficoba.org\/es\/bioterra-2024-del-7-al-9-de-junio-en-ficoba\/#breadcrumb","itemListElement":[{"@type":"ListItem","position":1,"name":"Portada","item":"https:\/\/www.ficoba.org\/es\/"},{"@type":"ListItem","position":2,"name":"Bioterra 2024: del 7 al 9 de junio en Ficoba"}]},{"@type":"WebSite","@id":"https:\/\/www.ficoba.org\/es\/#website","url":"https:\/\/www.ficoba.org\/es\/","name":"Ficoba, Recinto Ferial de Gipuzkoa","description":"Ficoba, recinto ferial de Gipuzkoa","publisher":{"@id":"https:\/\/www.ficoba.org\/es\/#organization"},"alternateName":"Ficoba","potentialAction":[{"@type":"SearchAction","target":{"@type":"EntryPoint","urlTemplate":"https:\/\/www.ficoba.org\/es\/?s={search_term_string}"},"query-input":{"@type":"PropertyValueSpecification","valueRequired":true,"valueName":"search_term_string"}}],"inLanguage":"es"},{"@type":"Organization","@id":"https:\/\/www.ficoba.org\/es\/#organization","name":"Ficoba, Reciento Ferial de Gipuzkoa","url":"https:\/\/www.ficoba.org\/es\/","logo":{"@type":"ImageObject","inLanguage":"es","@id":"https:\/\/www.ficoba.org\/es\/#\/schema\/logo\/image\/","url":"https:\/\/www.ficoba.org\/wp-content\/uploads\/2018\/11\/logo_ficoba.png","contentUrl":"https:\/\/www.ficoba.org\/wp-content\/uploads\/2018\/11\/logo_ficoba.png","width":200,"height":124,"caption":"Ficoba, Reciento Ferial de Gipuzkoa"},"image":{"@id":"https:\/\/www.ficoba.org\/es\/#\/schema\/logo\/image\/"},"sameAs":["https:\/\/www.facebook.com\/FICOBAFUNDAZIOA\/","https:\/\/x.com\/FicobaFundazioa","https:\/\/www.youtube.com\/channel\/UCvo2JGluemyCf5KPRmEF9JQ","https:\/\/www.linkedin.com\/company\/ficoba\/","https:\/\/www.instagram.com\/ficobafundazioa\/"]},{"@type":"Person","@id":"https:\/\/www.ficoba.org\/es\/#\/schema\/person\/8a96a121e5dbd393e6e6b5a7ee7ed407","name":"ficoba","image":{"@type":"ImageObject","inLanguage":"es","@id":"https:\/\/www.ficoba.org\/es\/#\/schema\/person\/image\/","url":"https:\/\/secure.gravatar.com\/avatar\/c90cc0e07f75fecbe4165c1906a4cd61b0179a28caae2205d37516e4fb7c30c1?s=96&d=mm&r=g","contentUrl":"https:\/\/secure.gravatar.com\/avatar\/c90cc0e07f75fecbe4165c1906a4cd61b0179a28caae2205d37516e4fb7c30c1?s=96&d=mm&r=g","caption":"ficoba"}}]}},"_links":{"self":[{"href":"https:\/\/www.ficoba.org\/es\/wp-json\/wp\/v2\/posts\/18838","targetHints":{"allow":["GET"]}}],"collection":[{"href":"https:\/\/www.ficoba.org\/es\/wp-json\/wp\/v2\/posts"}],"about":[{"href":"https:\/\/www.ficoba.org\/es\/wp-json\/wp\/v2\/types\/post"}],"author":[{"embeddable":true,"href":"https:\/\/www.ficoba.org\/es\/wp-json\/wp\/v2\/users\/2"}],"replies":[{"embeddable":true,"href":"https:\/\/www.ficoba.org\/es\/wp-json\/wp\/v2\/comments?post=18838"}],"version-history":[{"count":1,"href":"https:\/\/www.ficoba.org\/es\/wp-json\/wp\/v2\/posts\/18838\/revisions"}],"predecessor-version":[{"id":18851,"href":"https:\/\/www.ficoba.org\/es\/wp-json\/wp\/v2\/posts\/18838\/revisions\/18851"}],"wp:featuredmedia":[{"embeddable":true,"href":"https:\/\/www.ficoba.org\/es\/wp-json\/wp\/v2\/media\/18847"}],"wp:attachment":[{"href":"https:\/\/www.ficoba.org\/es\/wp-json\/wp\/v2\/media?parent=18838"}],"wp:term":[{"taxonomy":"category","embeddable":true,"href":"https:\/\/www.ficoba.org\/es\/wp-json\/wp\/v2\/categories?post=18838"},{"taxonomy":"post_tag","embeddable":true,"href":"https:\/\/www.ficoba.org\/es\/wp-json\/wp\/v2\/tags?post=18838"}],"curies":[{"name":"wp","href":"https:\/\/api.w.org\/{rel}","templated":true}]}}