{"id":18827,"date":"2024-02-02T13:41:59","date_gmt":"2024-02-02T11:41:59","guid":{"rendered":"https:\/\/www.ficoba.org\/?p=18827"},"modified":"2024-02-02T13:41:59","modified_gmt":"2024-02-02T11:41:59","slug":"cristina-laborda-primera-mujer-en-presidir-el-patronato-de-fundacion-ficoba","status":"publish","type":"post","link":"https:\/\/www.ficoba.org\/es\/cristina-laborda-primera-mujer-en-presidir-el-patronato-de-fundacion-ficoba\/","title":{"rendered":"Cristina Laborda: primera mujer en presidir el patronato de Fundaci\u00f3n Ficoba"},"content":{"rendered":"<p><em>(Irun, 30 de enero de 2024<\/em>). Esta ma\u00f1ana ha tenido lugar el primer patronato de la Fundaci\u00f3n Ficoba en 2024. Una cita especial porque es el primero en el que ha participado en calidad de presidenta Cristina Laborda, alcaldesa de Irun. De esta forma, el patronato del recinto ferial de Gipuzkoa ha estado presidido por primera vez por una mujer.<\/p>\n<p>En la reuni\u00f3n se han tratado los temas habituales de las reuniones que el patronato celebra a principios de a\u00f1o como la aprobaci\u00f3n del presupuesto para el ejercicio 2024, as\u00ed como el calendario de actividades de Ficoba durante el presente ejercicio.<\/p>\n<p><strong>Nuevos eventos <\/strong><\/p>\n<p>Adelantando parte del calendario de Ficoba para 2024, que se presentar\u00e1 en las pr\u00f3ximas semanas, cabe destacar la importante actividad que se va a desarrollar durante el mes de febrero con la incorporaci\u00f3n de nuevos eventos al calendario ferial. Entre los destacados se encuentran el <strong>I Encuentro de la Industria Tur\u00edstica de Gipuzkoa (8 de febrero), Direbus III Congreso Nacional de Pymes del Transporte de Viajeros por Carretera (22 y 23 de febrero)<\/strong>, los <strong>Premios Irun Ekintzan (22 de febrero)<\/strong> y el <strong>Raid Solidario Twing Raid (27 de febrero), <\/strong>que comenzar\u00e1 en Ficoba, desde donde m\u00e1s de 200 participantes recorrer\u00e1n 4.000 kil\u00f3metros en Twingo hasta llegar a Marrakech durante 10 d\u00edas.<\/p>\n<p>La inclusi\u00f3n de estos eventos en el calendario refuerza el compromiso de Ficoba con la diversidad de actividades y la promoci\u00f3n de eventos significativos.<\/p>\n<p><strong>www.ficoba.org<\/strong><\/p>\n","protected":false},"excerpt":{"rendered":"<p>(Irun, 30 de enero de 2024). Esta ma\u00f1ana ha tenido lugar el primer patronato de la Fundaci\u00f3n Ficoba en 2024. Una cita especial porque es el primero en el que [&hellip;]<\/p>\n","protected":false},"author":2,"featured_media":18828,"comment_status":"closed","ping_status":"closed","sticky":false,"template":"","format":"standard","meta":{"_et_pb_use_builder":"","_et_pb_old_content":"","_et_gb_content_width":"","footnotes":""},"categories":[1],"tags":[383,382],"class_list":["post-18827","post","type-post","status-publish","format-standard","has-post-thumbnail","hentry","category-noticias","tag-cristina-laborda","tag-fundacion-ficoba"],"yoast_head":"<!-- This site is optimized with the Yoast SEO plugin v26.8 - https:\/\/yoast.com\/product\/yoast-seo-wordpress\/ -->\n<title>Cristina Laborda: primera mujer en presidir el patronato de Fundaci\u00f3n Ficoba - Ficoba<\/title>\n<meta name=\"robots\" content=\"index, follow, max-snippet:-1, max-image-preview:large, max-video-preview:-1\" \/>\n<link rel=\"canonical\" href=\"https:\/\/www.ficoba.org\/es\/cristina-laborda-primera-mujer-en-presidir-el-patronato-de-fundacion-ficoba\/\" \/>\n<meta name=\"twitter:label1\" content=\"Escrito por\" \/>\n\t<meta name=\"twitter:data1\" content=\"ficoba\" \/>\n\t<meta name=\"twitter:label2\" content=\"Tiempo de lectura\" \/>\n\t<meta name=\"twitter:data2\" content=\"1 minuto\" \/>\n<script type=\"application\/ld+json\" class=\"yoast-schema-graph\">{\"@context\":\"https:\/\/schema.org\",\"@graph\":[{\"@type\":\"Article\",\"@id\":\"https:\/\/www.ficoba.org\/es\/cristina-laborda-primera-mujer-en-presidir-el-patronato-de-fundacion-ficoba\/#article\",\"isPartOf\":{\"@id\":\"https:\/\/www.ficoba.org\/es\/cristina-laborda-primera-mujer-en-presidir-el-patronato-de-fundacion-ficoba\/\"},\"author\":{\"name\":\"ficoba\",\"@id\":\"https:\/\/www.ficoba.org\/es\/#\/schema\/person\/8a96a121e5dbd393e6e6b5a7ee7ed407\"},\"headline\":\"Cristina Laborda: primera mujer en presidir el patronato de Fundaci\u00f3n Ficoba\",\"datePublished\":\"2024-02-02T11:41:59+00:00\",\"mainEntityOfPage\":{\"@id\":\"https:\/\/www.ficoba.org\/es\/cristina-laborda-primera-mujer-en-presidir-el-patronato-de-fundacion-ficoba\/\"},\"wordCount\":254,\"publisher\":{\"@id\":\"https:\/\/www.ficoba.org\/es\/#organization\"},\"image\":{\"@id\":\"https:\/\/www.ficoba.org\/es\/cristina-laborda-primera-mujer-en-presidir-el-patronato-de-fundacion-ficoba\/#primaryimage\"},\"thumbnailUrl\":\"https:\/\/www.ficoba.org\/wp-content\/uploads\/2024\/02\/Foto-patronato-Ficoba_enero2024.jpg\",\"keywords\":[\"Cristina Laborda\",\"Fundaci\u00f3n Ficoba\"],\"articleSection\":[\"Noticias\"],\"inLanguage\":\"es\"},{\"@type\":\"WebPage\",\"@id\":\"https:\/\/www.ficoba.org\/es\/cristina-laborda-primera-mujer-en-presidir-el-patronato-de-fundacion-ficoba\/\",\"url\":\"https:\/\/www.ficoba.org\/es\/cristina-laborda-primera-mujer-en-presidir-el-patronato-de-fundacion-ficoba\/\",\"name\":\"Cristina Laborda: primera mujer en presidir el patronato de Fundaci\u00f3n Ficoba - Ficoba\",\"isPartOf\":{\"@id\":\"https:\/\/www.ficoba.org\/es\/#website\"},\"primaryImageOfPage\":{\"@id\":\"https:\/\/www.ficoba.org\/es\/cristina-laborda-primera-mujer-en-presidir-el-patronato-de-fundacion-ficoba\/#primaryimage\"},\"image\":{\"@id\":\"https:\/\/www.ficoba.org\/es\/cristina-laborda-primera-mujer-en-presidir-el-patronato-de-fundacion-ficoba\/#primaryimage\"},\"thumbnailUrl\":\"https:\/\/www.ficoba.org\/wp-content\/uploads\/2024\/02\/Foto-patronato-Ficoba_enero2024.jpg\",\"datePublished\":\"2024-02-02T11:41:59+00:00\",\"breadcrumb\":{\"@id\":\"https:\/\/www.ficoba.org\/es\/cristina-laborda-primera-mujer-en-presidir-el-patronato-de-fundacion-ficoba\/#breadcrumb\"},\"inLanguage\":\"es\",\"potentialAction\":[{\"@type\":\"ReadAction\",\"target\":[\"https:\/\/www.ficoba.org\/es\/cristina-laborda-primera-mujer-en-presidir-el-patronato-de-fundacion-ficoba\/\"]}]},{\"@type\":\"ImageObject\",\"inLanguage\":\"es\",\"@id\":\"https:\/\/www.ficoba.org\/es\/cristina-laborda-primera-mujer-en-presidir-el-patronato-de-fundacion-ficoba\/#primaryimage\",\"url\":\"https:\/\/www.ficoba.org\/wp-content\/uploads\/2024\/02\/Foto-patronato-Ficoba_enero2024.jpg\",\"contentUrl\":\"https:\/\/www.ficoba.org\/wp-content\/uploads\/2024\/02\/Foto-patronato-Ficoba_enero2024.jpg\",\"width\":1856,\"height\":1536},{\"@type\":\"BreadcrumbList\",\"@id\":\"https:\/\/www.ficoba.org\/es\/cristina-laborda-primera-mujer-en-presidir-el-patronato-de-fundacion-ficoba\/#breadcrumb\",\"itemListElement\":[{\"@type\":\"ListItem\",\"position\":1,\"name\":\"Portada\",\"item\":\"https:\/\/www.ficoba.org\/es\/\"},{\"@type\":\"ListItem\",\"position\":2,\"name\":\"Cristina Laborda: primera mujer en presidir el patronato de Fundaci\u00f3n Ficoba\"}]},{\"@type\":\"WebSite\",\"@id\":\"https:\/\/www.ficoba.org\/es\/#website\",\"url\":\"https:\/\/www.ficoba.org\/es\/\",\"name\":\"Ficoba, Recinto Ferial de Gipuzkoa\",\"description\":\"Ficoba, recinto ferial de Gipuzkoa\",\"publisher\":{\"@id\":\"https:\/\/www.ficoba.org\/es\/#organization\"},\"alternateName\":\"Ficoba\",\"potentialAction\":[{\"@type\":\"SearchAction\",\"target\":{\"@type\":\"EntryPoint\",\"urlTemplate\":\"https:\/\/www.ficoba.org\/es\/?s={search_term_string}\"},\"query-input\":{\"@type\":\"PropertyValueSpecification\",\"valueRequired\":true,\"valueName\":\"search_term_string\"}}],\"inLanguage\":\"es\"},{\"@type\":\"Organization\",\"@id\":\"https:\/\/www.ficoba.org\/es\/#organization\",\"name\":\"Ficoba, Reciento Ferial de Gipuzkoa\",\"url\":\"https:\/\/www.ficoba.org\/es\/\",\"logo\":{\"@type\":\"ImageObject\",\"inLanguage\":\"es\",\"@id\":\"https:\/\/www.ficoba.org\/es\/#\/schema\/logo\/image\/\",\"url\":\"https:\/\/www.ficoba.org\/wp-content\/uploads\/2018\/11\/logo_ficoba.png\",\"contentUrl\":\"https:\/\/www.ficoba.org\/wp-content\/uploads\/2018\/11\/logo_ficoba.png\",\"width\":200,\"height\":124,\"caption\":\"Ficoba, Reciento Ferial de Gipuzkoa\"},\"image\":{\"@id\":\"https:\/\/www.ficoba.org\/es\/#\/schema\/logo\/image\/\"},\"sameAs\":[\"https:\/\/www.facebook.com\/FICOBAFUNDAZIOA\/\",\"https:\/\/x.com\/FicobaFundazioa\",\"https:\/\/www.youtube.com\/channel\/UCvo2JGluemyCf5KPRmEF9JQ\",\"https:\/\/www.linkedin.com\/company\/ficoba\/\",\"https:\/\/www.instagram.com\/ficobafundazioa\/\"]},{\"@type\":\"Person\",\"@id\":\"https:\/\/www.ficoba.org\/es\/#\/schema\/person\/8a96a121e5dbd393e6e6b5a7ee7ed407\",\"name\":\"ficoba\",\"image\":{\"@type\":\"ImageObject\",\"inLanguage\":\"es\",\"@id\":\"https:\/\/www.ficoba.org\/es\/#\/schema\/person\/image\/\",\"url\":\"https:\/\/secure.gravatar.com\/avatar\/c90cc0e07f75fecbe4165c1906a4cd61b0179a28caae2205d37516e4fb7c30c1?s=96&d=mm&r=g\",\"contentUrl\":\"https:\/\/secure.gravatar.com\/avatar\/c90cc0e07f75fecbe4165c1906a4cd61b0179a28caae2205d37516e4fb7c30c1?s=96&d=mm&r=g\",\"caption\":\"ficoba\"}}]}<\/script>\n<!-- \/ Yoast SEO plugin. -->","yoast_head_json":{"title":"Cristina Laborda: primera mujer en presidir el patronato de Fundaci\u00f3n Ficoba - Ficoba","robots":{"index":"index","follow":"follow","max-snippet":"max-snippet:-1","max-image-preview":"max-image-preview:large","max-video-preview":"max-video-preview:-1"},"canonical":"https:\/\/www.ficoba.org\/es\/cristina-laborda-primera-mujer-en-presidir-el-patronato-de-fundacion-ficoba\/","twitter_misc":{"Escrito por":"ficoba","Tiempo de lectura":"1 minuto"},"schema":{"@context":"https:\/\/schema.org","@graph":[{"@type":"Article","@id":"https:\/\/www.ficoba.org\/es\/cristina-laborda-primera-mujer-en-presidir-el-patronato-de-fundacion-ficoba\/#article","isPartOf":{"@id":"https:\/\/www.ficoba.org\/es\/cristina-laborda-primera-mujer-en-presidir-el-patronato-de-fundacion-ficoba\/"},"author":{"name":"ficoba","@id":"https:\/\/www.ficoba.org\/es\/#\/schema\/person\/8a96a121e5dbd393e6e6b5a7ee7ed407"},"headline":"Cristina Laborda: primera mujer en presidir el patronato de Fundaci\u00f3n Ficoba","datePublished":"2024-02-02T11:41:59+00:00","mainEntityOfPage":{"@id":"https:\/\/www.ficoba.org\/es\/cristina-laborda-primera-mujer-en-presidir-el-patronato-de-fundacion-ficoba\/"},"wordCount":254,"publisher":{"@id":"https:\/\/www.ficoba.org\/es\/#organization"},"image":{"@id":"https:\/\/www.ficoba.org\/es\/cristina-laborda-primera-mujer-en-presidir-el-patronato-de-fundacion-ficoba\/#primaryimage"},"thumbnailUrl":"https:\/\/www.ficoba.org\/wp-content\/uploads\/2024\/02\/Foto-patronato-Ficoba_enero2024.jpg","keywords":["Cristina Laborda","Fundaci\u00f3n Ficoba"],"articleSection":["Noticias"],"inLanguage":"es"},{"@type":"WebPage","@id":"https:\/\/www.ficoba.org\/es\/cristina-laborda-primera-mujer-en-presidir-el-patronato-de-fundacion-ficoba\/","url":"https:\/\/www.ficoba.org\/es\/cristina-laborda-primera-mujer-en-presidir-el-patronato-de-fundacion-ficoba\/","name":"Cristina Laborda: primera mujer en presidir el patronato de Fundaci\u00f3n Ficoba - Ficoba","isPartOf":{"@id":"https:\/\/www.ficoba.org\/es\/#website"},"primaryImageOfPage":{"@id":"https:\/\/www.ficoba.org\/es\/cristina-laborda-primera-mujer-en-presidir-el-patronato-de-fundacion-ficoba\/#primaryimage"},"image":{"@id":"https:\/\/www.ficoba.org\/es\/cristina-laborda-primera-mujer-en-presidir-el-patronato-de-fundacion-ficoba\/#primaryimage"},"thumbnailUrl":"https:\/\/www.ficoba.org\/wp-content\/uploads\/2024\/02\/Foto-patronato-Ficoba_enero2024.jpg","datePublished":"2024-02-02T11:41:59+00:00","breadcrumb":{"@id":"https:\/\/www.ficoba.org\/es\/cristina-laborda-primera-mujer-en-presidir-el-patronato-de-fundacion-ficoba\/#breadcrumb"},"inLanguage":"es","potentialAction":[{"@type":"ReadAction","target":["https:\/\/www.ficoba.org\/es\/cristina-laborda-primera-mujer-en-presidir-el-patronato-de-fundacion-ficoba\/"]}]},{"@type":"ImageObject","inLanguage":"es","@id":"https:\/\/www.ficoba.org\/es\/cristina-laborda-primera-mujer-en-presidir-el-patronato-de-fundacion-ficoba\/#primaryimage","url":"https:\/\/www.ficoba.org\/wp-content\/uploads\/2024\/02\/Foto-patronato-Ficoba_enero2024.jpg","contentUrl":"https:\/\/www.ficoba.org\/wp-content\/uploads\/2024\/02\/Foto-patronato-Ficoba_enero2024.jpg","width":1856,"height":1536},{"@type":"BreadcrumbList","@id":"https:\/\/www.ficoba.org\/es\/cristina-laborda-primera-mujer-en-presidir-el-patronato-de-fundacion-ficoba\/#breadcrumb","itemListElement":[{"@type":"ListItem","position":1,"name":"Portada","item":"https:\/\/www.ficoba.org\/es\/"},{"@type":"ListItem","position":2,"name":"Cristina Laborda: primera mujer en presidir el patronato de Fundaci\u00f3n Ficoba"}]},{"@type":"WebSite","@id":"https:\/\/www.ficoba.org\/es\/#website","url":"https:\/\/www.ficoba.org\/es\/","name":"Ficoba, Recinto Ferial de Gipuzkoa","description":"Ficoba, recinto ferial de Gipuzkoa","publisher":{"@id":"https:\/\/www.ficoba.org\/es\/#organization"},"alternateName":"Ficoba","potentialAction":[{"@type":"SearchAction","target":{"@type":"EntryPoint","urlTemplate":"https:\/\/www.ficoba.org\/es\/?s={search_term_string}"},"query-input":{"@type":"PropertyValueSpecification","valueRequired":true,"valueName":"search_term_string"}}],"inLanguage":"es"},{"@type":"Organization","@id":"https:\/\/www.ficoba.org\/es\/#organization","name":"Ficoba, Reciento Ferial de Gipuzkoa","url":"https:\/\/www.ficoba.org\/es\/","logo":{"@type":"ImageObject","inLanguage":"es","@id":"https:\/\/www.ficoba.org\/es\/#\/schema\/logo\/image\/","url":"https:\/\/www.ficoba.org\/wp-content\/uploads\/2018\/11\/logo_ficoba.png","contentUrl":"https:\/\/www.ficoba.org\/wp-content\/uploads\/2018\/11\/logo_ficoba.png","width":200,"height":124,"caption":"Ficoba, Reciento Ferial de Gipuzkoa"},"image":{"@id":"https:\/\/www.ficoba.org\/es\/#\/schema\/logo\/image\/"},"sameAs":["https:\/\/www.facebook.com\/FICOBAFUNDAZIOA\/","https:\/\/x.com\/FicobaFundazioa","https:\/\/www.youtube.com\/channel\/UCvo2JGluemyCf5KPRmEF9JQ","https:\/\/www.linkedin.com\/company\/ficoba\/","https:\/\/www.instagram.com\/ficobafundazioa\/"]},{"@type":"Person","@id":"https:\/\/www.ficoba.org\/es\/#\/schema\/person\/8a96a121e5dbd393e6e6b5a7ee7ed407","name":"ficoba","image":{"@type":"ImageObject","inLanguage":"es","@id":"https:\/\/www.ficoba.org\/es\/#\/schema\/person\/image\/","url":"https:\/\/secure.gravatar.com\/avatar\/c90cc0e07f75fecbe4165c1906a4cd61b0179a28caae2205d37516e4fb7c30c1?s=96&d=mm&r=g","contentUrl":"https:\/\/secure.gravatar.com\/avatar\/c90cc0e07f75fecbe4165c1906a4cd61b0179a28caae2205d37516e4fb7c30c1?s=96&d=mm&r=g","caption":"ficoba"}}]}},"_links":{"self":[{"href":"https:\/\/www.ficoba.org\/es\/wp-json\/wp\/v2\/posts\/18827","targetHints":{"allow":["GET"]}}],"collection":[{"href":"https:\/\/www.ficoba.org\/es\/wp-json\/wp\/v2\/posts"}],"about":[{"href":"https:\/\/www.ficoba.org\/es\/wp-json\/wp\/v2\/types\/post"}],"author":[{"embeddable":true,"href":"https:\/\/www.ficoba.org\/es\/wp-json\/wp\/v2\/users\/2"}],"replies":[{"embeddable":true,"href":"https:\/\/www.ficoba.org\/es\/wp-json\/wp\/v2\/comments?post=18827"}],"version-history":[{"count":1,"href":"https:\/\/www.ficoba.org\/es\/wp-json\/wp\/v2\/posts\/18827\/revisions"}],"predecessor-version":[{"id":18832,"href":"https:\/\/www.ficoba.org\/es\/wp-json\/wp\/v2\/posts\/18827\/revisions\/18832"}],"wp:featuredmedia":[{"embeddable":true,"href":"https:\/\/www.ficoba.org\/es\/wp-json\/wp\/v2\/media\/18828"}],"wp:attachment":[{"href":"https:\/\/www.ficoba.org\/es\/wp-json\/wp\/v2\/media?parent=18827"}],"wp:term":[{"taxonomy":"category","embeddable":true,"href":"https:\/\/www.ficoba.org\/es\/wp-json\/wp\/v2\/categories?post=18827"},{"taxonomy":"post_tag","embeddable":true,"href":"https:\/\/www.ficoba.org\/es\/wp-json\/wp\/v2\/tags?post=18827"}],"curies":[{"name":"wp","href":"https:\/\/api.w.org\/{rel}","templated":true}]}}