{"id":18540,"date":"2023-12-18T13:46:49","date_gmt":"2023-12-18T11:46:49","guid":{"rendered":"https:\/\/www.ficoba.org\/?p=18540"},"modified":"2023-12-18T13:46:49","modified_gmt":"2023-12-18T11:46:49","slug":"la-vi-edicion-del-congreso-de-cambio-climatico-y-litoral-uhinak-ya-esta-en-marcha-se-celebrara-en-ficoba-el-23-y-24-de-octubre-de-2024","status":"publish","type":"post","link":"https:\/\/www.ficoba.org\/es\/la-vi-edicion-del-congreso-de-cambio-climatico-y-litoral-uhinak-ya-esta-en-marcha-se-celebrara-en-ficoba-el-23-y-24-de-octubre-de-2024\/","title":{"rendered":"La VI edici\u00f3n del congreso de cambio clim\u00e1tico y litoral, Uhinak, ya est\u00e1 en marcha: se celebrar\u00e1 en Ficoba el 23 y 24 de octubre de 2024"},"content":{"rendered":"<ul>\n<li><strong>Esta ma\u00f1ana se ha reunido en Ficoba el Comit\u00e9 Organizador del congreso<\/strong><\/li>\n<li><strong>Un encuentro marcado por los ecos de la COP 28 y por la memoria publicada por AZTI que alerta sobre el aumento de la temperatura, el nivel de mar, el oleaje y el riesgo de inundaci\u00f3n en el Golfo de Bizkaia<\/strong><\/li>\n<\/ul>\n<p>Nos movemos para actuar y comunicar ante la emergencia clim\u00e1tica\u2019. Este fue el lema de la quinta edici\u00f3n de Uhinak y sigue siendo perfectamente v\u00e1lido para la nueva edici\u00f3n del congreso transfronterizo de cambio clim\u00e1tico y litoral que esta ma\u00f1ana ha empezado a dar sus primeros pasos con la reuni\u00f3n de su Comit\u00e9 Organizador.<\/p>\n<p>Adem\u00e1s de confirmar las fechas de celebraci\u00f3n del congreso, las organizaciones que forman parte del Comit\u00e9 Organizador, que re\u00fane a representantes del sector p\u00fablico, de la pol\u00edtica, de la empresa, t\u00e9cnicos, expertos de centros tecnol\u00f3gicos y de investigaci\u00f3n, han comenzado a dise\u00f1ar el programa del congreso.<\/p>\n<p>El objetivo principal de este debate multidisciplinar, como en ediciones anteriores, es conocer las necesidades de los gestores que tienen que adoptar medidas frente al cambio clim\u00e1tico y ver qu\u00e9 puede aportar la comunidad cient\u00edfica y tecnol\u00f3gica para solucionarlo. Todo ello en un contexto que favorece el intercambio de experiencias, el conocimiento de buenas pr\u00e1cticas, promueve la colaboraci\u00f3n en la gesti\u00f3n y mantenimiento del litoral a trav\u00e9s de la cooperaci\u00f3n transfronteriza, la creaci\u00f3n de sinergias y nuevas oportunidades empresariales como consecuencia de las medidas que hay que ir adoptando progresivamente para hacer frente al cambio clim\u00e1tico.<\/p>\n<p><strong>El contexto medioambiental en el que se va a llevar a cabo Uhinak<\/strong><\/p>\n<p>Han pasado 8 a\u00f1os desde que se celebr\u00f3 la primera edici\u00f3n de Uhinak. Y lo cierto es que la evoluci\u00f3n del cambio clim\u00e1tico y su afecci\u00f3n en el litoral no ha experimentado progresos positivos.<\/p>\n<p>AZTI, centro tecnol\u00f3gico promotor de Uhinak, ha publicado recientemente una <a href=\"https:\/\/www.azti.es\/memoria-sobre-cambio-climatico-marino\/\">completa memoria<\/a> que aporta datos relevantes de la transformaci\u00f3n acelerada y sin precedentes de los oc\u00e9anos y sus recursos a causa de la crisis clim\u00e1tica.\u00a0 El informe, con las principales conclusiones derivadas de d\u00e9cadas de mediciones continuas en el golfo de Bizkaia, buscaba concienciar, tanto a las instituciones como a la poblaci\u00f3n, de la necesidad de actuar de forma inminente para proteger y salvaguardar un elemento clave en la vida marina y terrestre.<\/p>\n<p>\u201cSeguir teniendo el cambio clim\u00e1tico en la agenda de los representantes pol\u00edticos, expertos y empresas es ahora m\u00e1s importante que nunca: el acuerdo alcanzado en la COP28, est\u00e1 lejos de ser lo que esper\u00e1bamos. Sin embargo, reconoce la necesidad de reducciones profundas, r\u00e1pidas y sostenidas de las emisiones de gases de efecto invernadero para no sobrepasar el calentamiento global de 1,5 \u00b0C por encima de los niveles preindustriales y pide a las Partes que contribuyan a los siguientes esfuerzos mundiales, de manera determinada a nivel nacional, teniendo en cuenta el Acuerdo de Par\u00eds y sus diferentes circunstancias, trayectorias y enfoques nacionales\u201d asegura Guillem Chust, coordinador del \u00e1rea Cambio Global en los Ecosistemas Marinos de AZTI.<\/p>\n<p>Es en este contexto donde el congreso transfronterizo de cambio Clim\u00e1tico y Litoral, Uhinak cobra especial relevancia. Un punto de encuentro para conocer actuaciones y soluciones dirigidas a la adopci\u00f3n de las medidas necesarias para la defensa y protecci\u00f3n del Litoral para afrontar las consecuencias del cambio clim\u00e1tico. Un espacio donde conocer las necesidades de los gestores que tienen que adoptar medidas frente al cambio clim\u00e1tico y ver qu\u00e9 puede aportar la comunidad cient\u00edfica y tecnol\u00f3gica para solucionarlo. Todo ello en un contexto que favorece el intercambio de experiencias, el conocimiento de buenas pr\u00e1cticas, promueve la colaboraci\u00f3n en la gesti\u00f3n y mantenimiento del litoral a trav\u00e9s de la cooperaci\u00f3n transfronteriza, la creaci\u00f3n de sinergias y nuevas oportunidades empresariales como consecuencia de las medidas que hay que ir adoptando progresivamente para hacer frente al cambio clim\u00e1tico.<\/p>\n<p><strong>Sobre Uhinak<\/strong><\/p>\n<p>Uhinak es un Congreso Transfronterizo de cambio Clim\u00e1tico y Litoral promovido por Ficoba y el centro tecnol\u00f3gico AZTI, con el apoyo de m\u00faltiples instituciones como el Departamento de Desarrollo Econ\u00f3mico, Sostenibilidad y Medio Ambiente del Gobierno Vasco a trav\u00e9s de su sociedad p\u00fablica Ihobe, la Diputaci\u00f3n Foral de Gipuzkoa (Departamento de Sostenibilidad), Communaut\u00e9 d\u2019agglom\u00e9ration Pays Basque y la Regi\u00f3n Nouvelle Aquitaine.<\/p>\n<p><strong>Forman parte del Comit\u00e9 Organizador de Uhinak:<\/strong><\/p>\n<ul>\n<li>Adegi<\/li>\n<li>AZTI<\/li>\n<li>BC3<\/li>\n<li>Colegio de Ingenieros<\/li>\n<li>Communaut\u00e9 d\u2019Agglom\u00e9ration Pays Basque<\/li>\n<li>Diputaci\u00f3n Foral de Gipuzkoa<\/li>\n<li>Eurorregi\u00f3n<\/li>\n<li>Ficoba<\/li>\n<li>Fundaci\u00f3n Naturklima<\/li>\n<li>GIS Littoral Basque<\/li>\n<li>Gobierno Vasco<\/li>\n<li>IAHR<\/li>\n<li>Universidad del Pa\u00eds Vasco<\/li>\n<\/ul>\n","protected":false},"excerpt":{"rendered":"<p>Esta ma\u00f1ana se ha reunido en Ficoba el Comit\u00e9 Organizador del congreso Un encuentro marcado por los ecos de la COP 28 y por la memoria publicada por AZTI que [&hellip;]<\/p>\n","protected":false},"author":2,"featured_media":18541,"comment_status":"closed","ping_status":"closed","sticky":false,"template":"","format":"standard","meta":{"_et_pb_use_builder":"","_et_pb_old_content":"","_et_gb_content_width":"","footnotes":""},"categories":[3],"tags":[376,187,377,159],"class_list":["post-18540","post","type-post","status-publish","format-standard","has-post-thumbnail","hentry","category-eventos-y-ferias","tag-azti","tag-cambio-climatico-y-litoral","tag-cop28","tag-emergencia-climatica"],"yoast_head":"<!-- This site is optimized with the Yoast SEO plugin v26.8 - https:\/\/yoast.com\/product\/yoast-seo-wordpress\/ -->\n<title>La VI edici\u00f3n del congreso de cambio clim\u00e1tico y litoral, Uhinak, ya est\u00e1 en marcha: se celebrar\u00e1 en Ficoba el 23 y 24 de octubre de 2024 - Ficoba<\/title>\n<meta name=\"robots\" content=\"index, follow, max-snippet:-1, max-image-preview:large, max-video-preview:-1\" \/>\n<link rel=\"canonical\" href=\"https:\/\/www.ficoba.org\/es\/la-vi-edicion-del-congreso-de-cambio-climatico-y-litoral-uhinak-ya-esta-en-marcha-se-celebrara-en-ficoba-el-23-y-24-de-octubre-de-2024\/\" \/>\n<meta name=\"twitter:label1\" content=\"Escrito por\" \/>\n\t<meta name=\"twitter:data1\" content=\"ficoba\" \/>\n\t<meta name=\"twitter:label2\" content=\"Tiempo de lectura\" \/>\n\t<meta name=\"twitter:data2\" content=\"4 minutos\" \/>\n<script type=\"application\/ld+json\" class=\"yoast-schema-graph\">{\"@context\":\"https:\/\/schema.org\",\"@graph\":[{\"@type\":\"Article\",\"@id\":\"https:\/\/www.ficoba.org\/es\/la-vi-edicion-del-congreso-de-cambio-climatico-y-litoral-uhinak-ya-esta-en-marcha-se-celebrara-en-ficoba-el-23-y-24-de-octubre-de-2024\/#article\",\"isPartOf\":{\"@id\":\"https:\/\/www.ficoba.org\/es\/la-vi-edicion-del-congreso-de-cambio-climatico-y-litoral-uhinak-ya-esta-en-marcha-se-celebrara-en-ficoba-el-23-y-24-de-octubre-de-2024\/\"},\"author\":{\"name\":\"ficoba\",\"@id\":\"https:\/\/www.ficoba.org\/es\/#\/schema\/person\/8a96a121e5dbd393e6e6b5a7ee7ed407\"},\"headline\":\"La VI edici\u00f3n del congreso de cambio clim\u00e1tico y litoral, Uhinak, ya est\u00e1 en marcha: se celebrar\u00e1 en Ficoba el 23 y 24 de octubre de 2024\",\"datePublished\":\"2023-12-18T11:46:49+00:00\",\"mainEntityOfPage\":{\"@id\":\"https:\/\/www.ficoba.org\/es\/la-vi-edicion-del-congreso-de-cambio-climatico-y-litoral-uhinak-ya-esta-en-marcha-se-celebrara-en-ficoba-el-23-y-24-de-octubre-de-2024\/\"},\"wordCount\":825,\"publisher\":{\"@id\":\"https:\/\/www.ficoba.org\/es\/#organization\"},\"image\":{\"@id\":\"https:\/\/www.ficoba.org\/es\/la-vi-edicion-del-congreso-de-cambio-climatico-y-litoral-uhinak-ya-esta-en-marcha-se-celebrara-en-ficoba-el-23-y-24-de-octubre-de-2024\/#primaryimage\"},\"thumbnailUrl\":\"https:\/\/www.ficoba.org\/wp-content\/uploads\/2023\/12\/Uhinak-1-scaled.jpg\",\"keywords\":[\"AZTI\",\"cambio clim\u00e1tico y litoral\",\"COP28\",\"emergencia clim\u00e1tica\"],\"articleSection\":[\"Eventos y ferias\"],\"inLanguage\":\"es\"},{\"@type\":\"WebPage\",\"@id\":\"https:\/\/www.ficoba.org\/es\/la-vi-edicion-del-congreso-de-cambio-climatico-y-litoral-uhinak-ya-esta-en-marcha-se-celebrara-en-ficoba-el-23-y-24-de-octubre-de-2024\/\",\"url\":\"https:\/\/www.ficoba.org\/es\/la-vi-edicion-del-congreso-de-cambio-climatico-y-litoral-uhinak-ya-esta-en-marcha-se-celebrara-en-ficoba-el-23-y-24-de-octubre-de-2024\/\",\"name\":\"La VI edici\u00f3n del congreso de cambio clim\u00e1tico y litoral, Uhinak, ya est\u00e1 en marcha: se celebrar\u00e1 en Ficoba el 23 y 24 de octubre de 2024 - Ficoba\",\"isPartOf\":{\"@id\":\"https:\/\/www.ficoba.org\/es\/#website\"},\"primaryImageOfPage\":{\"@id\":\"https:\/\/www.ficoba.org\/es\/la-vi-edicion-del-congreso-de-cambio-climatico-y-litoral-uhinak-ya-esta-en-marcha-se-celebrara-en-ficoba-el-23-y-24-de-octubre-de-2024\/#primaryimage\"},\"image\":{\"@id\":\"https:\/\/www.ficoba.org\/es\/la-vi-edicion-del-congreso-de-cambio-climatico-y-litoral-uhinak-ya-esta-en-marcha-se-celebrara-en-ficoba-el-23-y-24-de-octubre-de-2024\/#primaryimage\"},\"thumbnailUrl\":\"https:\/\/www.ficoba.org\/wp-content\/uploads\/2023\/12\/Uhinak-1-scaled.jpg\",\"datePublished\":\"2023-12-18T11:46:49+00:00\",\"breadcrumb\":{\"@id\":\"https:\/\/www.ficoba.org\/es\/la-vi-edicion-del-congreso-de-cambio-climatico-y-litoral-uhinak-ya-esta-en-marcha-se-celebrara-en-ficoba-el-23-y-24-de-octubre-de-2024\/#breadcrumb\"},\"inLanguage\":\"es\",\"potentialAction\":[{\"@type\":\"ReadAction\",\"target\":[\"https:\/\/www.ficoba.org\/es\/la-vi-edicion-del-congreso-de-cambio-climatico-y-litoral-uhinak-ya-esta-en-marcha-se-celebrara-en-ficoba-el-23-y-24-de-octubre-de-2024\/\"]}]},{\"@type\":\"ImageObject\",\"inLanguage\":\"es\",\"@id\":\"https:\/\/www.ficoba.org\/es\/la-vi-edicion-del-congreso-de-cambio-climatico-y-litoral-uhinak-ya-esta-en-marcha-se-celebrara-en-ficoba-el-23-y-24-de-octubre-de-2024\/#primaryimage\",\"url\":\"https:\/\/www.ficoba.org\/wp-content\/uploads\/2023\/12\/Uhinak-1-scaled.jpg\",\"contentUrl\":\"https:\/\/www.ficoba.org\/wp-content\/uploads\/2023\/12\/Uhinak-1-scaled.jpg\",\"width\":2560,\"height\":1675},{\"@type\":\"BreadcrumbList\",\"@id\":\"https:\/\/www.ficoba.org\/es\/la-vi-edicion-del-congreso-de-cambio-climatico-y-litoral-uhinak-ya-esta-en-marcha-se-celebrara-en-ficoba-el-23-y-24-de-octubre-de-2024\/#breadcrumb\",\"itemListElement\":[{\"@type\":\"ListItem\",\"position\":1,\"name\":\"Portada\",\"item\":\"https:\/\/www.ficoba.org\/es\/\"},{\"@type\":\"ListItem\",\"position\":2,\"name\":\"La VI edici\u00f3n del congreso de cambio clim\u00e1tico y litoral, Uhinak, ya est\u00e1 en marcha: se celebrar\u00e1 en Ficoba el 23 y 24 de octubre de 2024\"}]},{\"@type\":\"WebSite\",\"@id\":\"https:\/\/www.ficoba.org\/es\/#website\",\"url\":\"https:\/\/www.ficoba.org\/es\/\",\"name\":\"Ficoba, Recinto Ferial de Gipuzkoa\",\"description\":\"Ficoba, recinto ferial de Gipuzkoa\",\"publisher\":{\"@id\":\"https:\/\/www.ficoba.org\/es\/#organization\"},\"alternateName\":\"Ficoba\",\"potentialAction\":[{\"@type\":\"SearchAction\",\"target\":{\"@type\":\"EntryPoint\",\"urlTemplate\":\"https:\/\/www.ficoba.org\/es\/?s={search_term_string}\"},\"query-input\":{\"@type\":\"PropertyValueSpecification\",\"valueRequired\":true,\"valueName\":\"search_term_string\"}}],\"inLanguage\":\"es\"},{\"@type\":\"Organization\",\"@id\":\"https:\/\/www.ficoba.org\/es\/#organization\",\"name\":\"Ficoba, Reciento Ferial de Gipuzkoa\",\"url\":\"https:\/\/www.ficoba.org\/es\/\",\"logo\":{\"@type\":\"ImageObject\",\"inLanguage\":\"es\",\"@id\":\"https:\/\/www.ficoba.org\/es\/#\/schema\/logo\/image\/\",\"url\":\"https:\/\/www.ficoba.org\/wp-content\/uploads\/2018\/11\/logo_ficoba.png\",\"contentUrl\":\"https:\/\/www.ficoba.org\/wp-content\/uploads\/2018\/11\/logo_ficoba.png\",\"width\":200,\"height\":124,\"caption\":\"Ficoba, Reciento Ferial de Gipuzkoa\"},\"image\":{\"@id\":\"https:\/\/www.ficoba.org\/es\/#\/schema\/logo\/image\/\"},\"sameAs\":[\"https:\/\/www.facebook.com\/FICOBAFUNDAZIOA\/\",\"https:\/\/x.com\/FicobaFundazioa\",\"https:\/\/www.youtube.com\/channel\/UCvo2JGluemyCf5KPRmEF9JQ\",\"https:\/\/www.linkedin.com\/company\/ficoba\/\",\"https:\/\/www.instagram.com\/ficobafundazioa\/\"]},{\"@type\":\"Person\",\"@id\":\"https:\/\/www.ficoba.org\/es\/#\/schema\/person\/8a96a121e5dbd393e6e6b5a7ee7ed407\",\"name\":\"ficoba\",\"image\":{\"@type\":\"ImageObject\",\"inLanguage\":\"es\",\"@id\":\"https:\/\/www.ficoba.org\/es\/#\/schema\/person\/image\/\",\"url\":\"https:\/\/secure.gravatar.com\/avatar\/c90cc0e07f75fecbe4165c1906a4cd61b0179a28caae2205d37516e4fb7c30c1?s=96&d=mm&r=g\",\"contentUrl\":\"https:\/\/secure.gravatar.com\/avatar\/c90cc0e07f75fecbe4165c1906a4cd61b0179a28caae2205d37516e4fb7c30c1?s=96&d=mm&r=g\",\"caption\":\"ficoba\"}}]}<\/script>\n<!-- \/ Yoast SEO plugin. -->","yoast_head_json":{"title":"La VI edici\u00f3n del congreso de cambio clim\u00e1tico y litoral, Uhinak, ya est\u00e1 en marcha: se celebrar\u00e1 en Ficoba el 23 y 24 de octubre de 2024 - Ficoba","robots":{"index":"index","follow":"follow","max-snippet":"max-snippet:-1","max-image-preview":"max-image-preview:large","max-video-preview":"max-video-preview:-1"},"canonical":"https:\/\/www.ficoba.org\/es\/la-vi-edicion-del-congreso-de-cambio-climatico-y-litoral-uhinak-ya-esta-en-marcha-se-celebrara-en-ficoba-el-23-y-24-de-octubre-de-2024\/","twitter_misc":{"Escrito por":"ficoba","Tiempo de lectura":"4 minutos"},"schema":{"@context":"https:\/\/schema.org","@graph":[{"@type":"Article","@id":"https:\/\/www.ficoba.org\/es\/la-vi-edicion-del-congreso-de-cambio-climatico-y-litoral-uhinak-ya-esta-en-marcha-se-celebrara-en-ficoba-el-23-y-24-de-octubre-de-2024\/#article","isPartOf":{"@id":"https:\/\/www.ficoba.org\/es\/la-vi-edicion-del-congreso-de-cambio-climatico-y-litoral-uhinak-ya-esta-en-marcha-se-celebrara-en-ficoba-el-23-y-24-de-octubre-de-2024\/"},"author":{"name":"ficoba","@id":"https:\/\/www.ficoba.org\/es\/#\/schema\/person\/8a96a121e5dbd393e6e6b5a7ee7ed407"},"headline":"La VI edici\u00f3n del congreso de cambio clim\u00e1tico y litoral, Uhinak, ya est\u00e1 en marcha: se celebrar\u00e1 en Ficoba el 23 y 24 de octubre de 2024","datePublished":"2023-12-18T11:46:49+00:00","mainEntityOfPage":{"@id":"https:\/\/www.ficoba.org\/es\/la-vi-edicion-del-congreso-de-cambio-climatico-y-litoral-uhinak-ya-esta-en-marcha-se-celebrara-en-ficoba-el-23-y-24-de-octubre-de-2024\/"},"wordCount":825,"publisher":{"@id":"https:\/\/www.ficoba.org\/es\/#organization"},"image":{"@id":"https:\/\/www.ficoba.org\/es\/la-vi-edicion-del-congreso-de-cambio-climatico-y-litoral-uhinak-ya-esta-en-marcha-se-celebrara-en-ficoba-el-23-y-24-de-octubre-de-2024\/#primaryimage"},"thumbnailUrl":"https:\/\/www.ficoba.org\/wp-content\/uploads\/2023\/12\/Uhinak-1-scaled.jpg","keywords":["AZTI","cambio clim\u00e1tico y litoral","COP28","emergencia clim\u00e1tica"],"articleSection":["Eventos y ferias"],"inLanguage":"es"},{"@type":"WebPage","@id":"https:\/\/www.ficoba.org\/es\/la-vi-edicion-del-congreso-de-cambio-climatico-y-litoral-uhinak-ya-esta-en-marcha-se-celebrara-en-ficoba-el-23-y-24-de-octubre-de-2024\/","url":"https:\/\/www.ficoba.org\/es\/la-vi-edicion-del-congreso-de-cambio-climatico-y-litoral-uhinak-ya-esta-en-marcha-se-celebrara-en-ficoba-el-23-y-24-de-octubre-de-2024\/","name":"La VI edici\u00f3n del congreso de cambio clim\u00e1tico y litoral, Uhinak, ya est\u00e1 en marcha: se celebrar\u00e1 en Ficoba el 23 y 24 de octubre de 2024 - Ficoba","isPartOf":{"@id":"https:\/\/www.ficoba.org\/es\/#website"},"primaryImageOfPage":{"@id":"https:\/\/www.ficoba.org\/es\/la-vi-edicion-del-congreso-de-cambio-climatico-y-litoral-uhinak-ya-esta-en-marcha-se-celebrara-en-ficoba-el-23-y-24-de-octubre-de-2024\/#primaryimage"},"image":{"@id":"https:\/\/www.ficoba.org\/es\/la-vi-edicion-del-congreso-de-cambio-climatico-y-litoral-uhinak-ya-esta-en-marcha-se-celebrara-en-ficoba-el-23-y-24-de-octubre-de-2024\/#primaryimage"},"thumbnailUrl":"https:\/\/www.ficoba.org\/wp-content\/uploads\/2023\/12\/Uhinak-1-scaled.jpg","datePublished":"2023-12-18T11:46:49+00:00","breadcrumb":{"@id":"https:\/\/www.ficoba.org\/es\/la-vi-edicion-del-congreso-de-cambio-climatico-y-litoral-uhinak-ya-esta-en-marcha-se-celebrara-en-ficoba-el-23-y-24-de-octubre-de-2024\/#breadcrumb"},"inLanguage":"es","potentialAction":[{"@type":"ReadAction","target":["https:\/\/www.ficoba.org\/es\/la-vi-edicion-del-congreso-de-cambio-climatico-y-litoral-uhinak-ya-esta-en-marcha-se-celebrara-en-ficoba-el-23-y-24-de-octubre-de-2024\/"]}]},{"@type":"ImageObject","inLanguage":"es","@id":"https:\/\/www.ficoba.org\/es\/la-vi-edicion-del-congreso-de-cambio-climatico-y-litoral-uhinak-ya-esta-en-marcha-se-celebrara-en-ficoba-el-23-y-24-de-octubre-de-2024\/#primaryimage","url":"https:\/\/www.ficoba.org\/wp-content\/uploads\/2023\/12\/Uhinak-1-scaled.jpg","contentUrl":"https:\/\/www.ficoba.org\/wp-content\/uploads\/2023\/12\/Uhinak-1-scaled.jpg","width":2560,"height":1675},{"@type":"BreadcrumbList","@id":"https:\/\/www.ficoba.org\/es\/la-vi-edicion-del-congreso-de-cambio-climatico-y-litoral-uhinak-ya-esta-en-marcha-se-celebrara-en-ficoba-el-23-y-24-de-octubre-de-2024\/#breadcrumb","itemListElement":[{"@type":"ListItem","position":1,"name":"Portada","item":"https:\/\/www.ficoba.org\/es\/"},{"@type":"ListItem","position":2,"name":"La VI edici\u00f3n del congreso de cambio clim\u00e1tico y litoral, Uhinak, ya est\u00e1 en marcha: se celebrar\u00e1 en Ficoba el 23 y 24 de octubre de 2024"}]},{"@type":"WebSite","@id":"https:\/\/www.ficoba.org\/es\/#website","url":"https:\/\/www.ficoba.org\/es\/","name":"Ficoba, Recinto Ferial de Gipuzkoa","description":"Ficoba, recinto ferial de Gipuzkoa","publisher":{"@id":"https:\/\/www.ficoba.org\/es\/#organization"},"alternateName":"Ficoba","potentialAction":[{"@type":"SearchAction","target":{"@type":"EntryPoint","urlTemplate":"https:\/\/www.ficoba.org\/es\/?s={search_term_string}"},"query-input":{"@type":"PropertyValueSpecification","valueRequired":true,"valueName":"search_term_string"}}],"inLanguage":"es"},{"@type":"Organization","@id":"https:\/\/www.ficoba.org\/es\/#organization","name":"Ficoba, Reciento Ferial de Gipuzkoa","url":"https:\/\/www.ficoba.org\/es\/","logo":{"@type":"ImageObject","inLanguage":"es","@id":"https:\/\/www.ficoba.org\/es\/#\/schema\/logo\/image\/","url":"https:\/\/www.ficoba.org\/wp-content\/uploads\/2018\/11\/logo_ficoba.png","contentUrl":"https:\/\/www.ficoba.org\/wp-content\/uploads\/2018\/11\/logo_ficoba.png","width":200,"height":124,"caption":"Ficoba, Reciento Ferial de Gipuzkoa"},"image":{"@id":"https:\/\/www.ficoba.org\/es\/#\/schema\/logo\/image\/"},"sameAs":["https:\/\/www.facebook.com\/FICOBAFUNDAZIOA\/","https:\/\/x.com\/FicobaFundazioa","https:\/\/www.youtube.com\/channel\/UCvo2JGluemyCf5KPRmEF9JQ","https:\/\/www.linkedin.com\/company\/ficoba\/","https:\/\/www.instagram.com\/ficobafundazioa\/"]},{"@type":"Person","@id":"https:\/\/www.ficoba.org\/es\/#\/schema\/person\/8a96a121e5dbd393e6e6b5a7ee7ed407","name":"ficoba","image":{"@type":"ImageObject","inLanguage":"es","@id":"https:\/\/www.ficoba.org\/es\/#\/schema\/person\/image\/","url":"https:\/\/secure.gravatar.com\/avatar\/c90cc0e07f75fecbe4165c1906a4cd61b0179a28caae2205d37516e4fb7c30c1?s=96&d=mm&r=g","contentUrl":"https:\/\/secure.gravatar.com\/avatar\/c90cc0e07f75fecbe4165c1906a4cd61b0179a28caae2205d37516e4fb7c30c1?s=96&d=mm&r=g","caption":"ficoba"}}]}},"_links":{"self":[{"href":"https:\/\/www.ficoba.org\/es\/wp-json\/wp\/v2\/posts\/18540","targetHints":{"allow":["GET"]}}],"collection":[{"href":"https:\/\/www.ficoba.org\/es\/wp-json\/wp\/v2\/posts"}],"about":[{"href":"https:\/\/www.ficoba.org\/es\/wp-json\/wp\/v2\/types\/post"}],"author":[{"embeddable":true,"href":"https:\/\/www.ficoba.org\/es\/wp-json\/wp\/v2\/users\/2"}],"replies":[{"embeddable":true,"href":"https:\/\/www.ficoba.org\/es\/wp-json\/wp\/v2\/comments?post=18540"}],"version-history":[{"count":1,"href":"https:\/\/www.ficoba.org\/es\/wp-json\/wp\/v2\/posts\/18540\/revisions"}],"predecessor-version":[{"id":18549,"href":"https:\/\/www.ficoba.org\/es\/wp-json\/wp\/v2\/posts\/18540\/revisions\/18549"}],"wp:featuredmedia":[{"embeddable":true,"href":"https:\/\/www.ficoba.org\/es\/wp-json\/wp\/v2\/media\/18541"}],"wp:attachment":[{"href":"https:\/\/www.ficoba.org\/es\/wp-json\/wp\/v2\/media?parent=18540"}],"wp:term":[{"taxonomy":"category","embeddable":true,"href":"https:\/\/www.ficoba.org\/es\/wp-json\/wp\/v2\/categories?post=18540"},{"taxonomy":"post_tag","embeddable":true,"href":"https:\/\/www.ficoba.org\/es\/wp-json\/wp\/v2\/tags?post=18540"}],"curies":[{"name":"wp","href":"https:\/\/api.w.org\/{rel}","templated":true}]}}