{"id":17671,"date":"2023-10-11T11:21:44","date_gmt":"2023-10-11T09:21:44","guid":{"rendered":"https:\/\/www.ficoba.org\/?p=17671"},"modified":"2023-10-11T11:21:44","modified_gmt":"2023-10-11T09:21:44","slug":"los-munecos-de-la-tarta-el-mundo-de-las-bodas-se-cita-en-ficoba","status":"publish","type":"post","link":"https:\/\/www.ficoba.org\/es\/los-munecos-de-la-tarta-el-mundo-de-las-bodas-se-cita-en-ficoba\/","title":{"rendered":"Los mu\u00f1ecos de la tarta: el mundo de las bodas se cita en Ficoba"},"content":{"rendered":"<ul>\n<li><strong>La s\u00e9ptima edici\u00f3n de la Feria de Novios tendr\u00e1 lugar el 14 y 15 de octubre<\/strong><\/li>\n<li><strong>La entrada y el parking son gratuitos<\/strong><\/li>\n<\/ul>\n<p>Si est\u00e1s organizando o piensas organizar pr\u00f3ximamente tu boda y buscas las mejores opciones para hacer de tu d\u00eda especial un evento inolvidable, no puedes perderte la VII Feria de Novios.<\/p>\n<p>La planificaci\u00f3n de una boda puede ser una tarea desafiante, por eso la VII Feria de Novios hace que todo sea m\u00e1s sencillo al reunir a los expertos en un solo lugar. Aqu\u00ed, las parejas podr\u00e1n encontrar inspiraci\u00f3n, obtener consejos valiosos y conocer de cerca las opciones disponibles para cada aspecto de su boda.<\/p>\n<p>Esta nueva edici\u00f3n de \u2018Los mu\u00f1ecos de la tarta\u2019 reunir\u00e1 en un solo fin de semana a los mejores proveedores de servicios para bodas. M\u00e1s de 20 empresas expositoras con una oferta que incluye desde vestidos de novia y trajes de novio hasta restaurantes, pasando por las \u00faltimas novedades en joyer\u00eda, , viajes, DJs, as\u00ed como las tendencias m\u00e1s actuales en maquillaje y mucho m\u00e1s. Esta feria se presenta como un espacio de tendencias y propuestas, donde los futuros novios pueden experimentar y sentir anticipadamente c\u00f3mo ser\u00e1 su gran d\u00eda.<\/p>\n<p><strong>Las novedades<\/strong><\/p>\n<p>Como novedad, este a\u00f1o se suman a \u2018Los mu\u00f1ecos de la tarta\u2019 nuevas empresas expositoras. Este es el caso de Fototxelfie (fotomat\u00f3n), Restaurante Sugarri (Hotel R\u00edo Bidasoa) y El Atelier (decoraci\u00f3n).<\/p>\n<p>Por otra parte, la feria de Novios ha incluido en la web la posibilidad de hacer la \u00abreserva on line\u00bb. Las parejas pueden rellenar a trav\u00e9s de la web sus datos y cuando lleguen a Ficoba bastar\u00e1 con que den su nombre para entrar directamente a la feria.<\/p>\n<p>Asimismo, \u2018Los mu\u00f1ecos de la tarta\u2019 ha renovado su imagen tanto en la web (<a href=\"http:\/\/www.losmunecosdelatarta.es\">www.losmunecosdelatarta.es<\/a>) como en redes sociales.<\/p>\n<p>Novedades que consolidan a \u00abLos mu\u00f1ecos de la tarta\u00bb como la feria de novios de referencia de Gipuzkoa.<\/p>\n<p><strong>Datos pr\u00e1cticos<\/strong><\/p>\n<p>Fecha y horarios: 14 y 15 de octubre de 11h a 14h y de 16h a 20h.<\/p>\n<p>Entrada y parking gratuitos<\/p>\n","protected":false},"excerpt":{"rendered":"<p>La s\u00e9ptima edici\u00f3n de la Feria de Novios tendr\u00e1 lugar el 14 y 15 de octubre La entrada y el parking son gratuitos Si est\u00e1s organizando o piensas organizar pr\u00f3ximamente [&hellip;]<\/p>\n","protected":false},"author":2,"featured_media":17672,"comment_status":"closed","ping_status":"closed","sticky":false,"template":"","format":"standard","meta":{"_et_pb_use_builder":"","_et_pb_old_content":"","_et_gb_content_width":"","footnotes":""},"categories":[3],"tags":[324,367],"class_list":["post-17671","post","type-post","status-publish","format-standard","has-post-thumbnail","hentry","category-eventos-y-ferias","tag-bodas","tag-feria-novios"],"yoast_head":"<!-- This site is optimized with the Yoast SEO plugin v26.8 - https:\/\/yoast.com\/product\/yoast-seo-wordpress\/ -->\n<title>Los mu\u00f1ecos de la tarta: el mundo de las bodas se cita en Ficoba - Ficoba<\/title>\n<meta name=\"robots\" content=\"index, follow, max-snippet:-1, max-image-preview:large, max-video-preview:-1\" \/>\n<link rel=\"canonical\" href=\"https:\/\/www.ficoba.org\/es\/los-munecos-de-la-tarta-el-mundo-de-las-bodas-se-cita-en-ficoba\/\" \/>\n<meta name=\"twitter:label1\" content=\"Escrito por\" \/>\n\t<meta name=\"twitter:data1\" content=\"ficoba\" \/>\n\t<meta name=\"twitter:label2\" content=\"Tiempo de lectura\" \/>\n\t<meta name=\"twitter:data2\" content=\"2 minutos\" \/>\n<script type=\"application\/ld+json\" class=\"yoast-schema-graph\">{\"@context\":\"https:\/\/schema.org\",\"@graph\":[{\"@type\":\"Article\",\"@id\":\"https:\/\/www.ficoba.org\/es\/los-munecos-de-la-tarta-el-mundo-de-las-bodas-se-cita-en-ficoba\/#article\",\"isPartOf\":{\"@id\":\"https:\/\/www.ficoba.org\/es\/los-munecos-de-la-tarta-el-mundo-de-las-bodas-se-cita-en-ficoba\/\"},\"author\":{\"name\":\"ficoba\",\"@id\":\"https:\/\/www.ficoba.org\/es\/#\/schema\/person\/8a96a121e5dbd393e6e6b5a7ee7ed407\"},\"headline\":\"Los mu\u00f1ecos de la tarta: el mundo de las bodas se cita en Ficoba\",\"datePublished\":\"2023-10-11T09:21:44+00:00\",\"mainEntityOfPage\":{\"@id\":\"https:\/\/www.ficoba.org\/es\/los-munecos-de-la-tarta-el-mundo-de-las-bodas-se-cita-en-ficoba\/\"},\"wordCount\":376,\"publisher\":{\"@id\":\"https:\/\/www.ficoba.org\/es\/#organization\"},\"image\":{\"@id\":\"https:\/\/www.ficoba.org\/es\/los-munecos-de-la-tarta-el-mundo-de-las-bodas-se-cita-en-ficoba\/#primaryimage\"},\"thumbnailUrl\":\"https:\/\/www.ficoba.org\/wp-content\/uploads\/2023\/10\/IMG_0217-scaled.jpg\",\"keywords\":[\"bodas\",\"feria novios\"],\"articleSection\":[\"Eventos y ferias\"],\"inLanguage\":\"es\"},{\"@type\":\"WebPage\",\"@id\":\"https:\/\/www.ficoba.org\/es\/los-munecos-de-la-tarta-el-mundo-de-las-bodas-se-cita-en-ficoba\/\",\"url\":\"https:\/\/www.ficoba.org\/es\/los-munecos-de-la-tarta-el-mundo-de-las-bodas-se-cita-en-ficoba\/\",\"name\":\"Los mu\u00f1ecos de la tarta: el mundo de las bodas se cita en Ficoba - Ficoba\",\"isPartOf\":{\"@id\":\"https:\/\/www.ficoba.org\/es\/#website\"},\"primaryImageOfPage\":{\"@id\":\"https:\/\/www.ficoba.org\/es\/los-munecos-de-la-tarta-el-mundo-de-las-bodas-se-cita-en-ficoba\/#primaryimage\"},\"image\":{\"@id\":\"https:\/\/www.ficoba.org\/es\/los-munecos-de-la-tarta-el-mundo-de-las-bodas-se-cita-en-ficoba\/#primaryimage\"},\"thumbnailUrl\":\"https:\/\/www.ficoba.org\/wp-content\/uploads\/2023\/10\/IMG_0217-scaled.jpg\",\"datePublished\":\"2023-10-11T09:21:44+00:00\",\"breadcrumb\":{\"@id\":\"https:\/\/www.ficoba.org\/es\/los-munecos-de-la-tarta-el-mundo-de-las-bodas-se-cita-en-ficoba\/#breadcrumb\"},\"inLanguage\":\"es\",\"potentialAction\":[{\"@type\":\"ReadAction\",\"target\":[\"https:\/\/www.ficoba.org\/es\/los-munecos-de-la-tarta-el-mundo-de-las-bodas-se-cita-en-ficoba\/\"]}]},{\"@type\":\"ImageObject\",\"inLanguage\":\"es\",\"@id\":\"https:\/\/www.ficoba.org\/es\/los-munecos-de-la-tarta-el-mundo-de-las-bodas-se-cita-en-ficoba\/#primaryimage\",\"url\":\"https:\/\/www.ficoba.org\/wp-content\/uploads\/2023\/10\/IMG_0217-scaled.jpg\",\"contentUrl\":\"https:\/\/www.ficoba.org\/wp-content\/uploads\/2023\/10\/IMG_0217-scaled.jpg\",\"width\":2560,\"height\":1920},{\"@type\":\"BreadcrumbList\",\"@id\":\"https:\/\/www.ficoba.org\/es\/los-munecos-de-la-tarta-el-mundo-de-las-bodas-se-cita-en-ficoba\/#breadcrumb\",\"itemListElement\":[{\"@type\":\"ListItem\",\"position\":1,\"name\":\"Portada\",\"item\":\"https:\/\/www.ficoba.org\/es\/\"},{\"@type\":\"ListItem\",\"position\":2,\"name\":\"Los mu\u00f1ecos de la tarta: el mundo de las bodas se cita en Ficoba\"}]},{\"@type\":\"WebSite\",\"@id\":\"https:\/\/www.ficoba.org\/es\/#website\",\"url\":\"https:\/\/www.ficoba.org\/es\/\",\"name\":\"Ficoba, Recinto Ferial de Gipuzkoa\",\"description\":\"Ficoba, recinto ferial de Gipuzkoa\",\"publisher\":{\"@id\":\"https:\/\/www.ficoba.org\/es\/#organization\"},\"alternateName\":\"Ficoba\",\"potentialAction\":[{\"@type\":\"SearchAction\",\"target\":{\"@type\":\"EntryPoint\",\"urlTemplate\":\"https:\/\/www.ficoba.org\/es\/?s={search_term_string}\"},\"query-input\":{\"@type\":\"PropertyValueSpecification\",\"valueRequired\":true,\"valueName\":\"search_term_string\"}}],\"inLanguage\":\"es\"},{\"@type\":\"Organization\",\"@id\":\"https:\/\/www.ficoba.org\/es\/#organization\",\"name\":\"Ficoba, Reciento Ferial de Gipuzkoa\",\"url\":\"https:\/\/www.ficoba.org\/es\/\",\"logo\":{\"@type\":\"ImageObject\",\"inLanguage\":\"es\",\"@id\":\"https:\/\/www.ficoba.org\/es\/#\/schema\/logo\/image\/\",\"url\":\"https:\/\/www.ficoba.org\/wp-content\/uploads\/2018\/11\/logo_ficoba.png\",\"contentUrl\":\"https:\/\/www.ficoba.org\/wp-content\/uploads\/2018\/11\/logo_ficoba.png\",\"width\":200,\"height\":124,\"caption\":\"Ficoba, Reciento Ferial de Gipuzkoa\"},\"image\":{\"@id\":\"https:\/\/www.ficoba.org\/es\/#\/schema\/logo\/image\/\"},\"sameAs\":[\"https:\/\/www.facebook.com\/FICOBAFUNDAZIOA\/\",\"https:\/\/x.com\/FicobaFundazioa\",\"https:\/\/www.youtube.com\/channel\/UCvo2JGluemyCf5KPRmEF9JQ\",\"https:\/\/www.linkedin.com\/company\/ficoba\/\",\"https:\/\/www.instagram.com\/ficobafundazioa\/\"]},{\"@type\":\"Person\",\"@id\":\"https:\/\/www.ficoba.org\/es\/#\/schema\/person\/8a96a121e5dbd393e6e6b5a7ee7ed407\",\"name\":\"ficoba\",\"image\":{\"@type\":\"ImageObject\",\"inLanguage\":\"es\",\"@id\":\"https:\/\/www.ficoba.org\/es\/#\/schema\/person\/image\/\",\"url\":\"https:\/\/secure.gravatar.com\/avatar\/c90cc0e07f75fecbe4165c1906a4cd61b0179a28caae2205d37516e4fb7c30c1?s=96&d=mm&r=g\",\"contentUrl\":\"https:\/\/secure.gravatar.com\/avatar\/c90cc0e07f75fecbe4165c1906a4cd61b0179a28caae2205d37516e4fb7c30c1?s=96&d=mm&r=g\",\"caption\":\"ficoba\"}}]}<\/script>\n<!-- \/ Yoast SEO plugin. -->","yoast_head_json":{"title":"Los mu\u00f1ecos de la tarta: el mundo de las bodas se cita en Ficoba - Ficoba","robots":{"index":"index","follow":"follow","max-snippet":"max-snippet:-1","max-image-preview":"max-image-preview:large","max-video-preview":"max-video-preview:-1"},"canonical":"https:\/\/www.ficoba.org\/es\/los-munecos-de-la-tarta-el-mundo-de-las-bodas-se-cita-en-ficoba\/","twitter_misc":{"Escrito por":"ficoba","Tiempo de lectura":"2 minutos"},"schema":{"@context":"https:\/\/schema.org","@graph":[{"@type":"Article","@id":"https:\/\/www.ficoba.org\/es\/los-munecos-de-la-tarta-el-mundo-de-las-bodas-se-cita-en-ficoba\/#article","isPartOf":{"@id":"https:\/\/www.ficoba.org\/es\/los-munecos-de-la-tarta-el-mundo-de-las-bodas-se-cita-en-ficoba\/"},"author":{"name":"ficoba","@id":"https:\/\/www.ficoba.org\/es\/#\/schema\/person\/8a96a121e5dbd393e6e6b5a7ee7ed407"},"headline":"Los mu\u00f1ecos de la tarta: el mundo de las bodas se cita en Ficoba","datePublished":"2023-10-11T09:21:44+00:00","mainEntityOfPage":{"@id":"https:\/\/www.ficoba.org\/es\/los-munecos-de-la-tarta-el-mundo-de-las-bodas-se-cita-en-ficoba\/"},"wordCount":376,"publisher":{"@id":"https:\/\/www.ficoba.org\/es\/#organization"},"image":{"@id":"https:\/\/www.ficoba.org\/es\/los-munecos-de-la-tarta-el-mundo-de-las-bodas-se-cita-en-ficoba\/#primaryimage"},"thumbnailUrl":"https:\/\/www.ficoba.org\/wp-content\/uploads\/2023\/10\/IMG_0217-scaled.jpg","keywords":["bodas","feria novios"],"articleSection":["Eventos y ferias"],"inLanguage":"es"},{"@type":"WebPage","@id":"https:\/\/www.ficoba.org\/es\/los-munecos-de-la-tarta-el-mundo-de-las-bodas-se-cita-en-ficoba\/","url":"https:\/\/www.ficoba.org\/es\/los-munecos-de-la-tarta-el-mundo-de-las-bodas-se-cita-en-ficoba\/","name":"Los mu\u00f1ecos de la tarta: el mundo de las bodas se cita en Ficoba - Ficoba","isPartOf":{"@id":"https:\/\/www.ficoba.org\/es\/#website"},"primaryImageOfPage":{"@id":"https:\/\/www.ficoba.org\/es\/los-munecos-de-la-tarta-el-mundo-de-las-bodas-se-cita-en-ficoba\/#primaryimage"},"image":{"@id":"https:\/\/www.ficoba.org\/es\/los-munecos-de-la-tarta-el-mundo-de-las-bodas-se-cita-en-ficoba\/#primaryimage"},"thumbnailUrl":"https:\/\/www.ficoba.org\/wp-content\/uploads\/2023\/10\/IMG_0217-scaled.jpg","datePublished":"2023-10-11T09:21:44+00:00","breadcrumb":{"@id":"https:\/\/www.ficoba.org\/es\/los-munecos-de-la-tarta-el-mundo-de-las-bodas-se-cita-en-ficoba\/#breadcrumb"},"inLanguage":"es","potentialAction":[{"@type":"ReadAction","target":["https:\/\/www.ficoba.org\/es\/los-munecos-de-la-tarta-el-mundo-de-las-bodas-se-cita-en-ficoba\/"]}]},{"@type":"ImageObject","inLanguage":"es","@id":"https:\/\/www.ficoba.org\/es\/los-munecos-de-la-tarta-el-mundo-de-las-bodas-se-cita-en-ficoba\/#primaryimage","url":"https:\/\/www.ficoba.org\/wp-content\/uploads\/2023\/10\/IMG_0217-scaled.jpg","contentUrl":"https:\/\/www.ficoba.org\/wp-content\/uploads\/2023\/10\/IMG_0217-scaled.jpg","width":2560,"height":1920},{"@type":"BreadcrumbList","@id":"https:\/\/www.ficoba.org\/es\/los-munecos-de-la-tarta-el-mundo-de-las-bodas-se-cita-en-ficoba\/#breadcrumb","itemListElement":[{"@type":"ListItem","position":1,"name":"Portada","item":"https:\/\/www.ficoba.org\/es\/"},{"@type":"ListItem","position":2,"name":"Los mu\u00f1ecos de la tarta: el mundo de las bodas se cita en Ficoba"}]},{"@type":"WebSite","@id":"https:\/\/www.ficoba.org\/es\/#website","url":"https:\/\/www.ficoba.org\/es\/","name":"Ficoba, Recinto Ferial de Gipuzkoa","description":"Ficoba, recinto ferial de Gipuzkoa","publisher":{"@id":"https:\/\/www.ficoba.org\/es\/#organization"},"alternateName":"Ficoba","potentialAction":[{"@type":"SearchAction","target":{"@type":"EntryPoint","urlTemplate":"https:\/\/www.ficoba.org\/es\/?s={search_term_string}"},"query-input":{"@type":"PropertyValueSpecification","valueRequired":true,"valueName":"search_term_string"}}],"inLanguage":"es"},{"@type":"Organization","@id":"https:\/\/www.ficoba.org\/es\/#organization","name":"Ficoba, Reciento Ferial de Gipuzkoa","url":"https:\/\/www.ficoba.org\/es\/","logo":{"@type":"ImageObject","inLanguage":"es","@id":"https:\/\/www.ficoba.org\/es\/#\/schema\/logo\/image\/","url":"https:\/\/www.ficoba.org\/wp-content\/uploads\/2018\/11\/logo_ficoba.png","contentUrl":"https:\/\/www.ficoba.org\/wp-content\/uploads\/2018\/11\/logo_ficoba.png","width":200,"height":124,"caption":"Ficoba, Reciento Ferial de Gipuzkoa"},"image":{"@id":"https:\/\/www.ficoba.org\/es\/#\/schema\/logo\/image\/"},"sameAs":["https:\/\/www.facebook.com\/FICOBAFUNDAZIOA\/","https:\/\/x.com\/FicobaFundazioa","https:\/\/www.youtube.com\/channel\/UCvo2JGluemyCf5KPRmEF9JQ","https:\/\/www.linkedin.com\/company\/ficoba\/","https:\/\/www.instagram.com\/ficobafundazioa\/"]},{"@type":"Person","@id":"https:\/\/www.ficoba.org\/es\/#\/schema\/person\/8a96a121e5dbd393e6e6b5a7ee7ed407","name":"ficoba","image":{"@type":"ImageObject","inLanguage":"es","@id":"https:\/\/www.ficoba.org\/es\/#\/schema\/person\/image\/","url":"https:\/\/secure.gravatar.com\/avatar\/c90cc0e07f75fecbe4165c1906a4cd61b0179a28caae2205d37516e4fb7c30c1?s=96&d=mm&r=g","contentUrl":"https:\/\/secure.gravatar.com\/avatar\/c90cc0e07f75fecbe4165c1906a4cd61b0179a28caae2205d37516e4fb7c30c1?s=96&d=mm&r=g","caption":"ficoba"}}]}},"_links":{"self":[{"href":"https:\/\/www.ficoba.org\/es\/wp-json\/wp\/v2\/posts\/17671","targetHints":{"allow":["GET"]}}],"collection":[{"href":"https:\/\/www.ficoba.org\/es\/wp-json\/wp\/v2\/posts"}],"about":[{"href":"https:\/\/www.ficoba.org\/es\/wp-json\/wp\/v2\/types\/post"}],"author":[{"embeddable":true,"href":"https:\/\/www.ficoba.org\/es\/wp-json\/wp\/v2\/users\/2"}],"replies":[{"embeddable":true,"href":"https:\/\/www.ficoba.org\/es\/wp-json\/wp\/v2\/comments?post=17671"}],"version-history":[{"count":1,"href":"https:\/\/www.ficoba.org\/es\/wp-json\/wp\/v2\/posts\/17671\/revisions"}],"predecessor-version":[{"id":17676,"href":"https:\/\/www.ficoba.org\/es\/wp-json\/wp\/v2\/posts\/17671\/revisions\/17676"}],"wp:featuredmedia":[{"embeddable":true,"href":"https:\/\/www.ficoba.org\/es\/wp-json\/wp\/v2\/media\/17672"}],"wp:attachment":[{"href":"https:\/\/www.ficoba.org\/es\/wp-json\/wp\/v2\/media?parent=17671"}],"wp:term":[{"taxonomy":"category","embeddable":true,"href":"https:\/\/www.ficoba.org\/es\/wp-json\/wp\/v2\/categories?post=17671"},{"taxonomy":"post_tag","embeddable":true,"href":"https:\/\/www.ficoba.org\/es\/wp-json\/wp\/v2\/tags?post=17671"}],"curies":[{"name":"wp","href":"https:\/\/api.w.org\/{rel}","templated":true}]}}