{"id":17576,"date":"2023-09-20T11:15:06","date_gmt":"2023-09-20T09:15:06","guid":{"rendered":"https:\/\/www.ficoba.org\/?p=17576"},"modified":"2023-09-20T11:15:06","modified_gmt":"2023-09-20T09:15:06","slug":"la-tercera-edicion-de-ababor-la-bienal-de-la-nautica-de-euskadi-se-celebrara-en-2025","status":"publish","type":"post","link":"https:\/\/www.ficoba.org\/es\/la-tercera-edicion-de-ababor-la-bienal-de-la-nautica-de-euskadi-se-celebrara-en-2025\/","title":{"rendered":"La tercera edici\u00f3n de Ababor, la Bienal de la N\u00e1utica de Euskadi, se celebrar\u00e1 en 2025"},"content":{"rendered":"<ul>\n<li><strong>Tras el periodo de lanzamiento y consolidaci\u00f3n, la feria tendr\u00e1 car\u00e1cter bienal<\/strong><\/li>\n<\/ul>\n<p>La feria n\u00e1utica Ababor, que se ha convertido en un referente para los amantes de la n\u00e1utica y el sector en general, se establecer\u00e1 como un evento bienal a partir de 2025, cumpliendo as\u00ed con su plan de desarrollo.<\/p>\n<p>Esta decisi\u00f3n ha sido tomada por el equipo organizador de la feria despu\u00e9s de una consulta realizada a los principales actores del sector n\u00e1utico.<\/p>\n<p>Desde sus primeras dos exitosas ediciones, Ababor ha logrado consolidarse como un evento de gran relevancia en la regi\u00f3n, atrayendo a m\u00e1s de 80 empresas expositoras y recibiendo a casi 10.000 visitantes.<\/p>\n<p>Entre estos visitantes, el 80% otorg\u00f3 calificaciones de entre 4 y 5 puntos (siendo 5 la puntuaci\u00f3n m\u00e1xima) a la feria. Este s\u00f3lido respaldo se ha visto complementado por el inter\u00e9s mostrado por el mercado franc\u00e9s, donde la n\u00e1utica juega un papel econ\u00f3mico crucial y cuenta con multitud de seguidores. En ambas ediciones, la presencia de visitantes franceses se mantuvo en un rango del 16 al 20%.<\/p>\n<p>La tercera edici\u00f3n de Ababor, que se llevar\u00e1 a cabo en el primer cuatrimestre de 2025, promete seguir atrayendo a entusiastas de la n\u00e1utica y profesionales del sector, consolidando su posici\u00f3n como una de las principales ferias n\u00e1uticas de Euskadi y el norte de Espa\u00f1a. El evento, como en ediciones precedentes, contar\u00e1 con el apoyo institucional de ANEN (Asociaci\u00f3n Nacional de Empresas N\u00e1uticas, patronal del sector n\u00e1utico en Espa\u00f1a).<\/p>\n<p><strong>Elkarrekin Ababor mantiene su cita con los aficionados<\/strong><\/p>\n<p>Quien s\u00ed mantiene convocatoria en 2024 es Elkarrekin Ababor. Esta serie de actividades n\u00e1uticas, que se han venido celebrado de forma previa a la feria, promovidas por Ababor con la colaboraci\u00f3n y apoyo de Euskal Kirol Portuak (EKP), el Club N\u00e1utico de Hondarribia, la Federaci\u00f3n Vasca de Vela, la Federaci\u00f3n Guipuzcoana de Vela y el Ayuntamiento de Hondarribia, volver\u00e1 a celebrarse en la Bah\u00eda del Txingudi en unas fechas que se anunciar\u00e1n en los pr\u00f3ximos meses.<\/p>\n<p><strong>www.ababor.eus<\/strong><\/p>\n<p>&nbsp;<\/p>\n<p>&nbsp;<\/p>\n","protected":false},"excerpt":{"rendered":"<p>Tras el periodo de lanzamiento y consolidaci\u00f3n, la feria tendr\u00e1 car\u00e1cter bienal La feria n\u00e1utica Ababor, que se ha convertido en un referente para los amantes de la n\u00e1utica y [&hellip;]<\/p>\n","protected":false},"author":2,"featured_media":17577,"comment_status":"closed","ping_status":"closed","sticky":false,"template":"","format":"standard","meta":{"_et_pb_use_builder":"","_et_pb_old_content":"","_et_gb_content_width":"","footnotes":""},"categories":[3],"tags":[263,349,274,366,264],"class_list":["post-17576","post","type-post","status-publish","format-standard","has-post-thumbnail","hentry","category-eventos-y-ferias","tag-actividades-nauticas","tag-deportes-nauticos","tag-feria-nautica","tag-nautica","tag-nautica-de-recreo"],"yoast_head":"<!-- This site is optimized with the Yoast SEO plugin v26.8 - https:\/\/yoast.com\/product\/yoast-seo-wordpress\/ -->\n<title>La tercera edici\u00f3n de Ababor, la Bienal de la N\u00e1utica de Euskadi, se celebrar\u00e1 en 2025 - Ficoba<\/title>\n<meta name=\"robots\" content=\"index, follow, max-snippet:-1, max-image-preview:large, max-video-preview:-1\" \/>\n<link rel=\"canonical\" href=\"https:\/\/www.ficoba.org\/es\/la-tercera-edicion-de-ababor-la-bienal-de-la-nautica-de-euskadi-se-celebrara-en-2025\/\" \/>\n<meta name=\"twitter:label1\" content=\"Escrito por\" \/>\n\t<meta name=\"twitter:data1\" content=\"ficoba\" \/>\n\t<meta name=\"twitter:label2\" content=\"Tiempo de lectura\" \/>\n\t<meta name=\"twitter:data2\" content=\"2 minutos\" \/>\n<script type=\"application\/ld+json\" class=\"yoast-schema-graph\">{\"@context\":\"https:\/\/schema.org\",\"@graph\":[{\"@type\":\"Article\",\"@id\":\"https:\/\/www.ficoba.org\/es\/la-tercera-edicion-de-ababor-la-bienal-de-la-nautica-de-euskadi-se-celebrara-en-2025\/#article\",\"isPartOf\":{\"@id\":\"https:\/\/www.ficoba.org\/es\/la-tercera-edicion-de-ababor-la-bienal-de-la-nautica-de-euskadi-se-celebrara-en-2025\/\"},\"author\":{\"name\":\"ficoba\",\"@id\":\"https:\/\/www.ficoba.org\/es\/#\/schema\/person\/8a96a121e5dbd393e6e6b5a7ee7ed407\"},\"headline\":\"La tercera edici\u00f3n de Ababor, la Bienal de la N\u00e1utica de Euskadi, se celebrar\u00e1 en 2025\",\"datePublished\":\"2023-09-20T09:15:06+00:00\",\"mainEntityOfPage\":{\"@id\":\"https:\/\/www.ficoba.org\/es\/la-tercera-edicion-de-ababor-la-bienal-de-la-nautica-de-euskadi-se-celebrara-en-2025\/\"},\"wordCount\":371,\"publisher\":{\"@id\":\"https:\/\/www.ficoba.org\/es\/#organization\"},\"image\":{\"@id\":\"https:\/\/www.ficoba.org\/es\/la-tercera-edicion-de-ababor-la-bienal-de-la-nautica-de-euskadi-se-celebrara-en-2025\/#primaryimage\"},\"thumbnailUrl\":\"https:\/\/www.ficoba.org\/wp-content\/uploads\/2023\/09\/ababor-logo-color.jpg\",\"keywords\":[\"actividades n\u00e1uticas\",\"Deportes n\u00e1uticos\",\"Feria n\u00e1utica\",\"N\u00e1utica\",\"n\u00e1utica de recreo\"],\"articleSection\":[\"Eventos y ferias\"],\"inLanguage\":\"es\"},{\"@type\":\"WebPage\",\"@id\":\"https:\/\/www.ficoba.org\/es\/la-tercera-edicion-de-ababor-la-bienal-de-la-nautica-de-euskadi-se-celebrara-en-2025\/\",\"url\":\"https:\/\/www.ficoba.org\/es\/la-tercera-edicion-de-ababor-la-bienal-de-la-nautica-de-euskadi-se-celebrara-en-2025\/\",\"name\":\"La tercera edici\u00f3n de Ababor, la Bienal de la N\u00e1utica de Euskadi, se celebrar\u00e1 en 2025 - Ficoba\",\"isPartOf\":{\"@id\":\"https:\/\/www.ficoba.org\/es\/#website\"},\"primaryImageOfPage\":{\"@id\":\"https:\/\/www.ficoba.org\/es\/la-tercera-edicion-de-ababor-la-bienal-de-la-nautica-de-euskadi-se-celebrara-en-2025\/#primaryimage\"},\"image\":{\"@id\":\"https:\/\/www.ficoba.org\/es\/la-tercera-edicion-de-ababor-la-bienal-de-la-nautica-de-euskadi-se-celebrara-en-2025\/#primaryimage\"},\"thumbnailUrl\":\"https:\/\/www.ficoba.org\/wp-content\/uploads\/2023\/09\/ababor-logo-color.jpg\",\"datePublished\":\"2023-09-20T09:15:06+00:00\",\"breadcrumb\":{\"@id\":\"https:\/\/www.ficoba.org\/es\/la-tercera-edicion-de-ababor-la-bienal-de-la-nautica-de-euskadi-se-celebrara-en-2025\/#breadcrumb\"},\"inLanguage\":\"es\",\"potentialAction\":[{\"@type\":\"ReadAction\",\"target\":[\"https:\/\/www.ficoba.org\/es\/la-tercera-edicion-de-ababor-la-bienal-de-la-nautica-de-euskadi-se-celebrara-en-2025\/\"]}]},{\"@type\":\"ImageObject\",\"inLanguage\":\"es\",\"@id\":\"https:\/\/www.ficoba.org\/es\/la-tercera-edicion-de-ababor-la-bienal-de-la-nautica-de-euskadi-se-celebrara-en-2025\/#primaryimage\",\"url\":\"https:\/\/www.ficoba.org\/wp-content\/uploads\/2023\/09\/ababor-logo-color.jpg\",\"contentUrl\":\"https:\/\/www.ficoba.org\/wp-content\/uploads\/2023\/09\/ababor-logo-color.jpg\",\"width\":1972,\"height\":1588,\"caption\":\"ABABOR\"},{\"@type\":\"BreadcrumbList\",\"@id\":\"https:\/\/www.ficoba.org\/es\/la-tercera-edicion-de-ababor-la-bienal-de-la-nautica-de-euskadi-se-celebrara-en-2025\/#breadcrumb\",\"itemListElement\":[{\"@type\":\"ListItem\",\"position\":1,\"name\":\"Portada\",\"item\":\"https:\/\/www.ficoba.org\/es\/\"},{\"@type\":\"ListItem\",\"position\":2,\"name\":\"La tercera edici\u00f3n de Ababor, la Bienal de la N\u00e1utica de Euskadi, se celebrar\u00e1 en 2025\"}]},{\"@type\":\"WebSite\",\"@id\":\"https:\/\/www.ficoba.org\/es\/#website\",\"url\":\"https:\/\/www.ficoba.org\/es\/\",\"name\":\"Ficoba, Recinto Ferial de Gipuzkoa\",\"description\":\"Ficoba, recinto ferial de Gipuzkoa\",\"publisher\":{\"@id\":\"https:\/\/www.ficoba.org\/es\/#organization\"},\"alternateName\":\"Ficoba\",\"potentialAction\":[{\"@type\":\"SearchAction\",\"target\":{\"@type\":\"EntryPoint\",\"urlTemplate\":\"https:\/\/www.ficoba.org\/es\/?s={search_term_string}\"},\"query-input\":{\"@type\":\"PropertyValueSpecification\",\"valueRequired\":true,\"valueName\":\"search_term_string\"}}],\"inLanguage\":\"es\"},{\"@type\":\"Organization\",\"@id\":\"https:\/\/www.ficoba.org\/es\/#organization\",\"name\":\"Ficoba, Reciento Ferial de Gipuzkoa\",\"url\":\"https:\/\/www.ficoba.org\/es\/\",\"logo\":{\"@type\":\"ImageObject\",\"inLanguage\":\"es\",\"@id\":\"https:\/\/www.ficoba.org\/es\/#\/schema\/logo\/image\/\",\"url\":\"https:\/\/www.ficoba.org\/wp-content\/uploads\/2018\/11\/logo_ficoba.png\",\"contentUrl\":\"https:\/\/www.ficoba.org\/wp-content\/uploads\/2018\/11\/logo_ficoba.png\",\"width\":200,\"height\":124,\"caption\":\"Ficoba, Reciento Ferial de Gipuzkoa\"},\"image\":{\"@id\":\"https:\/\/www.ficoba.org\/es\/#\/schema\/logo\/image\/\"},\"sameAs\":[\"https:\/\/www.facebook.com\/FICOBAFUNDAZIOA\/\",\"https:\/\/x.com\/FicobaFundazioa\",\"https:\/\/www.youtube.com\/channel\/UCvo2JGluemyCf5KPRmEF9JQ\",\"https:\/\/www.linkedin.com\/company\/ficoba\/\",\"https:\/\/www.instagram.com\/ficobafundazioa\/\"]},{\"@type\":\"Person\",\"@id\":\"https:\/\/www.ficoba.org\/es\/#\/schema\/person\/8a96a121e5dbd393e6e6b5a7ee7ed407\",\"name\":\"ficoba\",\"image\":{\"@type\":\"ImageObject\",\"inLanguage\":\"es\",\"@id\":\"https:\/\/www.ficoba.org\/es\/#\/schema\/person\/image\/\",\"url\":\"https:\/\/secure.gravatar.com\/avatar\/c90cc0e07f75fecbe4165c1906a4cd61b0179a28caae2205d37516e4fb7c30c1?s=96&d=mm&r=g\",\"contentUrl\":\"https:\/\/secure.gravatar.com\/avatar\/c90cc0e07f75fecbe4165c1906a4cd61b0179a28caae2205d37516e4fb7c30c1?s=96&d=mm&r=g\",\"caption\":\"ficoba\"}}]}<\/script>\n<!-- \/ Yoast SEO plugin. -->","yoast_head_json":{"title":"La tercera edici\u00f3n de Ababor, la Bienal de la N\u00e1utica de Euskadi, se celebrar\u00e1 en 2025 - Ficoba","robots":{"index":"index","follow":"follow","max-snippet":"max-snippet:-1","max-image-preview":"max-image-preview:large","max-video-preview":"max-video-preview:-1"},"canonical":"https:\/\/www.ficoba.org\/es\/la-tercera-edicion-de-ababor-la-bienal-de-la-nautica-de-euskadi-se-celebrara-en-2025\/","twitter_misc":{"Escrito por":"ficoba","Tiempo de lectura":"2 minutos"},"schema":{"@context":"https:\/\/schema.org","@graph":[{"@type":"Article","@id":"https:\/\/www.ficoba.org\/es\/la-tercera-edicion-de-ababor-la-bienal-de-la-nautica-de-euskadi-se-celebrara-en-2025\/#article","isPartOf":{"@id":"https:\/\/www.ficoba.org\/es\/la-tercera-edicion-de-ababor-la-bienal-de-la-nautica-de-euskadi-se-celebrara-en-2025\/"},"author":{"name":"ficoba","@id":"https:\/\/www.ficoba.org\/es\/#\/schema\/person\/8a96a121e5dbd393e6e6b5a7ee7ed407"},"headline":"La tercera edici\u00f3n de Ababor, la Bienal de la N\u00e1utica de Euskadi, se celebrar\u00e1 en 2025","datePublished":"2023-09-20T09:15:06+00:00","mainEntityOfPage":{"@id":"https:\/\/www.ficoba.org\/es\/la-tercera-edicion-de-ababor-la-bienal-de-la-nautica-de-euskadi-se-celebrara-en-2025\/"},"wordCount":371,"publisher":{"@id":"https:\/\/www.ficoba.org\/es\/#organization"},"image":{"@id":"https:\/\/www.ficoba.org\/es\/la-tercera-edicion-de-ababor-la-bienal-de-la-nautica-de-euskadi-se-celebrara-en-2025\/#primaryimage"},"thumbnailUrl":"https:\/\/www.ficoba.org\/wp-content\/uploads\/2023\/09\/ababor-logo-color.jpg","keywords":["actividades n\u00e1uticas","Deportes n\u00e1uticos","Feria n\u00e1utica","N\u00e1utica","n\u00e1utica de recreo"],"articleSection":["Eventos y ferias"],"inLanguage":"es"},{"@type":"WebPage","@id":"https:\/\/www.ficoba.org\/es\/la-tercera-edicion-de-ababor-la-bienal-de-la-nautica-de-euskadi-se-celebrara-en-2025\/","url":"https:\/\/www.ficoba.org\/es\/la-tercera-edicion-de-ababor-la-bienal-de-la-nautica-de-euskadi-se-celebrara-en-2025\/","name":"La tercera edici\u00f3n de Ababor, la Bienal de la N\u00e1utica de Euskadi, se celebrar\u00e1 en 2025 - Ficoba","isPartOf":{"@id":"https:\/\/www.ficoba.org\/es\/#website"},"primaryImageOfPage":{"@id":"https:\/\/www.ficoba.org\/es\/la-tercera-edicion-de-ababor-la-bienal-de-la-nautica-de-euskadi-se-celebrara-en-2025\/#primaryimage"},"image":{"@id":"https:\/\/www.ficoba.org\/es\/la-tercera-edicion-de-ababor-la-bienal-de-la-nautica-de-euskadi-se-celebrara-en-2025\/#primaryimage"},"thumbnailUrl":"https:\/\/www.ficoba.org\/wp-content\/uploads\/2023\/09\/ababor-logo-color.jpg","datePublished":"2023-09-20T09:15:06+00:00","breadcrumb":{"@id":"https:\/\/www.ficoba.org\/es\/la-tercera-edicion-de-ababor-la-bienal-de-la-nautica-de-euskadi-se-celebrara-en-2025\/#breadcrumb"},"inLanguage":"es","potentialAction":[{"@type":"ReadAction","target":["https:\/\/www.ficoba.org\/es\/la-tercera-edicion-de-ababor-la-bienal-de-la-nautica-de-euskadi-se-celebrara-en-2025\/"]}]},{"@type":"ImageObject","inLanguage":"es","@id":"https:\/\/www.ficoba.org\/es\/la-tercera-edicion-de-ababor-la-bienal-de-la-nautica-de-euskadi-se-celebrara-en-2025\/#primaryimage","url":"https:\/\/www.ficoba.org\/wp-content\/uploads\/2023\/09\/ababor-logo-color.jpg","contentUrl":"https:\/\/www.ficoba.org\/wp-content\/uploads\/2023\/09\/ababor-logo-color.jpg","width":1972,"height":1588,"caption":"ABABOR"},{"@type":"BreadcrumbList","@id":"https:\/\/www.ficoba.org\/es\/la-tercera-edicion-de-ababor-la-bienal-de-la-nautica-de-euskadi-se-celebrara-en-2025\/#breadcrumb","itemListElement":[{"@type":"ListItem","position":1,"name":"Portada","item":"https:\/\/www.ficoba.org\/es\/"},{"@type":"ListItem","position":2,"name":"La tercera edici\u00f3n de Ababor, la Bienal de la N\u00e1utica de Euskadi, se celebrar\u00e1 en 2025"}]},{"@type":"WebSite","@id":"https:\/\/www.ficoba.org\/es\/#website","url":"https:\/\/www.ficoba.org\/es\/","name":"Ficoba, Recinto Ferial de Gipuzkoa","description":"Ficoba, recinto ferial de Gipuzkoa","publisher":{"@id":"https:\/\/www.ficoba.org\/es\/#organization"},"alternateName":"Ficoba","potentialAction":[{"@type":"SearchAction","target":{"@type":"EntryPoint","urlTemplate":"https:\/\/www.ficoba.org\/es\/?s={search_term_string}"},"query-input":{"@type":"PropertyValueSpecification","valueRequired":true,"valueName":"search_term_string"}}],"inLanguage":"es"},{"@type":"Organization","@id":"https:\/\/www.ficoba.org\/es\/#organization","name":"Ficoba, Reciento Ferial de Gipuzkoa","url":"https:\/\/www.ficoba.org\/es\/","logo":{"@type":"ImageObject","inLanguage":"es","@id":"https:\/\/www.ficoba.org\/es\/#\/schema\/logo\/image\/","url":"https:\/\/www.ficoba.org\/wp-content\/uploads\/2018\/11\/logo_ficoba.png","contentUrl":"https:\/\/www.ficoba.org\/wp-content\/uploads\/2018\/11\/logo_ficoba.png","width":200,"height":124,"caption":"Ficoba, Reciento Ferial de Gipuzkoa"},"image":{"@id":"https:\/\/www.ficoba.org\/es\/#\/schema\/logo\/image\/"},"sameAs":["https:\/\/www.facebook.com\/FICOBAFUNDAZIOA\/","https:\/\/x.com\/FicobaFundazioa","https:\/\/www.youtube.com\/channel\/UCvo2JGluemyCf5KPRmEF9JQ","https:\/\/www.linkedin.com\/company\/ficoba\/","https:\/\/www.instagram.com\/ficobafundazioa\/"]},{"@type":"Person","@id":"https:\/\/www.ficoba.org\/es\/#\/schema\/person\/8a96a121e5dbd393e6e6b5a7ee7ed407","name":"ficoba","image":{"@type":"ImageObject","inLanguage":"es","@id":"https:\/\/www.ficoba.org\/es\/#\/schema\/person\/image\/","url":"https:\/\/secure.gravatar.com\/avatar\/c90cc0e07f75fecbe4165c1906a4cd61b0179a28caae2205d37516e4fb7c30c1?s=96&d=mm&r=g","contentUrl":"https:\/\/secure.gravatar.com\/avatar\/c90cc0e07f75fecbe4165c1906a4cd61b0179a28caae2205d37516e4fb7c30c1?s=96&d=mm&r=g","caption":"ficoba"}}]}},"_links":{"self":[{"href":"https:\/\/www.ficoba.org\/es\/wp-json\/wp\/v2\/posts\/17576","targetHints":{"allow":["GET"]}}],"collection":[{"href":"https:\/\/www.ficoba.org\/es\/wp-json\/wp\/v2\/posts"}],"about":[{"href":"https:\/\/www.ficoba.org\/es\/wp-json\/wp\/v2\/types\/post"}],"author":[{"embeddable":true,"href":"https:\/\/www.ficoba.org\/es\/wp-json\/wp\/v2\/users\/2"}],"replies":[{"embeddable":true,"href":"https:\/\/www.ficoba.org\/es\/wp-json\/wp\/v2\/comments?post=17576"}],"version-history":[{"count":1,"href":"https:\/\/www.ficoba.org\/es\/wp-json\/wp\/v2\/posts\/17576\/revisions"}],"predecessor-version":[{"id":17581,"href":"https:\/\/www.ficoba.org\/es\/wp-json\/wp\/v2\/posts\/17576\/revisions\/17581"}],"wp:featuredmedia":[{"embeddable":true,"href":"https:\/\/www.ficoba.org\/es\/wp-json\/wp\/v2\/media\/17577"}],"wp:attachment":[{"href":"https:\/\/www.ficoba.org\/es\/wp-json\/wp\/v2\/media?parent=17576"}],"wp:term":[{"taxonomy":"category","embeddable":true,"href":"https:\/\/www.ficoba.org\/es\/wp-json\/wp\/v2\/categories?post=17576"},{"taxonomy":"post_tag","embeddable":true,"href":"https:\/\/www.ficoba.org\/es\/wp-json\/wp\/v2\/tags?post=17576"}],"curies":[{"name":"wp","href":"https:\/\/api.w.org\/{rel}","templated":true}]}}