{"id":17315,"date":"2023-07-26T12:39:27","date_gmt":"2023-07-26T10:39:27","guid":{"rendered":"https:\/\/www.ficoba.org\/?p=17315"},"modified":"2023-07-26T12:39:27","modified_gmt":"2023-07-26T10:39:27","slug":"be-veggie-2023-del-8-al-10-de-diciembre-en-ficoba","status":"publish","type":"post","link":"https:\/\/www.ficoba.org\/es\/be-veggie-2023-del-8-al-10-de-diciembre-en-ficoba\/","title":{"rendered":"Be Veggie 2023, del 8 al 10 de diciembre en Ficoba"},"content":{"rendered":"<p>Este a\u00f1o todas las personas veganas, flexiveganas, vegetarianas y aquellas que est\u00e1n explorando nuevas formas de consumo y vida est\u00e1n de enhorabuena. Regresa a Ficoba el festival vegano Be Veggie, en una versi\u00f3n extendida. Esta quinta edici\u00f3n se celebrar\u00e1 a lo largo de tres d\u00edas, el fin de semana del 8 al 10 de diciembre.<\/p>\n<p>La propuesta de Be Veggie incluir\u00e1 espacios expositivos con oferta de alimentaci\u00f3n 100% vegetal y de productos y servicios aptos para las personas veganas como cosm\u00e9tica, moda, h\u00e1bitat, hosteler\u00eda y turismo, etc.<\/p>\n<p>Como en ediciones anteriores, Be Veggie est\u00e1 dise\u00f1ando un programa de actividades que incluir\u00e1 conferencias informativas, mesas redondas, talleres de cocina, m\u00fasica en vivo y otras propuestas de ocio con el objetivo de crear la atm\u00f3sfera adecuada para que las personas que acudan al festival puedan compartir experiencias, conocimientos y pasar juntas un buen rato.<\/p>\n<p>Asimismo, Be Veggie ser\u00e1 el punto de encuentro de asociaciones, santuarios y entidades que promueven la concienciaci\u00f3n de un estilo de vida vegano con el objetivo de que el festival sea tambi\u00e9n un punto de informaci\u00f3n y de conocimiento.<\/p>\n<p><strong>Un referente en el sector<\/strong><\/p>\n<p>Be Veggie se ha hecho por m\u00e9ritos propios un hueco en el panorama de eventos veganos del Estado. De ah\u00ed que las organizaciones de referencia del sector apoyen con su presencia y actividades este evento.<\/p>\n<p>Una edici\u00f3n m\u00e1s, el festival cuenta con la colaboraci\u00f3n de la Uni\u00f3n Vegetariana Espa\u00f1ola (UVE). Be Veggie ha recibido tambi\u00e9n el apoyo de otra instituci\u00f3n referente en el veganismo como Proveg Internacional que, al igual que el a\u00f1o pasado, realizar\u00e1 una encuesta para determinar si las personas somos conscientes de hasta qu\u00e9 punto nuestro modo de alimentarnos impacta en el medio ambiente. El hecho de poder entrevistar a personas antes y despu\u00e9s de visitar Be Veggie, les permitir\u00e1 tambi\u00e9n pulsar hasta qu\u00e9 punto este tipo de citas influyen en los cambios de estilo de vida.<\/p>\n<p><strong>Datos pr\u00e1cticos<\/strong><\/p>\n<p>Este a\u00f1o los perros tambi\u00e9n ser\u00e1n bienvenidos en Be Veggie. La iniciativa se prob\u00f3 con \u00e9xito en la edici\u00f3n de 2022, a la que acudieron m\u00e1s de 100 canes, que convivieron en total armon\u00eda con el resto de visitantes.<\/p>\n<p>Para que nadie se pierda la cita vegana de Euskadi y pueda conocer de primera mano este evento que difunde un estilo de vida 100% vegetal con propuestas beneficiosa para la salud, libres de explotaci\u00f3n animal y que promueve la sostenibilidad medioambiental, la entrada al festival y el parking ser\u00e1n gratuitos.<\/p>\n<p><strong>S\u00edguenos en:<\/strong><\/p>\n<p>IG beveggie.ficoba<\/p>\n<p>Tik Tok: @festivalbe Veggie<\/p>\n<p>https:\/\/www.facebook.com\/beveggie<\/p>\n<p><strong>M\u00e1s informaci\u00f3n<\/strong>: www.beveggie.eus<\/p>\n","protected":false},"excerpt":{"rendered":"<p>Este a\u00f1o todas las personas veganas, flexiveganas, vegetarianas y aquellas que est\u00e1n explorando nuevas formas de consumo y vida est\u00e1n de enhorabuena. Regresa a Ficoba el festival vegano Be Veggie, [&hellip;]<\/p>\n","protected":false},"author":2,"featured_media":17340,"comment_status":"closed","ping_status":"closed","sticky":false,"template":"","format":"standard","meta":{"_et_pb_use_builder":"","_et_pb_old_content":"","_et_gb_content_width":"","footnotes":""},"categories":[3],"tags":[201,200,365,141,363,364,240],"class_list":["post-17315","post","type-post","status-publish","format-standard","has-post-thumbnail","hentry","category-eventos-y-ferias","tag-alimentacion-vegana","tag-cosmetica-vegana","tag-feria-vegana","tag-festival-vegano","tag-flexivegetarianos","tag-turismo-vegano","tag-veganismo"],"yoast_head":"<!-- This site is optimized with the Yoast SEO plugin v26.8 - https:\/\/yoast.com\/product\/yoast-seo-wordpress\/ -->\n<title>Be Veggie 2023, del 8 al 10 de diciembre en Ficoba - Ficoba<\/title>\n<meta name=\"robots\" content=\"index, follow, max-snippet:-1, max-image-preview:large, max-video-preview:-1\" \/>\n<link rel=\"canonical\" href=\"https:\/\/www.ficoba.org\/es\/be-veggie-2023-del-8-al-10-de-diciembre-en-ficoba\/\" \/>\n<meta name=\"twitter:label1\" content=\"Escrito por\" \/>\n\t<meta name=\"twitter:data1\" content=\"ficoba\" \/>\n\t<meta name=\"twitter:label2\" content=\"Tiempo de lectura\" \/>\n\t<meta name=\"twitter:data2\" content=\"2 minutos\" \/>\n<script type=\"application\/ld+json\" class=\"yoast-schema-graph\">{\"@context\":\"https:\/\/schema.org\",\"@graph\":[{\"@type\":\"Article\",\"@id\":\"https:\/\/www.ficoba.org\/es\/be-veggie-2023-del-8-al-10-de-diciembre-en-ficoba\/#article\",\"isPartOf\":{\"@id\":\"https:\/\/www.ficoba.org\/es\/be-veggie-2023-del-8-al-10-de-diciembre-en-ficoba\/\"},\"author\":{\"name\":\"ficoba\",\"@id\":\"https:\/\/www.ficoba.org\/es\/#\/schema\/person\/8a96a121e5dbd393e6e6b5a7ee7ed407\"},\"headline\":\"Be Veggie 2023, del 8 al 10 de diciembre en Ficoba\",\"datePublished\":\"2023-07-26T10:39:27+00:00\",\"mainEntityOfPage\":{\"@id\":\"https:\/\/www.ficoba.org\/es\/be-veggie-2023-del-8-al-10-de-diciembre-en-ficoba\/\"},\"wordCount\":468,\"publisher\":{\"@id\":\"https:\/\/www.ficoba.org\/es\/#organization\"},\"image\":{\"@id\":\"https:\/\/www.ficoba.org\/es\/be-veggie-2023-del-8-al-10-de-diciembre-en-ficoba\/#primaryimage\"},\"thumbnailUrl\":\"https:\/\/www.ficoba.org\/wp-content\/uploads\/2023\/07\/logo-beveggie-vertical-RGB.png\",\"keywords\":[\"alimentaci\u00f3n vegana\",\"cosm\u00e9tica vegana\",\"feria vegana\",\"Festival vegano\",\"flexivegetarianos\",\"turismo vegano\",\"veganismo\"],\"articleSection\":[\"Eventos y ferias\"],\"inLanguage\":\"es\"},{\"@type\":\"WebPage\",\"@id\":\"https:\/\/www.ficoba.org\/es\/be-veggie-2023-del-8-al-10-de-diciembre-en-ficoba\/\",\"url\":\"https:\/\/www.ficoba.org\/es\/be-veggie-2023-del-8-al-10-de-diciembre-en-ficoba\/\",\"name\":\"Be Veggie 2023, del 8 al 10 de diciembre en Ficoba - Ficoba\",\"isPartOf\":{\"@id\":\"https:\/\/www.ficoba.org\/es\/#website\"},\"primaryImageOfPage\":{\"@id\":\"https:\/\/www.ficoba.org\/es\/be-veggie-2023-del-8-al-10-de-diciembre-en-ficoba\/#primaryimage\"},\"image\":{\"@id\":\"https:\/\/www.ficoba.org\/es\/be-veggie-2023-del-8-al-10-de-diciembre-en-ficoba\/#primaryimage\"},\"thumbnailUrl\":\"https:\/\/www.ficoba.org\/wp-content\/uploads\/2023\/07\/logo-beveggie-vertical-RGB.png\",\"datePublished\":\"2023-07-26T10:39:27+00:00\",\"breadcrumb\":{\"@id\":\"https:\/\/www.ficoba.org\/es\/be-veggie-2023-del-8-al-10-de-diciembre-en-ficoba\/#breadcrumb\"},\"inLanguage\":\"es\",\"potentialAction\":[{\"@type\":\"ReadAction\",\"target\":[\"https:\/\/www.ficoba.org\/es\/be-veggie-2023-del-8-al-10-de-diciembre-en-ficoba\/\"]}]},{\"@type\":\"ImageObject\",\"inLanguage\":\"es\",\"@id\":\"https:\/\/www.ficoba.org\/es\/be-veggie-2023-del-8-al-10-de-diciembre-en-ficoba\/#primaryimage\",\"url\":\"https:\/\/www.ficoba.org\/wp-content\/uploads\/2023\/07\/logo-beveggie-vertical-RGB.png\",\"contentUrl\":\"https:\/\/www.ficoba.org\/wp-content\/uploads\/2023\/07\/logo-beveggie-vertical-RGB.png\",\"width\":359,\"height\":451},{\"@type\":\"BreadcrumbList\",\"@id\":\"https:\/\/www.ficoba.org\/es\/be-veggie-2023-del-8-al-10-de-diciembre-en-ficoba\/#breadcrumb\",\"itemListElement\":[{\"@type\":\"ListItem\",\"position\":1,\"name\":\"Portada\",\"item\":\"https:\/\/www.ficoba.org\/es\/\"},{\"@type\":\"ListItem\",\"position\":2,\"name\":\"Be Veggie 2023, del 8 al 10 de diciembre en Ficoba\"}]},{\"@type\":\"WebSite\",\"@id\":\"https:\/\/www.ficoba.org\/es\/#website\",\"url\":\"https:\/\/www.ficoba.org\/es\/\",\"name\":\"Ficoba, Recinto Ferial de Gipuzkoa\",\"description\":\"Ficoba, recinto ferial de Gipuzkoa\",\"publisher\":{\"@id\":\"https:\/\/www.ficoba.org\/es\/#organization\"},\"alternateName\":\"Ficoba\",\"potentialAction\":[{\"@type\":\"SearchAction\",\"target\":{\"@type\":\"EntryPoint\",\"urlTemplate\":\"https:\/\/www.ficoba.org\/es\/?s={search_term_string}\"},\"query-input\":{\"@type\":\"PropertyValueSpecification\",\"valueRequired\":true,\"valueName\":\"search_term_string\"}}],\"inLanguage\":\"es\"},{\"@type\":\"Organization\",\"@id\":\"https:\/\/www.ficoba.org\/es\/#organization\",\"name\":\"Ficoba, Reciento Ferial de Gipuzkoa\",\"url\":\"https:\/\/www.ficoba.org\/es\/\",\"logo\":{\"@type\":\"ImageObject\",\"inLanguage\":\"es\",\"@id\":\"https:\/\/www.ficoba.org\/es\/#\/schema\/logo\/image\/\",\"url\":\"https:\/\/www.ficoba.org\/wp-content\/uploads\/2018\/11\/logo_ficoba.png\",\"contentUrl\":\"https:\/\/www.ficoba.org\/wp-content\/uploads\/2018\/11\/logo_ficoba.png\",\"width\":200,\"height\":124,\"caption\":\"Ficoba, Reciento Ferial de Gipuzkoa\"},\"image\":{\"@id\":\"https:\/\/www.ficoba.org\/es\/#\/schema\/logo\/image\/\"},\"sameAs\":[\"https:\/\/www.facebook.com\/FICOBAFUNDAZIOA\/\",\"https:\/\/x.com\/FicobaFundazioa\",\"https:\/\/www.youtube.com\/channel\/UCvo2JGluemyCf5KPRmEF9JQ\",\"https:\/\/www.linkedin.com\/company\/ficoba\/\",\"https:\/\/www.instagram.com\/ficobafundazioa\/\"]},{\"@type\":\"Person\",\"@id\":\"https:\/\/www.ficoba.org\/es\/#\/schema\/person\/8a96a121e5dbd393e6e6b5a7ee7ed407\",\"name\":\"ficoba\",\"image\":{\"@type\":\"ImageObject\",\"inLanguage\":\"es\",\"@id\":\"https:\/\/www.ficoba.org\/es\/#\/schema\/person\/image\/\",\"url\":\"https:\/\/secure.gravatar.com\/avatar\/c90cc0e07f75fecbe4165c1906a4cd61b0179a28caae2205d37516e4fb7c30c1?s=96&d=mm&r=g\",\"contentUrl\":\"https:\/\/secure.gravatar.com\/avatar\/c90cc0e07f75fecbe4165c1906a4cd61b0179a28caae2205d37516e4fb7c30c1?s=96&d=mm&r=g\",\"caption\":\"ficoba\"}}]}<\/script>\n<!-- \/ Yoast SEO plugin. -->","yoast_head_json":{"title":"Be Veggie 2023, del 8 al 10 de diciembre en Ficoba - Ficoba","robots":{"index":"index","follow":"follow","max-snippet":"max-snippet:-1","max-image-preview":"max-image-preview:large","max-video-preview":"max-video-preview:-1"},"canonical":"https:\/\/www.ficoba.org\/es\/be-veggie-2023-del-8-al-10-de-diciembre-en-ficoba\/","twitter_misc":{"Escrito por":"ficoba","Tiempo de lectura":"2 minutos"},"schema":{"@context":"https:\/\/schema.org","@graph":[{"@type":"Article","@id":"https:\/\/www.ficoba.org\/es\/be-veggie-2023-del-8-al-10-de-diciembre-en-ficoba\/#article","isPartOf":{"@id":"https:\/\/www.ficoba.org\/es\/be-veggie-2023-del-8-al-10-de-diciembre-en-ficoba\/"},"author":{"name":"ficoba","@id":"https:\/\/www.ficoba.org\/es\/#\/schema\/person\/8a96a121e5dbd393e6e6b5a7ee7ed407"},"headline":"Be Veggie 2023, del 8 al 10 de diciembre en Ficoba","datePublished":"2023-07-26T10:39:27+00:00","mainEntityOfPage":{"@id":"https:\/\/www.ficoba.org\/es\/be-veggie-2023-del-8-al-10-de-diciembre-en-ficoba\/"},"wordCount":468,"publisher":{"@id":"https:\/\/www.ficoba.org\/es\/#organization"},"image":{"@id":"https:\/\/www.ficoba.org\/es\/be-veggie-2023-del-8-al-10-de-diciembre-en-ficoba\/#primaryimage"},"thumbnailUrl":"https:\/\/www.ficoba.org\/wp-content\/uploads\/2023\/07\/logo-beveggie-vertical-RGB.png","keywords":["alimentaci\u00f3n vegana","cosm\u00e9tica vegana","feria vegana","Festival vegano","flexivegetarianos","turismo vegano","veganismo"],"articleSection":["Eventos y ferias"],"inLanguage":"es"},{"@type":"WebPage","@id":"https:\/\/www.ficoba.org\/es\/be-veggie-2023-del-8-al-10-de-diciembre-en-ficoba\/","url":"https:\/\/www.ficoba.org\/es\/be-veggie-2023-del-8-al-10-de-diciembre-en-ficoba\/","name":"Be Veggie 2023, del 8 al 10 de diciembre en Ficoba - Ficoba","isPartOf":{"@id":"https:\/\/www.ficoba.org\/es\/#website"},"primaryImageOfPage":{"@id":"https:\/\/www.ficoba.org\/es\/be-veggie-2023-del-8-al-10-de-diciembre-en-ficoba\/#primaryimage"},"image":{"@id":"https:\/\/www.ficoba.org\/es\/be-veggie-2023-del-8-al-10-de-diciembre-en-ficoba\/#primaryimage"},"thumbnailUrl":"https:\/\/www.ficoba.org\/wp-content\/uploads\/2023\/07\/logo-beveggie-vertical-RGB.png","datePublished":"2023-07-26T10:39:27+00:00","breadcrumb":{"@id":"https:\/\/www.ficoba.org\/es\/be-veggie-2023-del-8-al-10-de-diciembre-en-ficoba\/#breadcrumb"},"inLanguage":"es","potentialAction":[{"@type":"ReadAction","target":["https:\/\/www.ficoba.org\/es\/be-veggie-2023-del-8-al-10-de-diciembre-en-ficoba\/"]}]},{"@type":"ImageObject","inLanguage":"es","@id":"https:\/\/www.ficoba.org\/es\/be-veggie-2023-del-8-al-10-de-diciembre-en-ficoba\/#primaryimage","url":"https:\/\/www.ficoba.org\/wp-content\/uploads\/2023\/07\/logo-beveggie-vertical-RGB.png","contentUrl":"https:\/\/www.ficoba.org\/wp-content\/uploads\/2023\/07\/logo-beveggie-vertical-RGB.png","width":359,"height":451},{"@type":"BreadcrumbList","@id":"https:\/\/www.ficoba.org\/es\/be-veggie-2023-del-8-al-10-de-diciembre-en-ficoba\/#breadcrumb","itemListElement":[{"@type":"ListItem","position":1,"name":"Portada","item":"https:\/\/www.ficoba.org\/es\/"},{"@type":"ListItem","position":2,"name":"Be Veggie 2023, del 8 al 10 de diciembre en Ficoba"}]},{"@type":"WebSite","@id":"https:\/\/www.ficoba.org\/es\/#website","url":"https:\/\/www.ficoba.org\/es\/","name":"Ficoba, Recinto Ferial de Gipuzkoa","description":"Ficoba, recinto ferial de Gipuzkoa","publisher":{"@id":"https:\/\/www.ficoba.org\/es\/#organization"},"alternateName":"Ficoba","potentialAction":[{"@type":"SearchAction","target":{"@type":"EntryPoint","urlTemplate":"https:\/\/www.ficoba.org\/es\/?s={search_term_string}"},"query-input":{"@type":"PropertyValueSpecification","valueRequired":true,"valueName":"search_term_string"}}],"inLanguage":"es"},{"@type":"Organization","@id":"https:\/\/www.ficoba.org\/es\/#organization","name":"Ficoba, Reciento Ferial de Gipuzkoa","url":"https:\/\/www.ficoba.org\/es\/","logo":{"@type":"ImageObject","inLanguage":"es","@id":"https:\/\/www.ficoba.org\/es\/#\/schema\/logo\/image\/","url":"https:\/\/www.ficoba.org\/wp-content\/uploads\/2018\/11\/logo_ficoba.png","contentUrl":"https:\/\/www.ficoba.org\/wp-content\/uploads\/2018\/11\/logo_ficoba.png","width":200,"height":124,"caption":"Ficoba, Reciento Ferial de Gipuzkoa"},"image":{"@id":"https:\/\/www.ficoba.org\/es\/#\/schema\/logo\/image\/"},"sameAs":["https:\/\/www.facebook.com\/FICOBAFUNDAZIOA\/","https:\/\/x.com\/FicobaFundazioa","https:\/\/www.youtube.com\/channel\/UCvo2JGluemyCf5KPRmEF9JQ","https:\/\/www.linkedin.com\/company\/ficoba\/","https:\/\/www.instagram.com\/ficobafundazioa\/"]},{"@type":"Person","@id":"https:\/\/www.ficoba.org\/es\/#\/schema\/person\/8a96a121e5dbd393e6e6b5a7ee7ed407","name":"ficoba","image":{"@type":"ImageObject","inLanguage":"es","@id":"https:\/\/www.ficoba.org\/es\/#\/schema\/person\/image\/","url":"https:\/\/secure.gravatar.com\/avatar\/c90cc0e07f75fecbe4165c1906a4cd61b0179a28caae2205d37516e4fb7c30c1?s=96&d=mm&r=g","contentUrl":"https:\/\/secure.gravatar.com\/avatar\/c90cc0e07f75fecbe4165c1906a4cd61b0179a28caae2205d37516e4fb7c30c1?s=96&d=mm&r=g","caption":"ficoba"}}]}},"_links":{"self":[{"href":"https:\/\/www.ficoba.org\/es\/wp-json\/wp\/v2\/posts\/17315","targetHints":{"allow":["GET"]}}],"collection":[{"href":"https:\/\/www.ficoba.org\/es\/wp-json\/wp\/v2\/posts"}],"about":[{"href":"https:\/\/www.ficoba.org\/es\/wp-json\/wp\/v2\/types\/post"}],"author":[{"embeddable":true,"href":"https:\/\/www.ficoba.org\/es\/wp-json\/wp\/v2\/users\/2"}],"replies":[{"embeddable":true,"href":"https:\/\/www.ficoba.org\/es\/wp-json\/wp\/v2\/comments?post=17315"}],"version-history":[{"count":1,"href":"https:\/\/www.ficoba.org\/es\/wp-json\/wp\/v2\/posts\/17315\/revisions"}],"predecessor-version":[{"id":17344,"href":"https:\/\/www.ficoba.org\/es\/wp-json\/wp\/v2\/posts\/17315\/revisions\/17344"}],"wp:featuredmedia":[{"embeddable":true,"href":"https:\/\/www.ficoba.org\/es\/wp-json\/wp\/v2\/media\/17340"}],"wp:attachment":[{"href":"https:\/\/www.ficoba.org\/es\/wp-json\/wp\/v2\/media?parent=17315"}],"wp:term":[{"taxonomy":"category","embeddable":true,"href":"https:\/\/www.ficoba.org\/es\/wp-json\/wp\/v2\/categories?post=17315"},{"taxonomy":"post_tag","embeddable":true,"href":"https:\/\/www.ficoba.org\/es\/wp-json\/wp\/v2\/tags?post=17315"}],"curies":[{"name":"wp","href":"https:\/\/api.w.org\/{rel}","templated":true}]}}