{"id":17193,"date":"2023-06-05T12:20:54","date_gmt":"2023-06-05T10:20:54","guid":{"rendered":"https:\/\/www.ficoba.org\/?p=17193"},"modified":"2023-06-05T12:20:54","modified_gmt":"2023-06-05T10:20:54","slug":"bioterra-cierra-su-vigesima-edicion-con-un-incremento-del-6-en-el-numero-de-visitantes","status":"publish","type":"post","link":"https:\/\/www.ficoba.org\/es\/bioterra-cierra-su-vigesima-edicion-con-un-incremento-del-6-en-el-numero-de-visitantes\/","title":{"rendered":"Bioterra cierra su vig\u00e9sima edici\u00f3n con un incremento del 6% en el n\u00famero de visitantes"},"content":{"rendered":"<ul>\n<li><strong>M\u00e1s de 10.000 personas han visitado Bioterra y m\u00e1s de 2.000 han participado en el programa de actividades paralelas<\/strong><\/li>\n<\/ul>\n<p>El p\u00fablico guipuzcoano y de territorios lim\u00edtrofes no ha querido perderse las propuestas de las 121 empresas expositoras que han participado en la 20 edici\u00f3n de Bioterra ni el completo programa de actividades preparado para celebrar la efem\u00e9ride.<\/p>\n<p>M\u00e1s de 10.000 personas han pasado este fin de semana por Ficoba. El domingo fue el d\u00eda de mayor afluencia; se superaron los 4.100 visitantes, procedentes, principalmente de Gipuzkoa (82%). Tambi\u00e9n cabe se\u00f1alar que cerca de un 7% de los visitantes han venido de Iparralde y un 5% de Navarra.<\/p>\n<p>Respecto a la procedencia del visitante guipuzcoano, la mayor participaci\u00f3n ha correspondido a la comarca del Bidasoa (46,45%), seguida de Donostialdea (27,58%), Oarsoaldea (11,54%), Goierri-Tolosaldea (6,64%) y Debagoiena-Debabehea y Urola Kosta (7,79%).<\/p>\n<p>La afluencia de p\u00fablico ha dejado un buen sabor de boca entre las empresas expositoras que han dado una nota alta a esta nueva edici\u00f3n de la Feria de Euskadi de productos ecol\u00f3gicos, bioconstrucci\u00f3n, energ\u00edas renovables y consumo responsable. En las encuestas realizadas a las empresas expositoras el 83% ha afirmado que tiene intenci\u00f3n del volver en la siguiente edici\u00f3n.<\/p>\n<p>Las personas que han visitado la feria tambi\u00e9n han mostrado su satisfacci\u00f3n tanto por las propuestas de los expositores como por las actividades. Lo cierto es que ha habido un gran ambiente en los stands a lo largo de todo el fin de semana, as\u00ed como las conferencias, talleres, showcookings, en el Yoga Day, que un a\u00f1o m\u00e1s a colgado el cartel de completo, y, por supuesto, en las food trucks de la Bioterraza.<\/p>\n<p>\u201cBioterra 2023 ha sido una edici\u00f3n redonda, ha se\u00f1alado Maialen Gazta\u00f1aga, directora de la feria.Gracias a todas las personas que nos han visitado, la feria ha tenido un excelente ambiente todo el fin de semana. La zona expositiva ha estado muy concurrida. Y lo mismo ha ocurrido en las decenas de actividades que se han desarrollado en Bioterra. En las charlas, en los talleres, en el Yoga Day, en la bioterraza\u2026 En todos los rincones de la feria ha habido un ambiente excepcional. Ha sido una gran manera de celebrar el veinte aniversario de Bioterra\u201d.<\/p>\n<p>&nbsp;<\/p>\n<p>&nbsp;<\/p>\n<p><a href=\"http:\/\/bioterra.ficoba.org\">http:\/\/bioterra.ficoba.org<\/a><\/p>\n<p>&nbsp;<\/p>\n<p>&nbsp;<\/p>\n","protected":false},"excerpt":{"rendered":"<p>M\u00e1s de 10.000 personas han visitado Bioterra y m\u00e1s de 2.000 han participado en el programa de actividades paralelas El p\u00fablico guipuzcoano y de territorios lim\u00edtrofes no ha querido perderse [&hellip;]<\/p>\n","protected":false},"author":2,"featured_media":17194,"comment_status":"closed","ping_status":"closed","sticky":false,"template":"","format":"standard","meta":{"_et_pb_use_builder":"","_et_pb_old_content":"","_et_gb_content_width":"","footnotes":""},"categories":[3],"tags":[219,116,360,115,361],"class_list":["post-17193","post","type-post","status-publish","format-standard","has-post-thumbnail","hentry","category-eventos-y-ferias","tag-alimentacion-ecologica","tag-bioconstruccion","tag-energuis-renovables","tag-feria-ecologica","tag-medioambiente"],"yoast_head":"<!-- This site is optimized with the Yoast SEO plugin v26.8 - https:\/\/yoast.com\/product\/yoast-seo-wordpress\/ -->\n<title>Bioterra cierra su vig\u00e9sima edici\u00f3n con un incremento del 6% en el n\u00famero de visitantes - Ficoba<\/title>\n<meta name=\"robots\" content=\"index, follow, max-snippet:-1, max-image-preview:large, max-video-preview:-1\" \/>\n<link rel=\"canonical\" href=\"https:\/\/www.ficoba.org\/es\/bioterra-cierra-su-vigesima-edicion-con-un-incremento-del-6-en-el-numero-de-visitantes\/\" \/>\n<meta name=\"twitter:label1\" content=\"Escrito por\" \/>\n\t<meta name=\"twitter:data1\" content=\"ficoba\" \/>\n\t<meta name=\"twitter:label2\" content=\"Tiempo de lectura\" \/>\n\t<meta name=\"twitter:data2\" content=\"2 minutos\" \/>\n<script type=\"application\/ld+json\" class=\"yoast-schema-graph\">{\"@context\":\"https:\/\/schema.org\",\"@graph\":[{\"@type\":\"Article\",\"@id\":\"https:\/\/www.ficoba.org\/es\/bioterra-cierra-su-vigesima-edicion-con-un-incremento-del-6-en-el-numero-de-visitantes\/#article\",\"isPartOf\":{\"@id\":\"https:\/\/www.ficoba.org\/es\/bioterra-cierra-su-vigesima-edicion-con-un-incremento-del-6-en-el-numero-de-visitantes\/\"},\"author\":{\"name\":\"ficoba\",\"@id\":\"https:\/\/www.ficoba.org\/es\/#\/schema\/person\/8a96a121e5dbd393e6e6b5a7ee7ed407\"},\"headline\":\"Bioterra cierra su vig\u00e9sima edici\u00f3n con un incremento del 6% en el n\u00famero de visitantes\",\"datePublished\":\"2023-06-05T10:20:54+00:00\",\"mainEntityOfPage\":{\"@id\":\"https:\/\/www.ficoba.org\/es\/bioterra-cierra-su-vigesima-edicion-con-un-incremento-del-6-en-el-numero-de-visitantes\/\"},\"wordCount\":403,\"publisher\":{\"@id\":\"https:\/\/www.ficoba.org\/es\/#organization\"},\"image\":{\"@id\":\"https:\/\/www.ficoba.org\/es\/bioterra-cierra-su-vigesima-edicion-con-un-incremento-del-6-en-el-numero-de-visitantes\/#primaryimage\"},\"thumbnailUrl\":\"https:\/\/www.ficoba.org\/wp-content\/uploads\/2023\/06\/230603-172-M.jpg\",\"keywords\":[\"alimentaci\u00f3n ecol\u00f3gica\",\"bioconstrucci\u00f3n\",\"energ\u00fais renovables\",\"feria ecol\u00f3gica\",\"medioambiente\"],\"articleSection\":[\"Eventos y ferias\"],\"inLanguage\":\"es\"},{\"@type\":\"WebPage\",\"@id\":\"https:\/\/www.ficoba.org\/es\/bioterra-cierra-su-vigesima-edicion-con-un-incremento-del-6-en-el-numero-de-visitantes\/\",\"url\":\"https:\/\/www.ficoba.org\/es\/bioterra-cierra-su-vigesima-edicion-con-un-incremento-del-6-en-el-numero-de-visitantes\/\",\"name\":\"Bioterra cierra su vig\u00e9sima edici\u00f3n con un incremento del 6% en el n\u00famero de visitantes - Ficoba\",\"isPartOf\":{\"@id\":\"https:\/\/www.ficoba.org\/es\/#website\"},\"primaryImageOfPage\":{\"@id\":\"https:\/\/www.ficoba.org\/es\/bioterra-cierra-su-vigesima-edicion-con-un-incremento-del-6-en-el-numero-de-visitantes\/#primaryimage\"},\"image\":{\"@id\":\"https:\/\/www.ficoba.org\/es\/bioterra-cierra-su-vigesima-edicion-con-un-incremento-del-6-en-el-numero-de-visitantes\/#primaryimage\"},\"thumbnailUrl\":\"https:\/\/www.ficoba.org\/wp-content\/uploads\/2023\/06\/230603-172-M.jpg\",\"datePublished\":\"2023-06-05T10:20:54+00:00\",\"breadcrumb\":{\"@id\":\"https:\/\/www.ficoba.org\/es\/bioterra-cierra-su-vigesima-edicion-con-un-incremento-del-6-en-el-numero-de-visitantes\/#breadcrumb\"},\"inLanguage\":\"es\",\"potentialAction\":[{\"@type\":\"ReadAction\",\"target\":[\"https:\/\/www.ficoba.org\/es\/bioterra-cierra-su-vigesima-edicion-con-un-incremento-del-6-en-el-numero-de-visitantes\/\"]}]},{\"@type\":\"ImageObject\",\"inLanguage\":\"es\",\"@id\":\"https:\/\/www.ficoba.org\/es\/bioterra-cierra-su-vigesima-edicion-con-un-incremento-del-6-en-el-numero-de-visitantes\/#primaryimage\",\"url\":\"https:\/\/www.ficoba.org\/wp-content\/uploads\/2023\/06\/230603-172-M.jpg\",\"contentUrl\":\"https:\/\/www.ficoba.org\/wp-content\/uploads\/2023\/06\/230603-172-M.jpg\",\"width\":1500,\"height\":1000},{\"@type\":\"BreadcrumbList\",\"@id\":\"https:\/\/www.ficoba.org\/es\/bioterra-cierra-su-vigesima-edicion-con-un-incremento-del-6-en-el-numero-de-visitantes\/#breadcrumb\",\"itemListElement\":[{\"@type\":\"ListItem\",\"position\":1,\"name\":\"Portada\",\"item\":\"https:\/\/www.ficoba.org\/es\/\"},{\"@type\":\"ListItem\",\"position\":2,\"name\":\"Bioterra cierra su vig\u00e9sima edici\u00f3n con un incremento del 6% en el n\u00famero de visitantes\"}]},{\"@type\":\"WebSite\",\"@id\":\"https:\/\/www.ficoba.org\/es\/#website\",\"url\":\"https:\/\/www.ficoba.org\/es\/\",\"name\":\"Ficoba, Recinto Ferial de Gipuzkoa\",\"description\":\"Ficoba, recinto ferial de Gipuzkoa\",\"publisher\":{\"@id\":\"https:\/\/www.ficoba.org\/es\/#organization\"},\"alternateName\":\"Ficoba\",\"potentialAction\":[{\"@type\":\"SearchAction\",\"target\":{\"@type\":\"EntryPoint\",\"urlTemplate\":\"https:\/\/www.ficoba.org\/es\/?s={search_term_string}\"},\"query-input\":{\"@type\":\"PropertyValueSpecification\",\"valueRequired\":true,\"valueName\":\"search_term_string\"}}],\"inLanguage\":\"es\"},{\"@type\":\"Organization\",\"@id\":\"https:\/\/www.ficoba.org\/es\/#organization\",\"name\":\"Ficoba, Reciento Ferial de Gipuzkoa\",\"url\":\"https:\/\/www.ficoba.org\/es\/\",\"logo\":{\"@type\":\"ImageObject\",\"inLanguage\":\"es\",\"@id\":\"https:\/\/www.ficoba.org\/es\/#\/schema\/logo\/image\/\",\"url\":\"https:\/\/www.ficoba.org\/wp-content\/uploads\/2018\/11\/logo_ficoba.png\",\"contentUrl\":\"https:\/\/www.ficoba.org\/wp-content\/uploads\/2018\/11\/logo_ficoba.png\",\"width\":200,\"height\":124,\"caption\":\"Ficoba, Reciento Ferial de Gipuzkoa\"},\"image\":{\"@id\":\"https:\/\/www.ficoba.org\/es\/#\/schema\/logo\/image\/\"},\"sameAs\":[\"https:\/\/www.facebook.com\/FICOBAFUNDAZIOA\/\",\"https:\/\/x.com\/FicobaFundazioa\",\"https:\/\/www.youtube.com\/channel\/UCvo2JGluemyCf5KPRmEF9JQ\",\"https:\/\/www.linkedin.com\/company\/ficoba\/\",\"https:\/\/www.instagram.com\/ficobafundazioa\/\"]},{\"@type\":\"Person\",\"@id\":\"https:\/\/www.ficoba.org\/es\/#\/schema\/person\/8a96a121e5dbd393e6e6b5a7ee7ed407\",\"name\":\"ficoba\",\"image\":{\"@type\":\"ImageObject\",\"inLanguage\":\"es\",\"@id\":\"https:\/\/www.ficoba.org\/es\/#\/schema\/person\/image\/\",\"url\":\"https:\/\/secure.gravatar.com\/avatar\/c90cc0e07f75fecbe4165c1906a4cd61b0179a28caae2205d37516e4fb7c30c1?s=96&d=mm&r=g\",\"contentUrl\":\"https:\/\/secure.gravatar.com\/avatar\/c90cc0e07f75fecbe4165c1906a4cd61b0179a28caae2205d37516e4fb7c30c1?s=96&d=mm&r=g\",\"caption\":\"ficoba\"}}]}<\/script>\n<!-- \/ Yoast SEO plugin. -->","yoast_head_json":{"title":"Bioterra cierra su vig\u00e9sima edici\u00f3n con un incremento del 6% en el n\u00famero de visitantes - Ficoba","robots":{"index":"index","follow":"follow","max-snippet":"max-snippet:-1","max-image-preview":"max-image-preview:large","max-video-preview":"max-video-preview:-1"},"canonical":"https:\/\/www.ficoba.org\/es\/bioterra-cierra-su-vigesima-edicion-con-un-incremento-del-6-en-el-numero-de-visitantes\/","twitter_misc":{"Escrito por":"ficoba","Tiempo de lectura":"2 minutos"},"schema":{"@context":"https:\/\/schema.org","@graph":[{"@type":"Article","@id":"https:\/\/www.ficoba.org\/es\/bioterra-cierra-su-vigesima-edicion-con-un-incremento-del-6-en-el-numero-de-visitantes\/#article","isPartOf":{"@id":"https:\/\/www.ficoba.org\/es\/bioterra-cierra-su-vigesima-edicion-con-un-incremento-del-6-en-el-numero-de-visitantes\/"},"author":{"name":"ficoba","@id":"https:\/\/www.ficoba.org\/es\/#\/schema\/person\/8a96a121e5dbd393e6e6b5a7ee7ed407"},"headline":"Bioterra cierra su vig\u00e9sima edici\u00f3n con un incremento del 6% en el n\u00famero de visitantes","datePublished":"2023-06-05T10:20:54+00:00","mainEntityOfPage":{"@id":"https:\/\/www.ficoba.org\/es\/bioterra-cierra-su-vigesima-edicion-con-un-incremento-del-6-en-el-numero-de-visitantes\/"},"wordCount":403,"publisher":{"@id":"https:\/\/www.ficoba.org\/es\/#organization"},"image":{"@id":"https:\/\/www.ficoba.org\/es\/bioterra-cierra-su-vigesima-edicion-con-un-incremento-del-6-en-el-numero-de-visitantes\/#primaryimage"},"thumbnailUrl":"https:\/\/www.ficoba.org\/wp-content\/uploads\/2023\/06\/230603-172-M.jpg","keywords":["alimentaci\u00f3n ecol\u00f3gica","bioconstrucci\u00f3n","energ\u00fais renovables","feria ecol\u00f3gica","medioambiente"],"articleSection":["Eventos y ferias"],"inLanguage":"es"},{"@type":"WebPage","@id":"https:\/\/www.ficoba.org\/es\/bioterra-cierra-su-vigesima-edicion-con-un-incremento-del-6-en-el-numero-de-visitantes\/","url":"https:\/\/www.ficoba.org\/es\/bioterra-cierra-su-vigesima-edicion-con-un-incremento-del-6-en-el-numero-de-visitantes\/","name":"Bioterra cierra su vig\u00e9sima edici\u00f3n con un incremento del 6% en el n\u00famero de visitantes - Ficoba","isPartOf":{"@id":"https:\/\/www.ficoba.org\/es\/#website"},"primaryImageOfPage":{"@id":"https:\/\/www.ficoba.org\/es\/bioterra-cierra-su-vigesima-edicion-con-un-incremento-del-6-en-el-numero-de-visitantes\/#primaryimage"},"image":{"@id":"https:\/\/www.ficoba.org\/es\/bioterra-cierra-su-vigesima-edicion-con-un-incremento-del-6-en-el-numero-de-visitantes\/#primaryimage"},"thumbnailUrl":"https:\/\/www.ficoba.org\/wp-content\/uploads\/2023\/06\/230603-172-M.jpg","datePublished":"2023-06-05T10:20:54+00:00","breadcrumb":{"@id":"https:\/\/www.ficoba.org\/es\/bioterra-cierra-su-vigesima-edicion-con-un-incremento-del-6-en-el-numero-de-visitantes\/#breadcrumb"},"inLanguage":"es","potentialAction":[{"@type":"ReadAction","target":["https:\/\/www.ficoba.org\/es\/bioterra-cierra-su-vigesima-edicion-con-un-incremento-del-6-en-el-numero-de-visitantes\/"]}]},{"@type":"ImageObject","inLanguage":"es","@id":"https:\/\/www.ficoba.org\/es\/bioterra-cierra-su-vigesima-edicion-con-un-incremento-del-6-en-el-numero-de-visitantes\/#primaryimage","url":"https:\/\/www.ficoba.org\/wp-content\/uploads\/2023\/06\/230603-172-M.jpg","contentUrl":"https:\/\/www.ficoba.org\/wp-content\/uploads\/2023\/06\/230603-172-M.jpg","width":1500,"height":1000},{"@type":"BreadcrumbList","@id":"https:\/\/www.ficoba.org\/es\/bioterra-cierra-su-vigesima-edicion-con-un-incremento-del-6-en-el-numero-de-visitantes\/#breadcrumb","itemListElement":[{"@type":"ListItem","position":1,"name":"Portada","item":"https:\/\/www.ficoba.org\/es\/"},{"@type":"ListItem","position":2,"name":"Bioterra cierra su vig\u00e9sima edici\u00f3n con un incremento del 6% en el n\u00famero de visitantes"}]},{"@type":"WebSite","@id":"https:\/\/www.ficoba.org\/es\/#website","url":"https:\/\/www.ficoba.org\/es\/","name":"Ficoba, Recinto Ferial de Gipuzkoa","description":"Ficoba, recinto ferial de Gipuzkoa","publisher":{"@id":"https:\/\/www.ficoba.org\/es\/#organization"},"alternateName":"Ficoba","potentialAction":[{"@type":"SearchAction","target":{"@type":"EntryPoint","urlTemplate":"https:\/\/www.ficoba.org\/es\/?s={search_term_string}"},"query-input":{"@type":"PropertyValueSpecification","valueRequired":true,"valueName":"search_term_string"}}],"inLanguage":"es"},{"@type":"Organization","@id":"https:\/\/www.ficoba.org\/es\/#organization","name":"Ficoba, Reciento Ferial de Gipuzkoa","url":"https:\/\/www.ficoba.org\/es\/","logo":{"@type":"ImageObject","inLanguage":"es","@id":"https:\/\/www.ficoba.org\/es\/#\/schema\/logo\/image\/","url":"https:\/\/www.ficoba.org\/wp-content\/uploads\/2018\/11\/logo_ficoba.png","contentUrl":"https:\/\/www.ficoba.org\/wp-content\/uploads\/2018\/11\/logo_ficoba.png","width":200,"height":124,"caption":"Ficoba, Reciento Ferial de Gipuzkoa"},"image":{"@id":"https:\/\/www.ficoba.org\/es\/#\/schema\/logo\/image\/"},"sameAs":["https:\/\/www.facebook.com\/FICOBAFUNDAZIOA\/","https:\/\/x.com\/FicobaFundazioa","https:\/\/www.youtube.com\/channel\/UCvo2JGluemyCf5KPRmEF9JQ","https:\/\/www.linkedin.com\/company\/ficoba\/","https:\/\/www.instagram.com\/ficobafundazioa\/"]},{"@type":"Person","@id":"https:\/\/www.ficoba.org\/es\/#\/schema\/person\/8a96a121e5dbd393e6e6b5a7ee7ed407","name":"ficoba","image":{"@type":"ImageObject","inLanguage":"es","@id":"https:\/\/www.ficoba.org\/es\/#\/schema\/person\/image\/","url":"https:\/\/secure.gravatar.com\/avatar\/c90cc0e07f75fecbe4165c1906a4cd61b0179a28caae2205d37516e4fb7c30c1?s=96&d=mm&r=g","contentUrl":"https:\/\/secure.gravatar.com\/avatar\/c90cc0e07f75fecbe4165c1906a4cd61b0179a28caae2205d37516e4fb7c30c1?s=96&d=mm&r=g","caption":"ficoba"}}]}},"_links":{"self":[{"href":"https:\/\/www.ficoba.org\/es\/wp-json\/wp\/v2\/posts\/17193","targetHints":{"allow":["GET"]}}],"collection":[{"href":"https:\/\/www.ficoba.org\/es\/wp-json\/wp\/v2\/posts"}],"about":[{"href":"https:\/\/www.ficoba.org\/es\/wp-json\/wp\/v2\/types\/post"}],"author":[{"embeddable":true,"href":"https:\/\/www.ficoba.org\/es\/wp-json\/wp\/v2\/users\/2"}],"replies":[{"embeddable":true,"href":"https:\/\/www.ficoba.org\/es\/wp-json\/wp\/v2\/comments?post=17193"}],"version-history":[{"count":1,"href":"https:\/\/www.ficoba.org\/es\/wp-json\/wp\/v2\/posts\/17193\/revisions"}],"predecessor-version":[{"id":17198,"href":"https:\/\/www.ficoba.org\/es\/wp-json\/wp\/v2\/posts\/17193\/revisions\/17198"}],"wp:featuredmedia":[{"embeddable":true,"href":"https:\/\/www.ficoba.org\/es\/wp-json\/wp\/v2\/media\/17194"}],"wp:attachment":[{"href":"https:\/\/www.ficoba.org\/es\/wp-json\/wp\/v2\/media?parent=17193"}],"wp:term":[{"taxonomy":"category","embeddable":true,"href":"https:\/\/www.ficoba.org\/es\/wp-json\/wp\/v2\/categories?post=17193"},{"taxonomy":"post_tag","embeddable":true,"href":"https:\/\/www.ficoba.org\/es\/wp-json\/wp\/v2\/tags?post=17193"}],"curies":[{"name":"wp","href":"https:\/\/api.w.org\/{rel}","templated":true}]}}