{"id":17132,"date":"2023-05-31T14:04:52","date_gmt":"2023-05-31T12:04:52","guid":{"rendered":"https:\/\/www.ficoba.org\/?p=17132"},"modified":"2023-05-31T14:49:43","modified_gmt":"2023-05-31T12:49:43","slug":"bioterra-celebra-su-20a-edicion-121-empresas-expositoras-se-suman-a-la-feria-ecologica-de-euskadi","status":"publish","type":"post","link":"https:\/\/www.ficoba.org\/es\/bioterra-celebra-su-20a-edicion-121-empresas-expositoras-se-suman-a-la-feria-ecologica-de-euskadi\/","title":{"rendered":"Bioterra celebra su 20\u00aa edici\u00f3n: 121 empresas expositoras se suman a la feria ecol\u00f3gica de Euskadi"},"content":{"rendered":"<ul>\n<li><strong>Descubre a destacados conferenciantes como Fernando Valladares, Karmelo Bizkarra, Carlos Taibo o Climabar en el programa de conferencias de Bioterra 2023<\/strong><\/li>\n<li><strong>Sum\u00e9rgete en el mundo de la cosm\u00e9tica ecol\u00f3gica y la econom\u00eda circular en el espacio Biobeauty-Zero Zabor<\/strong><\/li>\n<li><strong>Cocina sano y divertido en el espacio Sukaldean y disfruta del Yoga Day, talleres, m\u00fasica en directo y sorteos<\/strong><\/li>\n<li><strong>Explora la bioconstrucci\u00f3n con Ekaikiz Gunea y descubre las claves para un hogar sostenible<\/strong><\/li>\n<li><strong>Actividades sin l\u00edmites para los m\u00e1s peque\u00f1os: \u00a1Ven en familia y disfruta del tiovivo con sillas voladoras!<\/strong><\/li>\n<li><strong>\u00a1M\u00e1s de 4.000 personas ya han descargado su entrada gratuita! \u00danete a la comunidad ecol\u00f3gica en <\/strong><a href=\"http:\/\/www.bioterra.org\"><strong>www.bioterra.org<\/strong><\/a><strong> y disfruta del 2 al 4 de junio de Bioterra<\/strong><\/li>\n<\/ul>\n<p>Este a\u00f1o es especial para Bioterra ya que celebra su vig\u00e9sima edici\u00f3n. Bioterra nunca ha faltado a su cita desde 2003. Se ha celebrado de forma ininterrumpida, incluso en un a\u00f1o marcado por la pandemia como 2020. La Feria ha tenido lugar a\u00f1o tras a\u00f1o desde la puesta en marcha de Ficoba, incluso en 2020, y en ella han participado 2.200 empresas expositoras y cerca de 190.000 personas.<\/p>\n<p>Bioterra ha ido creciendo con el sector. En la primera edici\u00f3n las empresas expositoras cab\u00edan en un \u00fanico pabell\u00f3n. Hoy Bioterra llena todos los rincones de Ficoba.<\/p>\n<p>Bioterra tambi\u00e9n ha evolucionado con el sector. Empezamos hablando de cambio clim\u00e1tico, un concepto que ahora ha evolucionado, a fuerza de realismo, al de emergencia clim\u00e1tica. Otros temas se han ido sumando con naturalidad a la propuesta expositiva y divulgativa de Bioterra, como la permacultura, la casa sana y sostenible, la bioconstrucci\u00f3n o la alimentaci\u00f3n sana.<\/p>\n<p>En estos 19 a\u00f1os Bioterra ha alcanzado sus objetivos y se ha convertido en la feria ecol\u00f3gica de referencia del norte del Estado y el sur de Francia. Bioterra es una cita ineludible y ha creado una comunidad de personas y empresas comprometidas con los productos y servicios respetuosos con el medioambiente, que crece d\u00eda a d\u00eda. Tras esta realidad se esconden varias razones.<\/p>\n<p>El p\u00fablico, integrado por visitantes y empresas expositoras, ha valorado desde sus inicios la identidad ecol\u00f3gica de Bioterra, garantizada por su Comit\u00e9 Organizador, del que forman parte asociaciones y operadores especialistas en el sector desde su lanzamiento en 2004.<\/p>\n<p>Otra de las se\u00f1as de identidad que ha caracterizado a Bioterra, y que est\u00e1 en la base de su \u00e9xito, es la promoci\u00f3n de la cultura de lo ecol\u00f3gico a trav\u00e9s de actividades divulgativas. En este sentido cabe destacar tambi\u00e9n que Bioterra ha sido capaz de traer a Ficoba a referentes de la cultura ecol\u00f3gica como la Premio Nobel Alternativo, Vandana Shiva, o el japon\u00e9s Masaru Emoto, entre otros.<\/p>\n<p>Bioterra afronta ahora sus pr\u00f3ximos 20 a\u00f1os con el aliciente del renovado inter\u00e9s que estos sectores emergentes generan en grupos cada vez m\u00e1s amplios de la sociedad.<\/p>\n<p><strong>El apoyo del sector y de las instituciones<\/strong><\/p>\n<p>Desde su primera edici\u00f3n en 2004, Bioterra ha contado con s\u00f3lidos apoyos, que se mantienen a d\u00eda de hoy. As\u00ed lo refleja la composici\u00f3n del Comit\u00e9 Organizador integrado por representantes de los diferentes sectores que tienen en sus manos la posibilidad de promover un futuro sostenible: Ekolurra (Consejo de Agricultura y Alimentaci\u00f3n Ecol\u00f3gica de Euskadi), BLE (Biharko Lurraren Elkartea), Departamento de Medio Ambiente y Obras Hidr\u00e1ulicas de la Diputaci\u00f3n Foral de Gipuzkoa, Colegio Oficial de Arquitectos Vasco-Navarro, estudio de arquitectura Arkmonia y Bilibin Circular, consultora de econom\u00eda circular. Un apoyo que tambi\u00e9n se manifiesta el patrocinio de la feria por parte de las instituciones vascas como el Gobierno Vasco, la Diputaci\u00f3n Foral de Gipuzkoa y el Ayuntamiento de Irun.<\/p>\n<p><strong>Carlos Taibo, Fernando Valladares, Climabar y Karmelo Bizkarra en el panel de conferenciantes<\/strong><\/p>\n<p>La vig\u00e9sima edici\u00f3n de la feria ecol\u00f3gica tendr\u00e1 lugar del 2 al 4 de junio en Ficoba y contar\u00e1, adem\u00e1s de con la participaci\u00f3n de numerosas empresas expositoras, con una amplia oferta de actividades y conferencias para los visitantes interesados en promover la sostenibilidad del planeta.<\/p>\n<p>El programa de conferencias que se ha dise\u00f1ado para esta edici\u00f3n re\u00fane a multitud de expertos y divulgadores. El s\u00e1bado 3 de junio <strong>Carlos Taibo<\/strong>, profesor de Ciencia Pol\u00edtica en la UAM, y reconocido autor de libros sobre la crisis ecol\u00f3gica, el decrecimiento y el colapso, ser\u00e1 el encargado de inaugurar el programa de conferencias. Carlos Taibo hablar\u00e1 sobre decrecimiento y colapso, de c\u00f3mo el cambio clim\u00e1tico y el agotamiento de las materias primas energ\u00e9ticas nos colocan en un momento muy singular, en el que el riesgo de un colapso general es evidente.<\/p>\n<p>A continuaci\u00f3n, tomar\u00e1 el relevo <strong>Fernando Valladares<\/strong>, un habitual de los medios de comunicaci\u00f3n. Doctor en biolog\u00eda, investigador del Consejo Superior de Investigaciones Cient\u00edficas y profesor asociado en la Universidad Rey Juan Carlos de Madrid. Un cient\u00edfico altamente citado, con numerosas investigaciones sobre el papel de la biodiversidad y los impactos del cambio clim\u00e1tico y de la actividad humana en los ecosistemas que centrar\u00e1 su intervenci\u00f3n en la relaci\u00f3n entre medio ambiente y salud, \u201cque nos enferma y que nos mata realmente\u2026\u201d.<\/p>\n<p>Detr\u00e1s de <strong>Climabar<\/strong> est\u00e1n Bel\u00e9n Hinojar y Carmen Huidobro, impulsoras de esta cuenta de Instagram que consigue bajar a tierra los temas clim\u00e1ticos. Su objetivo, cambiar la que en su opini\u00f3n es la peor campa\u00f1a de marketing de la historia: la del cambio clim\u00e1tico.<\/p>\n<p>Al programa de conferencias 2023, tambi\u00e9n se han sumado nombres como <strong>Marta Marc\u00e9<\/strong>, nutricionista, natur\u00f3pata y comunicadora, que hablar\u00e1 sobre menopausia saludable. Patricia Restrepo, escritora, nutricionista y consultora macrobi\u00f3tica que advierte de la confusi\u00f3n en torno a las dietas sanas y afirma que \u201cSano, no existe. Existe una alimentaci\u00f3n adecuada seg\u00fan nuestras caracter\u00edsticas individuales \u00fanicas que nos permite desarrollar el potencial humano para el que hemos sido creados\u201d.<\/p>\n<p><strong>Mayi Lekuona<\/strong> centrar\u00e1 su intervenci\u00f3n en la permacultura como herramienta para la transici\u00f3n ecol\u00f3gica, tambi\u00e9n en la ciudad. Por su parte, <strong>Ana Esteve<\/strong> hablar\u00e1 sobre salud integrativa y microbiota como claves para tu bienestar f\u00edsico y mental.<\/p>\n<p>El encargado de clausurar el programa de conferencias de la vig\u00e9sima edici\u00f3n de Bioterra ser\u00e1 un habitual de la cita: <strong>Karmelo Bizkarra<\/strong>. Director m\u00e9dico del Centro de Salud Vital Zuhaizpe, en Navarra, autor de libros como El arte de saber de alimentarte y profesor universitario de<\/p>\n<p>Medicina Naturista se dirigir\u00e1 al Auditorio de Ficoba para hablar de los beneficios del ayuno en la salud.<\/p>\n<p><strong>Eraikiz Gunea, la bioconstrucci\u00f3n un valor en alza<\/strong><\/p>\n<p>La transici\u00f3n hacia un modelo circular que fomente la rehabilitaci\u00f3n y el uso eficiente de los recursos, desde el agua o la energ\u00eda a los edificios ya existentes, la descarbonizaci\u00f3n de la construcci\u00f3n\u2026 No hay sector de actividad que no tenga que hacer su aportaci\u00f3n para contrarrestar la emergencia clim\u00e1tica. Por eso, Bioterra cuenta con un programa propio de conferencias en torno a la bioconstrucci\u00f3n.<\/p>\n<p>Este a\u00f1o, entre otros, se abordar\u00e1n temas como las comunidades energ\u00e9ticas, las viviendas colaborativas, c\u00f3mo crear ambientes interiores sanos, el an\u00e1lisis de los efectos de la radiaci\u00f3n de los campos electromagn\u00e9ticos en nuestra biolog\u00eda y su relaci\u00f3n con la geometr\u00eda de la naturaleza y aprenderemos a sanar nuestra casa de la mano de <strong>Javier Petralanda<\/strong> de GEA (Asociaci\u00f3n de Estudios geobiol\u00f3gicos).<\/p>\n<p><strong>La cosm\u00e9tica ecol\u00f3gica y la econom\u00eda circular, otros enfoques sostenibles que suman<\/strong><\/p>\n<p>El espacio Biobeauty\u2013 Zero Zabor combina dos enfoques. Por una parte, es un espacio dedicado a la divulgaci\u00f3n y el conocimiento y propiedades de la cosm\u00e9tica ecol\u00f3gica y, por otra parte, es el punto de encuentro para charlar, informarse y debatir sobre econom\u00eda circular.<\/p>\n<p>En Biobeauty-Zero Zabor tienen cabida temas como la salud natural en femenino, un taller en el que las personas asistentes aprender\u00e1n a elaborar una tintura para equilibrar hormonas y una pomada para dolores menstruales, la utilizaci\u00f3n de plantas medicinales para cuidar la piel, la relaci\u00f3n entre el d\u00e9ficit vitamina D, las manchas en la piel y el microbioma, los peligros de la moda r\u00e1pida o la belleza natural con Victoria Moradell, Profesora de cosm\u00e9tica natural y creadora de su propia l\u00ednea cosm\u00e9tica.<\/p>\n<p>Tambi\u00e9n se abordar\u00e1n los nuevos modelos de negocio circulares como el desarrollado mediante la colaboraci\u00f3n entre <a href=\"https:\/\/www.spanset.com\/es-es\/\">SpanSet<\/a> y la empresa de inserci\u00f3n Ema\u00fas Gipuzkoa y su marca de upcycling <a href=\"https:\/\/sindesperdicio.es\/\">Sindesperdicio<\/a>, que elaboran productos y embalajes ecodise\u00f1ados a partir de multiresiduo industrial proveniente de la fabricaci\u00f3n de eslingas, amarres, arneses y otros productos.<\/p>\n<p><strong>En nuestras cocinas est\u00e1 tambi\u00e9n el secreto para una vida saludable y sostenible<\/strong><\/p>\n<p>El espacio Sukaldean regresa con fuerza a esta edici\u00f3n de Bioterra. Una oportunidad de aprender a cocinar sano y respetando el medio ambiente, y hacerlo de forma divertida.<\/p>\n<p>Entre las propuestas para esta edici\u00f3n, un taller de k\u00e9fir vegano, ashwagandha y c\u00farcuma fermentada, otro para preparar bocadillos 100% saludables o limonada fermentada a partir de flores silvestres, sin olvidar los talleres especialmente dirigidos a los ni\u00f1os.<\/p>\n<p><strong>Yoga Day, talleres, m\u00fasica en directo y sorteos: la experiencia Bioterra<\/strong><\/p>\n<p>Bioterra es un plan de fin de semana para miles de personas que acuden puntuales a su cita con la feria.<\/p>\n<p>Saben que en su visita pueden encontrar a empresas expositoras de todos los rincones del Estado, siempre dispuestas a explicar sus propuestas de productos y servicios, asistir a las conferencias de expertos que se celebran en los m\u00faltiples espacios de Ficoba, aprender participando en los talleres de cocina, horticultura\u2026<\/p>\n<p>Tambi\u00e9n pueden entrenar cuerpo y mente en la <strong>s\u00e9ptima edici\u00f3n del Bioterra Yoga Day<\/strong> que tendr\u00e1 lugar el domingo 4 de junio a las 10.30 horas o reponer fuerzas en los diferentes \u201cpuestos\u201d de la <strong>Bioterraza<\/strong>.<\/p>\n<p>Otra posibilidad es probar suerte en alguno de los <strong>sorteos de lotes de productos ecol\u00f3gicos<\/strong> de Ekolurra y de vales de compra por valor de 100\u20ac para gastar en productos de la feria, y de otros 4 premios de 100 euros para gastar en alguna de las herborister\u00edas que participan en Bioterra.<\/p>\n<p>No faltar\u00e1 tampoco la posibilidad de relajarse escuchando a alguno de los <strong>DJs<\/strong> que amenizar\u00e1n con su m\u00fasica los pabellones de Ficoba.<\/p>\n<p>Todo un plan, <strong>con entrada y parking gratuito<\/strong> y con una <strong>parada de Euskotren a 50 metros<\/strong> para las personas que opten por el transporte p\u00fablico.<\/p>\n<p><strong>Datos pr\u00e1cticos<\/strong><\/p>\n<p>Horario:<\/p>\n<p>Viernes 10h-20h | S\u00e1bado 10h-20h | Domingo 10h-19h<\/p>\n<p>La inauguraci\u00f3n oficial de la feria tendr\u00e1 lugar el viernes 2 de junio a las 12.00 horas en el hall de Ficoba.<\/p>\n<p><strong>www.bioterra.org<\/strong><\/p>\n<p>&nbsp;<\/p>\n","protected":false},"excerpt":{"rendered":"<p>Descubre a destacados conferenciantes como Fernando Valladares, Karmelo Bizkarra, Carlos Taibo o Climabar en el programa de conferencias de Bioterra 2023 Sum\u00e9rgete en el mundo de la cosm\u00e9tica ecol\u00f3gica y [&hellip;]<\/p>\n","protected":false},"author":2,"featured_media":17133,"comment_status":"closed","ping_status":"closed","sticky":false,"template":"","format":"standard","meta":{"_et_pb_use_builder":"","_et_pb_old_content":"","_et_gb_content_width":"","footnotes":""},"categories":[3],"tags":[219,358,116,112,168,214,359,293,68],"class_list":["post-17132","post","type-post","status-publish","format-standard","has-post-thumbnail","hentry","category-eventos-y-ferias","tag-alimentacion-ecologica","tag-bio","tag-bioconstruccion","tag-cosmetica-ecologica","tag-e","tag-economia-circular","tag-mergencia-climatica","tag-permacultura","tag-sostenibilidad"],"yoast_head":"<!-- This site is optimized with the Yoast SEO plugin v26.8 - https:\/\/yoast.com\/product\/yoast-seo-wordpress\/ -->\n<title>Bioterra celebra su 20\u00aa edici\u00f3n: 121 empresas expositoras se suman a la feria ecol\u00f3gica de Euskadi - Ficoba<\/title>\n<meta name=\"robots\" content=\"index, follow, max-snippet:-1, max-image-preview:large, max-video-preview:-1\" \/>\n<link rel=\"canonical\" href=\"https:\/\/www.ficoba.org\/es\/bioterra-celebra-su-20a-edicion-121-empresas-expositoras-se-suman-a-la-feria-ecologica-de-euskadi\/\" \/>\n<meta name=\"twitter:label1\" content=\"Escrito por\" \/>\n\t<meta name=\"twitter:data1\" content=\"ficoba\" \/>\n\t<meta name=\"twitter:label2\" content=\"Tiempo de lectura\" \/>\n\t<meta name=\"twitter:data2\" content=\"9 minutos\" \/>\n<script type=\"application\/ld+json\" class=\"yoast-schema-graph\">{\"@context\":\"https:\/\/schema.org\",\"@graph\":[{\"@type\":\"Article\",\"@id\":\"https:\/\/www.ficoba.org\/es\/bioterra-celebra-su-20a-edicion-121-empresas-expositoras-se-suman-a-la-feria-ecologica-de-euskadi\/#article\",\"isPartOf\":{\"@id\":\"https:\/\/www.ficoba.org\/es\/bioterra-celebra-su-20a-edicion-121-empresas-expositoras-se-suman-a-la-feria-ecologica-de-euskadi\/\"},\"author\":{\"name\":\"ficoba\",\"@id\":\"https:\/\/www.ficoba.org\/es\/#\/schema\/person\/8a96a121e5dbd393e6e6b5a7ee7ed407\"},\"headline\":\"Bioterra celebra su 20\u00aa edici\u00f3n: 121 empresas expositoras se suman a la feria ecol\u00f3gica de Euskadi\",\"datePublished\":\"2023-05-31T12:04:52+00:00\",\"dateModified\":\"2023-05-31T12:49:43+00:00\",\"mainEntityOfPage\":{\"@id\":\"https:\/\/www.ficoba.org\/es\/bioterra-celebra-su-20a-edicion-121-empresas-expositoras-se-suman-a-la-feria-ecologica-de-euskadi\/\"},\"wordCount\":1848,\"publisher\":{\"@id\":\"https:\/\/www.ficoba.org\/es\/#organization\"},\"image\":{\"@id\":\"https:\/\/www.ficoba.org\/es\/bioterra-celebra-su-20a-edicion-121-empresas-expositoras-se-suman-a-la-feria-ecologica-de-euskadi\/#primaryimage\"},\"thumbnailUrl\":\"https:\/\/www.ficoba.org\/wp-content\/uploads\/2023\/05\/Bioterra-hall1-scaled.jpg\",\"keywords\":[\"alimentaci\u00f3n ecol\u00f3gica\",\"bio\",\"bioconstrucci\u00f3n\",\"cosm\u00e9tica ecol\u00f3gica\",\"e\",\"econom\u00eda circular\",\"mergencia clim\u00e1tica\",\"permacultura\",\"sostenibilidad\"],\"articleSection\":[\"Eventos y ferias\"],\"inLanguage\":\"es\"},{\"@type\":\"WebPage\",\"@id\":\"https:\/\/www.ficoba.org\/es\/bioterra-celebra-su-20a-edicion-121-empresas-expositoras-se-suman-a-la-feria-ecologica-de-euskadi\/\",\"url\":\"https:\/\/www.ficoba.org\/es\/bioterra-celebra-su-20a-edicion-121-empresas-expositoras-se-suman-a-la-feria-ecologica-de-euskadi\/\",\"name\":\"Bioterra celebra su 20\u00aa edici\u00f3n: 121 empresas expositoras se suman a la feria ecol\u00f3gica de Euskadi - Ficoba\",\"isPartOf\":{\"@id\":\"https:\/\/www.ficoba.org\/es\/#website\"},\"primaryImageOfPage\":{\"@id\":\"https:\/\/www.ficoba.org\/es\/bioterra-celebra-su-20a-edicion-121-empresas-expositoras-se-suman-a-la-feria-ecologica-de-euskadi\/#primaryimage\"},\"image\":{\"@id\":\"https:\/\/www.ficoba.org\/es\/bioterra-celebra-su-20a-edicion-121-empresas-expositoras-se-suman-a-la-feria-ecologica-de-euskadi\/#primaryimage\"},\"thumbnailUrl\":\"https:\/\/www.ficoba.org\/wp-content\/uploads\/2023\/05\/Bioterra-hall1-scaled.jpg\",\"datePublished\":\"2023-05-31T12:04:52+00:00\",\"dateModified\":\"2023-05-31T12:49:43+00:00\",\"breadcrumb\":{\"@id\":\"https:\/\/www.ficoba.org\/es\/bioterra-celebra-su-20a-edicion-121-empresas-expositoras-se-suman-a-la-feria-ecologica-de-euskadi\/#breadcrumb\"},\"inLanguage\":\"es\",\"potentialAction\":[{\"@type\":\"ReadAction\",\"target\":[\"https:\/\/www.ficoba.org\/es\/bioterra-celebra-su-20a-edicion-121-empresas-expositoras-se-suman-a-la-feria-ecologica-de-euskadi\/\"]}]},{\"@type\":\"ImageObject\",\"inLanguage\":\"es\",\"@id\":\"https:\/\/www.ficoba.org\/es\/bioterra-celebra-su-20a-edicion-121-empresas-expositoras-se-suman-a-la-feria-ecologica-de-euskadi\/#primaryimage\",\"url\":\"https:\/\/www.ficoba.org\/wp-content\/uploads\/2023\/05\/Bioterra-hall1-scaled.jpg\",\"contentUrl\":\"https:\/\/www.ficoba.org\/wp-content\/uploads\/2023\/05\/Bioterra-hall1-scaled.jpg\",\"width\":2560,\"height\":1707},{\"@type\":\"BreadcrumbList\",\"@id\":\"https:\/\/www.ficoba.org\/es\/bioterra-celebra-su-20a-edicion-121-empresas-expositoras-se-suman-a-la-feria-ecologica-de-euskadi\/#breadcrumb\",\"itemListElement\":[{\"@type\":\"ListItem\",\"position\":1,\"name\":\"Portada\",\"item\":\"https:\/\/www.ficoba.org\/es\/\"},{\"@type\":\"ListItem\",\"position\":2,\"name\":\"Bioterra celebra su 20\u00aa edici\u00f3n: 121 empresas expositoras se suman a la feria ecol\u00f3gica de Euskadi\"}]},{\"@type\":\"WebSite\",\"@id\":\"https:\/\/www.ficoba.org\/es\/#website\",\"url\":\"https:\/\/www.ficoba.org\/es\/\",\"name\":\"Ficoba, Recinto Ferial de Gipuzkoa\",\"description\":\"Ficoba, recinto ferial de Gipuzkoa\",\"publisher\":{\"@id\":\"https:\/\/www.ficoba.org\/es\/#organization\"},\"alternateName\":\"Ficoba\",\"potentialAction\":[{\"@type\":\"SearchAction\",\"target\":{\"@type\":\"EntryPoint\",\"urlTemplate\":\"https:\/\/www.ficoba.org\/es\/?s={search_term_string}\"},\"query-input\":{\"@type\":\"PropertyValueSpecification\",\"valueRequired\":true,\"valueName\":\"search_term_string\"}}],\"inLanguage\":\"es\"},{\"@type\":\"Organization\",\"@id\":\"https:\/\/www.ficoba.org\/es\/#organization\",\"name\":\"Ficoba, Reciento Ferial de Gipuzkoa\",\"url\":\"https:\/\/www.ficoba.org\/es\/\",\"logo\":{\"@type\":\"ImageObject\",\"inLanguage\":\"es\",\"@id\":\"https:\/\/www.ficoba.org\/es\/#\/schema\/logo\/image\/\",\"url\":\"https:\/\/www.ficoba.org\/wp-content\/uploads\/2018\/11\/logo_ficoba.png\",\"contentUrl\":\"https:\/\/www.ficoba.org\/wp-content\/uploads\/2018\/11\/logo_ficoba.png\",\"width\":200,\"height\":124,\"caption\":\"Ficoba, Reciento Ferial de Gipuzkoa\"},\"image\":{\"@id\":\"https:\/\/www.ficoba.org\/es\/#\/schema\/logo\/image\/\"},\"sameAs\":[\"https:\/\/www.facebook.com\/FICOBAFUNDAZIOA\/\",\"https:\/\/x.com\/FicobaFundazioa\",\"https:\/\/www.youtube.com\/channel\/UCvo2JGluemyCf5KPRmEF9JQ\",\"https:\/\/www.linkedin.com\/company\/ficoba\/\",\"https:\/\/www.instagram.com\/ficobafundazioa\/\"]},{\"@type\":\"Person\",\"@id\":\"https:\/\/www.ficoba.org\/es\/#\/schema\/person\/8a96a121e5dbd393e6e6b5a7ee7ed407\",\"name\":\"ficoba\",\"image\":{\"@type\":\"ImageObject\",\"inLanguage\":\"es\",\"@id\":\"https:\/\/www.ficoba.org\/es\/#\/schema\/person\/image\/\",\"url\":\"https:\/\/secure.gravatar.com\/avatar\/c90cc0e07f75fecbe4165c1906a4cd61b0179a28caae2205d37516e4fb7c30c1?s=96&d=mm&r=g\",\"contentUrl\":\"https:\/\/secure.gravatar.com\/avatar\/c90cc0e07f75fecbe4165c1906a4cd61b0179a28caae2205d37516e4fb7c30c1?s=96&d=mm&r=g\",\"caption\":\"ficoba\"}}]}<\/script>\n<!-- \/ Yoast SEO plugin. -->","yoast_head_json":{"title":"Bioterra celebra su 20\u00aa edici\u00f3n: 121 empresas expositoras se suman a la feria ecol\u00f3gica de Euskadi - Ficoba","robots":{"index":"index","follow":"follow","max-snippet":"max-snippet:-1","max-image-preview":"max-image-preview:large","max-video-preview":"max-video-preview:-1"},"canonical":"https:\/\/www.ficoba.org\/es\/bioterra-celebra-su-20a-edicion-121-empresas-expositoras-se-suman-a-la-feria-ecologica-de-euskadi\/","twitter_misc":{"Escrito por":"ficoba","Tiempo de lectura":"9 minutos"},"schema":{"@context":"https:\/\/schema.org","@graph":[{"@type":"Article","@id":"https:\/\/www.ficoba.org\/es\/bioterra-celebra-su-20a-edicion-121-empresas-expositoras-se-suman-a-la-feria-ecologica-de-euskadi\/#article","isPartOf":{"@id":"https:\/\/www.ficoba.org\/es\/bioterra-celebra-su-20a-edicion-121-empresas-expositoras-se-suman-a-la-feria-ecologica-de-euskadi\/"},"author":{"name":"ficoba","@id":"https:\/\/www.ficoba.org\/es\/#\/schema\/person\/8a96a121e5dbd393e6e6b5a7ee7ed407"},"headline":"Bioterra celebra su 20\u00aa edici\u00f3n: 121 empresas expositoras se suman a la feria ecol\u00f3gica de Euskadi","datePublished":"2023-05-31T12:04:52+00:00","dateModified":"2023-05-31T12:49:43+00:00","mainEntityOfPage":{"@id":"https:\/\/www.ficoba.org\/es\/bioterra-celebra-su-20a-edicion-121-empresas-expositoras-se-suman-a-la-feria-ecologica-de-euskadi\/"},"wordCount":1848,"publisher":{"@id":"https:\/\/www.ficoba.org\/es\/#organization"},"image":{"@id":"https:\/\/www.ficoba.org\/es\/bioterra-celebra-su-20a-edicion-121-empresas-expositoras-se-suman-a-la-feria-ecologica-de-euskadi\/#primaryimage"},"thumbnailUrl":"https:\/\/www.ficoba.org\/wp-content\/uploads\/2023\/05\/Bioterra-hall1-scaled.jpg","keywords":["alimentaci\u00f3n ecol\u00f3gica","bio","bioconstrucci\u00f3n","cosm\u00e9tica ecol\u00f3gica","e","econom\u00eda circular","mergencia clim\u00e1tica","permacultura","sostenibilidad"],"articleSection":["Eventos y ferias"],"inLanguage":"es"},{"@type":"WebPage","@id":"https:\/\/www.ficoba.org\/es\/bioterra-celebra-su-20a-edicion-121-empresas-expositoras-se-suman-a-la-feria-ecologica-de-euskadi\/","url":"https:\/\/www.ficoba.org\/es\/bioterra-celebra-su-20a-edicion-121-empresas-expositoras-se-suman-a-la-feria-ecologica-de-euskadi\/","name":"Bioterra celebra su 20\u00aa edici\u00f3n: 121 empresas expositoras se suman a la feria ecol\u00f3gica de Euskadi - Ficoba","isPartOf":{"@id":"https:\/\/www.ficoba.org\/es\/#website"},"primaryImageOfPage":{"@id":"https:\/\/www.ficoba.org\/es\/bioterra-celebra-su-20a-edicion-121-empresas-expositoras-se-suman-a-la-feria-ecologica-de-euskadi\/#primaryimage"},"image":{"@id":"https:\/\/www.ficoba.org\/es\/bioterra-celebra-su-20a-edicion-121-empresas-expositoras-se-suman-a-la-feria-ecologica-de-euskadi\/#primaryimage"},"thumbnailUrl":"https:\/\/www.ficoba.org\/wp-content\/uploads\/2023\/05\/Bioterra-hall1-scaled.jpg","datePublished":"2023-05-31T12:04:52+00:00","dateModified":"2023-05-31T12:49:43+00:00","breadcrumb":{"@id":"https:\/\/www.ficoba.org\/es\/bioterra-celebra-su-20a-edicion-121-empresas-expositoras-se-suman-a-la-feria-ecologica-de-euskadi\/#breadcrumb"},"inLanguage":"es","potentialAction":[{"@type":"ReadAction","target":["https:\/\/www.ficoba.org\/es\/bioterra-celebra-su-20a-edicion-121-empresas-expositoras-se-suman-a-la-feria-ecologica-de-euskadi\/"]}]},{"@type":"ImageObject","inLanguage":"es","@id":"https:\/\/www.ficoba.org\/es\/bioterra-celebra-su-20a-edicion-121-empresas-expositoras-se-suman-a-la-feria-ecologica-de-euskadi\/#primaryimage","url":"https:\/\/www.ficoba.org\/wp-content\/uploads\/2023\/05\/Bioterra-hall1-scaled.jpg","contentUrl":"https:\/\/www.ficoba.org\/wp-content\/uploads\/2023\/05\/Bioterra-hall1-scaled.jpg","width":2560,"height":1707},{"@type":"BreadcrumbList","@id":"https:\/\/www.ficoba.org\/es\/bioterra-celebra-su-20a-edicion-121-empresas-expositoras-se-suman-a-la-feria-ecologica-de-euskadi\/#breadcrumb","itemListElement":[{"@type":"ListItem","position":1,"name":"Portada","item":"https:\/\/www.ficoba.org\/es\/"},{"@type":"ListItem","position":2,"name":"Bioterra celebra su 20\u00aa edici\u00f3n: 121 empresas expositoras se suman a la feria ecol\u00f3gica de Euskadi"}]},{"@type":"WebSite","@id":"https:\/\/www.ficoba.org\/es\/#website","url":"https:\/\/www.ficoba.org\/es\/","name":"Ficoba, Recinto Ferial de Gipuzkoa","description":"Ficoba, recinto ferial de Gipuzkoa","publisher":{"@id":"https:\/\/www.ficoba.org\/es\/#organization"},"alternateName":"Ficoba","potentialAction":[{"@type":"SearchAction","target":{"@type":"EntryPoint","urlTemplate":"https:\/\/www.ficoba.org\/es\/?s={search_term_string}"},"query-input":{"@type":"PropertyValueSpecification","valueRequired":true,"valueName":"search_term_string"}}],"inLanguage":"es"},{"@type":"Organization","@id":"https:\/\/www.ficoba.org\/es\/#organization","name":"Ficoba, Reciento Ferial de Gipuzkoa","url":"https:\/\/www.ficoba.org\/es\/","logo":{"@type":"ImageObject","inLanguage":"es","@id":"https:\/\/www.ficoba.org\/es\/#\/schema\/logo\/image\/","url":"https:\/\/www.ficoba.org\/wp-content\/uploads\/2018\/11\/logo_ficoba.png","contentUrl":"https:\/\/www.ficoba.org\/wp-content\/uploads\/2018\/11\/logo_ficoba.png","width":200,"height":124,"caption":"Ficoba, Reciento Ferial de Gipuzkoa"},"image":{"@id":"https:\/\/www.ficoba.org\/es\/#\/schema\/logo\/image\/"},"sameAs":["https:\/\/www.facebook.com\/FICOBAFUNDAZIOA\/","https:\/\/x.com\/FicobaFundazioa","https:\/\/www.youtube.com\/channel\/UCvo2JGluemyCf5KPRmEF9JQ","https:\/\/www.linkedin.com\/company\/ficoba\/","https:\/\/www.instagram.com\/ficobafundazioa\/"]},{"@type":"Person","@id":"https:\/\/www.ficoba.org\/es\/#\/schema\/person\/8a96a121e5dbd393e6e6b5a7ee7ed407","name":"ficoba","image":{"@type":"ImageObject","inLanguage":"es","@id":"https:\/\/www.ficoba.org\/es\/#\/schema\/person\/image\/","url":"https:\/\/secure.gravatar.com\/avatar\/c90cc0e07f75fecbe4165c1906a4cd61b0179a28caae2205d37516e4fb7c30c1?s=96&d=mm&r=g","contentUrl":"https:\/\/secure.gravatar.com\/avatar\/c90cc0e07f75fecbe4165c1906a4cd61b0179a28caae2205d37516e4fb7c30c1?s=96&d=mm&r=g","caption":"ficoba"}}]}},"_links":{"self":[{"href":"https:\/\/www.ficoba.org\/es\/wp-json\/wp\/v2\/posts\/17132","targetHints":{"allow":["GET"]}}],"collection":[{"href":"https:\/\/www.ficoba.org\/es\/wp-json\/wp\/v2\/posts"}],"about":[{"href":"https:\/\/www.ficoba.org\/es\/wp-json\/wp\/v2\/types\/post"}],"author":[{"embeddable":true,"href":"https:\/\/www.ficoba.org\/es\/wp-json\/wp\/v2\/users\/2"}],"replies":[{"embeddable":true,"href":"https:\/\/www.ficoba.org\/es\/wp-json\/wp\/v2\/comments?post=17132"}],"version-history":[{"count":3,"href":"https:\/\/www.ficoba.org\/es\/wp-json\/wp\/v2\/posts\/17132\/revisions"}],"predecessor-version":[{"id":17143,"href":"https:\/\/www.ficoba.org\/es\/wp-json\/wp\/v2\/posts\/17132\/revisions\/17143"}],"wp:featuredmedia":[{"embeddable":true,"href":"https:\/\/www.ficoba.org\/es\/wp-json\/wp\/v2\/media\/17133"}],"wp:attachment":[{"href":"https:\/\/www.ficoba.org\/es\/wp-json\/wp\/v2\/media?parent=17132"}],"wp:term":[{"taxonomy":"category","embeddable":true,"href":"https:\/\/www.ficoba.org\/es\/wp-json\/wp\/v2\/categories?post=17132"},{"taxonomy":"post_tag","embeddable":true,"href":"https:\/\/www.ficoba.org\/es\/wp-json\/wp\/v2\/tags?post=17132"}],"curies":[{"name":"wp","href":"https:\/\/api.w.org\/{rel}","templated":true}]}}