{"id":17022,"date":"2023-05-08T15:55:44","date_gmt":"2023-05-08T13:55:44","guid":{"rendered":"https:\/\/www.ficoba.org\/?p=17022"},"modified":"2023-05-08T15:55:44","modified_gmt":"2023-05-08T13:55:44","slug":"ficoba-bate-su-record-de-superficie-de-exposicion-cubierta-con-la-celebracion-de-los-examenes-de-habe-y-correos","status":"publish","type":"post","link":"https:\/\/www.ficoba.org\/es\/ficoba-bate-su-record-de-superficie-de-exposicion-cubierta-con-la-celebracion-de-los-examenes-de-habe-y-correos\/","title":{"rendered":"Ficoba bate su r\u00e9cord de superficie de exposici\u00f3n cubierta con la celebraci\u00f3n de los ex\u00e1menes de HABE y Correos"},"content":{"rendered":"<ul>\n<li><strong>En los 8.500m<sup>2<\/sup> de superficie cubierta habilitados se han examinado cerca de 7.000 personas<\/strong><\/li>\n<li><strong>La ampliaci\u00f3n del espacio ha sido posible gracias a la instalaci\u00f3n de una carpa cubierta con capacidad para m\u00e1s de 2.000 personas<\/strong><\/li>\n<\/ul>\n<p>El fin de semana Ficoba ha dado respuesta al reto de organizar pr\u00e1cticamente de forma simult\u00e1nea dos eventos multitudinarios. El recinto ferial ha demostrado su capacidad organizativa al afrontar con \u00e9xito la celebraci\u00f3n de los ex\u00e1menes de acreditaci\u00f3n de los niveles de euskera de HABE, a los que se presentaron 4.436 personas y que se llevaron a cabo en la totalidad de pabellones de Ficoba desde el jueves 4 hasta el s\u00e1bado 6 de mayo.<\/p>\n<p>Adem\u00e1s, Ficoba acogi\u00f3 el domingo 7 de mayo a las 2.368 personas que se presentaron a las pruebas para acceder a una de las 573 plazas fijas de Correos, 177 de ellas en Gipuzkoa, que se celebraron en una carpa cubierta instalada en la zona de exposici\u00f3n exterior, debido a que los pabellones estaban ocupados con el montaje de Eusko Skills, las olimpiadas de la Formaci\u00f3n Profesional, que se celebrar\u00e1n esta semana.<\/p>\n<p>Una situaci\u00f3n extraordinaria a la que el recinto ferial ha dado una buena respuesta desde el punto de vista organizativo-log\u00edstico y de confort para todos los participantes en las pruebas, incrementando la superficie cubierta de Ficoba de los habituales 5.000 m<sup>2<\/sup> a m\u00e1s de 8.500 m<sup>2<\/sup>.<\/p>\n<p>Ficoba ha demostrado as\u00ed su potencial para ampliar su capacidad y ha podido comprobar de forma pr\u00e1ctica, con un caso real, c\u00f3mo responder\u00edan sus servicios feriales, instalaciones y los accesos de visitantes ante la potencial ampliaci\u00f3n del recinto.<\/p>\n<p><strong>Eusko Skills, un nuevo evento multitudinario<\/strong><\/p>\n<p>Esta misma semana, del 9 al 11 de mayo, Ficoba acoge Eusko Skills, las olimpiadas de la formaci\u00f3n profesional que se celebran en el recinto ferial por tercera vez. Cientos de estudiantes competir\u00e1n en m\u00e1s de 28 categor\u00edas o skills, con el objetivo de ganar cuantas m\u00e1s medallas mejor y ganarse una plaza para seguir compitiendo a nivel estatal, europeo y mundial.<\/p>\n<p>Este evento, organizado por la Viceconsejer\u00eda de Formaci\u00f3n Profesional del Gobierno Vasco, tiene como objetivo divulgar la Formaci\u00f3n Profesional de Euskadi.<\/p>\n<p>Ficoba pondr\u00e1 a disposici\u00f3n de esta competici\u00f3n sus espacios y todos los servicios t\u00e9cnicos que requieren categor\u00edas complejas como soldadura, carrocer\u00eda, tecnolog\u00eda del autom\u00f3vil, cocina, panader\u00eda, CNC Fresado, mecatr\u00f3nica, ciberseguridad o cloud computing, entre otras.<\/p>\n<p>Con la celebraci\u00f3n de estos eventos, Ficoba reafirma su compromiso con la promoci\u00f3n de eventos multitudinarios en un entorno seguro, confortable y con las mejores instalaciones y servicios t\u00e9cnicos a disposici\u00f3n de sus clientes y visitantes.<\/p>\n<p><strong>www.ficoba.org<\/strong><\/p>\n","protected":false},"excerpt":{"rendered":"<p>En los 8.500m2 de superficie cubierta habilitados se han examinado cerca de 7.000 personas La ampliaci\u00f3n del espacio ha sido posible gracias a la instalaci\u00f3n de una carpa cubierta con [&hellip;]<\/p>\n","protected":false},"author":2,"featured_media":17027,"comment_status":"closed","ping_status":"closed","sticky":false,"template":"","format":"standard","meta":{"_et_pb_use_builder":"","_et_pb_old_content":"","_et_gb_content_width":"","footnotes":""},"categories":[3],"tags":[],"class_list":["post-17022","post","type-post","status-publish","format-standard","has-post-thumbnail","hentry","category-eventos-y-ferias"],"yoast_head":"<!-- This site is optimized with the Yoast SEO plugin v26.8 - https:\/\/yoast.com\/product\/yoast-seo-wordpress\/ -->\n<title>Ficoba bate su r\u00e9cord de superficie de exposici\u00f3n cubierta con la celebraci\u00f3n de los ex\u00e1menes de HABE y Correos - Ficoba<\/title>\n<meta name=\"robots\" content=\"index, follow, max-snippet:-1, max-image-preview:large, max-video-preview:-1\" \/>\n<link rel=\"canonical\" href=\"https:\/\/www.ficoba.org\/es\/ficoba-bate-su-record-de-superficie-de-exposicion-cubierta-con-la-celebracion-de-los-examenes-de-habe-y-correos\/\" \/>\n<meta name=\"twitter:label1\" content=\"Escrito por\" \/>\n\t<meta name=\"twitter:data1\" content=\"ficoba\" \/>\n\t<meta name=\"twitter:label2\" content=\"Tiempo de lectura\" \/>\n\t<meta name=\"twitter:data2\" content=\"2 minutos\" \/>\n<script type=\"application\/ld+json\" class=\"yoast-schema-graph\">{\"@context\":\"https:\/\/schema.org\",\"@graph\":[{\"@type\":\"Article\",\"@id\":\"https:\/\/www.ficoba.org\/es\/ficoba-bate-su-record-de-superficie-de-exposicion-cubierta-con-la-celebracion-de-los-examenes-de-habe-y-correos\/#article\",\"isPartOf\":{\"@id\":\"https:\/\/www.ficoba.org\/es\/ficoba-bate-su-record-de-superficie-de-exposicion-cubierta-con-la-celebracion-de-los-examenes-de-habe-y-correos\/\"},\"author\":{\"name\":\"ficoba\",\"@id\":\"https:\/\/www.ficoba.org\/es\/#\/schema\/person\/8a96a121e5dbd393e6e6b5a7ee7ed407\"},\"headline\":\"Ficoba bate su r\u00e9cord de superficie de exposici\u00f3n cubierta con la celebraci\u00f3n de los ex\u00e1menes de HABE y Correos\",\"datePublished\":\"2023-05-08T13:55:44+00:00\",\"mainEntityOfPage\":{\"@id\":\"https:\/\/www.ficoba.org\/es\/ficoba-bate-su-record-de-superficie-de-exposicion-cubierta-con-la-celebracion-de-los-examenes-de-habe-y-correos\/\"},\"wordCount\":480,\"publisher\":{\"@id\":\"https:\/\/www.ficoba.org\/es\/#organization\"},\"image\":{\"@id\":\"https:\/\/www.ficoba.org\/es\/ficoba-bate-su-record-de-superficie-de-exposicion-cubierta-con-la-celebracion-de-los-examenes-de-habe-y-correos\/#primaryimage\"},\"thumbnailUrl\":\"https:\/\/www.ficoba.org\/wp-content\/uploads\/2023\/05\/Ficoba-carpa-2-scaled.jpg\",\"articleSection\":[\"Eventos y ferias\"],\"inLanguage\":\"es\"},{\"@type\":\"WebPage\",\"@id\":\"https:\/\/www.ficoba.org\/es\/ficoba-bate-su-record-de-superficie-de-exposicion-cubierta-con-la-celebracion-de-los-examenes-de-habe-y-correos\/\",\"url\":\"https:\/\/www.ficoba.org\/es\/ficoba-bate-su-record-de-superficie-de-exposicion-cubierta-con-la-celebracion-de-los-examenes-de-habe-y-correos\/\",\"name\":\"Ficoba bate su r\u00e9cord de superficie de exposici\u00f3n cubierta con la celebraci\u00f3n de los ex\u00e1menes de HABE y Correos - Ficoba\",\"isPartOf\":{\"@id\":\"https:\/\/www.ficoba.org\/es\/#website\"},\"primaryImageOfPage\":{\"@id\":\"https:\/\/www.ficoba.org\/es\/ficoba-bate-su-record-de-superficie-de-exposicion-cubierta-con-la-celebracion-de-los-examenes-de-habe-y-correos\/#primaryimage\"},\"image\":{\"@id\":\"https:\/\/www.ficoba.org\/es\/ficoba-bate-su-record-de-superficie-de-exposicion-cubierta-con-la-celebracion-de-los-examenes-de-habe-y-correos\/#primaryimage\"},\"thumbnailUrl\":\"https:\/\/www.ficoba.org\/wp-content\/uploads\/2023\/05\/Ficoba-carpa-2-scaled.jpg\",\"datePublished\":\"2023-05-08T13:55:44+00:00\",\"breadcrumb\":{\"@id\":\"https:\/\/www.ficoba.org\/es\/ficoba-bate-su-record-de-superficie-de-exposicion-cubierta-con-la-celebracion-de-los-examenes-de-habe-y-correos\/#breadcrumb\"},\"inLanguage\":\"es\",\"potentialAction\":[{\"@type\":\"ReadAction\",\"target\":[\"https:\/\/www.ficoba.org\/es\/ficoba-bate-su-record-de-superficie-de-exposicion-cubierta-con-la-celebracion-de-los-examenes-de-habe-y-correos\/\"]}]},{\"@type\":\"ImageObject\",\"inLanguage\":\"es\",\"@id\":\"https:\/\/www.ficoba.org\/es\/ficoba-bate-su-record-de-superficie-de-exposicion-cubierta-con-la-celebracion-de-los-examenes-de-habe-y-correos\/#primaryimage\",\"url\":\"https:\/\/www.ficoba.org\/wp-content\/uploads\/2023\/05\/Ficoba-carpa-2-scaled.jpg\",\"contentUrl\":\"https:\/\/www.ficoba.org\/wp-content\/uploads\/2023\/05\/Ficoba-carpa-2-scaled.jpg\",\"width\":2560,\"height\":1440,\"caption\":\"DCIM100MEDIADJI_0582.JPG\"},{\"@type\":\"BreadcrumbList\",\"@id\":\"https:\/\/www.ficoba.org\/es\/ficoba-bate-su-record-de-superficie-de-exposicion-cubierta-con-la-celebracion-de-los-examenes-de-habe-y-correos\/#breadcrumb\",\"itemListElement\":[{\"@type\":\"ListItem\",\"position\":1,\"name\":\"Portada\",\"item\":\"https:\/\/www.ficoba.org\/es\/\"},{\"@type\":\"ListItem\",\"position\":2,\"name\":\"Ficoba bate su r\u00e9cord de superficie de exposici\u00f3n cubierta con la celebraci\u00f3n de los ex\u00e1menes de HABE y Correos\"}]},{\"@type\":\"WebSite\",\"@id\":\"https:\/\/www.ficoba.org\/es\/#website\",\"url\":\"https:\/\/www.ficoba.org\/es\/\",\"name\":\"Ficoba, Recinto Ferial de Gipuzkoa\",\"description\":\"Ficoba, recinto ferial de Gipuzkoa\",\"publisher\":{\"@id\":\"https:\/\/www.ficoba.org\/es\/#organization\"},\"alternateName\":\"Ficoba\",\"potentialAction\":[{\"@type\":\"SearchAction\",\"target\":{\"@type\":\"EntryPoint\",\"urlTemplate\":\"https:\/\/www.ficoba.org\/es\/?s={search_term_string}\"},\"query-input\":{\"@type\":\"PropertyValueSpecification\",\"valueRequired\":true,\"valueName\":\"search_term_string\"}}],\"inLanguage\":\"es\"},{\"@type\":\"Organization\",\"@id\":\"https:\/\/www.ficoba.org\/es\/#organization\",\"name\":\"Ficoba, Reciento Ferial de Gipuzkoa\",\"url\":\"https:\/\/www.ficoba.org\/es\/\",\"logo\":{\"@type\":\"ImageObject\",\"inLanguage\":\"es\",\"@id\":\"https:\/\/www.ficoba.org\/es\/#\/schema\/logo\/image\/\",\"url\":\"https:\/\/www.ficoba.org\/wp-content\/uploads\/2018\/11\/logo_ficoba.png\",\"contentUrl\":\"https:\/\/www.ficoba.org\/wp-content\/uploads\/2018\/11\/logo_ficoba.png\",\"width\":200,\"height\":124,\"caption\":\"Ficoba, Reciento Ferial de Gipuzkoa\"},\"image\":{\"@id\":\"https:\/\/www.ficoba.org\/es\/#\/schema\/logo\/image\/\"},\"sameAs\":[\"https:\/\/www.facebook.com\/FICOBAFUNDAZIOA\/\",\"https:\/\/x.com\/FicobaFundazioa\",\"https:\/\/www.youtube.com\/channel\/UCvo2JGluemyCf5KPRmEF9JQ\",\"https:\/\/www.linkedin.com\/company\/ficoba\/\",\"https:\/\/www.instagram.com\/ficobafundazioa\/\"]},{\"@type\":\"Person\",\"@id\":\"https:\/\/www.ficoba.org\/es\/#\/schema\/person\/8a96a121e5dbd393e6e6b5a7ee7ed407\",\"name\":\"ficoba\",\"image\":{\"@type\":\"ImageObject\",\"inLanguage\":\"es\",\"@id\":\"https:\/\/www.ficoba.org\/es\/#\/schema\/person\/image\/\",\"url\":\"https:\/\/secure.gravatar.com\/avatar\/c90cc0e07f75fecbe4165c1906a4cd61b0179a28caae2205d37516e4fb7c30c1?s=96&d=mm&r=g\",\"contentUrl\":\"https:\/\/secure.gravatar.com\/avatar\/c90cc0e07f75fecbe4165c1906a4cd61b0179a28caae2205d37516e4fb7c30c1?s=96&d=mm&r=g\",\"caption\":\"ficoba\"}}]}<\/script>\n<!-- \/ Yoast SEO plugin. -->","yoast_head_json":{"title":"Ficoba bate su r\u00e9cord de superficie de exposici\u00f3n cubierta con la celebraci\u00f3n de los ex\u00e1menes de HABE y Correos - Ficoba","robots":{"index":"index","follow":"follow","max-snippet":"max-snippet:-1","max-image-preview":"max-image-preview:large","max-video-preview":"max-video-preview:-1"},"canonical":"https:\/\/www.ficoba.org\/es\/ficoba-bate-su-record-de-superficie-de-exposicion-cubierta-con-la-celebracion-de-los-examenes-de-habe-y-correos\/","twitter_misc":{"Escrito por":"ficoba","Tiempo de lectura":"2 minutos"},"schema":{"@context":"https:\/\/schema.org","@graph":[{"@type":"Article","@id":"https:\/\/www.ficoba.org\/es\/ficoba-bate-su-record-de-superficie-de-exposicion-cubierta-con-la-celebracion-de-los-examenes-de-habe-y-correos\/#article","isPartOf":{"@id":"https:\/\/www.ficoba.org\/es\/ficoba-bate-su-record-de-superficie-de-exposicion-cubierta-con-la-celebracion-de-los-examenes-de-habe-y-correos\/"},"author":{"name":"ficoba","@id":"https:\/\/www.ficoba.org\/es\/#\/schema\/person\/8a96a121e5dbd393e6e6b5a7ee7ed407"},"headline":"Ficoba bate su r\u00e9cord de superficie de exposici\u00f3n cubierta con la celebraci\u00f3n de los ex\u00e1menes de HABE y Correos","datePublished":"2023-05-08T13:55:44+00:00","mainEntityOfPage":{"@id":"https:\/\/www.ficoba.org\/es\/ficoba-bate-su-record-de-superficie-de-exposicion-cubierta-con-la-celebracion-de-los-examenes-de-habe-y-correos\/"},"wordCount":480,"publisher":{"@id":"https:\/\/www.ficoba.org\/es\/#organization"},"image":{"@id":"https:\/\/www.ficoba.org\/es\/ficoba-bate-su-record-de-superficie-de-exposicion-cubierta-con-la-celebracion-de-los-examenes-de-habe-y-correos\/#primaryimage"},"thumbnailUrl":"https:\/\/www.ficoba.org\/wp-content\/uploads\/2023\/05\/Ficoba-carpa-2-scaled.jpg","articleSection":["Eventos y ferias"],"inLanguage":"es"},{"@type":"WebPage","@id":"https:\/\/www.ficoba.org\/es\/ficoba-bate-su-record-de-superficie-de-exposicion-cubierta-con-la-celebracion-de-los-examenes-de-habe-y-correos\/","url":"https:\/\/www.ficoba.org\/es\/ficoba-bate-su-record-de-superficie-de-exposicion-cubierta-con-la-celebracion-de-los-examenes-de-habe-y-correos\/","name":"Ficoba bate su r\u00e9cord de superficie de exposici\u00f3n cubierta con la celebraci\u00f3n de los ex\u00e1menes de HABE y Correos - Ficoba","isPartOf":{"@id":"https:\/\/www.ficoba.org\/es\/#website"},"primaryImageOfPage":{"@id":"https:\/\/www.ficoba.org\/es\/ficoba-bate-su-record-de-superficie-de-exposicion-cubierta-con-la-celebracion-de-los-examenes-de-habe-y-correos\/#primaryimage"},"image":{"@id":"https:\/\/www.ficoba.org\/es\/ficoba-bate-su-record-de-superficie-de-exposicion-cubierta-con-la-celebracion-de-los-examenes-de-habe-y-correos\/#primaryimage"},"thumbnailUrl":"https:\/\/www.ficoba.org\/wp-content\/uploads\/2023\/05\/Ficoba-carpa-2-scaled.jpg","datePublished":"2023-05-08T13:55:44+00:00","breadcrumb":{"@id":"https:\/\/www.ficoba.org\/es\/ficoba-bate-su-record-de-superficie-de-exposicion-cubierta-con-la-celebracion-de-los-examenes-de-habe-y-correos\/#breadcrumb"},"inLanguage":"es","potentialAction":[{"@type":"ReadAction","target":["https:\/\/www.ficoba.org\/es\/ficoba-bate-su-record-de-superficie-de-exposicion-cubierta-con-la-celebracion-de-los-examenes-de-habe-y-correos\/"]}]},{"@type":"ImageObject","inLanguage":"es","@id":"https:\/\/www.ficoba.org\/es\/ficoba-bate-su-record-de-superficie-de-exposicion-cubierta-con-la-celebracion-de-los-examenes-de-habe-y-correos\/#primaryimage","url":"https:\/\/www.ficoba.org\/wp-content\/uploads\/2023\/05\/Ficoba-carpa-2-scaled.jpg","contentUrl":"https:\/\/www.ficoba.org\/wp-content\/uploads\/2023\/05\/Ficoba-carpa-2-scaled.jpg","width":2560,"height":1440,"caption":"DCIM100MEDIADJI_0582.JPG"},{"@type":"BreadcrumbList","@id":"https:\/\/www.ficoba.org\/es\/ficoba-bate-su-record-de-superficie-de-exposicion-cubierta-con-la-celebracion-de-los-examenes-de-habe-y-correos\/#breadcrumb","itemListElement":[{"@type":"ListItem","position":1,"name":"Portada","item":"https:\/\/www.ficoba.org\/es\/"},{"@type":"ListItem","position":2,"name":"Ficoba bate su r\u00e9cord de superficie de exposici\u00f3n cubierta con la celebraci\u00f3n de los ex\u00e1menes de HABE y Correos"}]},{"@type":"WebSite","@id":"https:\/\/www.ficoba.org\/es\/#website","url":"https:\/\/www.ficoba.org\/es\/","name":"Ficoba, Recinto Ferial de Gipuzkoa","description":"Ficoba, recinto ferial de Gipuzkoa","publisher":{"@id":"https:\/\/www.ficoba.org\/es\/#organization"},"alternateName":"Ficoba","potentialAction":[{"@type":"SearchAction","target":{"@type":"EntryPoint","urlTemplate":"https:\/\/www.ficoba.org\/es\/?s={search_term_string}"},"query-input":{"@type":"PropertyValueSpecification","valueRequired":true,"valueName":"search_term_string"}}],"inLanguage":"es"},{"@type":"Organization","@id":"https:\/\/www.ficoba.org\/es\/#organization","name":"Ficoba, Reciento Ferial de Gipuzkoa","url":"https:\/\/www.ficoba.org\/es\/","logo":{"@type":"ImageObject","inLanguage":"es","@id":"https:\/\/www.ficoba.org\/es\/#\/schema\/logo\/image\/","url":"https:\/\/www.ficoba.org\/wp-content\/uploads\/2018\/11\/logo_ficoba.png","contentUrl":"https:\/\/www.ficoba.org\/wp-content\/uploads\/2018\/11\/logo_ficoba.png","width":200,"height":124,"caption":"Ficoba, Reciento Ferial de Gipuzkoa"},"image":{"@id":"https:\/\/www.ficoba.org\/es\/#\/schema\/logo\/image\/"},"sameAs":["https:\/\/www.facebook.com\/FICOBAFUNDAZIOA\/","https:\/\/x.com\/FicobaFundazioa","https:\/\/www.youtube.com\/channel\/UCvo2JGluemyCf5KPRmEF9JQ","https:\/\/www.linkedin.com\/company\/ficoba\/","https:\/\/www.instagram.com\/ficobafundazioa\/"]},{"@type":"Person","@id":"https:\/\/www.ficoba.org\/es\/#\/schema\/person\/8a96a121e5dbd393e6e6b5a7ee7ed407","name":"ficoba","image":{"@type":"ImageObject","inLanguage":"es","@id":"https:\/\/www.ficoba.org\/es\/#\/schema\/person\/image\/","url":"https:\/\/secure.gravatar.com\/avatar\/c90cc0e07f75fecbe4165c1906a4cd61b0179a28caae2205d37516e4fb7c30c1?s=96&d=mm&r=g","contentUrl":"https:\/\/secure.gravatar.com\/avatar\/c90cc0e07f75fecbe4165c1906a4cd61b0179a28caae2205d37516e4fb7c30c1?s=96&d=mm&r=g","caption":"ficoba"}}]}},"_links":{"self":[{"href":"https:\/\/www.ficoba.org\/es\/wp-json\/wp\/v2\/posts\/17022","targetHints":{"allow":["GET"]}}],"collection":[{"href":"https:\/\/www.ficoba.org\/es\/wp-json\/wp\/v2\/posts"}],"about":[{"href":"https:\/\/www.ficoba.org\/es\/wp-json\/wp\/v2\/types\/post"}],"author":[{"embeddable":true,"href":"https:\/\/www.ficoba.org\/es\/wp-json\/wp\/v2\/users\/2"}],"replies":[{"embeddable":true,"href":"https:\/\/www.ficoba.org\/es\/wp-json\/wp\/v2\/comments?post=17022"}],"version-history":[{"count":1,"href":"https:\/\/www.ficoba.org\/es\/wp-json\/wp\/v2\/posts\/17022\/revisions"}],"predecessor-version":[{"id":17031,"href":"https:\/\/www.ficoba.org\/es\/wp-json\/wp\/v2\/posts\/17022\/revisions\/17031"}],"wp:featuredmedia":[{"embeddable":true,"href":"https:\/\/www.ficoba.org\/es\/wp-json\/wp\/v2\/media\/17027"}],"wp:attachment":[{"href":"https:\/\/www.ficoba.org\/es\/wp-json\/wp\/v2\/media?parent=17022"}],"wp:term":[{"taxonomy":"category","embeddable":true,"href":"https:\/\/www.ficoba.org\/es\/wp-json\/wp\/v2\/categories?post=17022"},{"taxonomy":"post_tag","embeddable":true,"href":"https:\/\/www.ficoba.org\/es\/wp-json\/wp\/v2\/tags?post=17022"}],"curies":[{"name":"wp","href":"https:\/\/api.w.org\/{rel}","templated":true}]}}