{"id":16674,"date":"2023-03-29T11:16:11","date_gmt":"2023-03-29T09:16:11","guid":{"rendered":"https:\/\/www.ficoba.org\/?p=16674"},"modified":"2023-03-29T11:16:11","modified_gmt":"2023-03-29T09:16:11","slug":"xvi-edicion-de-la-exposicion-internacional-felina-en-ficoba","status":"publish","type":"post","link":"https:\/\/www.ficoba.org\/es\/xvi-edicion-de-la-exposicion-internacional-felina-en-ficoba\/","title":{"rendered":"XVI Edici\u00f3n de la Exposici\u00f3n Internacional Felina en Ficoba"},"content":{"rendered":"<p><strong>\u00bfEres un amante de los gatos y de las exposiciones felinas? Entonces no puedes perderte la XVI edici\u00f3n de la Exposici\u00f3n Internacional Felina en Ficoba, que se celebrar\u00e1 los d\u00edas 1 y 2 de abril.<\/strong><\/p>\n<p><em>(Irun, 29 de marzo de 2023). <\/em>En esta edici\u00f3n, podr\u00e1s disfrutar de numerosos gatos de diferentes razas, muchas de ellas poco conocidas, que competir\u00e1n para lograr los t\u00edtulos de Campe\u00f3n Internacional, Gran Campe\u00f3n Internacional, Campe\u00f3n de Europa o Gran Campe\u00f3n de Europa. Adem\u00e1s, podr\u00e1s conocer de cerca las razas Bosque de Noruega y Selkirk, que ser\u00e1n las razas especiales de esta edici\u00f3n.<\/p>\n<p>En total, habr\u00e1 170 gatos inscritos de 20 razas diferentes, incluyendo algunos poco conocidos como el Selkirk Rex y la nueva raza Toygger, que ha entrado a formar parte del circuito de campeonatos desde el 1 de enero de 2023. Este a\u00f1o, dos criadores de Toulouse y Caillan dans le Gers mostrar\u00e1n cinco ejemplares.<\/p>\n<p>Adem\u00e1s, se dar\u00e1 un obsequio especial a Thor y a su due\u00f1a Irunesa, que compiten por segundo a\u00f1o. Thor es un gatito rescatado por la asociaci\u00f3n felina de Hendaya, Les Chamis de Mamie. \u00c9l competir\u00e1 como Gato de Casa. Para competir, los gatos de esta modalidad solo tienen que estar vacunados, identificados y esterilizados. Estos gatos caseros pueden acceder a una inscripci\u00f3n m\u00e1s barata.<\/p>\n<p>El s\u00e1bado se celebrar\u00e1 la especial de cr\u00eda del gato Bosque de Noruega o NFO con m\u00e1s de una treintena de ejemplares de Francia y Portugal. El domingo ser\u00e1 el turno de la especial de los gatos de la raza Selkirk Rex. Esta ser\u00e1 la primera vez que se podr\u00e1n ver hasta 20 ejemplares de esta raza en Ficoba.<\/p>\n<p>Los expositores vienen de toda Francia, el Pa\u00eds Vasco y Navarra. Los jueces Mesdames Seignot Claude et Dubois Francoise llegan de Paris, Monsieur Fontaine Thierry de Montpellier y por primera vez participa Monsieur Henry Joel, juez de cerca de Strasbourg.<\/p>\n<p><strong>El concurso<\/strong><\/p>\n<p>Durante el s\u00e1bado y el domingo, los gatos que participan en la exposici\u00f3n competir\u00e1n para hacerse con los t\u00edtulos de Campe\u00f3n Internacional, Gran Campe\u00f3n Internacional, Campe\u00f3n de Europa o Gran Campe\u00f3n de Europa. Los jueces examinar\u00e1n y clasificar\u00e1n a los gatos para elegir a los mejores ejemplares de cada raza y color.<\/p>\n<p>Por la tarde, los gatos seleccionados en cada categor\u00eda competir\u00e1n para seleccionar al mejor, y el domingo se elegir\u00e1 al mejor ejemplar de todos los que hayan participado en esta edici\u00f3n de la Exposici\u00f3n Internacional Felina.<\/p>\n<p><strong>Datos pr\u00e1cticos<\/strong><\/p>\n<p>La exposici\u00f3n se celebrar\u00e1 en el Pabell\u00f3n 1 de Ficoba en horario de 10.00 a 18.00 horas, tanto el s\u00e1bado como el domingo. El precio de la entrada es de 4 euros para los adultos y gratis para los ni\u00f1os de hasta 12 a\u00f1os. Los asistentes a la Exposici\u00f3n Internacional Felina disfrutar\u00e1n de parking gratuito.<\/p>\n<p>Este a\u00f1o tambi\u00e9n se llevar\u00e1 a cabo un mercadillo, organizado por \u00a0Les Chamis de Mamie, en solidaridad con los gatos callejeros.<\/p>\n","protected":false},"excerpt":{"rendered":"<p>\u00bfEres un amante de los gatos y de las exposiciones felinas? Entonces no puedes perderte la XVI edici\u00f3n de la Exposici\u00f3n Internacional Felina en Ficoba, que se celebrar\u00e1 los d\u00edas [&hellip;]<\/p>\n","protected":false},"author":2,"featured_media":16675,"comment_status":"closed","ping_status":"closed","sticky":false,"template":"","format":"standard","meta":{"_et_pb_use_builder":"","_et_pb_old_content":"","_et_gb_content_width":"","footnotes":""},"categories":[3],"tags":[353,327],"class_list":["post-16674","post","type-post","status-publish","format-standard","has-post-thumbnail","hentry","category-eventos-y-ferias","tag-concurso-felino","tag-exposicion-felina"],"yoast_head":"<!-- This site is optimized with the Yoast SEO plugin v26.8 - https:\/\/yoast.com\/product\/yoast-seo-wordpress\/ -->\n<title>XVI Edici\u00f3n de la Exposici\u00f3n Internacional Felina en Ficoba - Ficoba<\/title>\n<meta name=\"robots\" content=\"index, follow, max-snippet:-1, max-image-preview:large, max-video-preview:-1\" \/>\n<link rel=\"canonical\" href=\"https:\/\/www.ficoba.org\/es\/xvi-edicion-de-la-exposicion-internacional-felina-en-ficoba\/\" \/>\n<meta name=\"twitter:label1\" content=\"Escrito por\" \/>\n\t<meta name=\"twitter:data1\" content=\"ficoba\" \/>\n\t<meta name=\"twitter:label2\" content=\"Tiempo de lectura\" \/>\n\t<meta name=\"twitter:data2\" content=\"3 minutos\" \/>\n<script type=\"application\/ld+json\" class=\"yoast-schema-graph\">{\"@context\":\"https:\/\/schema.org\",\"@graph\":[{\"@type\":\"Article\",\"@id\":\"https:\/\/www.ficoba.org\/es\/xvi-edicion-de-la-exposicion-internacional-felina-en-ficoba\/#article\",\"isPartOf\":{\"@id\":\"https:\/\/www.ficoba.org\/es\/xvi-edicion-de-la-exposicion-internacional-felina-en-ficoba\/\"},\"author\":{\"name\":\"ficoba\",\"@id\":\"https:\/\/www.ficoba.org\/es\/#\/schema\/person\/8a96a121e5dbd393e6e6b5a7ee7ed407\"},\"headline\":\"XVI Edici\u00f3n de la Exposici\u00f3n Internacional Felina en Ficoba\",\"datePublished\":\"2023-03-29T09:16:11+00:00\",\"mainEntityOfPage\":{\"@id\":\"https:\/\/www.ficoba.org\/es\/xvi-edicion-de-la-exposicion-internacional-felina-en-ficoba\/\"},\"wordCount\":531,\"publisher\":{\"@id\":\"https:\/\/www.ficoba.org\/es\/#organization\"},\"image\":{\"@id\":\"https:\/\/www.ficoba.org\/es\/xvi-edicion-de-la-exposicion-internacional-felina-en-ficoba\/#primaryimage\"},\"thumbnailUrl\":\"https:\/\/www.ficoba.org\/wp-content\/uploads\/2023\/03\/Felina-1.jpg\",\"keywords\":[\"concurso felino\",\"exposici\u00f3n felina\"],\"articleSection\":[\"Eventos y ferias\"],\"inLanguage\":\"es\"},{\"@type\":\"WebPage\",\"@id\":\"https:\/\/www.ficoba.org\/es\/xvi-edicion-de-la-exposicion-internacional-felina-en-ficoba\/\",\"url\":\"https:\/\/www.ficoba.org\/es\/xvi-edicion-de-la-exposicion-internacional-felina-en-ficoba\/\",\"name\":\"XVI Edici\u00f3n de la Exposici\u00f3n Internacional Felina en Ficoba - Ficoba\",\"isPartOf\":{\"@id\":\"https:\/\/www.ficoba.org\/es\/#website\"},\"primaryImageOfPage\":{\"@id\":\"https:\/\/www.ficoba.org\/es\/xvi-edicion-de-la-exposicion-internacional-felina-en-ficoba\/#primaryimage\"},\"image\":{\"@id\":\"https:\/\/www.ficoba.org\/es\/xvi-edicion-de-la-exposicion-internacional-felina-en-ficoba\/#primaryimage\"},\"thumbnailUrl\":\"https:\/\/www.ficoba.org\/wp-content\/uploads\/2023\/03\/Felina-1.jpg\",\"datePublished\":\"2023-03-29T09:16:11+00:00\",\"breadcrumb\":{\"@id\":\"https:\/\/www.ficoba.org\/es\/xvi-edicion-de-la-exposicion-internacional-felina-en-ficoba\/#breadcrumb\"},\"inLanguage\":\"es\",\"potentialAction\":[{\"@type\":\"ReadAction\",\"target\":[\"https:\/\/www.ficoba.org\/es\/xvi-edicion-de-la-exposicion-internacional-felina-en-ficoba\/\"]}]},{\"@type\":\"ImageObject\",\"inLanguage\":\"es\",\"@id\":\"https:\/\/www.ficoba.org\/es\/xvi-edicion-de-la-exposicion-internacional-felina-en-ficoba\/#primaryimage\",\"url\":\"https:\/\/www.ficoba.org\/wp-content\/uploads\/2023\/03\/Felina-1.jpg\",\"contentUrl\":\"https:\/\/www.ficoba.org\/wp-content\/uploads\/2023\/03\/Felina-1.jpg\",\"width\":1024,\"height\":768},{\"@type\":\"BreadcrumbList\",\"@id\":\"https:\/\/www.ficoba.org\/es\/xvi-edicion-de-la-exposicion-internacional-felina-en-ficoba\/#breadcrumb\",\"itemListElement\":[{\"@type\":\"ListItem\",\"position\":1,\"name\":\"Portada\",\"item\":\"https:\/\/www.ficoba.org\/es\/\"},{\"@type\":\"ListItem\",\"position\":2,\"name\":\"XVI Edici\u00f3n de la Exposici\u00f3n Internacional Felina en Ficoba\"}]},{\"@type\":\"WebSite\",\"@id\":\"https:\/\/www.ficoba.org\/es\/#website\",\"url\":\"https:\/\/www.ficoba.org\/es\/\",\"name\":\"Ficoba, Recinto Ferial de Gipuzkoa\",\"description\":\"Ficoba, recinto ferial de Gipuzkoa\",\"publisher\":{\"@id\":\"https:\/\/www.ficoba.org\/es\/#organization\"},\"alternateName\":\"Ficoba\",\"potentialAction\":[{\"@type\":\"SearchAction\",\"target\":{\"@type\":\"EntryPoint\",\"urlTemplate\":\"https:\/\/www.ficoba.org\/es\/?s={search_term_string}\"},\"query-input\":{\"@type\":\"PropertyValueSpecification\",\"valueRequired\":true,\"valueName\":\"search_term_string\"}}],\"inLanguage\":\"es\"},{\"@type\":\"Organization\",\"@id\":\"https:\/\/www.ficoba.org\/es\/#organization\",\"name\":\"Ficoba, Reciento Ferial de Gipuzkoa\",\"url\":\"https:\/\/www.ficoba.org\/es\/\",\"logo\":{\"@type\":\"ImageObject\",\"inLanguage\":\"es\",\"@id\":\"https:\/\/www.ficoba.org\/es\/#\/schema\/logo\/image\/\",\"url\":\"https:\/\/www.ficoba.org\/wp-content\/uploads\/2018\/11\/logo_ficoba.png\",\"contentUrl\":\"https:\/\/www.ficoba.org\/wp-content\/uploads\/2018\/11\/logo_ficoba.png\",\"width\":200,\"height\":124,\"caption\":\"Ficoba, Reciento Ferial de Gipuzkoa\"},\"image\":{\"@id\":\"https:\/\/www.ficoba.org\/es\/#\/schema\/logo\/image\/\"},\"sameAs\":[\"https:\/\/www.facebook.com\/FICOBAFUNDAZIOA\/\",\"https:\/\/x.com\/FicobaFundazioa\",\"https:\/\/www.youtube.com\/channel\/UCvo2JGluemyCf5KPRmEF9JQ\",\"https:\/\/www.linkedin.com\/company\/ficoba\/\",\"https:\/\/www.instagram.com\/ficobafundazioa\/\"]},{\"@type\":\"Person\",\"@id\":\"https:\/\/www.ficoba.org\/es\/#\/schema\/person\/8a96a121e5dbd393e6e6b5a7ee7ed407\",\"name\":\"ficoba\",\"image\":{\"@type\":\"ImageObject\",\"inLanguage\":\"es\",\"@id\":\"https:\/\/www.ficoba.org\/es\/#\/schema\/person\/image\/\",\"url\":\"https:\/\/secure.gravatar.com\/avatar\/c90cc0e07f75fecbe4165c1906a4cd61b0179a28caae2205d37516e4fb7c30c1?s=96&d=mm&r=g\",\"contentUrl\":\"https:\/\/secure.gravatar.com\/avatar\/c90cc0e07f75fecbe4165c1906a4cd61b0179a28caae2205d37516e4fb7c30c1?s=96&d=mm&r=g\",\"caption\":\"ficoba\"}}]}<\/script>\n<!-- \/ Yoast SEO plugin. -->","yoast_head_json":{"title":"XVI Edici\u00f3n de la Exposici\u00f3n Internacional Felina en Ficoba - Ficoba","robots":{"index":"index","follow":"follow","max-snippet":"max-snippet:-1","max-image-preview":"max-image-preview:large","max-video-preview":"max-video-preview:-1"},"canonical":"https:\/\/www.ficoba.org\/es\/xvi-edicion-de-la-exposicion-internacional-felina-en-ficoba\/","twitter_misc":{"Escrito por":"ficoba","Tiempo de lectura":"3 minutos"},"schema":{"@context":"https:\/\/schema.org","@graph":[{"@type":"Article","@id":"https:\/\/www.ficoba.org\/es\/xvi-edicion-de-la-exposicion-internacional-felina-en-ficoba\/#article","isPartOf":{"@id":"https:\/\/www.ficoba.org\/es\/xvi-edicion-de-la-exposicion-internacional-felina-en-ficoba\/"},"author":{"name":"ficoba","@id":"https:\/\/www.ficoba.org\/es\/#\/schema\/person\/8a96a121e5dbd393e6e6b5a7ee7ed407"},"headline":"XVI Edici\u00f3n de la Exposici\u00f3n Internacional Felina en Ficoba","datePublished":"2023-03-29T09:16:11+00:00","mainEntityOfPage":{"@id":"https:\/\/www.ficoba.org\/es\/xvi-edicion-de-la-exposicion-internacional-felina-en-ficoba\/"},"wordCount":531,"publisher":{"@id":"https:\/\/www.ficoba.org\/es\/#organization"},"image":{"@id":"https:\/\/www.ficoba.org\/es\/xvi-edicion-de-la-exposicion-internacional-felina-en-ficoba\/#primaryimage"},"thumbnailUrl":"https:\/\/www.ficoba.org\/wp-content\/uploads\/2023\/03\/Felina-1.jpg","keywords":["concurso felino","exposici\u00f3n felina"],"articleSection":["Eventos y ferias"],"inLanguage":"es"},{"@type":"WebPage","@id":"https:\/\/www.ficoba.org\/es\/xvi-edicion-de-la-exposicion-internacional-felina-en-ficoba\/","url":"https:\/\/www.ficoba.org\/es\/xvi-edicion-de-la-exposicion-internacional-felina-en-ficoba\/","name":"XVI Edici\u00f3n de la Exposici\u00f3n Internacional Felina en Ficoba - Ficoba","isPartOf":{"@id":"https:\/\/www.ficoba.org\/es\/#website"},"primaryImageOfPage":{"@id":"https:\/\/www.ficoba.org\/es\/xvi-edicion-de-la-exposicion-internacional-felina-en-ficoba\/#primaryimage"},"image":{"@id":"https:\/\/www.ficoba.org\/es\/xvi-edicion-de-la-exposicion-internacional-felina-en-ficoba\/#primaryimage"},"thumbnailUrl":"https:\/\/www.ficoba.org\/wp-content\/uploads\/2023\/03\/Felina-1.jpg","datePublished":"2023-03-29T09:16:11+00:00","breadcrumb":{"@id":"https:\/\/www.ficoba.org\/es\/xvi-edicion-de-la-exposicion-internacional-felina-en-ficoba\/#breadcrumb"},"inLanguage":"es","potentialAction":[{"@type":"ReadAction","target":["https:\/\/www.ficoba.org\/es\/xvi-edicion-de-la-exposicion-internacional-felina-en-ficoba\/"]}]},{"@type":"ImageObject","inLanguage":"es","@id":"https:\/\/www.ficoba.org\/es\/xvi-edicion-de-la-exposicion-internacional-felina-en-ficoba\/#primaryimage","url":"https:\/\/www.ficoba.org\/wp-content\/uploads\/2023\/03\/Felina-1.jpg","contentUrl":"https:\/\/www.ficoba.org\/wp-content\/uploads\/2023\/03\/Felina-1.jpg","width":1024,"height":768},{"@type":"BreadcrumbList","@id":"https:\/\/www.ficoba.org\/es\/xvi-edicion-de-la-exposicion-internacional-felina-en-ficoba\/#breadcrumb","itemListElement":[{"@type":"ListItem","position":1,"name":"Portada","item":"https:\/\/www.ficoba.org\/es\/"},{"@type":"ListItem","position":2,"name":"XVI Edici\u00f3n de la Exposici\u00f3n Internacional Felina en Ficoba"}]},{"@type":"WebSite","@id":"https:\/\/www.ficoba.org\/es\/#website","url":"https:\/\/www.ficoba.org\/es\/","name":"Ficoba, Recinto Ferial de Gipuzkoa","description":"Ficoba, recinto ferial de Gipuzkoa","publisher":{"@id":"https:\/\/www.ficoba.org\/es\/#organization"},"alternateName":"Ficoba","potentialAction":[{"@type":"SearchAction","target":{"@type":"EntryPoint","urlTemplate":"https:\/\/www.ficoba.org\/es\/?s={search_term_string}"},"query-input":{"@type":"PropertyValueSpecification","valueRequired":true,"valueName":"search_term_string"}}],"inLanguage":"es"},{"@type":"Organization","@id":"https:\/\/www.ficoba.org\/es\/#organization","name":"Ficoba, Reciento Ferial de Gipuzkoa","url":"https:\/\/www.ficoba.org\/es\/","logo":{"@type":"ImageObject","inLanguage":"es","@id":"https:\/\/www.ficoba.org\/es\/#\/schema\/logo\/image\/","url":"https:\/\/www.ficoba.org\/wp-content\/uploads\/2018\/11\/logo_ficoba.png","contentUrl":"https:\/\/www.ficoba.org\/wp-content\/uploads\/2018\/11\/logo_ficoba.png","width":200,"height":124,"caption":"Ficoba, Reciento Ferial de Gipuzkoa"},"image":{"@id":"https:\/\/www.ficoba.org\/es\/#\/schema\/logo\/image\/"},"sameAs":["https:\/\/www.facebook.com\/FICOBAFUNDAZIOA\/","https:\/\/x.com\/FicobaFundazioa","https:\/\/www.youtube.com\/channel\/UCvo2JGluemyCf5KPRmEF9JQ","https:\/\/www.linkedin.com\/company\/ficoba\/","https:\/\/www.instagram.com\/ficobafundazioa\/"]},{"@type":"Person","@id":"https:\/\/www.ficoba.org\/es\/#\/schema\/person\/8a96a121e5dbd393e6e6b5a7ee7ed407","name":"ficoba","image":{"@type":"ImageObject","inLanguage":"es","@id":"https:\/\/www.ficoba.org\/es\/#\/schema\/person\/image\/","url":"https:\/\/secure.gravatar.com\/avatar\/c90cc0e07f75fecbe4165c1906a4cd61b0179a28caae2205d37516e4fb7c30c1?s=96&d=mm&r=g","contentUrl":"https:\/\/secure.gravatar.com\/avatar\/c90cc0e07f75fecbe4165c1906a4cd61b0179a28caae2205d37516e4fb7c30c1?s=96&d=mm&r=g","caption":"ficoba"}}]}},"_links":{"self":[{"href":"https:\/\/www.ficoba.org\/es\/wp-json\/wp\/v2\/posts\/16674","targetHints":{"allow":["GET"]}}],"collection":[{"href":"https:\/\/www.ficoba.org\/es\/wp-json\/wp\/v2\/posts"}],"about":[{"href":"https:\/\/www.ficoba.org\/es\/wp-json\/wp\/v2\/types\/post"}],"author":[{"embeddable":true,"href":"https:\/\/www.ficoba.org\/es\/wp-json\/wp\/v2\/users\/2"}],"replies":[{"embeddable":true,"href":"https:\/\/www.ficoba.org\/es\/wp-json\/wp\/v2\/comments?post=16674"}],"version-history":[{"count":1,"href":"https:\/\/www.ficoba.org\/es\/wp-json\/wp\/v2\/posts\/16674\/revisions"}],"predecessor-version":[{"id":16683,"href":"https:\/\/www.ficoba.org\/es\/wp-json\/wp\/v2\/posts\/16674\/revisions\/16683"}],"wp:featuredmedia":[{"embeddable":true,"href":"https:\/\/www.ficoba.org\/es\/wp-json\/wp\/v2\/media\/16675"}],"wp:attachment":[{"href":"https:\/\/www.ficoba.org\/es\/wp-json\/wp\/v2\/media?parent=16674"}],"wp:term":[{"taxonomy":"category","embeddable":true,"href":"https:\/\/www.ficoba.org\/es\/wp-json\/wp\/v2\/categories?post=16674"},{"taxonomy":"post_tag","embeddable":true,"href":"https:\/\/www.ficoba.org\/es\/wp-json\/wp\/v2\/tags?post=16674"}],"curies":[{"name":"wp","href":"https:\/\/api.w.org\/{rel}","templated":true}]}}