{"id":16586,"date":"2023-03-27T12:57:52","date_gmt":"2023-03-27T10:57:52","guid":{"rendered":"https:\/\/www.ficoba.org\/?p=16586"},"modified":"2023-03-27T12:57:52","modified_gmt":"2023-03-27T10:57:52","slug":"ababor-se-consolida-como-la-cita-nautica-de-euskadi","status":"publish","type":"post","link":"https:\/\/www.ficoba.org\/es\/ababor-se-consolida-como-la-cita-nautica-de-euskadi\/","title":{"rendered":"Ababor se consolida como la cita n\u00e1utica de Euskadi"},"content":{"rendered":"<ul>\n<li><strong>M\u00e1s de 4.000 personas han visitado los stands de las 40 empresas expositoras<\/strong><\/li>\n<li><strong>Casi el 80% de los visitantes se muestra satisfecho o muy satisfecho con la feria<\/strong><\/li>\n<li><strong>El 85% de las personas encuestadas afirma que volver\u00e1 y el 50% que contactar\u00e1 con alguna de las empresas expositoras que ha conocido en Ababor.<\/strong><\/li>\n<\/ul>\n<p>Ababor, la feria n\u00e1utica de Euskadi, ha tenido lugar este fin de semana en Ficoba y los resultados muestran la consolidaci\u00f3n de la feria. Con cerca de 4.000 visitas, los asistentes han dedicado m\u00e1s tiempo a visitar la Ababor que en la edici\u00f3n anterior. Casi el 70% de las personas permaneciendo m\u00e1s de una hora. Esto indica que los visitantes han encontrado propuestas de su inter\u00e9s y han disfrutado de una experiencia satisfactoria.<\/p>\n<p>En cuanto al grado de satisfacci\u00f3n general con la feria, cerca del 80% de las personas que acudieron a Ababor se han mostrado satisfechas o muy satisfechas. Estas cifras se elevan hasta cerca del 95% en la valoraci\u00f3n del programa de conferencias, que han sido ampliamente seguidas por el p\u00fablico visitante.<\/p>\n<p>Otro dato importante es que el 50% de las personas encuestadas han manifestado que contactar\u00e1n con alguna de las empresas expositoras que han visitado durante la feria, lo que confirma el inter\u00e9s comercial y el potencial de negocio que ha generado este evento.<\/p>\n<p>Adem\u00e1s, respecto al origen de los visitantes, destaca un a\u00f1o m\u00e1s la importancia del p\u00fablico franc\u00e9s que supera el 16%.<\/p>\n<p>En resumen, la feria n\u00e1utica de Euskadi, Ababor, ha vuelto a concitar el inter\u00e9s de los amantes de los deportes y del ocio n\u00e1utico. Un grupo de personas que crece a\u00f1o tras a\u00f1o y que encuentra en Ababor una experiencia atractiva y de calidad.<\/p>\n<p>Como ha comentado la directora de Ababor, Maialen Gazta\u00f1aga \u201cEstamos muy contentos con c\u00f3mo se ha desarrollado la segunda edici\u00f3n de la Feria N\u00e1utica Ababor y esperamos seguir siendo una referencia para los amantes de la navegaci\u00f3n en pr\u00f3ximas ediciones\u201d.<\/p>\n<p><strong>www.ababor.eus<\/strong><\/p>\n<p>&nbsp;<\/p>\n","protected":false},"excerpt":{"rendered":"<p>M\u00e1s de 4.000 personas han visitado los stands de las 40 empresas expositoras Casi el 80% de los visitantes se muestra satisfecho o muy satisfecho con la feria El 85% [&hellip;]<\/p>\n","protected":false},"author":2,"featured_media":16599,"comment_status":"closed","ping_status":"closed","sticky":false,"template":"","format":"standard","meta":{"_et_pb_use_builder":"","_et_pb_old_content":"","_et_gb_content_width":"","footnotes":""},"categories":[3],"tags":[352,331,349,350,351],"class_list":["post-16586","post","type-post","status-publish","format-standard","has-post-thumbnail","hentry","category-eventos-y-ferias","tag-barcos-2","tag-charter","tag-deportes-nauticos","tag-ocio-nautico","tag-yates"],"yoast_head":"<!-- This site is optimized with the Yoast SEO plugin v26.8 - https:\/\/yoast.com\/product\/yoast-seo-wordpress\/ -->\n<title>Ababor se consolida como la cita n\u00e1utica de Euskadi - Ficoba<\/title>\n<meta name=\"robots\" content=\"index, follow, max-snippet:-1, max-image-preview:large, max-video-preview:-1\" \/>\n<link rel=\"canonical\" href=\"https:\/\/www.ficoba.org\/es\/ababor-se-consolida-como-la-cita-nautica-de-euskadi\/\" \/>\n<meta name=\"twitter:label1\" content=\"Escrito por\" \/>\n\t<meta name=\"twitter:data1\" content=\"ficoba\" \/>\n\t<meta name=\"twitter:label2\" content=\"Tiempo de lectura\" \/>\n\t<meta name=\"twitter:data2\" content=\"2 minutos\" \/>\n<script type=\"application\/ld+json\" class=\"yoast-schema-graph\">{\"@context\":\"https:\/\/schema.org\",\"@graph\":[{\"@type\":\"Article\",\"@id\":\"https:\/\/www.ficoba.org\/es\/ababor-se-consolida-como-la-cita-nautica-de-euskadi\/#article\",\"isPartOf\":{\"@id\":\"https:\/\/www.ficoba.org\/es\/ababor-se-consolida-como-la-cita-nautica-de-euskadi\/\"},\"author\":{\"name\":\"ficoba\",\"@id\":\"https:\/\/www.ficoba.org\/es\/#\/schema\/person\/8a96a121e5dbd393e6e6b5a7ee7ed407\"},\"headline\":\"Ababor se consolida como la cita n\u00e1utica de Euskadi\",\"datePublished\":\"2023-03-27T10:57:52+00:00\",\"mainEntityOfPage\":{\"@id\":\"https:\/\/www.ficoba.org\/es\/ababor-se-consolida-como-la-cita-nautica-de-euskadi\/\"},\"wordCount\":355,\"publisher\":{\"@id\":\"https:\/\/www.ficoba.org\/es\/#organization\"},\"image\":{\"@id\":\"https:\/\/www.ficoba.org\/es\/ababor-se-consolida-como-la-cita-nautica-de-euskadi\/#primaryimage\"},\"thumbnailUrl\":\"https:\/\/www.ficoba.org\/wp-content\/uploads\/2023\/03\/230325-109-M.jpg\",\"keywords\":[\"barcos\",\"charter\",\"Deportes n\u00e1uticos\",\"ocio n\u00e1utico\",\"yates\"],\"articleSection\":[\"Eventos y ferias\"],\"inLanguage\":\"es\"},{\"@type\":\"WebPage\",\"@id\":\"https:\/\/www.ficoba.org\/es\/ababor-se-consolida-como-la-cita-nautica-de-euskadi\/\",\"url\":\"https:\/\/www.ficoba.org\/es\/ababor-se-consolida-como-la-cita-nautica-de-euskadi\/\",\"name\":\"Ababor se consolida como la cita n\u00e1utica de Euskadi - Ficoba\",\"isPartOf\":{\"@id\":\"https:\/\/www.ficoba.org\/es\/#website\"},\"primaryImageOfPage\":{\"@id\":\"https:\/\/www.ficoba.org\/es\/ababor-se-consolida-como-la-cita-nautica-de-euskadi\/#primaryimage\"},\"image\":{\"@id\":\"https:\/\/www.ficoba.org\/es\/ababor-se-consolida-como-la-cita-nautica-de-euskadi\/#primaryimage\"},\"thumbnailUrl\":\"https:\/\/www.ficoba.org\/wp-content\/uploads\/2023\/03\/230325-109-M.jpg\",\"datePublished\":\"2023-03-27T10:57:52+00:00\",\"breadcrumb\":{\"@id\":\"https:\/\/www.ficoba.org\/es\/ababor-se-consolida-como-la-cita-nautica-de-euskadi\/#breadcrumb\"},\"inLanguage\":\"es\",\"potentialAction\":[{\"@type\":\"ReadAction\",\"target\":[\"https:\/\/www.ficoba.org\/es\/ababor-se-consolida-como-la-cita-nautica-de-euskadi\/\"]}]},{\"@type\":\"ImageObject\",\"inLanguage\":\"es\",\"@id\":\"https:\/\/www.ficoba.org\/es\/ababor-se-consolida-como-la-cita-nautica-de-euskadi\/#primaryimage\",\"url\":\"https:\/\/www.ficoba.org\/wp-content\/uploads\/2023\/03\/230325-109-M.jpg\",\"contentUrl\":\"https:\/\/www.ficoba.org\/wp-content\/uploads\/2023\/03\/230325-109-M.jpg\",\"width\":1500,\"height\":1000},{\"@type\":\"BreadcrumbList\",\"@id\":\"https:\/\/www.ficoba.org\/es\/ababor-se-consolida-como-la-cita-nautica-de-euskadi\/#breadcrumb\",\"itemListElement\":[{\"@type\":\"ListItem\",\"position\":1,\"name\":\"Portada\",\"item\":\"https:\/\/www.ficoba.org\/es\/\"},{\"@type\":\"ListItem\",\"position\":2,\"name\":\"Ababor se consolida como la cita n\u00e1utica de Euskadi\"}]},{\"@type\":\"WebSite\",\"@id\":\"https:\/\/www.ficoba.org\/es\/#website\",\"url\":\"https:\/\/www.ficoba.org\/es\/\",\"name\":\"Ficoba, Recinto Ferial de Gipuzkoa\",\"description\":\"Ficoba, recinto ferial de Gipuzkoa\",\"publisher\":{\"@id\":\"https:\/\/www.ficoba.org\/es\/#organization\"},\"alternateName\":\"Ficoba\",\"potentialAction\":[{\"@type\":\"SearchAction\",\"target\":{\"@type\":\"EntryPoint\",\"urlTemplate\":\"https:\/\/www.ficoba.org\/es\/?s={search_term_string}\"},\"query-input\":{\"@type\":\"PropertyValueSpecification\",\"valueRequired\":true,\"valueName\":\"search_term_string\"}}],\"inLanguage\":\"es\"},{\"@type\":\"Organization\",\"@id\":\"https:\/\/www.ficoba.org\/es\/#organization\",\"name\":\"Ficoba, Reciento Ferial de Gipuzkoa\",\"url\":\"https:\/\/www.ficoba.org\/es\/\",\"logo\":{\"@type\":\"ImageObject\",\"inLanguage\":\"es\",\"@id\":\"https:\/\/www.ficoba.org\/es\/#\/schema\/logo\/image\/\",\"url\":\"https:\/\/www.ficoba.org\/wp-content\/uploads\/2018\/11\/logo_ficoba.png\",\"contentUrl\":\"https:\/\/www.ficoba.org\/wp-content\/uploads\/2018\/11\/logo_ficoba.png\",\"width\":200,\"height\":124,\"caption\":\"Ficoba, Reciento Ferial de Gipuzkoa\"},\"image\":{\"@id\":\"https:\/\/www.ficoba.org\/es\/#\/schema\/logo\/image\/\"},\"sameAs\":[\"https:\/\/www.facebook.com\/FICOBAFUNDAZIOA\/\",\"https:\/\/x.com\/FicobaFundazioa\",\"https:\/\/www.youtube.com\/channel\/UCvo2JGluemyCf5KPRmEF9JQ\",\"https:\/\/www.linkedin.com\/company\/ficoba\/\",\"https:\/\/www.instagram.com\/ficobafundazioa\/\"]},{\"@type\":\"Person\",\"@id\":\"https:\/\/www.ficoba.org\/es\/#\/schema\/person\/8a96a121e5dbd393e6e6b5a7ee7ed407\",\"name\":\"ficoba\",\"image\":{\"@type\":\"ImageObject\",\"inLanguage\":\"es\",\"@id\":\"https:\/\/www.ficoba.org\/es\/#\/schema\/person\/image\/\",\"url\":\"https:\/\/secure.gravatar.com\/avatar\/c90cc0e07f75fecbe4165c1906a4cd61b0179a28caae2205d37516e4fb7c30c1?s=96&d=mm&r=g\",\"contentUrl\":\"https:\/\/secure.gravatar.com\/avatar\/c90cc0e07f75fecbe4165c1906a4cd61b0179a28caae2205d37516e4fb7c30c1?s=96&d=mm&r=g\",\"caption\":\"ficoba\"}}]}<\/script>\n<!-- \/ Yoast SEO plugin. -->","yoast_head_json":{"title":"Ababor se consolida como la cita n\u00e1utica de Euskadi - Ficoba","robots":{"index":"index","follow":"follow","max-snippet":"max-snippet:-1","max-image-preview":"max-image-preview:large","max-video-preview":"max-video-preview:-1"},"canonical":"https:\/\/www.ficoba.org\/es\/ababor-se-consolida-como-la-cita-nautica-de-euskadi\/","twitter_misc":{"Escrito por":"ficoba","Tiempo de lectura":"2 minutos"},"schema":{"@context":"https:\/\/schema.org","@graph":[{"@type":"Article","@id":"https:\/\/www.ficoba.org\/es\/ababor-se-consolida-como-la-cita-nautica-de-euskadi\/#article","isPartOf":{"@id":"https:\/\/www.ficoba.org\/es\/ababor-se-consolida-como-la-cita-nautica-de-euskadi\/"},"author":{"name":"ficoba","@id":"https:\/\/www.ficoba.org\/es\/#\/schema\/person\/8a96a121e5dbd393e6e6b5a7ee7ed407"},"headline":"Ababor se consolida como la cita n\u00e1utica de Euskadi","datePublished":"2023-03-27T10:57:52+00:00","mainEntityOfPage":{"@id":"https:\/\/www.ficoba.org\/es\/ababor-se-consolida-como-la-cita-nautica-de-euskadi\/"},"wordCount":355,"publisher":{"@id":"https:\/\/www.ficoba.org\/es\/#organization"},"image":{"@id":"https:\/\/www.ficoba.org\/es\/ababor-se-consolida-como-la-cita-nautica-de-euskadi\/#primaryimage"},"thumbnailUrl":"https:\/\/www.ficoba.org\/wp-content\/uploads\/2023\/03\/230325-109-M.jpg","keywords":["barcos","charter","Deportes n\u00e1uticos","ocio n\u00e1utico","yates"],"articleSection":["Eventos y ferias"],"inLanguage":"es"},{"@type":"WebPage","@id":"https:\/\/www.ficoba.org\/es\/ababor-se-consolida-como-la-cita-nautica-de-euskadi\/","url":"https:\/\/www.ficoba.org\/es\/ababor-se-consolida-como-la-cita-nautica-de-euskadi\/","name":"Ababor se consolida como la cita n\u00e1utica de Euskadi - Ficoba","isPartOf":{"@id":"https:\/\/www.ficoba.org\/es\/#website"},"primaryImageOfPage":{"@id":"https:\/\/www.ficoba.org\/es\/ababor-se-consolida-como-la-cita-nautica-de-euskadi\/#primaryimage"},"image":{"@id":"https:\/\/www.ficoba.org\/es\/ababor-se-consolida-como-la-cita-nautica-de-euskadi\/#primaryimage"},"thumbnailUrl":"https:\/\/www.ficoba.org\/wp-content\/uploads\/2023\/03\/230325-109-M.jpg","datePublished":"2023-03-27T10:57:52+00:00","breadcrumb":{"@id":"https:\/\/www.ficoba.org\/es\/ababor-se-consolida-como-la-cita-nautica-de-euskadi\/#breadcrumb"},"inLanguage":"es","potentialAction":[{"@type":"ReadAction","target":["https:\/\/www.ficoba.org\/es\/ababor-se-consolida-como-la-cita-nautica-de-euskadi\/"]}]},{"@type":"ImageObject","inLanguage":"es","@id":"https:\/\/www.ficoba.org\/es\/ababor-se-consolida-como-la-cita-nautica-de-euskadi\/#primaryimage","url":"https:\/\/www.ficoba.org\/wp-content\/uploads\/2023\/03\/230325-109-M.jpg","contentUrl":"https:\/\/www.ficoba.org\/wp-content\/uploads\/2023\/03\/230325-109-M.jpg","width":1500,"height":1000},{"@type":"BreadcrumbList","@id":"https:\/\/www.ficoba.org\/es\/ababor-se-consolida-como-la-cita-nautica-de-euskadi\/#breadcrumb","itemListElement":[{"@type":"ListItem","position":1,"name":"Portada","item":"https:\/\/www.ficoba.org\/es\/"},{"@type":"ListItem","position":2,"name":"Ababor se consolida como la cita n\u00e1utica de Euskadi"}]},{"@type":"WebSite","@id":"https:\/\/www.ficoba.org\/es\/#website","url":"https:\/\/www.ficoba.org\/es\/","name":"Ficoba, Recinto Ferial de Gipuzkoa","description":"Ficoba, recinto ferial de Gipuzkoa","publisher":{"@id":"https:\/\/www.ficoba.org\/es\/#organization"},"alternateName":"Ficoba","potentialAction":[{"@type":"SearchAction","target":{"@type":"EntryPoint","urlTemplate":"https:\/\/www.ficoba.org\/es\/?s={search_term_string}"},"query-input":{"@type":"PropertyValueSpecification","valueRequired":true,"valueName":"search_term_string"}}],"inLanguage":"es"},{"@type":"Organization","@id":"https:\/\/www.ficoba.org\/es\/#organization","name":"Ficoba, Reciento Ferial de Gipuzkoa","url":"https:\/\/www.ficoba.org\/es\/","logo":{"@type":"ImageObject","inLanguage":"es","@id":"https:\/\/www.ficoba.org\/es\/#\/schema\/logo\/image\/","url":"https:\/\/www.ficoba.org\/wp-content\/uploads\/2018\/11\/logo_ficoba.png","contentUrl":"https:\/\/www.ficoba.org\/wp-content\/uploads\/2018\/11\/logo_ficoba.png","width":200,"height":124,"caption":"Ficoba, Reciento Ferial de Gipuzkoa"},"image":{"@id":"https:\/\/www.ficoba.org\/es\/#\/schema\/logo\/image\/"},"sameAs":["https:\/\/www.facebook.com\/FICOBAFUNDAZIOA\/","https:\/\/x.com\/FicobaFundazioa","https:\/\/www.youtube.com\/channel\/UCvo2JGluemyCf5KPRmEF9JQ","https:\/\/www.linkedin.com\/company\/ficoba\/","https:\/\/www.instagram.com\/ficobafundazioa\/"]},{"@type":"Person","@id":"https:\/\/www.ficoba.org\/es\/#\/schema\/person\/8a96a121e5dbd393e6e6b5a7ee7ed407","name":"ficoba","image":{"@type":"ImageObject","inLanguage":"es","@id":"https:\/\/www.ficoba.org\/es\/#\/schema\/person\/image\/","url":"https:\/\/secure.gravatar.com\/avatar\/c90cc0e07f75fecbe4165c1906a4cd61b0179a28caae2205d37516e4fb7c30c1?s=96&d=mm&r=g","contentUrl":"https:\/\/secure.gravatar.com\/avatar\/c90cc0e07f75fecbe4165c1906a4cd61b0179a28caae2205d37516e4fb7c30c1?s=96&d=mm&r=g","caption":"ficoba"}}]}},"_links":{"self":[{"href":"https:\/\/www.ficoba.org\/es\/wp-json\/wp\/v2\/posts\/16586","targetHints":{"allow":["GET"]}}],"collection":[{"href":"https:\/\/www.ficoba.org\/es\/wp-json\/wp\/v2\/posts"}],"about":[{"href":"https:\/\/www.ficoba.org\/es\/wp-json\/wp\/v2\/types\/post"}],"author":[{"embeddable":true,"href":"https:\/\/www.ficoba.org\/es\/wp-json\/wp\/v2\/users\/2"}],"replies":[{"embeddable":true,"href":"https:\/\/www.ficoba.org\/es\/wp-json\/wp\/v2\/comments?post=16586"}],"version-history":[{"count":1,"href":"https:\/\/www.ficoba.org\/es\/wp-json\/wp\/v2\/posts\/16586\/revisions"}],"predecessor-version":[{"id":16659,"href":"https:\/\/www.ficoba.org\/es\/wp-json\/wp\/v2\/posts\/16586\/revisions\/16659"}],"wp:featuredmedia":[{"embeddable":true,"href":"https:\/\/www.ficoba.org\/es\/wp-json\/wp\/v2\/media\/16599"}],"wp:attachment":[{"href":"https:\/\/www.ficoba.org\/es\/wp-json\/wp\/v2\/media?parent=16586"}],"wp:term":[{"taxonomy":"category","embeddable":true,"href":"https:\/\/www.ficoba.org\/es\/wp-json\/wp\/v2\/categories?post=16586"},{"taxonomy":"post_tag","embeddable":true,"href":"https:\/\/www.ficoba.org\/es\/wp-json\/wp\/v2\/tags?post=16586"}],"curies":[{"name":"wp","href":"https:\/\/api.w.org\/{rel}","templated":true}]}}