{"id":15801,"date":"2023-02-15T13:28:13","date_gmt":"2023-02-15T11:28:13","guid":{"rendered":"https:\/\/www.ficoba.org\/?p=15801"},"modified":"2023-02-15T13:28:13","modified_gmt":"2023-02-15T11:28:13","slug":"ficoba-cierra-el-ejercicio-con-incrementos-en-todos-sus-parametros-y-entra-en-el-circuito-estatal-de-certamenes-itinerantes","status":"publish","type":"post","link":"https:\/\/www.ficoba.org\/es\/ficoba-cierra-el-ejercicio-con-incrementos-en-todos-sus-parametros-y-entra-en-el-circuito-estatal-de-certamenes-itinerantes\/","title":{"rendered":"Ficoba cierra el ejercicio con incrementos en todos sus par\u00e1metros y entra en el circuito estatal de cert\u00e1menes itinerantes"},"content":{"rendered":"<ul>\n<li><strong>El efecto inducido en el entorno ha ascendido a 32 millones de euros<\/strong><\/li>\n<li><strong>Entre las novedades para 2023 la feria profesional UNIRE de soldadura y tecnolog\u00edas de uni\u00f3n<\/strong><\/li>\n<\/ul>\n<p>2022 ha sido el a\u00f1o de la recuperaci\u00f3n total de la actividad de Ficoba tras la pandemia. Todos los par\u00e1metros han experimentado crecimientos. A lo largo de 2022 se han celebrado 284 actividades, con un incremento del 19% respecto al ejercicio anterior. Los visitantes han ascendido a 142.188, un 69% m\u00e1s que en 2021. Una actividad que ha dado como resultado que los d\u00edas de ocupaci\u00f3n del recinto ferial hayan ascendido a 329 frente a los 272 del a\u00f1o anterior y que ha tenido su reflejo en el efecto inducido generado en el entorno, que ha alcanzado los 32 millones de euros frente a los 23,5 millones del ejercicio 2021.<\/p>\n<p>Por lo que respecta a la tipolog\u00eda de la actividad, las ferias celebradas han sido 14, cuatro m\u00e1s que en 2021. El pasado ejercicio han tenido lugar citas habituales en el calendario de Ficoba como la feria ecol\u00f3gica <strong>Bioterra<\/strong>, el festival vegano <strong>Be Veggie<\/strong>,<strong> Krea<\/strong> feria del emprendizaje, <strong>Caravantur<\/strong>, <strong>Ficoauto<\/strong>, el sal\u00f3n de novios <strong>Los mu\u00f1ecos de la tarta <\/strong>o la<strong> Exposici\u00f3n Felina,<\/strong> y ha sido tambi\u00e9n el a\u00f1o del regreso de la feria del c\u00e1\u00f1amo<strong> Expogrow<\/strong> y del lanzamiento de<strong> Ababor<\/strong>, la primera feria n\u00e1utica de Euskadi.<\/p>\n<p>Asimismo, se han celebrado dos importantes citas bienales como la tercera edici\u00f3n feria<strong> Go Mobility by MUBIL<\/strong>, cita profesional de la movilidad sostenible, o el congreso transfronterizo sobre cambio clim\u00e1tico y litoral, <strong>Uhinak<\/strong>. Dos eventos en torno al medio ambiente y la sostenibilidad a los que este a\u00f1o se ha sumado el <strong>Basque Circular Summit<\/strong> impulsado por Ihobe. \u00a0Por otra parte, Ficoba ha sido el escenario de la feria privada <strong>Ipardis<\/strong>, organizada por los distribuidores Ipardis y Basco dirigida a profesionales del sector hostelero, que ha celebrado su segunda edici\u00f3n.<\/p>\n<p>2022 ha sido tambi\u00e9n el a\u00f1o en el que Ficoba ha entrado como miembro de pleno derecho en el circuito estatal de cert\u00e1menes itinerantes. <strong>Exfilna<\/strong>, la exposici\u00f3n filat\u00e9lica m\u00e1s importante del Estado ha vuelto a recalar en Ficoba y tambi\u00e9n lo ha hecho <strong>Feria AD\u2019IP<\/strong>, un evento impulsado por la Asociaci\u00f3n Espa\u00f1ola de Instaladores de Sistemas de Construcci\u00f3n Seca, Falsos Techos, Aislamientos y Revestimientos.<\/p>\n<p>Para este pr\u00f3ximo ejercicio Ficoba ya ha recibido consultas de otras asociaciones de car\u00e1cter estatal interesadas en celebrar en Ficoba sus encuentros profesionales.<\/p>\n<p>Al margen de las ferias, el mayor crecimiento de la actividad de Ficoba se ha experimentado en el \u00e1mbito de los eventos que se han multiplicado por tres, pasando de los 17 eventos celebrados en 2021 a 56 en 2022. En este apartado se incluye actividades sociales y populares como espect\u00e1culos, conciertos, premios, comidas, bailes, etc.<\/p>\n<p>En este apartado tambi\u00e9n cabe se\u00f1alar la elecci\u00f3n de Ficoba para la celebraci\u00f3n de eventos culturales. Entre ellos han destacado en 2022 la semifinal del <strong>Campeonato de Bertsolaris de Euskal Herria<\/strong> o las citas con los conciertos del festival <strong>Irun Zuzenean<\/strong>.<\/p>\n<p>Por su parte, las reuniones han mantenido una t\u00f3nica estable con 214 frente a las 212 de 2021. En este \u00e1mbito destacan las OPEs (Ofertas P\u00fablicas de Empleo), los ex\u00e1menes de HABE o los ya tradicionales ex\u00e1menes de embarcaciones de recreo.<\/p>\n<p>El incremento de la actividad a lo largo de 2022 ha dado como resultado que Ficoba haya alcanzado la facturaci\u00f3n m\u00e1s alta de su serie hist\u00f3rica con 2,35 millones de euros frente a los 1,4 de 2021.<\/p>\n<p><strong>UNIRE, una nueva feria profesional y otras novedades<\/strong><\/p>\n<p>Ficoba sigue buscando nuevos nichos de negocio para promover ferias profesionales. Fruto de esa vocaci\u00f3n es la celebraci\u00f3n el 8 y 9 de marzo de la primera edici\u00f3n de <strong>UNIRE<\/strong>, la \u00fanica feria de todos el Estado especializada en soldadura y tecnolog\u00edas de uni\u00f3n, que ha tenido una excelente acogida en el sector industrial y como resultado va a contar con m\u00e1s de 60 expositores que representan a toda la cadena de valor del sector.<\/p>\n<p>Coincidiendo con la celebraci\u00f3n de la feria van a tener lugar del 7 al 9 de marzo las XXIII Jornadas de CESOL, Asociaci\u00f3n Espa\u00f1ola de Soldadura y Tecnolog\u00edas de Uni\u00f3n. Un evento, tambi\u00e9n itinerante, que este a\u00f1o se traslada a Ficoba para convertir durante el mes de marzo a Ficoba en el centro estatal de la soldadura y las tecnolog\u00edas de la uni\u00f3n.<\/p>\n<p>Una capacidad de atracci\u00f3n de eventos relacionados con la tem\u00e1tica de las ferias organizadas por Ficoba que tambi\u00e9n tiene su reflejo en <strong>Ababor<\/strong>, la feria n\u00e1utica de Euskadi que este a\u00f1o celebra su segunda edici\u00f3n. ANEN, Asociaci\u00f3n Nacional de Empresas N\u00e1uticas, entidad colaboradora de Ababor, ha decidido organizar su X Congreso N\u00e1utico en San Sebasti\u00e1n el 9 y 10 de marzo, convirtiendo a Gipuzkoa en el epicentro del sector n\u00e1utico de Espa\u00f1a.<\/p>\n<p>Otra buena noticia del calendario ferial de Ficoba es el regreso del campeonato de formaci\u00f3n profesional <strong>Eusko Skills<\/strong> y la celebraci\u00f3n de la vig\u00e9sima edici\u00f3n de <strong>Bioterra<\/strong>, la feria decana de Ficoba, que tendr\u00e1 lugar del 2 al 4 de junio.<\/p>\n<p><strong>Calendario de eventos destacados (Confirmados a d\u00eda de hoy)<\/strong><\/p>\n<ul>\n<li>24 de febrero. VI Caravantur, feria caravaning, camper y furgonetas<\/li>\n<li>27 de febrero al 2 de marzo. Congreso Estatal de Memoria Democr\u00e1tica<\/li>\n<li>2 de marzo. Convocatoria Diputaci\u00f3n Foral de Gipuzkoa<\/li>\n<li>7 al 9 de marzo. Congreso de CESOL, Asociaci\u00f3n Espa\u00f1ol de Soldadura y Tecnolog\u00edas de Uni\u00f3n<\/li>\n<li>8 y 9 de marzo. UNIRE, feria de soldadura y tecnolog\u00edas de uni\u00f3n<\/li>\n<li>16 de marzo. Ex\u00e1menes n\u00e1uticos<\/li>\n<li>Premios Irun Ekintzan<\/li>\n<li>24 al 26 de marzo. II Feria n\u00e1utica Ababor<\/li>\n<li>30 de marzo. Krea, feria de emprendizaje, la innovaci\u00f3n y la creatividad<\/li>\n<li>1 de abril. XVI Exposici\u00f3n Internacional Felina<\/li>\n<li>22 de abril: Conferencia internacional Gure Esku Dago<\/li>\n<li>30 de abril. Exposici\u00f3n Internacional Canina<\/li>\n<li>4 de mayo. Ex\u00e1menes HABE<\/li>\n<li>Eusko Skills 2023<\/li>\n<li>28 de mayo. Alardealdia<\/li>\n<li>2 al 4 de junio. XX Bioterra, feria de productos ecol\u00f3gicos, bioconstrucci\u00f3n, energ\u00edas renovables y consumo responsable<\/li>\n<li>29 y 30 de septiembre. Festival Irun Zuzenean<\/li>\n<li>6 y 7 de octubre. Ex\u00e1menes HABE<\/li>\n<li>14 y 15 de octubre. Sal\u00f3n de novios, Los mu\u00f1ecos de la tarta<\/li>\n<li>9 de noviembre. Ex\u00e1menes n\u00e1uticos<\/li>\n<li>17 al 19 de noviembre. Ficoauto, feria del veh\u00edculo de ocasi\u00f3n<\/li>\n<li>IV festival vegano Be Veggie<\/li>\n<\/ul>\n<p>&nbsp;<\/p>\n<p><strong>Eventos destacados ya celebrados<\/strong><\/p>\n<ul>\n<li>30 de enero. Feria profesional Basquisite, Exquisite Foods &amp; Beverages<\/li>\n<li>11 de febrero. Concurso oposici\u00f3n IVAP-Gobierno Vasco<\/li>\n<li>14 de febrero. Convocatoria Diputaci\u00f3n Foral de Gipuzkoa<\/li>\n<\/ul>\n<p><strong>\u00a0<\/strong><\/p>\n<p><strong>El calendario recoge los eventos de mayor dimensi\u00f3n, principalmente aquellos que tienen lugar en los pabellones del recinto ferial.<\/strong><\/p>\n<p><strong>\u00a0<\/strong><\/p>\n","protected":false},"excerpt":{"rendered":"<p>El efecto inducido en el entorno ha ascendido a 32 millones de euros Entre las novedades para 2023 la feria profesional UNIRE de soldadura y tecnolog\u00edas de uni\u00f3n 2022 ha [&hellip;]<\/p>\n","protected":false},"author":2,"featured_media":15802,"comment_status":"closed","ping_status":"closed","sticky":false,"template":"","format":"standard","meta":{"_et_pb_use_builder":"","_et_pb_old_content":"","_et_gb_content_width":"","footnotes":""},"categories":[3],"tags":[171,53,340,68],"class_list":["post-15801","post","type-post","status-publish","format-standard","has-post-thumbnail","hentry","category-eventos-y-ferias","tag-ferias","tag-ficoba-2","tag-recintos-feriale","tag-sostenibilidad"],"yoast_head":"<!-- This site is optimized with the Yoast SEO plugin v26.8 - https:\/\/yoast.com\/product\/yoast-seo-wordpress\/ -->\n<title>Ficoba cierra el ejercicio con incrementos en todos sus par\u00e1metros y entra en el circuito estatal de cert\u00e1menes itinerantes - Ficoba<\/title>\n<meta name=\"robots\" content=\"index, follow, max-snippet:-1, max-image-preview:large, max-video-preview:-1\" \/>\n<link rel=\"canonical\" href=\"https:\/\/www.ficoba.org\/es\/ficoba-cierra-el-ejercicio-con-incrementos-en-todos-sus-parametros-y-entra-en-el-circuito-estatal-de-certamenes-itinerantes\/\" \/>\n<meta name=\"twitter:label1\" content=\"Escrito por\" \/>\n\t<meta name=\"twitter:data1\" content=\"ficoba\" \/>\n\t<meta name=\"twitter:label2\" content=\"Tiempo de lectura\" \/>\n\t<meta name=\"twitter:data2\" content=\"5 minutos\" \/>\n<script type=\"application\/ld+json\" class=\"yoast-schema-graph\">{\"@context\":\"https:\/\/schema.org\",\"@graph\":[{\"@type\":\"Article\",\"@id\":\"https:\/\/www.ficoba.org\/es\/ficoba-cierra-el-ejercicio-con-incrementos-en-todos-sus-parametros-y-entra-en-el-circuito-estatal-de-certamenes-itinerantes\/#article\",\"isPartOf\":{\"@id\":\"https:\/\/www.ficoba.org\/es\/ficoba-cierra-el-ejercicio-con-incrementos-en-todos-sus-parametros-y-entra-en-el-circuito-estatal-de-certamenes-itinerantes\/\"},\"author\":{\"name\":\"ficoba\",\"@id\":\"https:\/\/www.ficoba.org\/es\/#\/schema\/person\/8a96a121e5dbd393e6e6b5a7ee7ed407\"},\"headline\":\"Ficoba cierra el ejercicio con incrementos en todos sus par\u00e1metros y entra en el circuito estatal de cert\u00e1menes itinerantes\",\"datePublished\":\"2023-02-15T11:28:13+00:00\",\"mainEntityOfPage\":{\"@id\":\"https:\/\/www.ficoba.org\/es\/ficoba-cierra-el-ejercicio-con-incrementos-en-todos-sus-parametros-y-entra-en-el-circuito-estatal-de-certamenes-itinerantes\/\"},\"wordCount\":1141,\"publisher\":{\"@id\":\"https:\/\/www.ficoba.org\/es\/#organization\"},\"image\":{\"@id\":\"https:\/\/www.ficoba.org\/es\/ficoba-cierra-el-ejercicio-con-incrementos-en-todos-sus-parametros-y-entra-en-el-circuito-estatal-de-certamenes-itinerantes\/#primaryimage\"},\"thumbnailUrl\":\"https:\/\/www.ficoba.org\/wp-content\/uploads\/2023\/02\/Ficoba-1-scaled.jpg\",\"keywords\":[\"ferias\",\"Ficoba\",\"recintos feriale\",\"sostenibilidad\"],\"articleSection\":[\"Eventos y ferias\"],\"inLanguage\":\"es\"},{\"@type\":\"WebPage\",\"@id\":\"https:\/\/www.ficoba.org\/es\/ficoba-cierra-el-ejercicio-con-incrementos-en-todos-sus-parametros-y-entra-en-el-circuito-estatal-de-certamenes-itinerantes\/\",\"url\":\"https:\/\/www.ficoba.org\/es\/ficoba-cierra-el-ejercicio-con-incrementos-en-todos-sus-parametros-y-entra-en-el-circuito-estatal-de-certamenes-itinerantes\/\",\"name\":\"Ficoba cierra el ejercicio con incrementos en todos sus par\u00e1metros y entra en el circuito estatal de cert\u00e1menes itinerantes - Ficoba\",\"isPartOf\":{\"@id\":\"https:\/\/www.ficoba.org\/es\/#website\"},\"primaryImageOfPage\":{\"@id\":\"https:\/\/www.ficoba.org\/es\/ficoba-cierra-el-ejercicio-con-incrementos-en-todos-sus-parametros-y-entra-en-el-circuito-estatal-de-certamenes-itinerantes\/#primaryimage\"},\"image\":{\"@id\":\"https:\/\/www.ficoba.org\/es\/ficoba-cierra-el-ejercicio-con-incrementos-en-todos-sus-parametros-y-entra-en-el-circuito-estatal-de-certamenes-itinerantes\/#primaryimage\"},\"thumbnailUrl\":\"https:\/\/www.ficoba.org\/wp-content\/uploads\/2023\/02\/Ficoba-1-scaled.jpg\",\"datePublished\":\"2023-02-15T11:28:13+00:00\",\"breadcrumb\":{\"@id\":\"https:\/\/www.ficoba.org\/es\/ficoba-cierra-el-ejercicio-con-incrementos-en-todos-sus-parametros-y-entra-en-el-circuito-estatal-de-certamenes-itinerantes\/#breadcrumb\"},\"inLanguage\":\"es\",\"potentialAction\":[{\"@type\":\"ReadAction\",\"target\":[\"https:\/\/www.ficoba.org\/es\/ficoba-cierra-el-ejercicio-con-incrementos-en-todos-sus-parametros-y-entra-en-el-circuito-estatal-de-certamenes-itinerantes\/\"]}]},{\"@type\":\"ImageObject\",\"inLanguage\":\"es\",\"@id\":\"https:\/\/www.ficoba.org\/es\/ficoba-cierra-el-ejercicio-con-incrementos-en-todos-sus-parametros-y-entra-en-el-circuito-estatal-de-certamenes-itinerantes\/#primaryimage\",\"url\":\"https:\/\/www.ficoba.org\/wp-content\/uploads\/2023\/02\/Ficoba-1-scaled.jpg\",\"contentUrl\":\"https:\/\/www.ficoba.org\/wp-content\/uploads\/2023\/02\/Ficoba-1-scaled.jpg\",\"width\":2560,\"height\":1920},{\"@type\":\"BreadcrumbList\",\"@id\":\"https:\/\/www.ficoba.org\/es\/ficoba-cierra-el-ejercicio-con-incrementos-en-todos-sus-parametros-y-entra-en-el-circuito-estatal-de-certamenes-itinerantes\/#breadcrumb\",\"itemListElement\":[{\"@type\":\"ListItem\",\"position\":1,\"name\":\"Portada\",\"item\":\"https:\/\/www.ficoba.org\/es\/\"},{\"@type\":\"ListItem\",\"position\":2,\"name\":\"Ficoba cierra el ejercicio con incrementos en todos sus par\u00e1metros y entra en el circuito estatal de cert\u00e1menes itinerantes\"}]},{\"@type\":\"WebSite\",\"@id\":\"https:\/\/www.ficoba.org\/es\/#website\",\"url\":\"https:\/\/www.ficoba.org\/es\/\",\"name\":\"Ficoba, Recinto Ferial de Gipuzkoa\",\"description\":\"Ficoba, recinto ferial de Gipuzkoa\",\"publisher\":{\"@id\":\"https:\/\/www.ficoba.org\/es\/#organization\"},\"alternateName\":\"Ficoba\",\"potentialAction\":[{\"@type\":\"SearchAction\",\"target\":{\"@type\":\"EntryPoint\",\"urlTemplate\":\"https:\/\/www.ficoba.org\/es\/?s={search_term_string}\"},\"query-input\":{\"@type\":\"PropertyValueSpecification\",\"valueRequired\":true,\"valueName\":\"search_term_string\"}}],\"inLanguage\":\"es\"},{\"@type\":\"Organization\",\"@id\":\"https:\/\/www.ficoba.org\/es\/#organization\",\"name\":\"Ficoba, Reciento Ferial de Gipuzkoa\",\"url\":\"https:\/\/www.ficoba.org\/es\/\",\"logo\":{\"@type\":\"ImageObject\",\"inLanguage\":\"es\",\"@id\":\"https:\/\/www.ficoba.org\/es\/#\/schema\/logo\/image\/\",\"url\":\"https:\/\/www.ficoba.org\/wp-content\/uploads\/2018\/11\/logo_ficoba.png\",\"contentUrl\":\"https:\/\/www.ficoba.org\/wp-content\/uploads\/2018\/11\/logo_ficoba.png\",\"width\":200,\"height\":124,\"caption\":\"Ficoba, Reciento Ferial de Gipuzkoa\"},\"image\":{\"@id\":\"https:\/\/www.ficoba.org\/es\/#\/schema\/logo\/image\/\"},\"sameAs\":[\"https:\/\/www.facebook.com\/FICOBAFUNDAZIOA\/\",\"https:\/\/x.com\/FicobaFundazioa\",\"https:\/\/www.youtube.com\/channel\/UCvo2JGluemyCf5KPRmEF9JQ\",\"https:\/\/www.linkedin.com\/company\/ficoba\/\",\"https:\/\/www.instagram.com\/ficobafundazioa\/\"]},{\"@type\":\"Person\",\"@id\":\"https:\/\/www.ficoba.org\/es\/#\/schema\/person\/8a96a121e5dbd393e6e6b5a7ee7ed407\",\"name\":\"ficoba\",\"image\":{\"@type\":\"ImageObject\",\"inLanguage\":\"es\",\"@id\":\"https:\/\/www.ficoba.org\/es\/#\/schema\/person\/image\/\",\"url\":\"https:\/\/secure.gravatar.com\/avatar\/c90cc0e07f75fecbe4165c1906a4cd61b0179a28caae2205d37516e4fb7c30c1?s=96&d=mm&r=g\",\"contentUrl\":\"https:\/\/secure.gravatar.com\/avatar\/c90cc0e07f75fecbe4165c1906a4cd61b0179a28caae2205d37516e4fb7c30c1?s=96&d=mm&r=g\",\"caption\":\"ficoba\"}}]}<\/script>\n<!-- \/ Yoast SEO plugin. -->","yoast_head_json":{"title":"Ficoba cierra el ejercicio con incrementos en todos sus par\u00e1metros y entra en el circuito estatal de cert\u00e1menes itinerantes - Ficoba","robots":{"index":"index","follow":"follow","max-snippet":"max-snippet:-1","max-image-preview":"max-image-preview:large","max-video-preview":"max-video-preview:-1"},"canonical":"https:\/\/www.ficoba.org\/es\/ficoba-cierra-el-ejercicio-con-incrementos-en-todos-sus-parametros-y-entra-en-el-circuito-estatal-de-certamenes-itinerantes\/","twitter_misc":{"Escrito por":"ficoba","Tiempo de lectura":"5 minutos"},"schema":{"@context":"https:\/\/schema.org","@graph":[{"@type":"Article","@id":"https:\/\/www.ficoba.org\/es\/ficoba-cierra-el-ejercicio-con-incrementos-en-todos-sus-parametros-y-entra-en-el-circuito-estatal-de-certamenes-itinerantes\/#article","isPartOf":{"@id":"https:\/\/www.ficoba.org\/es\/ficoba-cierra-el-ejercicio-con-incrementos-en-todos-sus-parametros-y-entra-en-el-circuito-estatal-de-certamenes-itinerantes\/"},"author":{"name":"ficoba","@id":"https:\/\/www.ficoba.org\/es\/#\/schema\/person\/8a96a121e5dbd393e6e6b5a7ee7ed407"},"headline":"Ficoba cierra el ejercicio con incrementos en todos sus par\u00e1metros y entra en el circuito estatal de cert\u00e1menes itinerantes","datePublished":"2023-02-15T11:28:13+00:00","mainEntityOfPage":{"@id":"https:\/\/www.ficoba.org\/es\/ficoba-cierra-el-ejercicio-con-incrementos-en-todos-sus-parametros-y-entra-en-el-circuito-estatal-de-certamenes-itinerantes\/"},"wordCount":1141,"publisher":{"@id":"https:\/\/www.ficoba.org\/es\/#organization"},"image":{"@id":"https:\/\/www.ficoba.org\/es\/ficoba-cierra-el-ejercicio-con-incrementos-en-todos-sus-parametros-y-entra-en-el-circuito-estatal-de-certamenes-itinerantes\/#primaryimage"},"thumbnailUrl":"https:\/\/www.ficoba.org\/wp-content\/uploads\/2023\/02\/Ficoba-1-scaled.jpg","keywords":["ferias","Ficoba","recintos feriale","sostenibilidad"],"articleSection":["Eventos y ferias"],"inLanguage":"es"},{"@type":"WebPage","@id":"https:\/\/www.ficoba.org\/es\/ficoba-cierra-el-ejercicio-con-incrementos-en-todos-sus-parametros-y-entra-en-el-circuito-estatal-de-certamenes-itinerantes\/","url":"https:\/\/www.ficoba.org\/es\/ficoba-cierra-el-ejercicio-con-incrementos-en-todos-sus-parametros-y-entra-en-el-circuito-estatal-de-certamenes-itinerantes\/","name":"Ficoba cierra el ejercicio con incrementos en todos sus par\u00e1metros y entra en el circuito estatal de cert\u00e1menes itinerantes - Ficoba","isPartOf":{"@id":"https:\/\/www.ficoba.org\/es\/#website"},"primaryImageOfPage":{"@id":"https:\/\/www.ficoba.org\/es\/ficoba-cierra-el-ejercicio-con-incrementos-en-todos-sus-parametros-y-entra-en-el-circuito-estatal-de-certamenes-itinerantes\/#primaryimage"},"image":{"@id":"https:\/\/www.ficoba.org\/es\/ficoba-cierra-el-ejercicio-con-incrementos-en-todos-sus-parametros-y-entra-en-el-circuito-estatal-de-certamenes-itinerantes\/#primaryimage"},"thumbnailUrl":"https:\/\/www.ficoba.org\/wp-content\/uploads\/2023\/02\/Ficoba-1-scaled.jpg","datePublished":"2023-02-15T11:28:13+00:00","breadcrumb":{"@id":"https:\/\/www.ficoba.org\/es\/ficoba-cierra-el-ejercicio-con-incrementos-en-todos-sus-parametros-y-entra-en-el-circuito-estatal-de-certamenes-itinerantes\/#breadcrumb"},"inLanguage":"es","potentialAction":[{"@type":"ReadAction","target":["https:\/\/www.ficoba.org\/es\/ficoba-cierra-el-ejercicio-con-incrementos-en-todos-sus-parametros-y-entra-en-el-circuito-estatal-de-certamenes-itinerantes\/"]}]},{"@type":"ImageObject","inLanguage":"es","@id":"https:\/\/www.ficoba.org\/es\/ficoba-cierra-el-ejercicio-con-incrementos-en-todos-sus-parametros-y-entra-en-el-circuito-estatal-de-certamenes-itinerantes\/#primaryimage","url":"https:\/\/www.ficoba.org\/wp-content\/uploads\/2023\/02\/Ficoba-1-scaled.jpg","contentUrl":"https:\/\/www.ficoba.org\/wp-content\/uploads\/2023\/02\/Ficoba-1-scaled.jpg","width":2560,"height":1920},{"@type":"BreadcrumbList","@id":"https:\/\/www.ficoba.org\/es\/ficoba-cierra-el-ejercicio-con-incrementos-en-todos-sus-parametros-y-entra-en-el-circuito-estatal-de-certamenes-itinerantes\/#breadcrumb","itemListElement":[{"@type":"ListItem","position":1,"name":"Portada","item":"https:\/\/www.ficoba.org\/es\/"},{"@type":"ListItem","position":2,"name":"Ficoba cierra el ejercicio con incrementos en todos sus par\u00e1metros y entra en el circuito estatal de cert\u00e1menes itinerantes"}]},{"@type":"WebSite","@id":"https:\/\/www.ficoba.org\/es\/#website","url":"https:\/\/www.ficoba.org\/es\/","name":"Ficoba, Recinto Ferial de Gipuzkoa","description":"Ficoba, recinto ferial de Gipuzkoa","publisher":{"@id":"https:\/\/www.ficoba.org\/es\/#organization"},"alternateName":"Ficoba","potentialAction":[{"@type":"SearchAction","target":{"@type":"EntryPoint","urlTemplate":"https:\/\/www.ficoba.org\/es\/?s={search_term_string}"},"query-input":{"@type":"PropertyValueSpecification","valueRequired":true,"valueName":"search_term_string"}}],"inLanguage":"es"},{"@type":"Organization","@id":"https:\/\/www.ficoba.org\/es\/#organization","name":"Ficoba, Reciento Ferial de Gipuzkoa","url":"https:\/\/www.ficoba.org\/es\/","logo":{"@type":"ImageObject","inLanguage":"es","@id":"https:\/\/www.ficoba.org\/es\/#\/schema\/logo\/image\/","url":"https:\/\/www.ficoba.org\/wp-content\/uploads\/2018\/11\/logo_ficoba.png","contentUrl":"https:\/\/www.ficoba.org\/wp-content\/uploads\/2018\/11\/logo_ficoba.png","width":200,"height":124,"caption":"Ficoba, Reciento Ferial de Gipuzkoa"},"image":{"@id":"https:\/\/www.ficoba.org\/es\/#\/schema\/logo\/image\/"},"sameAs":["https:\/\/www.facebook.com\/FICOBAFUNDAZIOA\/","https:\/\/x.com\/FicobaFundazioa","https:\/\/www.youtube.com\/channel\/UCvo2JGluemyCf5KPRmEF9JQ","https:\/\/www.linkedin.com\/company\/ficoba\/","https:\/\/www.instagram.com\/ficobafundazioa\/"]},{"@type":"Person","@id":"https:\/\/www.ficoba.org\/es\/#\/schema\/person\/8a96a121e5dbd393e6e6b5a7ee7ed407","name":"ficoba","image":{"@type":"ImageObject","inLanguage":"es","@id":"https:\/\/www.ficoba.org\/es\/#\/schema\/person\/image\/","url":"https:\/\/secure.gravatar.com\/avatar\/c90cc0e07f75fecbe4165c1906a4cd61b0179a28caae2205d37516e4fb7c30c1?s=96&d=mm&r=g","contentUrl":"https:\/\/secure.gravatar.com\/avatar\/c90cc0e07f75fecbe4165c1906a4cd61b0179a28caae2205d37516e4fb7c30c1?s=96&d=mm&r=g","caption":"ficoba"}}]}},"_links":{"self":[{"href":"https:\/\/www.ficoba.org\/es\/wp-json\/wp\/v2\/posts\/15801","targetHints":{"allow":["GET"]}}],"collection":[{"href":"https:\/\/www.ficoba.org\/es\/wp-json\/wp\/v2\/posts"}],"about":[{"href":"https:\/\/www.ficoba.org\/es\/wp-json\/wp\/v2\/types\/post"}],"author":[{"embeddable":true,"href":"https:\/\/www.ficoba.org\/es\/wp-json\/wp\/v2\/users\/2"}],"replies":[{"embeddable":true,"href":"https:\/\/www.ficoba.org\/es\/wp-json\/wp\/v2\/comments?post=15801"}],"version-history":[{"count":1,"href":"https:\/\/www.ficoba.org\/es\/wp-json\/wp\/v2\/posts\/15801\/revisions"}],"predecessor-version":[{"id":15806,"href":"https:\/\/www.ficoba.org\/es\/wp-json\/wp\/v2\/posts\/15801\/revisions\/15806"}],"wp:featuredmedia":[{"embeddable":true,"href":"https:\/\/www.ficoba.org\/es\/wp-json\/wp\/v2\/media\/15802"}],"wp:attachment":[{"href":"https:\/\/www.ficoba.org\/es\/wp-json\/wp\/v2\/media?parent=15801"}],"wp:term":[{"taxonomy":"category","embeddable":true,"href":"https:\/\/www.ficoba.org\/es\/wp-json\/wp\/v2\/categories?post=15801"},{"taxonomy":"post_tag","embeddable":true,"href":"https:\/\/www.ficoba.org\/es\/wp-json\/wp\/v2\/tags?post=15801"}],"curies":[{"name":"wp","href":"https:\/\/api.w.org\/{rel}","templated":true}]}}