{"id":11409,"date":"2022-11-30T14:01:46","date_gmt":"2022-11-30T12:01:46","guid":{"rendered":"https:\/\/www.ficoba.org\/?p=11409"},"modified":"2023-01-30T10:34:57","modified_gmt":"2023-01-30T08:34:57","slug":"iv-festival-be-veggie-el-3-y-4-de-diciembre-el-estilo-de-vida-100-vegetal-se-da-cita-en-ficoba","status":"publish","type":"post","link":"https:\/\/www.ficoba.org\/es\/iv-festival-be-veggie-el-3-y-4-de-diciembre-el-estilo-de-vida-100-vegetal-se-da-cita-en-ficoba\/","title":{"rendered":"IV Festival Be Veggie: el 3 y 4 de diciembre el estilo de vida 100% vegetal se da cita en Ficoba"},"content":{"rendered":"<ul>\n<li><strong>Con una amplia oferta expositiva, charlas informativas, talleres de cocina, exposiciones, actividades para ni\u00f1os, sorteos, m\u00fasica en directo\u2026<\/strong><\/li>\n<li><strong>La Universidad de Navarra y Proveg eligen Be Veggie para hacer sus trabajos de campo en torno al veganismo<\/strong><\/li>\n<li><strong>Como novedad este a\u00f1o las personas que acudan a Be Veggie podr\u00e1n ir acompa\u00f1adas por sus perros<\/strong><\/li>\n<li><strong>Todo el programa se puede consultar en la renovada p\u00e1gina web del festival. <\/strong><a href=\"http:\/\/www.beveggie.eus\"><strong>beveggie.eus<\/strong><\/a><\/li>\n<li><strong>Entrada y parking gratuitos<\/strong><\/li>\n<\/ul>\n<p><strong>\u00a0<\/strong><\/p>\n<p>Regresa a su cita anual en Ficoba, el Recinto ferial de Gipuzkoa, Be Veggie, el evento que difunde el estilo de vida 100% vegetal. Una cita que est\u00e1 evolucionando en paralelo al cambio de h\u00e1bitos que se est\u00e1 dando en la sociedad con un progresivo incremento de las personas que optan por una alimentaci\u00f3n \u00edntegramente vegetal.<\/p>\n<p>Pensando en ese grupo de poblaci\u00f3n cada vez m\u00e1s amplio que abraza el veganismo por motivos de sostenibilidad y empat\u00eda animal, Be Veggie ha organizado un evento que combina una amplia oferta expositiva con un programa de actividades para conocer qu\u00e9 es el veganismo y c\u00f3mo vivir de acuerdo con sus postulados. Un espacio para el conocimiento y la reflexi\u00f3n, pero tambi\u00e9n para el ocio y la diversi\u00f3n.<\/p>\n<p><strong>Una visi\u00f3n 360\u00ba del estilo de vida vegano<\/strong><\/p>\n<p>La propuesta de Be Veggie incluir\u00e1 en esta cuarta edici\u00f3n espacios expositivos de la mano de 55 empresas expositoras con oferta de alimentaci\u00f3n 100% vegetal, cosm\u00e9tica y moda apta para personas veganas, productos <em>Zero Waste<\/em> y sin t\u00f3xicos; publicaciones, y asociaciones sin \u00e1nimo de lucro, entre las que se encuentran santuarios y entidades enfocadas a la concienciaci\u00f3n en torno al estilo de vida vegano.\u00a0 Una oferta que permite que las personas que asisten a Be Veggie se llevan una visi\u00f3n de 360\u00ba de este estilo de vida.<\/p>\n<p>En el apartado de alimentaci\u00f3n, el m\u00e1s importante del festival, la oferta expositiva estar\u00e1 compuesta por fruta y verdura, aceites, frutos secos, semillas, legumbres, procesados alternativos a la carne, superalimentos, suplementos alimenticios, reposter\u00eda vegana, bebidas y, por supuesto, foodtruck y restauraci\u00f3n en la propia feria (pintxos, raciones, caf\u00e9, pasteler\u00eda&#8230;) para degustar <em>in situ <\/em>la variada propuesta de alimentaci\u00f3n vegana.<\/p>\n<p><strong>Las conferencias informativas<\/strong><\/p>\n<p>El espacio <em>Berriketan <\/em>(charlando, en euskera) acoge las conferencias que informan del estilo de vida vegano. Como en otras ediciones, Ema\u00fas ha decorado este espacio de forma sostenible. La encargada de abrir el programa ser\u00e1 Ana Calvo, m\u00e1ster en diet\u00e9tica y nutrici\u00f3n. En esta charla, patrocinada por la Uni\u00f3n Vegetariana Espa\u00f1ola (UVE), entidad colaboradora de Be Veggie, Ana Calvo hablar\u00e1 sobre c\u00f3mo prosperar en todos los aspectos del bienestar con un estilo de vida vegano.<\/p>\n<p>Le seguir\u00e1 la investigadora freelance, divulgadora y creadora de contenido, Cruelty-Free Asami con una conferencia sobre el <em>greenwashing <\/em>en la industria cosm\u00e9tica <em>cruelty-free<\/em>. Luc\u00eda Mart\u00ednez, tambi\u00e9n conocida como <em>dime qu\u00e9 comes<\/em>, autora de los best sellers vegetarianos con m\u00e1s ciencia o \u00bfQu\u00e9 le doy de comer?, graduada en nutrici\u00f3n humana y diet\u00e9tica, pondr\u00e1 el acento en la alimentaci\u00f3n vegana saludable. Cerrar\u00e1 la jornada del s\u00e1bado 3 de diciembre Reserva Hijos del Bosque con una charla sobre protocolos y pasos esenciales en caso de tener que actuar para socorrer y proporcionar primeros auxilios a animales silvestres heridos.<\/p>\n<p>Rosa Mar\u00eda Cajiga, doctora en bio\u00e9tica por la universidad suiza de Basilea abrir\u00e1 las conferencias de la segunda jornada de Be Veggie con una charla en torno al derecho animal. \u00a0Le seguir\u00e1 una charla con Izaskun Unibaso creadora de contenido, divulgadora sobre crianza y veganismo y autora de la p\u00e1gina <em>Peace Love Vegan<\/em>.<\/p>\n<p><strong>Las mesas redondas: alimentaci\u00f3n plant based, comunicaci\u00f3n vegana y moda<\/strong><\/p>\n<p>Be Veggie tiene tambi\u00e9n como objetivo analizar y confrontar diferentes perspectivas sobre un mismo tema, de ah\u00ed que se hayan organizado diferentes mesas redondas. En una de ellas, se abordar\u00e1n las nuevas tendencias en alimentos <em>plant based <\/em>de la mano de expertas como Clara Talens, investigadora senior del \u00e1rea de Nuevos Alimentos del centro tecnol\u00f3gico AZTI, Marta Verona, nutricionista ganadora de Masterchef 6, y Milos Dukat, Ceo\/fundador de Isauki seafood.<\/p>\n<p>La comunicaci\u00f3n efectiva para ayudar a los animales ser\u00e1 otro de los temas que se tratar\u00e1n en la mesa redonda que compartir\u00e1n Roc\u00edo Cano Couto, licenciada en Sociolog\u00eda, m\u00e1ster en Responsabilidad Social Corporativa y Sostenibilidad y divulgadora en @veganaynormal; Miriam Jim\u00e9nez Lastra, soci\u00f3loga, polit\u00f3loga, mediadora, activista y divulgadora en redes sociales; y Ver\u00f3nica Larco, directora de Comunicaci\u00f3n de ProVeg Espa\u00f1a, entidad colaboradora de Be Veggie.<\/p>\n<p>El mundo de la moda y su camino hacia la sostenibilidad ser\u00e1 el tema en torno al que debatir\u00e1n\u00a0\u00a0 Air\u00ed Ferrer Coodinadora Fashion Revolution Euskadi, Graduada en Dise\u00f1o (Elisava &amp; University of Southampton) y en Business Sustainabilty Mangament (Cambridge Institute for Sustainability Leadership), ha trabajado durante 20 a\u00f1os en la industria de la moda en diversas \u00e1reas, desde el dise\u00f1o, la producci\u00f3n o gesti\u00f3n de equipos, en Europa y Asia d\u00f3nde vivi\u00f3 y trabaj\u00f3 durante 6 a\u00f1os; Adele Orcajada, investigadora, bibliotecaria y comisaria de materiales desde 2014 y socia de Material Driven, una agencia de dise\u00f1o, y biblioteca de materiales, donde sigue explorando la innovaci\u00f3n de materiales con marcas e instituciones; y Julen Urtxegi cofundador de la marca Wave Back Project, perteneciente a Gk Green Fashion.<\/p>\n<p><em>Activismo: acci\u00f3n frente a pasividad<\/em> es el t\u00edtulo de la mesa redonda que va a reunir a Izaskun Serbiola, directora de Mater, centro especializado en el dise\u00f1o y desarrollo de proyectos ecosociales innovadores\u00a0con el prop\u00f3sito de impulsar la acci\u00f3n de personas y colectivos hacia estilos de vida m\u00e1s respetuosos con el medio ambiente; y representantes de de <em>Fridays for Future Gipuzkoa<\/em>, Anonymous y L214, asociaci\u00f3n activista francesa en pro de los animales.<\/p>\n<p><strong>Del Congee a los dulces de Navidad pasando por los phoskitos y una chocolatada vegana<\/strong><\/p>\n<p><em>Sukaldean<\/em> (en la cocina, en euskera) es el espacio de los talleres de cocina y showcooking de Be Veggie. Una propuesta de gran \u00e9xito entre las personas que visitan el festival. Helenka Santos, una habitual de Be Veggie, mostrar\u00e1 c\u00f3mo cocinar fermentados de invierno con chucrut de manzana y col.<\/p>\n<p>Las recetas navide\u00f1as correr\u00e1n a cargo de <span style=\"text-decoration: line-through;\">Luc\u00eda<\/span> Patricia Men\u00e9ndez con propuestas como una crema sabor marisco, un guiso de cordero vegano, bombones y flan de turr\u00f3n.<\/p>\n<p>Cristina Franco, de Ra\u00edces de Ibiza, propone una cocina vegana de alta vibraci\u00f3n, que llena de energ\u00eda y felicidad.<\/p>\n<p>Ser\u00e1 Paula Mart\u00ednez quien introduzca los sabores del congee, un plato de la cocina asi\u00e1tica, una especie de arroz caldoso y cremoso que se toma a modo de desayuno, pero que tiene sabores salados t\u00edpicos de \u00abla hora de comer\u00bb.<\/p>\n<p>Y para todas las personas que quieran rememorar sabores de su infancia como los Phoskitos, la Pantera Rosa\u2026Agueda Ubeira Naveiras @Chupipostres les mostrar\u00e1 sus secretos para crear las versiones veganas de sus postres de la ni\u00f1ez. Para las que prefieren los platos vascos tradicionales, Helenka Santos les ense\u00f1ar\u00e1 a veganizarlos.<\/p>\n<p>Y este a\u00f1o como novedad, Be Veggie invita el s\u00e1bado a una chocolatada vegana de la mano de Bomboner\u00eda Maitiena de San Sebasti\u00e1n.<\/p>\n<p><strong>Una exposici\u00f3n de moda<\/strong><\/p>\n<p>Fashion Revolution Euskadi, que forma parte del movimiento global Fashion Revolution que realiza campa\u00f1as para la reforma sist\u00e9mica de la industria de la moda, trae a Be Veggie una exposici\u00f3n, que se divide en dos secciones. Una parte dedicada a la terminolog\u00eda y conceptos en la industria de la moda sostenible. Y otra en la que se han seleccionados 4 de los ODS m\u00e1s desafiantes para la industria de la moda y algunas empresas, organizaciones y centros que trabajan para conseguir la misma meta, una moda verde y limpia, como Good Clothes Fair Pay, Bcome, SKFK, Tytti Thusberg, Koopera, Basque Design Center.<\/p>\n<p><strong>Los ni\u00f1os tambi\u00e9n tienen su hueco en Be Veggie<\/strong><\/p>\n<p>Los ni\u00f1os y ni\u00f1as que quieran empezar a ser parte activa de Be Veggie tambi\u00e9n encontrar\u00e1n propuestas con las que empezar a introducirse en la alimentaci\u00f3n vegana. Para ellos se han organizado dos actividades.<\/p>\n<p>Mundo animal y vegetal, en la que colorear\u00e1n dibujos para poner en valor el mundo animal y el medio natural, haciendo hincapi\u00e9 en el cuidado a la naturaleza, y un mural colaborativo en el que dise\u00f1ar\u00e1n im\u00e1genes relacionadas con la importancia del respeto a otros animales.<\/p>\n<p><strong>Buena m\u00fasica para amenizar la visita a Be Veggie<\/strong><\/p>\n<p>El primer int\u00e9rprete en subir el tel\u00f3n del escenario de Be Veggie ser\u00e1 Jean Rohner cumbia-harlecore music para todas las identidades disidentes. Le seguir\u00e1 Arrow&amp;Bonne, el proyecto en solitario de Xabi Arratibel, m\u00fasico multi instrumentista y miembro de la escena local Donostiarra desde 2007. La jornada del domingo comenzar\u00e1 con la actuaci\u00f3n de Nagore Fern\u00e1ndez a la voz y Xabier Mendiluze a la guitarra, el d\u00fao ac\u00fastico donostiarra Radio Rebelde, que traer\u00e1 a los pabellones de Ficoba las mejores versiones de los 80-90.<\/p>\n<p><strong>Una veganata para flauta sola en exclusiva para Be Veggie<\/strong><\/p>\n<p>Be Veggie ha sido la fuente de inspiraci\u00f3n de la que ha bebido el flautista y compositor Efra\u00edn Oscher para crear esta composici\u00f3n que se va a estrenar en el festival. Todas las personas que quieran escucharla tienen una cita el domingo 5 de diciembre a las 11.15 horas<\/p>\n<p><strong>Clase de Vinyasa Flow<\/strong><\/p>\n<p>El yoga tambi\u00e9n regresa fiel a su cita con Be Veggie de la mano de otra habitual del festival: Mar\u00eda Eskitxabel. El objetivo en sus propias palabras \u201cMis clases te animan a no juzgarte y a soltar las expectativas de c\u00f3mo deber\u00edas mostrarte en la esterilla. En cambio, te ense\u00f1an que el yoga es una pr\u00e1ctica que va m\u00e1s all\u00e1 de la perfecci\u00f3n y te dan la oportunidad de aprender, crecer y soltar\u201d.<\/p>\n<p><strong>Trabajos de campo en Be Veggie<\/strong><\/p>\n<p>En tan solo cuatro ediciones Be Veggie se ha convertido en un referente en su \u00e1mbito. Prueba de ello es que esta edici\u00f3n una prestigiosa instituci\u00f3n sanitaria y un referente en el veganismo como Proveg han decidido llevar a cabo varios trabajos de campo en Be veggie.<\/p>\n<p>Por una parte, investigadoras del Instituto de Investigaci\u00f3n Sanitaria de Navarra y la Universidad de Navarra acuden a Be Veggie a reclutar voluntarios interesados en participar en el proyecto europeo VeganScreener que tiene por objetivo desarrollar y validar un cuestionario en torno a los valores nutricionales en las personas veganas. A las personas que decidan participar se les realizar\u00e1 un an\u00e1lisis extenso de los niveles de vitaminas, minerales y otros biomarcadores de forma totalmente gratuita.<\/p>\n<p>Por su parte Proveg International, entidad colaboradora de Be Veggie, organizaci\u00f3n por la conciencia alimentaria cuya misi\u00f3n es reducir el consumo mundial de animales en un 50 % para 2040. Proveg va a hacer una encuesta para saber si las personas somos conscientes de hasta qu\u00e9 punto nuestro modo de alimentarnos impacta en el medio ambiente. El hecho de poder entrevistar a personas antes y despu\u00e9s de visitar Be Veggie, les permitir\u00e1 tambi\u00e9n pulsar hasta qu\u00e9 punto este tipo de citas influyen en los cambios de estilo de vida.<\/p>\n<p><strong>Datos pr\u00e1cticos<\/strong><\/p>\n<p>Entrada y parking gratuitos. La entrada se puede descargar en la web de Be Veggie<\/p>\n<p>Horario:<\/p>\n<ul>\n<li>S\u00e1bado, 3 de diciembre: 10.00 &#8211; 20.00h<\/li>\n<li>Domingo, 4 de diciembre: 10:00 &#8211; 19.00h<\/li>\n<\/ul>\n<p>S\u00edguenos en IG beveggie.ficoba<\/p>\n<p>Tik Tok: @festivalbe Veggie<\/p>\n<p>https:\/\/www.facebook.com\/beveggie<\/p>\n<p><iframe loading=\"lazy\" title=\"be veggie online\" width=\"1080\" height=\"608\" src=\"https:\/\/www.youtube.com\/embed\/JoxF6KKBhPw?feature=oembed\"  allow=\"accelerometer; autoplay; clipboard-write; encrypted-media; gyroscope; picture-in-picture; web-share\" allowfullscreen><\/iframe><\/p>\n<p>M\u00e1s informaci\u00f3n. www.beveggie.eus<\/p>\n","protected":false},"excerpt":{"rendered":"<p>Con una amplia oferta expositiva, charlas informativas, talleres de cocina, exposiciones, actividades para ni\u00f1os, sorteos, m\u00fasica en directo\u2026 La Universidad de Navarra y Proveg eligen Be Veggie para hacer sus [&hellip;]<\/p>\n","protected":false},"author":2,"featured_media":15640,"comment_status":"closed","ping_status":"closed","sticky":false,"template":"","format":"standard","meta":{"_et_pb_use_builder":"","_et_pb_old_content":"","_et_gb_content_width":"","footnotes":""},"categories":[3],"tags":[201,200,334,141,209,335,202],"class_list":["post-11409","post","type-post","status-publish","format-standard","has-post-thumbnail","hentry","category-eventos-y-ferias","tag-alimentacion-vegana","tag-cosmetica-vegana","tag-cruelty-free","tag-festival-vegano","tag-medio-ambiente","tag-plant-based","tag-productos-veganos"],"yoast_head":"<!-- This site is optimized with the Yoast SEO plugin v26.8 - https:\/\/yoast.com\/product\/yoast-seo-wordpress\/ -->\n<title>IV Festival Be Veggie: el 3 y 4 de diciembre el estilo de vida 100% vegetal se da cita en Ficoba - Ficoba<\/title>\n<meta name=\"robots\" content=\"index, follow, max-snippet:-1, max-image-preview:large, max-video-preview:-1\" \/>\n<link rel=\"canonical\" href=\"https:\/\/www.ficoba.org\/es\/iv-festival-be-veggie-el-3-y-4-de-diciembre-el-estilo-de-vida-100-vegetal-se-da-cita-en-ficoba\/\" \/>\n<meta name=\"twitter:label1\" content=\"Escrito por\" \/>\n\t<meta name=\"twitter:data1\" content=\"ficoba\" \/>\n\t<meta name=\"twitter:label2\" content=\"Tiempo de lectura\" \/>\n\t<meta name=\"twitter:data2\" content=\"9 minutos\" \/>\n<script type=\"application\/ld+json\" class=\"yoast-schema-graph\">{\"@context\":\"https:\/\/schema.org\",\"@graph\":[{\"@type\":\"Article\",\"@id\":\"https:\/\/www.ficoba.org\/es\/iv-festival-be-veggie-el-3-y-4-de-diciembre-el-estilo-de-vida-100-vegetal-se-da-cita-en-ficoba\/#article\",\"isPartOf\":{\"@id\":\"https:\/\/www.ficoba.org\/es\/iv-festival-be-veggie-el-3-y-4-de-diciembre-el-estilo-de-vida-100-vegetal-se-da-cita-en-ficoba\/\"},\"author\":{\"name\":\"ficoba\",\"@id\":\"https:\/\/www.ficoba.org\/es\/#\/schema\/person\/8a96a121e5dbd393e6e6b5a7ee7ed407\"},\"headline\":\"IV Festival Be Veggie: el 3 y 4 de diciembre el estilo de vida 100% vegetal se da cita en Ficoba\",\"datePublished\":\"2022-11-30T12:01:46+00:00\",\"dateModified\":\"2023-01-30T08:34:57+00:00\",\"mainEntityOfPage\":{\"@id\":\"https:\/\/www.ficoba.org\/es\/iv-festival-be-veggie-el-3-y-4-de-diciembre-el-estilo-de-vida-100-vegetal-se-da-cita-en-ficoba\/\"},\"wordCount\":1994,\"publisher\":{\"@id\":\"https:\/\/www.ficoba.org\/es\/#organization\"},\"image\":{\"@id\":\"https:\/\/www.ficoba.org\/es\/iv-festival-be-veggie-el-3-y-4-de-diciembre-el-estilo-de-vida-100-vegetal-se-da-cita-en-ficoba\/#primaryimage\"},\"thumbnailUrl\":\"https:\/\/www.ficoba.org\/wp-content\/uploads\/2023\/01\/maialen.jpg\",\"keywords\":[\"alimentaci\u00f3n vegana\",\"cosm\u00e9tica vegana\",\"cruelty free\",\"Festival vegano\",\"medio ambiente\",\"plant based\",\"productos veganos\"],\"articleSection\":[\"Eventos y ferias\"],\"inLanguage\":\"es\"},{\"@type\":\"WebPage\",\"@id\":\"https:\/\/www.ficoba.org\/es\/iv-festival-be-veggie-el-3-y-4-de-diciembre-el-estilo-de-vida-100-vegetal-se-da-cita-en-ficoba\/\",\"url\":\"https:\/\/www.ficoba.org\/es\/iv-festival-be-veggie-el-3-y-4-de-diciembre-el-estilo-de-vida-100-vegetal-se-da-cita-en-ficoba\/\",\"name\":\"IV Festival Be Veggie: el 3 y 4 de diciembre el estilo de vida 100% vegetal se da cita en Ficoba - Ficoba\",\"isPartOf\":{\"@id\":\"https:\/\/www.ficoba.org\/es\/#website\"},\"primaryImageOfPage\":{\"@id\":\"https:\/\/www.ficoba.org\/es\/iv-festival-be-veggie-el-3-y-4-de-diciembre-el-estilo-de-vida-100-vegetal-se-da-cita-en-ficoba\/#primaryimage\"},\"image\":{\"@id\":\"https:\/\/www.ficoba.org\/es\/iv-festival-be-veggie-el-3-y-4-de-diciembre-el-estilo-de-vida-100-vegetal-se-da-cita-en-ficoba\/#primaryimage\"},\"thumbnailUrl\":\"https:\/\/www.ficoba.org\/wp-content\/uploads\/2023\/01\/maialen.jpg\",\"datePublished\":\"2022-11-30T12:01:46+00:00\",\"dateModified\":\"2023-01-30T08:34:57+00:00\",\"breadcrumb\":{\"@id\":\"https:\/\/www.ficoba.org\/es\/iv-festival-be-veggie-el-3-y-4-de-diciembre-el-estilo-de-vida-100-vegetal-se-da-cita-en-ficoba\/#breadcrumb\"},\"inLanguage\":\"es\",\"potentialAction\":[{\"@type\":\"ReadAction\",\"target\":[\"https:\/\/www.ficoba.org\/es\/iv-festival-be-veggie-el-3-y-4-de-diciembre-el-estilo-de-vida-100-vegetal-se-da-cita-en-ficoba\/\"]}]},{\"@type\":\"ImageObject\",\"inLanguage\":\"es\",\"@id\":\"https:\/\/www.ficoba.org\/es\/iv-festival-be-veggie-el-3-y-4-de-diciembre-el-estilo-de-vida-100-vegetal-se-da-cita-en-ficoba\/#primaryimage\",\"url\":\"https:\/\/www.ficoba.org\/wp-content\/uploads\/2023\/01\/maialen.jpg\",\"contentUrl\":\"https:\/\/www.ficoba.org\/wp-content\/uploads\/2023\/01\/maialen.jpg\",\"width\":1024,\"height\":1024},{\"@type\":\"BreadcrumbList\",\"@id\":\"https:\/\/www.ficoba.org\/es\/iv-festival-be-veggie-el-3-y-4-de-diciembre-el-estilo-de-vida-100-vegetal-se-da-cita-en-ficoba\/#breadcrumb\",\"itemListElement\":[{\"@type\":\"ListItem\",\"position\":1,\"name\":\"Portada\",\"item\":\"https:\/\/www.ficoba.org\/es\/\"},{\"@type\":\"ListItem\",\"position\":2,\"name\":\"IV Festival Be Veggie: el 3 y 4 de diciembre el estilo de vida 100% vegetal se da cita en Ficoba\"}]},{\"@type\":\"WebSite\",\"@id\":\"https:\/\/www.ficoba.org\/es\/#website\",\"url\":\"https:\/\/www.ficoba.org\/es\/\",\"name\":\"Ficoba, Recinto Ferial de Gipuzkoa\",\"description\":\"Ficoba, recinto ferial de Gipuzkoa\",\"publisher\":{\"@id\":\"https:\/\/www.ficoba.org\/es\/#organization\"},\"alternateName\":\"Ficoba\",\"potentialAction\":[{\"@type\":\"SearchAction\",\"target\":{\"@type\":\"EntryPoint\",\"urlTemplate\":\"https:\/\/www.ficoba.org\/es\/?s={search_term_string}\"},\"query-input\":{\"@type\":\"PropertyValueSpecification\",\"valueRequired\":true,\"valueName\":\"search_term_string\"}}],\"inLanguage\":\"es\"},{\"@type\":\"Organization\",\"@id\":\"https:\/\/www.ficoba.org\/es\/#organization\",\"name\":\"Ficoba, Reciento Ferial de Gipuzkoa\",\"url\":\"https:\/\/www.ficoba.org\/es\/\",\"logo\":{\"@type\":\"ImageObject\",\"inLanguage\":\"es\",\"@id\":\"https:\/\/www.ficoba.org\/es\/#\/schema\/logo\/image\/\",\"url\":\"https:\/\/www.ficoba.org\/wp-content\/uploads\/2018\/11\/logo_ficoba.png\",\"contentUrl\":\"https:\/\/www.ficoba.org\/wp-content\/uploads\/2018\/11\/logo_ficoba.png\",\"width\":200,\"height\":124,\"caption\":\"Ficoba, Reciento Ferial de Gipuzkoa\"},\"image\":{\"@id\":\"https:\/\/www.ficoba.org\/es\/#\/schema\/logo\/image\/\"},\"sameAs\":[\"https:\/\/www.facebook.com\/FICOBAFUNDAZIOA\/\",\"https:\/\/x.com\/FicobaFundazioa\",\"https:\/\/www.youtube.com\/channel\/UCvo2JGluemyCf5KPRmEF9JQ\",\"https:\/\/www.linkedin.com\/company\/ficoba\/\",\"https:\/\/www.instagram.com\/ficobafundazioa\/\"]},{\"@type\":\"Person\",\"@id\":\"https:\/\/www.ficoba.org\/es\/#\/schema\/person\/8a96a121e5dbd393e6e6b5a7ee7ed407\",\"name\":\"ficoba\",\"image\":{\"@type\":\"ImageObject\",\"inLanguage\":\"es\",\"@id\":\"https:\/\/www.ficoba.org\/es\/#\/schema\/person\/image\/\",\"url\":\"https:\/\/secure.gravatar.com\/avatar\/c90cc0e07f75fecbe4165c1906a4cd61b0179a28caae2205d37516e4fb7c30c1?s=96&d=mm&r=g\",\"contentUrl\":\"https:\/\/secure.gravatar.com\/avatar\/c90cc0e07f75fecbe4165c1906a4cd61b0179a28caae2205d37516e4fb7c30c1?s=96&d=mm&r=g\",\"caption\":\"ficoba\"}}]}<\/script>\n<!-- \/ Yoast SEO plugin. -->","yoast_head_json":{"title":"IV Festival Be Veggie: el 3 y 4 de diciembre el estilo de vida 100% vegetal se da cita en Ficoba - Ficoba","robots":{"index":"index","follow":"follow","max-snippet":"max-snippet:-1","max-image-preview":"max-image-preview:large","max-video-preview":"max-video-preview:-1"},"canonical":"https:\/\/www.ficoba.org\/es\/iv-festival-be-veggie-el-3-y-4-de-diciembre-el-estilo-de-vida-100-vegetal-se-da-cita-en-ficoba\/","twitter_misc":{"Escrito por":"ficoba","Tiempo de lectura":"9 minutos"},"schema":{"@context":"https:\/\/schema.org","@graph":[{"@type":"Article","@id":"https:\/\/www.ficoba.org\/es\/iv-festival-be-veggie-el-3-y-4-de-diciembre-el-estilo-de-vida-100-vegetal-se-da-cita-en-ficoba\/#article","isPartOf":{"@id":"https:\/\/www.ficoba.org\/es\/iv-festival-be-veggie-el-3-y-4-de-diciembre-el-estilo-de-vida-100-vegetal-se-da-cita-en-ficoba\/"},"author":{"name":"ficoba","@id":"https:\/\/www.ficoba.org\/es\/#\/schema\/person\/8a96a121e5dbd393e6e6b5a7ee7ed407"},"headline":"IV Festival Be Veggie: el 3 y 4 de diciembre el estilo de vida 100% vegetal se da cita en Ficoba","datePublished":"2022-11-30T12:01:46+00:00","dateModified":"2023-01-30T08:34:57+00:00","mainEntityOfPage":{"@id":"https:\/\/www.ficoba.org\/es\/iv-festival-be-veggie-el-3-y-4-de-diciembre-el-estilo-de-vida-100-vegetal-se-da-cita-en-ficoba\/"},"wordCount":1994,"publisher":{"@id":"https:\/\/www.ficoba.org\/es\/#organization"},"image":{"@id":"https:\/\/www.ficoba.org\/es\/iv-festival-be-veggie-el-3-y-4-de-diciembre-el-estilo-de-vida-100-vegetal-se-da-cita-en-ficoba\/#primaryimage"},"thumbnailUrl":"https:\/\/www.ficoba.org\/wp-content\/uploads\/2023\/01\/maialen.jpg","keywords":["alimentaci\u00f3n vegana","cosm\u00e9tica vegana","cruelty free","Festival vegano","medio ambiente","plant based","productos veganos"],"articleSection":["Eventos y ferias"],"inLanguage":"es"},{"@type":"WebPage","@id":"https:\/\/www.ficoba.org\/es\/iv-festival-be-veggie-el-3-y-4-de-diciembre-el-estilo-de-vida-100-vegetal-se-da-cita-en-ficoba\/","url":"https:\/\/www.ficoba.org\/es\/iv-festival-be-veggie-el-3-y-4-de-diciembre-el-estilo-de-vida-100-vegetal-se-da-cita-en-ficoba\/","name":"IV Festival Be Veggie: el 3 y 4 de diciembre el estilo de vida 100% vegetal se da cita en Ficoba - Ficoba","isPartOf":{"@id":"https:\/\/www.ficoba.org\/es\/#website"},"primaryImageOfPage":{"@id":"https:\/\/www.ficoba.org\/es\/iv-festival-be-veggie-el-3-y-4-de-diciembre-el-estilo-de-vida-100-vegetal-se-da-cita-en-ficoba\/#primaryimage"},"image":{"@id":"https:\/\/www.ficoba.org\/es\/iv-festival-be-veggie-el-3-y-4-de-diciembre-el-estilo-de-vida-100-vegetal-se-da-cita-en-ficoba\/#primaryimage"},"thumbnailUrl":"https:\/\/www.ficoba.org\/wp-content\/uploads\/2023\/01\/maialen.jpg","datePublished":"2022-11-30T12:01:46+00:00","dateModified":"2023-01-30T08:34:57+00:00","breadcrumb":{"@id":"https:\/\/www.ficoba.org\/es\/iv-festival-be-veggie-el-3-y-4-de-diciembre-el-estilo-de-vida-100-vegetal-se-da-cita-en-ficoba\/#breadcrumb"},"inLanguage":"es","potentialAction":[{"@type":"ReadAction","target":["https:\/\/www.ficoba.org\/es\/iv-festival-be-veggie-el-3-y-4-de-diciembre-el-estilo-de-vida-100-vegetal-se-da-cita-en-ficoba\/"]}]},{"@type":"ImageObject","inLanguage":"es","@id":"https:\/\/www.ficoba.org\/es\/iv-festival-be-veggie-el-3-y-4-de-diciembre-el-estilo-de-vida-100-vegetal-se-da-cita-en-ficoba\/#primaryimage","url":"https:\/\/www.ficoba.org\/wp-content\/uploads\/2023\/01\/maialen.jpg","contentUrl":"https:\/\/www.ficoba.org\/wp-content\/uploads\/2023\/01\/maialen.jpg","width":1024,"height":1024},{"@type":"BreadcrumbList","@id":"https:\/\/www.ficoba.org\/es\/iv-festival-be-veggie-el-3-y-4-de-diciembre-el-estilo-de-vida-100-vegetal-se-da-cita-en-ficoba\/#breadcrumb","itemListElement":[{"@type":"ListItem","position":1,"name":"Portada","item":"https:\/\/www.ficoba.org\/es\/"},{"@type":"ListItem","position":2,"name":"IV Festival Be Veggie: el 3 y 4 de diciembre el estilo de vida 100% vegetal se da cita en Ficoba"}]},{"@type":"WebSite","@id":"https:\/\/www.ficoba.org\/es\/#website","url":"https:\/\/www.ficoba.org\/es\/","name":"Ficoba, Recinto Ferial de Gipuzkoa","description":"Ficoba, recinto ferial de Gipuzkoa","publisher":{"@id":"https:\/\/www.ficoba.org\/es\/#organization"},"alternateName":"Ficoba","potentialAction":[{"@type":"SearchAction","target":{"@type":"EntryPoint","urlTemplate":"https:\/\/www.ficoba.org\/es\/?s={search_term_string}"},"query-input":{"@type":"PropertyValueSpecification","valueRequired":true,"valueName":"search_term_string"}}],"inLanguage":"es"},{"@type":"Organization","@id":"https:\/\/www.ficoba.org\/es\/#organization","name":"Ficoba, Reciento Ferial de Gipuzkoa","url":"https:\/\/www.ficoba.org\/es\/","logo":{"@type":"ImageObject","inLanguage":"es","@id":"https:\/\/www.ficoba.org\/es\/#\/schema\/logo\/image\/","url":"https:\/\/www.ficoba.org\/wp-content\/uploads\/2018\/11\/logo_ficoba.png","contentUrl":"https:\/\/www.ficoba.org\/wp-content\/uploads\/2018\/11\/logo_ficoba.png","width":200,"height":124,"caption":"Ficoba, Reciento Ferial de Gipuzkoa"},"image":{"@id":"https:\/\/www.ficoba.org\/es\/#\/schema\/logo\/image\/"},"sameAs":["https:\/\/www.facebook.com\/FICOBAFUNDAZIOA\/","https:\/\/x.com\/FicobaFundazioa","https:\/\/www.youtube.com\/channel\/UCvo2JGluemyCf5KPRmEF9JQ","https:\/\/www.linkedin.com\/company\/ficoba\/","https:\/\/www.instagram.com\/ficobafundazioa\/"]},{"@type":"Person","@id":"https:\/\/www.ficoba.org\/es\/#\/schema\/person\/8a96a121e5dbd393e6e6b5a7ee7ed407","name":"ficoba","image":{"@type":"ImageObject","inLanguage":"es","@id":"https:\/\/www.ficoba.org\/es\/#\/schema\/person\/image\/","url":"https:\/\/secure.gravatar.com\/avatar\/c90cc0e07f75fecbe4165c1906a4cd61b0179a28caae2205d37516e4fb7c30c1?s=96&d=mm&r=g","contentUrl":"https:\/\/secure.gravatar.com\/avatar\/c90cc0e07f75fecbe4165c1906a4cd61b0179a28caae2205d37516e4fb7c30c1?s=96&d=mm&r=g","caption":"ficoba"}}]}},"_links":{"self":[{"href":"https:\/\/www.ficoba.org\/es\/wp-json\/wp\/v2\/posts\/11409","targetHints":{"allow":["GET"]}}],"collection":[{"href":"https:\/\/www.ficoba.org\/es\/wp-json\/wp\/v2\/posts"}],"about":[{"href":"https:\/\/www.ficoba.org\/es\/wp-json\/wp\/v2\/types\/post"}],"author":[{"embeddable":true,"href":"https:\/\/www.ficoba.org\/es\/wp-json\/wp\/v2\/users\/2"}],"replies":[{"embeddable":true,"href":"https:\/\/www.ficoba.org\/es\/wp-json\/wp\/v2\/comments?post=11409"}],"version-history":[{"count":1,"href":"https:\/\/www.ficoba.org\/es\/wp-json\/wp\/v2\/posts\/11409\/revisions"}],"predecessor-version":[{"id":11418,"href":"https:\/\/www.ficoba.org\/es\/wp-json\/wp\/v2\/posts\/11409\/revisions\/11418"}],"wp:featuredmedia":[{"embeddable":true,"href":"https:\/\/www.ficoba.org\/es\/wp-json\/wp\/v2\/media\/15640"}],"wp:attachment":[{"href":"https:\/\/www.ficoba.org\/es\/wp-json\/wp\/v2\/media?parent=11409"}],"wp:term":[{"taxonomy":"category","embeddable":true,"href":"https:\/\/www.ficoba.org\/es\/wp-json\/wp\/v2\/categories?post=11409"},{"taxonomy":"post_tag","embeddable":true,"href":"https:\/\/www.ficoba.org\/es\/wp-json\/wp\/v2\/tags?post=11409"}],"curies":[{"name":"wp","href":"https:\/\/api.w.org\/{rel}","templated":true}]}}