{"id":11270,"date":"2022-11-09T14:36:44","date_gmt":"2022-11-09T12:36:44","guid":{"rendered":"https:\/\/www.ficoba.org\/?p=11270"},"modified":"2022-11-09T14:42:55","modified_gmt":"2022-11-09T12:42:55","slug":"uhinak-2022-reune-a-150-expertos-y-congresistas-para-debatir-y-avanzar-soluciones-frente-a-la-emergencia-climatica-en-el-litoral","status":"publish","type":"post","link":"https:\/\/www.ficoba.org\/es\/uhinak-2022-reune-a-150-expertos-y-congresistas-para-debatir-y-avanzar-soluciones-frente-a-la-emergencia-climatica-en-el-litoral\/","title":{"rendered":"Uhinak 2022 re\u00fane a 150 expertos y congresistas para debatir y avanzar soluciones frente a la emergencia clim\u00e1tica en el litoral"},"content":{"rendered":"<p><strong>\u00a0<\/strong><\/p>\n<ul>\n<li><strong>El cambio clim\u00e1tico en el horizonte de 2050, los eventos extremos y las medidas de adaptaci\u00f3n; la mitigaci\u00f3n del cambio clim\u00e1tico y la restauraci\u00f3n de la biodiversidad; la gobernanza, las herramientas de gesti\u00f3n y la comunicaci\u00f3n, entre los temas a debate en las m\u00e1s de 40 conferencias y comunicaciones<\/strong><\/li>\n<li><strong>La quinta edici\u00f3n del congreso de cambio clim\u00e1tico y litoral se celebrar\u00e1 en Ficoba el 16 y 17 de noviembre<\/strong><\/li>\n<\/ul>\n<p><em>\u00a0<\/em><\/p>\n<p>El congreso Uhinak, impulsado por Ficoba y el centro tecnol\u00f3gico AZTI, celebra su quinta edici\u00f3n en Ficoba con el lema \u201cNos movemos para actuar y comunicar ante la emergencia clim\u00e1tica\u201d.Esta quinta edici\u00f3n de Uhinak es especialmente relevante y viene marcada por la coyuntura global y la cumbre del clima (COP27), en Egipto, que est\u00e1 teniendo lugar estos d\u00edas (del 6 al 18 de noviembre).Los retos son importantes.<\/p>\n<p>El &#8216;Green Deal&#8217; o Pacto Verde Europeo aspira a convertir Europa en el primer continente libre de emisiones netas de carbono para el a\u00f1o 2050. Para esa fecha, Europa debe alcanzar la neutralidad de carbono, es decir, emitir la misma cantidad de CO2 a la atm\u00f3sfera que la que se retire por diversos m\u00e9todos. Pero, adem\u00e1s, en los pr\u00f3ximos ocho a\u00f1os, para 2030, tenemos el compromiso de cumplir con el acuerdo de Par\u00eds y conseguir que el incremento de la temperatura media global no supere m\u00e1s de 2\u00ba C.<\/p>\n<p>Para llegar a la meta, Europa debe cambiar dr\u00e1sticamente su modo de producir y consumir energ\u00eda.\u00a0 Sin embargo, la hoja de ruta hacia esa meta puede verse alterada por la coyuntura actual y la amenaza de Rusia de utilizar el corte del gas como arma de guerra.<\/p>\n<p>Mientras avanzamos hacia esta paulatina descarbonizaci\u00f3n, no podemos perder de vista los impactos que se est\u00e1n generando, anticipar las posibles consecuencias que puedan derivarse del cambio clim\u00e1tico y trabajar por definir los criterios para adaptarse a ellos. Ya se est\u00e1 avanzando mucho en este sentido, con iniciativas como el Observatorio marino del cambio clim\u00e1tico del golfo de Bizkaia y la costa vasca. Esta iniciativa, que cuenta con la colaboraci\u00f3n de la Fundaci\u00f3n Naturklima y el proyecto LIFE Urban Klima 2050 y que est\u00e1 alineado a la Estrategia Vasca de Cambio Clim\u00e1tico 2050, ha permitido implantar un sistema integrado de seguimiento y predicci\u00f3n del Cambio clim\u00e1tico y sus efectos sobre el mar y el litoral, su biodiversidad y sus recursos. Ello es clave para evaluar posibles impactos y anticiparse a las consecuencias derivadas del Cambio Clim\u00e1tico y definir los criterios de adaptaci\u00f3n que vayan a implementarse.<\/p>\n<p><strong>Uhinak 2022<\/strong><\/p>\n<p>Tanto en 2015, a\u00f1o en el que se celebr\u00f3 la primera edici\u00f3n del congreso como ahora, el objetivo de Uhinak ha sido reunir a los sectores y grupos de inter\u00e9s con capacidad de revertir o mitigar el cambio clim\u00e1tica en torno a un foro de debate.<\/p>\n<p>Por ello, una edici\u00f3n m\u00e1s, representantes pol\u00edticos, t\u00e9cnicos de comunidades y municipios del litoral, administraciones con competencia en la materia, expertos de centros tecnol\u00f3gicos, centros de investigaci\u00f3n, periodistas y las empresas que tendr\u00e1n que abordar los cambios que se avecinan se reunir\u00e1n en Ficoba durante dos intensos d\u00edas, en esta ocasi\u00f3n en formato presencial, el 16 y 17 de noviembre para sumar fuerzas, trabajar en equipo y avanzar en la toma de medidas y decisiones para frenar ese cambio clim\u00e1tico que ya hemos empezado a percibir como una seria amenaza.<\/p>\n<p>Los objetivos estrat\u00e9gicos del congreso son cuatro. Por una parte, conocer las actuaciones y soluciones dirigidas a la adopci\u00f3n de las medidas necesarias para la defensa y protecci\u00f3n del litoral frente al cambio clim\u00e1tico.<\/p>\n<p>Por otra parte, conocer experiencias, aprender buenas pr\u00e1cticas y colaborar en la gesti\u00f3n y mantenimiento del litoral.<\/p>\n<p>En tercer lugar, abordar el proceso de cambio clim\u00e1tico y litoral desde una perspectiva transfronteriza para crear las necesarias sinergias frente al cambio clim\u00e1tico.<\/p>\n<p>Y, en cuarto lugar, conocer las nuevas oportunidades de corte empresarial que se abren a las compa\u00f1\u00edas que son las que tendr\u00e1n que materializar las actuaciones necesarias para mitigar las consecuencias de la emergencia clim\u00e1tica.<\/p>\n<p><strong>Bloques tem\u00e1ticos y conferencias<\/strong><\/p>\n<p>El programa de los dos d\u00edas del congreso, con <strong>m\u00e1s de 40 conferencias y comunicaciones<\/strong>, es apretado con el objetivo de abordar desde m\u00faltiples puntos de vista la situaci\u00f3n actual de nuestro litoral, su posible evoluci\u00f3n en los pr\u00f3ximos a\u00f1os, el incremento de los eventos extremos y c\u00f3mo afrontar este escenario de emergencia clim\u00e1tica en nuestras costas.<\/p>\n<p>Para ello, el contenido de la quinta edici\u00f3n de Uhinak se ha articulado en torno a cuatro bloques tem\u00e1ticos: situaci\u00f3n actual y en 2050 de nuestro litoral en un contexto de cambio clim\u00e1tico; eventos extremos y las medidas de adaptaci\u00f3n; mitigaci\u00f3n del cambio clim\u00e1tico y la restauraci\u00f3n de la biodiversidad; gobernanza, las herramientas de gesti\u00f3n y la comunicaci\u00f3n. Todos los bloques contar\u00e1n con la participaci\u00f3n de destacadas personalidades internacionales y nacionales, que ya se pueden consultar en la p\u00e1gina web del congreso (www.uhinak.com).<\/p>\n<p><strong>Conferencias de apertura<\/strong><\/p>\n<p>Para las conferencias de apertura de las dos jornadas del congreso, <strong>Francisco Doblas Reyes, director del Earth Science Department perteneciente al Barcelona Supercomputing Center<\/strong> hablar\u00e1 en su intervenci\u00f3n del 16 de noviembre de los aspectos f\u00edsicos del cambio clim\u00e1tico en el sexto informe del panel intergubernamental sobre el cambio clim\u00e1tico (IPCC).<\/p>\n<p>El 17 de noviembre ser\u00e1 el turno de <strong>Richard Bellerby, miembro del Norwegian Institute for Water Research<\/strong>, que abordar\u00e1 la investigaci\u00f3n sobre la acidificaci\u00f3n de los oc\u00e9anos hacia soluciones basadas en la naturaleza, la mitigaci\u00f3n y la adaptaci\u00f3n.<\/p>\n<p><strong>Conferenciantes invitados<\/strong><\/p>\n<p>Destacados nombres de la investigaci\u00f3n y expertos que han realizado estudios concretos sobre los efectos del cambio clim\u00e1tico en el litoral se han sumado a esta edici\u00f3n de Uhinak.<\/p>\n<p>En la jornada del 16 de noviembre, <strong>Volker Roeber<\/strong>, responsable de la <strong>c\u00e1tedra E2S HPC-Waves en la Universidad de Pau y de los Pa\u00edses del Adour<\/strong>. Sus investigaciones se centran en el desarrollo de soluciones num\u00e9ricas para modelos operativos de oleaje y la aplicaci\u00f3n de estos modelos para explicar los procesos costeros.<\/p>\n<p>Por su parte, <strong>Carlos Castillo<\/strong> de la sociedad p\u00fablica <strong>Ihobe<\/strong> del Gobierno Vasco presentar\u00e1 el proyecto KOSTAEGOKI cuyo objetivo es aportar informaci\u00f3n y herramientas relevantes con relaci\u00f3n a los efectos del ascenso del nivel medio del mar provocado por el Cambio Clim\u00e1tico (CC) e impacto del oleaje sobre la costa vasca, para su empleo en la planificaci\u00f3n y gesti\u00f3n de zonas costeras, as\u00ed como aportar medidas de adaptaci\u00f3n que faciliten a las administraciones competentes hacer frente a los retos de este fen\u00f3meno global.<\/p>\n<p>Le tomar\u00e1 el relevo <strong>Virignie Duvat profesora de geograf\u00eda del litoral de la Universidad de La Rochelle-CNRS<\/strong>, quien pondr\u00e1 en relieve el importante papel de los fen\u00f3menos clim\u00e1ticos extremos en la amplificaci\u00f3n de los impactos del cambio clim\u00e1tico en las zonas costeras, con el fin de debatir las estrategias de adaptaci\u00f3n al clima que pueden ponerse en marcha para hacer frente a unos riesgos que aumentan r\u00e1pidamente.<\/p>\n<p>La segunda jornada del congreso, 17 de noviembre, contar\u00e1 con la participaci\u00f3n de <strong>Agust\u00edn S\u00e1nchez Arcilla, director del Laboratorio de Ingenier\u00eda Mar\u00edtima, LIM\/UPC <\/strong>y Catedr\u00e1tico de la Escuela de Ingenieros de Caminos de Barcelona, Universitat Polit\u00e8cnica de Catalunya. Presentar\u00e1 la generaci\u00f3n y estimaci\u00f3n del riesgo en estructuras costeras y portuarias y presentar\u00e1 las condiciones de riesgo en la costa vasca y en la costa catalana, en funci\u00f3n del n\u00famero e intensidad de las tormentas extremas en cada una de ellas.<\/p>\n<p>Por su parte, <strong>Miguel \u00c1ngel Mateo, director del Grupo de Ecolog\u00eda de Macr\u00f3fitos Acu\u00e1ticos del Centro de Estudios Avanzados de Blanes <\/strong>en el Consejo Superior de Investigaciones Cient\u00edficas, pondr\u00e1 sobre la mesa c\u00f3mo el aumento implacable de CO2 en la atm\u00f3sfera ha disparado el inter\u00e9s por la conservaci\u00f3n y promoci\u00f3n de los sumideros de carbono biosf\u00e9ricos como ayuda para atenuar esa tendencia. Entre ellos, se encuentran los sumideros asociados a los Ecosistemas de Carbono Azul (ECA): marismas, manglares y praderas marinas.<\/p>\n<p>Y <strong>Andr\u00e9s Guerra Sierra, jefe del departamento de Sostenibilidad de la Autoridad Portuaria de A Coru\u00f1a<\/strong> presentar\u00e1 A Coru\u00f1a Green Port: hacia un hub de descarbonizaci\u00f3n. Un proyecto que persigue el desarrollo de la cadena de valor del hidr\u00f3geno y amon\u00edaco verde y su integraci\u00f3n en la actividad industrial petroqu\u00edmica y log\u00edstica, el despliegue experimental de energ\u00edas renovables e\u00f3licas marinas, la digitalizaci\u00f3n y modernizaci\u00f3n de las empresas ubicadas en el puerto, el desarrollo de biocombustibles y sistemas de almacenamiento de energ\u00eda, el autoabastecimiento del puerto y la descarbonizaci\u00f3n de la actividad industrial del puerto de A Coru\u00f1a.<\/p>\n<p><strong>La comunicaci\u00f3n, un factor clave en la lucha contra la emergencia clim\u00e1tica<\/strong><\/p>\n<p>En esta edici\u00f3n, Uhinak ha querido poner el acento en la comunicaci\u00f3n y su efecto socializador de las consecuencias y los retos de la crisis clim\u00e1tica y ha reservado una de las ponencias invitadas a este tema. La encargada de desarrollarlo ser\u00e1 <strong>Andrea Castro-Mart\u00ednez,<\/strong> <strong>profesora e investigadora en el Departamento de Comunicaci\u00f3n Audiovisual y Publicidad de la Universidad de M\u00e1laga<\/strong>, que hablar\u00e1 sobre c\u00f3mo comunicar sobre el cambio clim\u00e1tico de manera efectiva y buenas pr\u00e1cticas para divulgadores, empresas y medios de comunicaci\u00f3n.<\/p>\n<p>En su presentaci\u00f3n, Andrea Castro-Mart\u00ednez recoger\u00e1 los principales problemas y barreras que se dan en la actualidad para comunicar sobre el cambio clim\u00e1tico, y propondr\u00e1 una serie de soluciones, herramientas e ideas para facilitar que los mensajes alcancen de forma exitosa a sus p\u00fablicos.<\/p>\n<p><strong>Sobre Uhinak<\/strong><\/p>\n<p>Uhinak es un Congreso Transfronterizo de cambio Clim\u00e1tico y Litoral promovido por Ficoba y el centro tecnol\u00f3gico AZTI, con el apoyo de m\u00faltiples instituciones como el Departamento de Desarrollo Econ\u00f3mico, Sostenibilidad y Medio Ambiente del Gobierno Vasco a trav\u00e9s de su sociedad p\u00fablica Ihobe, la Diputaci\u00f3n Foral de Gipuzkoa (Departamento de Medio Ambiente), Communaut\u00e9 d\u2019agglom\u00e9ration Pays Basque y la Regi\u00f3n Nouvelle Aquitaine.<\/p>\n<p><strong>M\u00e1s informaci\u00f3n: www.uhinak.com<\/strong><\/p>\n","protected":false},"excerpt":{"rendered":"<p>\u00a0 El cambio clim\u00e1tico en el horizonte de 2050, los eventos extremos y las medidas de adaptaci\u00f3n; la mitigaci\u00f3n del cambio clim\u00e1tico y la restauraci\u00f3n de la biodiversidad; la gobernanza, [&hellip;]<\/p>\n","protected":false},"author":2,"featured_media":11271,"comment_status":"closed","ping_status":"closed","sticky":false,"template":"","format":"standard","meta":{"_et_pb_use_builder":"","_et_pb_old_content":"","_et_gb_content_width":"","footnotes":""},"categories":[3],"tags":[329,158,187,328],"class_list":["post-11270","post","type-post","status-publish","format-standard","has-post-thumbnail","hentry","category-eventos-y-ferias","tag-acidificacion","tag-cambio-climatico","tag-cambio-climatico-y-litoral","tag-grandes-temporales"],"yoast_head":"<!-- This site is optimized with the Yoast SEO plugin v26.8 - https:\/\/yoast.com\/product\/yoast-seo-wordpress\/ -->\n<title>Uhinak 2022 re\u00fane a 150 expertos y congresistas para debatir y avanzar soluciones frente a la emergencia clim\u00e1tica en el litoral - Ficoba<\/title>\n<meta name=\"robots\" content=\"index, follow, max-snippet:-1, max-image-preview:large, max-video-preview:-1\" \/>\n<link rel=\"canonical\" href=\"https:\/\/www.ficoba.org\/es\/uhinak-2022-reune-a-150-expertos-y-congresistas-para-debatir-y-avanzar-soluciones-frente-a-la-emergencia-climatica-en-el-litoral\/\" \/>\n<meta name=\"twitter:label1\" content=\"Escrito por\" \/>\n\t<meta name=\"twitter:data1\" content=\"ficoba\" \/>\n\t<meta name=\"twitter:label2\" content=\"Tiempo de lectura\" \/>\n\t<meta name=\"twitter:data2\" content=\"8 minutos\" \/>\n<script type=\"application\/ld+json\" class=\"yoast-schema-graph\">{\"@context\":\"https:\/\/schema.org\",\"@graph\":[{\"@type\":\"Article\",\"@id\":\"https:\/\/www.ficoba.org\/es\/uhinak-2022-reune-a-150-expertos-y-congresistas-para-debatir-y-avanzar-soluciones-frente-a-la-emergencia-climatica-en-el-litoral\/#article\",\"isPartOf\":{\"@id\":\"https:\/\/www.ficoba.org\/es\/uhinak-2022-reune-a-150-expertos-y-congresistas-para-debatir-y-avanzar-soluciones-frente-a-la-emergencia-climatica-en-el-litoral\/\"},\"author\":{\"name\":\"ficoba\",\"@id\":\"https:\/\/www.ficoba.org\/es\/#\/schema\/person\/8a96a121e5dbd393e6e6b5a7ee7ed407\"},\"headline\":\"Uhinak 2022 re\u00fane a 150 expertos y congresistas para debatir y avanzar soluciones frente a la emergencia clim\u00e1tica en el litoral\",\"datePublished\":\"2022-11-09T12:36:44+00:00\",\"dateModified\":\"2022-11-09T12:42:55+00:00\",\"mainEntityOfPage\":{\"@id\":\"https:\/\/www.ficoba.org\/es\/uhinak-2022-reune-a-150-expertos-y-congresistas-para-debatir-y-avanzar-soluciones-frente-a-la-emergencia-climatica-en-el-litoral\/\"},\"wordCount\":1786,\"publisher\":{\"@id\":\"https:\/\/www.ficoba.org\/es\/#organization\"},\"image\":{\"@id\":\"https:\/\/www.ficoba.org\/es\/uhinak-2022-reune-a-150-expertos-y-congresistas-para-debatir-y-avanzar-soluciones-frente-a-la-emergencia-climatica-en-el-litoral\/#primaryimage\"},\"thumbnailUrl\":\"https:\/\/www.ficoba.org\/wp-content\/uploads\/2022\/11\/Uhinak-2022-scaled.jpg\",\"keywords\":[\"acidificaci\u00f3n\",\"Cambio clim\u00e1tico\",\"cambio clim\u00e1tico y litoral\",\"grandes temporales\"],\"articleSection\":[\"Eventos y ferias\"],\"inLanguage\":\"es\"},{\"@type\":\"WebPage\",\"@id\":\"https:\/\/www.ficoba.org\/es\/uhinak-2022-reune-a-150-expertos-y-congresistas-para-debatir-y-avanzar-soluciones-frente-a-la-emergencia-climatica-en-el-litoral\/\",\"url\":\"https:\/\/www.ficoba.org\/es\/uhinak-2022-reune-a-150-expertos-y-congresistas-para-debatir-y-avanzar-soluciones-frente-a-la-emergencia-climatica-en-el-litoral\/\",\"name\":\"Uhinak 2022 re\u00fane a 150 expertos y congresistas para debatir y avanzar soluciones frente a la emergencia clim\u00e1tica en el litoral - Ficoba\",\"isPartOf\":{\"@id\":\"https:\/\/www.ficoba.org\/es\/#website\"},\"primaryImageOfPage\":{\"@id\":\"https:\/\/www.ficoba.org\/es\/uhinak-2022-reune-a-150-expertos-y-congresistas-para-debatir-y-avanzar-soluciones-frente-a-la-emergencia-climatica-en-el-litoral\/#primaryimage\"},\"image\":{\"@id\":\"https:\/\/www.ficoba.org\/es\/uhinak-2022-reune-a-150-expertos-y-congresistas-para-debatir-y-avanzar-soluciones-frente-a-la-emergencia-climatica-en-el-litoral\/#primaryimage\"},\"thumbnailUrl\":\"https:\/\/www.ficoba.org\/wp-content\/uploads\/2022\/11\/Uhinak-2022-scaled.jpg\",\"datePublished\":\"2022-11-09T12:36:44+00:00\",\"dateModified\":\"2022-11-09T12:42:55+00:00\",\"breadcrumb\":{\"@id\":\"https:\/\/www.ficoba.org\/es\/uhinak-2022-reune-a-150-expertos-y-congresistas-para-debatir-y-avanzar-soluciones-frente-a-la-emergencia-climatica-en-el-litoral\/#breadcrumb\"},\"inLanguage\":\"es\",\"potentialAction\":[{\"@type\":\"ReadAction\",\"target\":[\"https:\/\/www.ficoba.org\/es\/uhinak-2022-reune-a-150-expertos-y-congresistas-para-debatir-y-avanzar-soluciones-frente-a-la-emergencia-climatica-en-el-litoral\/\"]}]},{\"@type\":\"ImageObject\",\"inLanguage\":\"es\",\"@id\":\"https:\/\/www.ficoba.org\/es\/uhinak-2022-reune-a-150-expertos-y-congresistas-para-debatir-y-avanzar-soluciones-frente-a-la-emergencia-climatica-en-el-litoral\/#primaryimage\",\"url\":\"https:\/\/www.ficoba.org\/wp-content\/uploads\/2022\/11\/Uhinak-2022-scaled.jpg\",\"contentUrl\":\"https:\/\/www.ficoba.org\/wp-content\/uploads\/2022\/11\/Uhinak-2022-scaled.jpg\",\"width\":2560,\"height\":1920},{\"@type\":\"BreadcrumbList\",\"@id\":\"https:\/\/www.ficoba.org\/es\/uhinak-2022-reune-a-150-expertos-y-congresistas-para-debatir-y-avanzar-soluciones-frente-a-la-emergencia-climatica-en-el-litoral\/#breadcrumb\",\"itemListElement\":[{\"@type\":\"ListItem\",\"position\":1,\"name\":\"Portada\",\"item\":\"https:\/\/www.ficoba.org\/es\/\"},{\"@type\":\"ListItem\",\"position\":2,\"name\":\"Uhinak 2022 re\u00fane a 150 expertos y congresistas para debatir y avanzar soluciones frente a la emergencia clim\u00e1tica en el litoral\"}]},{\"@type\":\"WebSite\",\"@id\":\"https:\/\/www.ficoba.org\/es\/#website\",\"url\":\"https:\/\/www.ficoba.org\/es\/\",\"name\":\"Ficoba, Recinto Ferial de Gipuzkoa\",\"description\":\"Ficoba, recinto ferial de Gipuzkoa\",\"publisher\":{\"@id\":\"https:\/\/www.ficoba.org\/es\/#organization\"},\"alternateName\":\"Ficoba\",\"potentialAction\":[{\"@type\":\"SearchAction\",\"target\":{\"@type\":\"EntryPoint\",\"urlTemplate\":\"https:\/\/www.ficoba.org\/es\/?s={search_term_string}\"},\"query-input\":{\"@type\":\"PropertyValueSpecification\",\"valueRequired\":true,\"valueName\":\"search_term_string\"}}],\"inLanguage\":\"es\"},{\"@type\":\"Organization\",\"@id\":\"https:\/\/www.ficoba.org\/es\/#organization\",\"name\":\"Ficoba, Reciento Ferial de Gipuzkoa\",\"url\":\"https:\/\/www.ficoba.org\/es\/\",\"logo\":{\"@type\":\"ImageObject\",\"inLanguage\":\"es\",\"@id\":\"https:\/\/www.ficoba.org\/es\/#\/schema\/logo\/image\/\",\"url\":\"https:\/\/www.ficoba.org\/wp-content\/uploads\/2018\/11\/logo_ficoba.png\",\"contentUrl\":\"https:\/\/www.ficoba.org\/wp-content\/uploads\/2018\/11\/logo_ficoba.png\",\"width\":200,\"height\":124,\"caption\":\"Ficoba, Reciento Ferial de Gipuzkoa\"},\"image\":{\"@id\":\"https:\/\/www.ficoba.org\/es\/#\/schema\/logo\/image\/\"},\"sameAs\":[\"https:\/\/www.facebook.com\/FICOBAFUNDAZIOA\/\",\"https:\/\/x.com\/FicobaFundazioa\",\"https:\/\/www.youtube.com\/channel\/UCvo2JGluemyCf5KPRmEF9JQ\",\"https:\/\/www.linkedin.com\/company\/ficoba\/\",\"https:\/\/www.instagram.com\/ficobafundazioa\/\"]},{\"@type\":\"Person\",\"@id\":\"https:\/\/www.ficoba.org\/es\/#\/schema\/person\/8a96a121e5dbd393e6e6b5a7ee7ed407\",\"name\":\"ficoba\",\"image\":{\"@type\":\"ImageObject\",\"inLanguage\":\"es\",\"@id\":\"https:\/\/www.ficoba.org\/es\/#\/schema\/person\/image\/\",\"url\":\"https:\/\/secure.gravatar.com\/avatar\/c90cc0e07f75fecbe4165c1906a4cd61b0179a28caae2205d37516e4fb7c30c1?s=96&d=mm&r=g\",\"contentUrl\":\"https:\/\/secure.gravatar.com\/avatar\/c90cc0e07f75fecbe4165c1906a4cd61b0179a28caae2205d37516e4fb7c30c1?s=96&d=mm&r=g\",\"caption\":\"ficoba\"}}]}<\/script>\n<!-- \/ Yoast SEO plugin. -->","yoast_head_json":{"title":"Uhinak 2022 re\u00fane a 150 expertos y congresistas para debatir y avanzar soluciones frente a la emergencia clim\u00e1tica en el litoral - Ficoba","robots":{"index":"index","follow":"follow","max-snippet":"max-snippet:-1","max-image-preview":"max-image-preview:large","max-video-preview":"max-video-preview:-1"},"canonical":"https:\/\/www.ficoba.org\/es\/uhinak-2022-reune-a-150-expertos-y-congresistas-para-debatir-y-avanzar-soluciones-frente-a-la-emergencia-climatica-en-el-litoral\/","twitter_misc":{"Escrito por":"ficoba","Tiempo de lectura":"8 minutos"},"schema":{"@context":"https:\/\/schema.org","@graph":[{"@type":"Article","@id":"https:\/\/www.ficoba.org\/es\/uhinak-2022-reune-a-150-expertos-y-congresistas-para-debatir-y-avanzar-soluciones-frente-a-la-emergencia-climatica-en-el-litoral\/#article","isPartOf":{"@id":"https:\/\/www.ficoba.org\/es\/uhinak-2022-reune-a-150-expertos-y-congresistas-para-debatir-y-avanzar-soluciones-frente-a-la-emergencia-climatica-en-el-litoral\/"},"author":{"name":"ficoba","@id":"https:\/\/www.ficoba.org\/es\/#\/schema\/person\/8a96a121e5dbd393e6e6b5a7ee7ed407"},"headline":"Uhinak 2022 re\u00fane a 150 expertos y congresistas para debatir y avanzar soluciones frente a la emergencia clim\u00e1tica en el litoral","datePublished":"2022-11-09T12:36:44+00:00","dateModified":"2022-11-09T12:42:55+00:00","mainEntityOfPage":{"@id":"https:\/\/www.ficoba.org\/es\/uhinak-2022-reune-a-150-expertos-y-congresistas-para-debatir-y-avanzar-soluciones-frente-a-la-emergencia-climatica-en-el-litoral\/"},"wordCount":1786,"publisher":{"@id":"https:\/\/www.ficoba.org\/es\/#organization"},"image":{"@id":"https:\/\/www.ficoba.org\/es\/uhinak-2022-reune-a-150-expertos-y-congresistas-para-debatir-y-avanzar-soluciones-frente-a-la-emergencia-climatica-en-el-litoral\/#primaryimage"},"thumbnailUrl":"https:\/\/www.ficoba.org\/wp-content\/uploads\/2022\/11\/Uhinak-2022-scaled.jpg","keywords":["acidificaci\u00f3n","Cambio clim\u00e1tico","cambio clim\u00e1tico y litoral","grandes temporales"],"articleSection":["Eventos y ferias"],"inLanguage":"es"},{"@type":"WebPage","@id":"https:\/\/www.ficoba.org\/es\/uhinak-2022-reune-a-150-expertos-y-congresistas-para-debatir-y-avanzar-soluciones-frente-a-la-emergencia-climatica-en-el-litoral\/","url":"https:\/\/www.ficoba.org\/es\/uhinak-2022-reune-a-150-expertos-y-congresistas-para-debatir-y-avanzar-soluciones-frente-a-la-emergencia-climatica-en-el-litoral\/","name":"Uhinak 2022 re\u00fane a 150 expertos y congresistas para debatir y avanzar soluciones frente a la emergencia clim\u00e1tica en el litoral - Ficoba","isPartOf":{"@id":"https:\/\/www.ficoba.org\/es\/#website"},"primaryImageOfPage":{"@id":"https:\/\/www.ficoba.org\/es\/uhinak-2022-reune-a-150-expertos-y-congresistas-para-debatir-y-avanzar-soluciones-frente-a-la-emergencia-climatica-en-el-litoral\/#primaryimage"},"image":{"@id":"https:\/\/www.ficoba.org\/es\/uhinak-2022-reune-a-150-expertos-y-congresistas-para-debatir-y-avanzar-soluciones-frente-a-la-emergencia-climatica-en-el-litoral\/#primaryimage"},"thumbnailUrl":"https:\/\/www.ficoba.org\/wp-content\/uploads\/2022\/11\/Uhinak-2022-scaled.jpg","datePublished":"2022-11-09T12:36:44+00:00","dateModified":"2022-11-09T12:42:55+00:00","breadcrumb":{"@id":"https:\/\/www.ficoba.org\/es\/uhinak-2022-reune-a-150-expertos-y-congresistas-para-debatir-y-avanzar-soluciones-frente-a-la-emergencia-climatica-en-el-litoral\/#breadcrumb"},"inLanguage":"es","potentialAction":[{"@type":"ReadAction","target":["https:\/\/www.ficoba.org\/es\/uhinak-2022-reune-a-150-expertos-y-congresistas-para-debatir-y-avanzar-soluciones-frente-a-la-emergencia-climatica-en-el-litoral\/"]}]},{"@type":"ImageObject","inLanguage":"es","@id":"https:\/\/www.ficoba.org\/es\/uhinak-2022-reune-a-150-expertos-y-congresistas-para-debatir-y-avanzar-soluciones-frente-a-la-emergencia-climatica-en-el-litoral\/#primaryimage","url":"https:\/\/www.ficoba.org\/wp-content\/uploads\/2022\/11\/Uhinak-2022-scaled.jpg","contentUrl":"https:\/\/www.ficoba.org\/wp-content\/uploads\/2022\/11\/Uhinak-2022-scaled.jpg","width":2560,"height":1920},{"@type":"BreadcrumbList","@id":"https:\/\/www.ficoba.org\/es\/uhinak-2022-reune-a-150-expertos-y-congresistas-para-debatir-y-avanzar-soluciones-frente-a-la-emergencia-climatica-en-el-litoral\/#breadcrumb","itemListElement":[{"@type":"ListItem","position":1,"name":"Portada","item":"https:\/\/www.ficoba.org\/es\/"},{"@type":"ListItem","position":2,"name":"Uhinak 2022 re\u00fane a 150 expertos y congresistas para debatir y avanzar soluciones frente a la emergencia clim\u00e1tica en el litoral"}]},{"@type":"WebSite","@id":"https:\/\/www.ficoba.org\/es\/#website","url":"https:\/\/www.ficoba.org\/es\/","name":"Ficoba, Recinto Ferial de Gipuzkoa","description":"Ficoba, recinto ferial de Gipuzkoa","publisher":{"@id":"https:\/\/www.ficoba.org\/es\/#organization"},"alternateName":"Ficoba","potentialAction":[{"@type":"SearchAction","target":{"@type":"EntryPoint","urlTemplate":"https:\/\/www.ficoba.org\/es\/?s={search_term_string}"},"query-input":{"@type":"PropertyValueSpecification","valueRequired":true,"valueName":"search_term_string"}}],"inLanguage":"es"},{"@type":"Organization","@id":"https:\/\/www.ficoba.org\/es\/#organization","name":"Ficoba, Reciento Ferial de Gipuzkoa","url":"https:\/\/www.ficoba.org\/es\/","logo":{"@type":"ImageObject","inLanguage":"es","@id":"https:\/\/www.ficoba.org\/es\/#\/schema\/logo\/image\/","url":"https:\/\/www.ficoba.org\/wp-content\/uploads\/2018\/11\/logo_ficoba.png","contentUrl":"https:\/\/www.ficoba.org\/wp-content\/uploads\/2018\/11\/logo_ficoba.png","width":200,"height":124,"caption":"Ficoba, Reciento Ferial de Gipuzkoa"},"image":{"@id":"https:\/\/www.ficoba.org\/es\/#\/schema\/logo\/image\/"},"sameAs":["https:\/\/www.facebook.com\/FICOBAFUNDAZIOA\/","https:\/\/x.com\/FicobaFundazioa","https:\/\/www.youtube.com\/channel\/UCvo2JGluemyCf5KPRmEF9JQ","https:\/\/www.linkedin.com\/company\/ficoba\/","https:\/\/www.instagram.com\/ficobafundazioa\/"]},{"@type":"Person","@id":"https:\/\/www.ficoba.org\/es\/#\/schema\/person\/8a96a121e5dbd393e6e6b5a7ee7ed407","name":"ficoba","image":{"@type":"ImageObject","inLanguage":"es","@id":"https:\/\/www.ficoba.org\/es\/#\/schema\/person\/image\/","url":"https:\/\/secure.gravatar.com\/avatar\/c90cc0e07f75fecbe4165c1906a4cd61b0179a28caae2205d37516e4fb7c30c1?s=96&d=mm&r=g","contentUrl":"https:\/\/secure.gravatar.com\/avatar\/c90cc0e07f75fecbe4165c1906a4cd61b0179a28caae2205d37516e4fb7c30c1?s=96&d=mm&r=g","caption":"ficoba"}}]}},"_links":{"self":[{"href":"https:\/\/www.ficoba.org\/es\/wp-json\/wp\/v2\/posts\/11270","targetHints":{"allow":["GET"]}}],"collection":[{"href":"https:\/\/www.ficoba.org\/es\/wp-json\/wp\/v2\/posts"}],"about":[{"href":"https:\/\/www.ficoba.org\/es\/wp-json\/wp\/v2\/types\/post"}],"author":[{"embeddable":true,"href":"https:\/\/www.ficoba.org\/es\/wp-json\/wp\/v2\/users\/2"}],"replies":[{"embeddable":true,"href":"https:\/\/www.ficoba.org\/es\/wp-json\/wp\/v2\/comments?post=11270"}],"version-history":[{"count":1,"href":"https:\/\/www.ficoba.org\/es\/wp-json\/wp\/v2\/posts\/11270\/revisions"}],"predecessor-version":[{"id":11275,"href":"https:\/\/www.ficoba.org\/es\/wp-json\/wp\/v2\/posts\/11270\/revisions\/11275"}],"wp:featuredmedia":[{"embeddable":true,"href":"https:\/\/www.ficoba.org\/es\/wp-json\/wp\/v2\/media\/11271"}],"wp:attachment":[{"href":"https:\/\/www.ficoba.org\/es\/wp-json\/wp\/v2\/media?parent=11270"}],"wp:term":[{"taxonomy":"category","embeddable":true,"href":"https:\/\/www.ficoba.org\/es\/wp-json\/wp\/v2\/categories?post=11270"},{"taxonomy":"post_tag","embeddable":true,"href":"https:\/\/www.ficoba.org\/es\/wp-json\/wp\/v2\/tags?post=11270"}],"curies":[{"name":"wp","href":"https:\/\/api.w.org\/{rel}","templated":true}]}}