{"id":11170,"date":"2022-10-26T10:05:46","date_gmt":"2022-10-26T08:05:46","guid":{"rendered":"https:\/\/www.ficoba.org\/?p=11170"},"modified":"2022-10-26T10:05:46","modified_gmt":"2022-10-26T08:05:46","slug":"los-gatos-se-aduenan-de-ficoba-este-fin-de-semana","status":"publish","type":"post","link":"https:\/\/www.ficoba.org\/es\/los-gatos-se-aduenan-de-ficoba-este-fin-de-semana\/","title":{"rendered":"Los gatos se adue\u00f1an de Ficoba este fin de semana"},"content":{"rendered":"<ul>\n<li><strong>La XV edici\u00f3n contar\u00e1 con 140 gatos de 27 razas<\/strong><\/li>\n<li><strong>Entre las razas m\u00e1s novedosas, los Havana Brown, Toyger, Japanese Bobtail, Pixie Bob y Kurilian Bobtail.<\/strong><\/li>\n<li><strong>La Exposici\u00f3n tendr\u00e1 lugar el 29 y 30 de octubre<\/strong><\/li>\n<\/ul>\n<p><strong>\u00a0<\/strong><\/p>\n<p>Regresa a su cita anual en Ficoba la Exposici\u00f3n Felina Internacional, que este a\u00f1o celebra ya su 15 edici\u00f3n. Una ocasi\u00f3n excepcional para todos los amantes de los gatos, que podr\u00e1n ver en el pabell\u00f3n 1 de Ficoba algunos de los mejores ejemplares del Estado, Francia y Portugal, y razas de lo m\u00e1s variadas.<\/p>\n<p>Este a\u00f1o la representaci\u00f3n de los gatos de este lado del Bidasoa es mayor proporcionalmente que en ediciones anteriores ya que los problemas relacionados con el combustible y el transporte en Francia han dificultado la participaci\u00f3n de algunos criadores galos. En total ser\u00e1n 140 gatos de 27 razas.<\/p>\n<p>Cada a\u00f1o la asociaci\u00f3n AMOBS STAR, organizadora de la Exposici\u00f3n Felina Internacional, se esfuerza por descubrir al p\u00fablico razas diferentes de gatos. En esta ocasi\u00f3n, las personas que se acerquen a Ficoba tendr\u00e1n la oportunidad de conocer a los Havana Brown, Toyger, Manekineko, Pixie Bob y Kurilian Bobtail.<\/p>\n<p>Los Havana Brown son una raza muy poco frecuente. Si existiese una lista de razas de gatos en peligro de extinci\u00f3n, el Havana Brown ser\u00eda el primero de la lista. Los ejemplares que estar\u00e1n en la exposici\u00f3n vienen de las lejanas Islas Reuni\u00f3n, donde vive su criadora.<\/p>\n<p><strong>\u00a0<\/strong>El Toyger es una raza de gato de reciente creaci\u00f3n. Surge a partir de 1980 fruto de un cruce que tiene como resultado un gato de aspecto atigrado.<\/p>\n<p>Por su parte, el Japanese Bobtail es el gato en el que se inspiran los famosos gatos de la suerte japoneses con su pata levantada a la altura de la oreja.<\/p>\n<p>El Pixie Bob es una raza de gato dom\u00e9stico que se dice que es la descendencia del lince h\u00edbrido que se produce de forma natural.<\/p>\n<p>El Kurilian Bobtail es una raza de gato originaria de las islas Kuriles rusas, as\u00ed como de la isla Sakhalin y la pen\u00ednsula de Kamchatka en Rusia. De pelo corto o largo, tiene un tipo de cuerpo semi-cobby y una cola corta y esponjosa distintiva.<\/p>\n<p><strong>El concurso<\/strong><\/p>\n<p>Durante el pr\u00f3ximo s\u00e1bado y domingo, los gatos que participan en la XV Exposici\u00f3n Felina Internacional competir\u00e1n para hacerse con los t\u00edtulos de Campe\u00f3n Internacional, Gran Campe\u00f3n Internacional, Campe\u00f3n de Europa o Gran Campe\u00f3n de Europa.<\/p>\n<p>Cada jornada los jueces examinar\u00e1n y clasificar\u00e1n a los gatos para elegir a los mejores ejemplares de cada raza y color. Por la tarde, los gatos seleccionados en cada categor\u00eda competir\u00e1n para seleccionar al mejor y el domingo se elegir\u00e1 al mejor ejemplar de todos los que hayan participado en esta edici\u00f3n de la Exposici\u00f3n Internacional Felina.<\/p>\n<p>La exposici\u00f3n se celebrar\u00e1 en el Pabell\u00f3n 1 de Ficoba en horario de 10.00 a 18.00 horas, tanto el s\u00e1bado como el domingo. El precio de la entrada es de 4 euros para los adultos y gratis para los ni\u00f1os de hasta 12 a\u00f1os. Los asistentes a la Exposici\u00f3n Internacional Felina disfrutar\u00e1n de parking gratuito.<\/p>\n<p>Este a\u00f1o tambi\u00e9n se llevar\u00e1 a cabo un mercadillo, organizado por la Asociaci\u00f3n Irun SOS Mascotas, en solidaridad con los gatos callejeros.<\/p>\n","protected":false},"excerpt":{"rendered":"<p>La XV edici\u00f3n contar\u00e1 con 140 gatos de 27 razas Entre las razas m\u00e1s novedosas, los Havana Brown, Toyger, Japanese Bobtail, Pixie Bob y Kurilian Bobtail. La Exposici\u00f3n tendr\u00e1 lugar [&hellip;]<\/p>\n","protected":false},"author":2,"featured_media":11171,"comment_status":"closed","ping_status":"closed","sticky":false,"template":"","format":"standard","meta":{"_et_pb_use_builder":"","_et_pb_old_content":"","_et_gb_content_width":"","footnotes":""},"categories":[3],"tags":[327],"class_list":["post-11170","post","type-post","status-publish","format-standard","has-post-thumbnail","hentry","category-eventos-y-ferias","tag-exposicion-felina"],"yoast_head":"<!-- This site is optimized with the Yoast SEO plugin v26.8 - https:\/\/yoast.com\/product\/yoast-seo-wordpress\/ -->\n<title>Los gatos se adue\u00f1an de Ficoba este fin de semana - Ficoba<\/title>\n<meta name=\"robots\" content=\"index, follow, max-snippet:-1, max-image-preview:large, max-video-preview:-1\" \/>\n<link rel=\"canonical\" href=\"https:\/\/www.ficoba.org\/es\/los-gatos-se-aduenan-de-ficoba-este-fin-de-semana\/\" \/>\n<meta name=\"twitter:label1\" content=\"Escrito por\" \/>\n\t<meta name=\"twitter:data1\" content=\"ficoba\" \/>\n\t<meta name=\"twitter:label2\" content=\"Tiempo de lectura\" \/>\n\t<meta name=\"twitter:data2\" content=\"3 minutos\" \/>\n<script type=\"application\/ld+json\" class=\"yoast-schema-graph\">{\"@context\":\"https:\/\/schema.org\",\"@graph\":[{\"@type\":\"Article\",\"@id\":\"https:\/\/www.ficoba.org\/es\/los-gatos-se-aduenan-de-ficoba-este-fin-de-semana\/#article\",\"isPartOf\":{\"@id\":\"https:\/\/www.ficoba.org\/es\/los-gatos-se-aduenan-de-ficoba-este-fin-de-semana\/\"},\"author\":{\"name\":\"ficoba\",\"@id\":\"https:\/\/www.ficoba.org\/es\/#\/schema\/person\/8a96a121e5dbd393e6e6b5a7ee7ed407\"},\"headline\":\"Los gatos se adue\u00f1an de Ficoba este fin de semana\",\"datePublished\":\"2022-10-26T08:05:46+00:00\",\"mainEntityOfPage\":{\"@id\":\"https:\/\/www.ficoba.org\/es\/los-gatos-se-aduenan-de-ficoba-este-fin-de-semana\/\"},\"wordCount\":585,\"publisher\":{\"@id\":\"https:\/\/www.ficoba.org\/es\/#organization\"},\"image\":{\"@id\":\"https:\/\/www.ficoba.org\/es\/los-gatos-se-aduenan-de-ficoba-este-fin-de-semana\/#primaryimage\"},\"thumbnailUrl\":\"https:\/\/www.ficoba.org\/wp-content\/uploads\/2022\/10\/Affiche-irun-2022-GRAND-FORMAT3.png\",\"keywords\":[\"exposici\u00f3n felina\"],\"articleSection\":[\"Eventos y ferias\"],\"inLanguage\":\"es\"},{\"@type\":\"WebPage\",\"@id\":\"https:\/\/www.ficoba.org\/es\/los-gatos-se-aduenan-de-ficoba-este-fin-de-semana\/\",\"url\":\"https:\/\/www.ficoba.org\/es\/los-gatos-se-aduenan-de-ficoba-este-fin-de-semana\/\",\"name\":\"Los gatos se adue\u00f1an de Ficoba este fin de semana - Ficoba\",\"isPartOf\":{\"@id\":\"https:\/\/www.ficoba.org\/es\/#website\"},\"primaryImageOfPage\":{\"@id\":\"https:\/\/www.ficoba.org\/es\/los-gatos-se-aduenan-de-ficoba-este-fin-de-semana\/#primaryimage\"},\"image\":{\"@id\":\"https:\/\/www.ficoba.org\/es\/los-gatos-se-aduenan-de-ficoba-este-fin-de-semana\/#primaryimage\"},\"thumbnailUrl\":\"https:\/\/www.ficoba.org\/wp-content\/uploads\/2022\/10\/Affiche-irun-2022-GRAND-FORMAT3.png\",\"datePublished\":\"2022-10-26T08:05:46+00:00\",\"breadcrumb\":{\"@id\":\"https:\/\/www.ficoba.org\/es\/los-gatos-se-aduenan-de-ficoba-este-fin-de-semana\/#breadcrumb\"},\"inLanguage\":\"es\",\"potentialAction\":[{\"@type\":\"ReadAction\",\"target\":[\"https:\/\/www.ficoba.org\/es\/los-gatos-se-aduenan-de-ficoba-este-fin-de-semana\/\"]}]},{\"@type\":\"ImageObject\",\"inLanguage\":\"es\",\"@id\":\"https:\/\/www.ficoba.org\/es\/los-gatos-se-aduenan-de-ficoba-este-fin-de-semana\/#primaryimage\",\"url\":\"https:\/\/www.ficoba.org\/wp-content\/uploads\/2022\/10\/Affiche-irun-2022-GRAND-FORMAT3.png\",\"contentUrl\":\"https:\/\/www.ficoba.org\/wp-content\/uploads\/2022\/10\/Affiche-irun-2022-GRAND-FORMAT3.png\",\"width\":4252,\"height\":2835},{\"@type\":\"BreadcrumbList\",\"@id\":\"https:\/\/www.ficoba.org\/es\/los-gatos-se-aduenan-de-ficoba-este-fin-de-semana\/#breadcrumb\",\"itemListElement\":[{\"@type\":\"ListItem\",\"position\":1,\"name\":\"Portada\",\"item\":\"https:\/\/www.ficoba.org\/es\/\"},{\"@type\":\"ListItem\",\"position\":2,\"name\":\"Los gatos se adue\u00f1an de Ficoba este fin de semana\"}]},{\"@type\":\"WebSite\",\"@id\":\"https:\/\/www.ficoba.org\/es\/#website\",\"url\":\"https:\/\/www.ficoba.org\/es\/\",\"name\":\"Ficoba, Recinto Ferial de Gipuzkoa\",\"description\":\"Ficoba, recinto ferial de Gipuzkoa\",\"publisher\":{\"@id\":\"https:\/\/www.ficoba.org\/es\/#organization\"},\"alternateName\":\"Ficoba\",\"potentialAction\":[{\"@type\":\"SearchAction\",\"target\":{\"@type\":\"EntryPoint\",\"urlTemplate\":\"https:\/\/www.ficoba.org\/es\/?s={search_term_string}\"},\"query-input\":{\"@type\":\"PropertyValueSpecification\",\"valueRequired\":true,\"valueName\":\"search_term_string\"}}],\"inLanguage\":\"es\"},{\"@type\":\"Organization\",\"@id\":\"https:\/\/www.ficoba.org\/es\/#organization\",\"name\":\"Ficoba, Reciento Ferial de Gipuzkoa\",\"url\":\"https:\/\/www.ficoba.org\/es\/\",\"logo\":{\"@type\":\"ImageObject\",\"inLanguage\":\"es\",\"@id\":\"https:\/\/www.ficoba.org\/es\/#\/schema\/logo\/image\/\",\"url\":\"https:\/\/www.ficoba.org\/wp-content\/uploads\/2018\/11\/logo_ficoba.png\",\"contentUrl\":\"https:\/\/www.ficoba.org\/wp-content\/uploads\/2018\/11\/logo_ficoba.png\",\"width\":200,\"height\":124,\"caption\":\"Ficoba, Reciento Ferial de Gipuzkoa\"},\"image\":{\"@id\":\"https:\/\/www.ficoba.org\/es\/#\/schema\/logo\/image\/\"},\"sameAs\":[\"https:\/\/www.facebook.com\/FICOBAFUNDAZIOA\/\",\"https:\/\/x.com\/FicobaFundazioa\",\"https:\/\/www.youtube.com\/channel\/UCvo2JGluemyCf5KPRmEF9JQ\",\"https:\/\/www.linkedin.com\/company\/ficoba\/\",\"https:\/\/www.instagram.com\/ficobafundazioa\/\"]},{\"@type\":\"Person\",\"@id\":\"https:\/\/www.ficoba.org\/es\/#\/schema\/person\/8a96a121e5dbd393e6e6b5a7ee7ed407\",\"name\":\"ficoba\",\"image\":{\"@type\":\"ImageObject\",\"inLanguage\":\"es\",\"@id\":\"https:\/\/www.ficoba.org\/es\/#\/schema\/person\/image\/\",\"url\":\"https:\/\/secure.gravatar.com\/avatar\/c90cc0e07f75fecbe4165c1906a4cd61b0179a28caae2205d37516e4fb7c30c1?s=96&d=mm&r=g\",\"contentUrl\":\"https:\/\/secure.gravatar.com\/avatar\/c90cc0e07f75fecbe4165c1906a4cd61b0179a28caae2205d37516e4fb7c30c1?s=96&d=mm&r=g\",\"caption\":\"ficoba\"}}]}<\/script>\n<!-- \/ Yoast SEO plugin. -->","yoast_head_json":{"title":"Los gatos se adue\u00f1an de Ficoba este fin de semana - Ficoba","robots":{"index":"index","follow":"follow","max-snippet":"max-snippet:-1","max-image-preview":"max-image-preview:large","max-video-preview":"max-video-preview:-1"},"canonical":"https:\/\/www.ficoba.org\/es\/los-gatos-se-aduenan-de-ficoba-este-fin-de-semana\/","twitter_misc":{"Escrito por":"ficoba","Tiempo de lectura":"3 minutos"},"schema":{"@context":"https:\/\/schema.org","@graph":[{"@type":"Article","@id":"https:\/\/www.ficoba.org\/es\/los-gatos-se-aduenan-de-ficoba-este-fin-de-semana\/#article","isPartOf":{"@id":"https:\/\/www.ficoba.org\/es\/los-gatos-se-aduenan-de-ficoba-este-fin-de-semana\/"},"author":{"name":"ficoba","@id":"https:\/\/www.ficoba.org\/es\/#\/schema\/person\/8a96a121e5dbd393e6e6b5a7ee7ed407"},"headline":"Los gatos se adue\u00f1an de Ficoba este fin de semana","datePublished":"2022-10-26T08:05:46+00:00","mainEntityOfPage":{"@id":"https:\/\/www.ficoba.org\/es\/los-gatos-se-aduenan-de-ficoba-este-fin-de-semana\/"},"wordCount":585,"publisher":{"@id":"https:\/\/www.ficoba.org\/es\/#organization"},"image":{"@id":"https:\/\/www.ficoba.org\/es\/los-gatos-se-aduenan-de-ficoba-este-fin-de-semana\/#primaryimage"},"thumbnailUrl":"https:\/\/www.ficoba.org\/wp-content\/uploads\/2022\/10\/Affiche-irun-2022-GRAND-FORMAT3.png","keywords":["exposici\u00f3n felina"],"articleSection":["Eventos y ferias"],"inLanguage":"es"},{"@type":"WebPage","@id":"https:\/\/www.ficoba.org\/es\/los-gatos-se-aduenan-de-ficoba-este-fin-de-semana\/","url":"https:\/\/www.ficoba.org\/es\/los-gatos-se-aduenan-de-ficoba-este-fin-de-semana\/","name":"Los gatos se adue\u00f1an de Ficoba este fin de semana - Ficoba","isPartOf":{"@id":"https:\/\/www.ficoba.org\/es\/#website"},"primaryImageOfPage":{"@id":"https:\/\/www.ficoba.org\/es\/los-gatos-se-aduenan-de-ficoba-este-fin-de-semana\/#primaryimage"},"image":{"@id":"https:\/\/www.ficoba.org\/es\/los-gatos-se-aduenan-de-ficoba-este-fin-de-semana\/#primaryimage"},"thumbnailUrl":"https:\/\/www.ficoba.org\/wp-content\/uploads\/2022\/10\/Affiche-irun-2022-GRAND-FORMAT3.png","datePublished":"2022-10-26T08:05:46+00:00","breadcrumb":{"@id":"https:\/\/www.ficoba.org\/es\/los-gatos-se-aduenan-de-ficoba-este-fin-de-semana\/#breadcrumb"},"inLanguage":"es","potentialAction":[{"@type":"ReadAction","target":["https:\/\/www.ficoba.org\/es\/los-gatos-se-aduenan-de-ficoba-este-fin-de-semana\/"]}]},{"@type":"ImageObject","inLanguage":"es","@id":"https:\/\/www.ficoba.org\/es\/los-gatos-se-aduenan-de-ficoba-este-fin-de-semana\/#primaryimage","url":"https:\/\/www.ficoba.org\/wp-content\/uploads\/2022\/10\/Affiche-irun-2022-GRAND-FORMAT3.png","contentUrl":"https:\/\/www.ficoba.org\/wp-content\/uploads\/2022\/10\/Affiche-irun-2022-GRAND-FORMAT3.png","width":4252,"height":2835},{"@type":"BreadcrumbList","@id":"https:\/\/www.ficoba.org\/es\/los-gatos-se-aduenan-de-ficoba-este-fin-de-semana\/#breadcrumb","itemListElement":[{"@type":"ListItem","position":1,"name":"Portada","item":"https:\/\/www.ficoba.org\/es\/"},{"@type":"ListItem","position":2,"name":"Los gatos se adue\u00f1an de Ficoba este fin de semana"}]},{"@type":"WebSite","@id":"https:\/\/www.ficoba.org\/es\/#website","url":"https:\/\/www.ficoba.org\/es\/","name":"Ficoba, Recinto Ferial de Gipuzkoa","description":"Ficoba, recinto ferial de Gipuzkoa","publisher":{"@id":"https:\/\/www.ficoba.org\/es\/#organization"},"alternateName":"Ficoba","potentialAction":[{"@type":"SearchAction","target":{"@type":"EntryPoint","urlTemplate":"https:\/\/www.ficoba.org\/es\/?s={search_term_string}"},"query-input":{"@type":"PropertyValueSpecification","valueRequired":true,"valueName":"search_term_string"}}],"inLanguage":"es"},{"@type":"Organization","@id":"https:\/\/www.ficoba.org\/es\/#organization","name":"Ficoba, Reciento Ferial de Gipuzkoa","url":"https:\/\/www.ficoba.org\/es\/","logo":{"@type":"ImageObject","inLanguage":"es","@id":"https:\/\/www.ficoba.org\/es\/#\/schema\/logo\/image\/","url":"https:\/\/www.ficoba.org\/wp-content\/uploads\/2018\/11\/logo_ficoba.png","contentUrl":"https:\/\/www.ficoba.org\/wp-content\/uploads\/2018\/11\/logo_ficoba.png","width":200,"height":124,"caption":"Ficoba, Reciento Ferial de Gipuzkoa"},"image":{"@id":"https:\/\/www.ficoba.org\/es\/#\/schema\/logo\/image\/"},"sameAs":["https:\/\/www.facebook.com\/FICOBAFUNDAZIOA\/","https:\/\/x.com\/FicobaFundazioa","https:\/\/www.youtube.com\/channel\/UCvo2JGluemyCf5KPRmEF9JQ","https:\/\/www.linkedin.com\/company\/ficoba\/","https:\/\/www.instagram.com\/ficobafundazioa\/"]},{"@type":"Person","@id":"https:\/\/www.ficoba.org\/es\/#\/schema\/person\/8a96a121e5dbd393e6e6b5a7ee7ed407","name":"ficoba","image":{"@type":"ImageObject","inLanguage":"es","@id":"https:\/\/www.ficoba.org\/es\/#\/schema\/person\/image\/","url":"https:\/\/secure.gravatar.com\/avatar\/c90cc0e07f75fecbe4165c1906a4cd61b0179a28caae2205d37516e4fb7c30c1?s=96&d=mm&r=g","contentUrl":"https:\/\/secure.gravatar.com\/avatar\/c90cc0e07f75fecbe4165c1906a4cd61b0179a28caae2205d37516e4fb7c30c1?s=96&d=mm&r=g","caption":"ficoba"}}]}},"_links":{"self":[{"href":"https:\/\/www.ficoba.org\/es\/wp-json\/wp\/v2\/posts\/11170","targetHints":{"allow":["GET"]}}],"collection":[{"href":"https:\/\/www.ficoba.org\/es\/wp-json\/wp\/v2\/posts"}],"about":[{"href":"https:\/\/www.ficoba.org\/es\/wp-json\/wp\/v2\/types\/post"}],"author":[{"embeddable":true,"href":"https:\/\/www.ficoba.org\/es\/wp-json\/wp\/v2\/users\/2"}],"replies":[{"embeddable":true,"href":"https:\/\/www.ficoba.org\/es\/wp-json\/wp\/v2\/comments?post=11170"}],"version-history":[{"count":1,"href":"https:\/\/www.ficoba.org\/es\/wp-json\/wp\/v2\/posts\/11170\/revisions"}],"predecessor-version":[{"id":11175,"href":"https:\/\/www.ficoba.org\/es\/wp-json\/wp\/v2\/posts\/11170\/revisions\/11175"}],"wp:featuredmedia":[{"embeddable":true,"href":"https:\/\/www.ficoba.org\/es\/wp-json\/wp\/v2\/media\/11171"}],"wp:attachment":[{"href":"https:\/\/www.ficoba.org\/es\/wp-json\/wp\/v2\/media?parent=11170"}],"wp:term":[{"taxonomy":"category","embeddable":true,"href":"https:\/\/www.ficoba.org\/es\/wp-json\/wp\/v2\/categories?post=11170"},{"taxonomy":"post_tag","embeddable":true,"href":"https:\/\/www.ficoba.org\/es\/wp-json\/wp\/v2\/tags?post=11170"}],"curies":[{"name":"wp","href":"https:\/\/api.w.org\/{rel}","templated":true}]}}