{"id":11056,"date":"2022-10-10T13:41:02","date_gmt":"2022-10-10T11:41:02","guid":{"rendered":"https:\/\/www.ficoba.org\/?p=11056"},"modified":"2022-10-10T13:41:02","modified_gmt":"2022-10-10T11:41:02","slug":"feriadip-edicion-2022-la-consolidacion-de-un-gran-punto-de-encuentro-para-el-sector","status":"publish","type":"post","link":"https:\/\/www.ficoba.org\/es\/feriadip-edicion-2022-la-consolidacion-de-un-gran-punto-de-encuentro-para-el-sector\/","title":{"rendered":"FERIAD\u2019IP Edici\u00f3n 2022, la consolidaci\u00f3n de un gran punto de encuentro para el sector"},"content":{"rendered":"<p><strong>La representaci\u00f3n sectorial de la Instalaci\u00f3n organiza y promueve una importante feria expositiva y de ponencias de \u00e1mbito estatal, en las instalaciones del <\/strong><a href=\"https:\/\/www.feriadip.com\/localizacion\/\"><strong>Recinto Ferial de Gipuzkoa<\/strong><\/a><strong>.<\/strong><\/p>\n<p>Los pr\u00f3ximos d\u00edas <strong>18, 19 y 20 de octubre<\/strong> tendr\u00e1 lugar <a href=\"https:\/\/www.feriadip.com\/\"><strong>FERIAD\u2019IP<\/strong><\/a> , un gran punto de encuentro para la <strong>innovaci\u00f3n en la nueva construcci\u00f3n y la rehabilitaci\u00f3n<\/strong>, con sistemas y soluciones que mejoran el <strong>confort<\/strong> en la edificaci\u00f3n, crean espacios m\u00e1s <strong>saludables<\/strong>, tienen en consideraci\u00f3n el <strong>reciclaje<\/strong> y act\u00faan de forma directa sobre la <strong>reducci\u00f3n del consumo energ\u00e9tico.<\/strong><\/p>\n<p>En\u00a0 <a href=\"https:\/\/www.feriadip.com\/\"><strong>FERIAD\u2019IP<\/strong><\/a> estar\u00e1n representados los <strong>Sistemas de Construcci\u00f3n Seca, Falsos Techos, Aislamientos T\u00e9rmicos, Aislamientos y Acondicionamientos Ac\u00fasticos, Protecci\u00f3n Pasiva Contra el Fuego, Revestimientos Impermeabilizantes y Revestimientos Decorativos<\/strong>, tanto para interiores como para la aplicaci\u00f3n en envolventes como el <strong>SATE<\/strong>, con soluciones para la rehabilitaci\u00f3n y la obra nueva, junto con <strong>Herramientas <\/strong>adecuadas para la <strong>Instalaci\u00f3n, <\/strong>como son los <strong>Sistemas de Fijaci\u00f3n, Nivelaci\u00f3n, Corte, Proyecci\u00f3n o Pulverizaci\u00f3n, Elevaci\u00f3n, Transporte<\/strong> y la<strong> Prevenci\u00f3n de Riesgos Laborales<\/strong>.<\/p>\n<p>La amplia difusi\u00f3n realizada por el Canal de Distribuci\u00f3n Profesional y la relevante presencia ya confirmada de <a href=\"https:\/\/www.feriadip.com\/expositores\/\"><strong>expositores<\/strong><\/a>\u00a0 garantiza el claro retorno, la gran oportunidad de negocio y la ampliaci\u00f3n de informaci\u00f3n y formaci\u00f3n sobre el sector que supondr\u00e1 este evento, contando adem\u00e1s con importantes<a href=\"https:\/\/www.feriadip.com\/agenda\/\"><strong> ponencias y presentaciones<\/strong><\/a> que tendr\u00e1n lugar durante los tres d\u00edas.<\/p>\n<p><a href=\"https:\/\/www.feriadip.com\/\"><strong>FERIAD\u2019IP<\/strong><\/a> naci\u00f3 como una gran oportunidad de encuentro presencial para dar a conocer los avances y la presentaci\u00f3n de nuevos productos y sistemas, de la mano de las <strong>principales empresas del sector<\/strong>, tanto a nivel nacional como internacional, y que, sin duda, encontrar\u00e1 su <strong>consolidaci\u00f3n y referencia anual<\/strong> en esta segunda edici\u00f3n de 2022 en el <a href=\"https:\/\/www.feriadip.com\/localizacion\/\"><strong>Recinto Ferial de Gipuzkoa<\/strong><\/a>.<\/p>\n<p>A cinco minutos del aeropuerto de San Sebasti\u00e1n, <a href=\"https:\/\/www.feriadip.com\/\"><strong>FERIAD\u2019IP<\/strong><\/a> dispondr\u00e1 de una superficie expositiva de 3.700 m2, con una amplia propuesta de superficies de estands y un gran espacio de <strong><em>construcci\u00f3n en directo<\/em><\/strong>. Tambi\u00e9n contar\u00e1 con una sala polivalente para ponencias y con todos los servicios que <a href=\"https:\/\/www.feriadip.com\/localizacion\/\"><strong>FICOBA<\/strong><\/a> ofrece, como su amplia zona de <strong>aparcamiento gratuito para expositores y visitantes<\/strong>.<\/p>\n<p><a href=\"https:\/\/www.adip-as.com\/\"><strong>AD\u2019IP Asociaci\u00f3n Espa\u00f1ola<\/strong><\/a>, adem\u00e1s de ser la <a href=\"https:\/\/www.ceoe.es\/es\/asociados\/miembros-actuales\/organizaciones-sectoriales?sector=78\"><strong>representaci\u00f3n sectorial<\/strong><\/a> de este perfil profesional de la instalaci\u00f3n, es tambi\u00e9n <strong>promotora y organizadora<\/strong> de este gran punto de encuentro. Como asociaci\u00f3n empresarial sin \u00e1nimo de lucro, y en su compromiso con la profesionalizaci\u00f3n del sector, facilitar\u00e1 la participaci\u00f3n institucional, de colegios profesionales y la de centros educativos de formaci\u00f3n profesional, teniendo la oportunidad de contar con sus alumnos y docentes<strong> instalando los materiales de los expositores durante el evento<\/strong>.<\/p>\n<p>El acceso de visitantes a la feria es para todos los p\u00fablicos y <strong>gratuito,<\/strong> bajo la inscripci\u00f3n previa en la web <a href=\"http:\/\/www.feriadip.com\"><strong>www.feriadip.com<\/strong><\/a>, a trav\u00e9s de la <a href=\"https:\/\/www.adip-as.com\/app-institucional\/\"><strong>APP<\/strong><\/a> o en la propia entrada del recinto.<\/p>\n<p>Asistir a <a href=\"https:\/\/www.feriadip.com\/\"><strong>FERIAD\u2019IP<\/strong><\/a> es interesante tanto para el profesional como para todos los p\u00fablicos, porque en este evento se descubrir\u00e1 <strong>c\u00f3mo mejorar las condiciones de la edificaci\u00f3n y c\u00f3mo rehabilitar<\/strong> con los nuevos recursos que proporcionan los fondos europeos, aportando confort y salud.<\/p>\n<p><strong>FERIAD\u2019IP, Tienes que Estar.<\/strong><\/p>\n","protected":false},"excerpt":{"rendered":"<p>La representaci\u00f3n sectorial de la Instalaci\u00f3n organiza y promueve una importante feria expositiva y de ponencias de \u00e1mbito estatal, en las instalaciones del Recinto Ferial de Gipuzkoa. Los pr\u00f3ximos d\u00edas [&hellip;]<\/p>\n","protected":false},"author":2,"featured_media":11057,"comment_status":"closed","ping_status":"closed","sticky":false,"template":"","format":"standard","meta":{"_et_pb_use_builder":"","_et_pb_old_content":"","_et_gb_content_width":"","footnotes":""},"categories":[3],"tags":[313,314,317,309,321,323,312,319,310,320,318,315,322,316,311],"class_list":["post-11056","post","type-post","status-publish","format-standard","has-post-thumbnail","hentry","category-eventos-y-ferias","tag-aislamientos-termicos","tag-aislamientos-y-acondicionamientos-acusticos","tag-con-soluciones-para-la-rehabilitacion","tag-construccion","tag-corte","tag-elevacion","tag-falsos-techos","tag-fijacion","tag-instalacion","tag-nivelacion","tag-obra-nueva","tag-proteccion-pasiva-contra-el-fuego","tag-proyeccionpulverizacion","tag-revestimientos-impermeabilizantes-y-revestimientos-decorativos","tag-sistemas-de-construccion-seca"],"yoast_head":"<!-- This site is optimized with the Yoast SEO plugin v26.8 - https:\/\/yoast.com\/product\/yoast-seo-wordpress\/ -->\n<title>FERIAD\u2019IP Edici\u00f3n 2022, la consolidaci\u00f3n de un gran punto de encuentro para el sector - Ficoba<\/title>\n<meta name=\"robots\" content=\"index, follow, max-snippet:-1, max-image-preview:large, max-video-preview:-1\" \/>\n<link rel=\"canonical\" href=\"https:\/\/www.ficoba.org\/es\/feriadip-edicion-2022-la-consolidacion-de-un-gran-punto-de-encuentro-para-el-sector\/\" \/>\n<meta name=\"twitter:label1\" content=\"Escrito por\" \/>\n\t<meta name=\"twitter:data1\" content=\"ficoba\" \/>\n\t<meta name=\"twitter:label2\" content=\"Tiempo de lectura\" \/>\n\t<meta name=\"twitter:data2\" content=\"3 minutos\" \/>\n<script type=\"application\/ld+json\" class=\"yoast-schema-graph\">{\"@context\":\"https:\/\/schema.org\",\"@graph\":[{\"@type\":\"Article\",\"@id\":\"https:\/\/www.ficoba.org\/es\/feriadip-edicion-2022-la-consolidacion-de-un-gran-punto-de-encuentro-para-el-sector\/#article\",\"isPartOf\":{\"@id\":\"https:\/\/www.ficoba.org\/es\/feriadip-edicion-2022-la-consolidacion-de-un-gran-punto-de-encuentro-para-el-sector\/\"},\"author\":{\"name\":\"ficoba\",\"@id\":\"https:\/\/www.ficoba.org\/es\/#\/schema\/person\/8a96a121e5dbd393e6e6b5a7ee7ed407\"},\"headline\":\"FERIAD\u2019IP Edici\u00f3n 2022, la consolidaci\u00f3n de un gran punto de encuentro para el sector\",\"datePublished\":\"2022-10-10T11:41:02+00:00\",\"mainEntityOfPage\":{\"@id\":\"https:\/\/www.ficoba.org\/es\/feriadip-edicion-2022-la-consolidacion-de-un-gran-punto-de-encuentro-para-el-sector\/\"},\"wordCount\":570,\"publisher\":{\"@id\":\"https:\/\/www.ficoba.org\/es\/#organization\"},\"image\":{\"@id\":\"https:\/\/www.ficoba.org\/es\/feriadip-edicion-2022-la-consolidacion-de-un-gran-punto-de-encuentro-para-el-sector\/#primaryimage\"},\"thumbnailUrl\":\"https:\/\/www.ficoba.org\/wp-content\/uploads\/2022\/10\/FERIADIP-CARTEL-PUBLICACION-16-9-QR-INNCRIPCION-copia-scaled.jpg\",\"keywords\":[\"Aislamientos T\u00e9rmicos\",\"Aislamientos y Acondicionamientos Ac\u00fasticos\",\"con soluciones para la rehabilitaci\u00f3n\",\"construcci\u00f3n\",\"Corte\",\"Elevaci\u00f3n\",\"Falsos Techos\",\"Fijaci\u00f3n\",\"instalaci\u00f3n\",\"Nivelaci\u00f3n\",\"obra nueva\",\"Protecci\u00f3n Pasiva Contra el Fuego\",\"Proyecci\u00f3n;Pulverizaci\u00f3n\",\"Revestimientos Impermeabilizantes y Revestimientos Decorativos\",\"Sistemas de Construcci\u00f3n Seca\"],\"articleSection\":[\"Eventos y ferias\"],\"inLanguage\":\"es\"},{\"@type\":\"WebPage\",\"@id\":\"https:\/\/www.ficoba.org\/es\/feriadip-edicion-2022-la-consolidacion-de-un-gran-punto-de-encuentro-para-el-sector\/\",\"url\":\"https:\/\/www.ficoba.org\/es\/feriadip-edicion-2022-la-consolidacion-de-un-gran-punto-de-encuentro-para-el-sector\/\",\"name\":\"FERIAD\u2019IP Edici\u00f3n 2022, la consolidaci\u00f3n de un gran punto de encuentro para el sector - Ficoba\",\"isPartOf\":{\"@id\":\"https:\/\/www.ficoba.org\/es\/#website\"},\"primaryImageOfPage\":{\"@id\":\"https:\/\/www.ficoba.org\/es\/feriadip-edicion-2022-la-consolidacion-de-un-gran-punto-de-encuentro-para-el-sector\/#primaryimage\"},\"image\":{\"@id\":\"https:\/\/www.ficoba.org\/es\/feriadip-edicion-2022-la-consolidacion-de-un-gran-punto-de-encuentro-para-el-sector\/#primaryimage\"},\"thumbnailUrl\":\"https:\/\/www.ficoba.org\/wp-content\/uploads\/2022\/10\/FERIADIP-CARTEL-PUBLICACION-16-9-QR-INNCRIPCION-copia-scaled.jpg\",\"datePublished\":\"2022-10-10T11:41:02+00:00\",\"breadcrumb\":{\"@id\":\"https:\/\/www.ficoba.org\/es\/feriadip-edicion-2022-la-consolidacion-de-un-gran-punto-de-encuentro-para-el-sector\/#breadcrumb\"},\"inLanguage\":\"es\",\"potentialAction\":[{\"@type\":\"ReadAction\",\"target\":[\"https:\/\/www.ficoba.org\/es\/feriadip-edicion-2022-la-consolidacion-de-un-gran-punto-de-encuentro-para-el-sector\/\"]}]},{\"@type\":\"ImageObject\",\"inLanguage\":\"es\",\"@id\":\"https:\/\/www.ficoba.org\/es\/feriadip-edicion-2022-la-consolidacion-de-un-gran-punto-de-encuentro-para-el-sector\/#primaryimage\",\"url\":\"https:\/\/www.ficoba.org\/wp-content\/uploads\/2022\/10\/FERIADIP-CARTEL-PUBLICACION-16-9-QR-INNCRIPCION-copia-scaled.jpg\",\"contentUrl\":\"https:\/\/www.ficoba.org\/wp-content\/uploads\/2022\/10\/FERIADIP-CARTEL-PUBLICACION-16-9-QR-INNCRIPCION-copia-scaled.jpg\",\"width\":2560,\"height\":1440},{\"@type\":\"BreadcrumbList\",\"@id\":\"https:\/\/www.ficoba.org\/es\/feriadip-edicion-2022-la-consolidacion-de-un-gran-punto-de-encuentro-para-el-sector\/#breadcrumb\",\"itemListElement\":[{\"@type\":\"ListItem\",\"position\":1,\"name\":\"Portada\",\"item\":\"https:\/\/www.ficoba.org\/es\/\"},{\"@type\":\"ListItem\",\"position\":2,\"name\":\"FERIAD\u2019IP Edici\u00f3n 2022, la consolidaci\u00f3n de un gran punto de encuentro para el sector\"}]},{\"@type\":\"WebSite\",\"@id\":\"https:\/\/www.ficoba.org\/es\/#website\",\"url\":\"https:\/\/www.ficoba.org\/es\/\",\"name\":\"Ficoba, Recinto Ferial de Gipuzkoa\",\"description\":\"Ficoba, recinto ferial de Gipuzkoa\",\"publisher\":{\"@id\":\"https:\/\/www.ficoba.org\/es\/#organization\"},\"alternateName\":\"Ficoba\",\"potentialAction\":[{\"@type\":\"SearchAction\",\"target\":{\"@type\":\"EntryPoint\",\"urlTemplate\":\"https:\/\/www.ficoba.org\/es\/?s={search_term_string}\"},\"query-input\":{\"@type\":\"PropertyValueSpecification\",\"valueRequired\":true,\"valueName\":\"search_term_string\"}}],\"inLanguage\":\"es\"},{\"@type\":\"Organization\",\"@id\":\"https:\/\/www.ficoba.org\/es\/#organization\",\"name\":\"Ficoba, Reciento Ferial de Gipuzkoa\",\"url\":\"https:\/\/www.ficoba.org\/es\/\",\"logo\":{\"@type\":\"ImageObject\",\"inLanguage\":\"es\",\"@id\":\"https:\/\/www.ficoba.org\/es\/#\/schema\/logo\/image\/\",\"url\":\"https:\/\/www.ficoba.org\/wp-content\/uploads\/2018\/11\/logo_ficoba.png\",\"contentUrl\":\"https:\/\/www.ficoba.org\/wp-content\/uploads\/2018\/11\/logo_ficoba.png\",\"width\":200,\"height\":124,\"caption\":\"Ficoba, Reciento Ferial de Gipuzkoa\"},\"image\":{\"@id\":\"https:\/\/www.ficoba.org\/es\/#\/schema\/logo\/image\/\"},\"sameAs\":[\"https:\/\/www.facebook.com\/FICOBAFUNDAZIOA\/\",\"https:\/\/x.com\/FicobaFundazioa\",\"https:\/\/www.youtube.com\/channel\/UCvo2JGluemyCf5KPRmEF9JQ\",\"https:\/\/www.linkedin.com\/company\/ficoba\/\",\"https:\/\/www.instagram.com\/ficobafundazioa\/\"]},{\"@type\":\"Person\",\"@id\":\"https:\/\/www.ficoba.org\/es\/#\/schema\/person\/8a96a121e5dbd393e6e6b5a7ee7ed407\",\"name\":\"ficoba\",\"image\":{\"@type\":\"ImageObject\",\"inLanguage\":\"es\",\"@id\":\"https:\/\/www.ficoba.org\/es\/#\/schema\/person\/image\/\",\"url\":\"https:\/\/secure.gravatar.com\/avatar\/c90cc0e07f75fecbe4165c1906a4cd61b0179a28caae2205d37516e4fb7c30c1?s=96&d=mm&r=g\",\"contentUrl\":\"https:\/\/secure.gravatar.com\/avatar\/c90cc0e07f75fecbe4165c1906a4cd61b0179a28caae2205d37516e4fb7c30c1?s=96&d=mm&r=g\",\"caption\":\"ficoba\"}}]}<\/script>\n<!-- \/ Yoast SEO plugin. -->","yoast_head_json":{"title":"FERIAD\u2019IP Edici\u00f3n 2022, la consolidaci\u00f3n de un gran punto de encuentro para el sector - Ficoba","robots":{"index":"index","follow":"follow","max-snippet":"max-snippet:-1","max-image-preview":"max-image-preview:large","max-video-preview":"max-video-preview:-1"},"canonical":"https:\/\/www.ficoba.org\/es\/feriadip-edicion-2022-la-consolidacion-de-un-gran-punto-de-encuentro-para-el-sector\/","twitter_misc":{"Escrito por":"ficoba","Tiempo de lectura":"3 minutos"},"schema":{"@context":"https:\/\/schema.org","@graph":[{"@type":"Article","@id":"https:\/\/www.ficoba.org\/es\/feriadip-edicion-2022-la-consolidacion-de-un-gran-punto-de-encuentro-para-el-sector\/#article","isPartOf":{"@id":"https:\/\/www.ficoba.org\/es\/feriadip-edicion-2022-la-consolidacion-de-un-gran-punto-de-encuentro-para-el-sector\/"},"author":{"name":"ficoba","@id":"https:\/\/www.ficoba.org\/es\/#\/schema\/person\/8a96a121e5dbd393e6e6b5a7ee7ed407"},"headline":"FERIAD\u2019IP Edici\u00f3n 2022, la consolidaci\u00f3n de un gran punto de encuentro para el sector","datePublished":"2022-10-10T11:41:02+00:00","mainEntityOfPage":{"@id":"https:\/\/www.ficoba.org\/es\/feriadip-edicion-2022-la-consolidacion-de-un-gran-punto-de-encuentro-para-el-sector\/"},"wordCount":570,"publisher":{"@id":"https:\/\/www.ficoba.org\/es\/#organization"},"image":{"@id":"https:\/\/www.ficoba.org\/es\/feriadip-edicion-2022-la-consolidacion-de-un-gran-punto-de-encuentro-para-el-sector\/#primaryimage"},"thumbnailUrl":"https:\/\/www.ficoba.org\/wp-content\/uploads\/2022\/10\/FERIADIP-CARTEL-PUBLICACION-16-9-QR-INNCRIPCION-copia-scaled.jpg","keywords":["Aislamientos T\u00e9rmicos","Aislamientos y Acondicionamientos Ac\u00fasticos","con soluciones para la rehabilitaci\u00f3n","construcci\u00f3n","Corte","Elevaci\u00f3n","Falsos Techos","Fijaci\u00f3n","instalaci\u00f3n","Nivelaci\u00f3n","obra nueva","Protecci\u00f3n Pasiva Contra el Fuego","Proyecci\u00f3n;Pulverizaci\u00f3n","Revestimientos Impermeabilizantes y Revestimientos Decorativos","Sistemas de Construcci\u00f3n Seca"],"articleSection":["Eventos y ferias"],"inLanguage":"es"},{"@type":"WebPage","@id":"https:\/\/www.ficoba.org\/es\/feriadip-edicion-2022-la-consolidacion-de-un-gran-punto-de-encuentro-para-el-sector\/","url":"https:\/\/www.ficoba.org\/es\/feriadip-edicion-2022-la-consolidacion-de-un-gran-punto-de-encuentro-para-el-sector\/","name":"FERIAD\u2019IP Edici\u00f3n 2022, la consolidaci\u00f3n de un gran punto de encuentro para el sector - Ficoba","isPartOf":{"@id":"https:\/\/www.ficoba.org\/es\/#website"},"primaryImageOfPage":{"@id":"https:\/\/www.ficoba.org\/es\/feriadip-edicion-2022-la-consolidacion-de-un-gran-punto-de-encuentro-para-el-sector\/#primaryimage"},"image":{"@id":"https:\/\/www.ficoba.org\/es\/feriadip-edicion-2022-la-consolidacion-de-un-gran-punto-de-encuentro-para-el-sector\/#primaryimage"},"thumbnailUrl":"https:\/\/www.ficoba.org\/wp-content\/uploads\/2022\/10\/FERIADIP-CARTEL-PUBLICACION-16-9-QR-INNCRIPCION-copia-scaled.jpg","datePublished":"2022-10-10T11:41:02+00:00","breadcrumb":{"@id":"https:\/\/www.ficoba.org\/es\/feriadip-edicion-2022-la-consolidacion-de-un-gran-punto-de-encuentro-para-el-sector\/#breadcrumb"},"inLanguage":"es","potentialAction":[{"@type":"ReadAction","target":["https:\/\/www.ficoba.org\/es\/feriadip-edicion-2022-la-consolidacion-de-un-gran-punto-de-encuentro-para-el-sector\/"]}]},{"@type":"ImageObject","inLanguage":"es","@id":"https:\/\/www.ficoba.org\/es\/feriadip-edicion-2022-la-consolidacion-de-un-gran-punto-de-encuentro-para-el-sector\/#primaryimage","url":"https:\/\/www.ficoba.org\/wp-content\/uploads\/2022\/10\/FERIADIP-CARTEL-PUBLICACION-16-9-QR-INNCRIPCION-copia-scaled.jpg","contentUrl":"https:\/\/www.ficoba.org\/wp-content\/uploads\/2022\/10\/FERIADIP-CARTEL-PUBLICACION-16-9-QR-INNCRIPCION-copia-scaled.jpg","width":2560,"height":1440},{"@type":"BreadcrumbList","@id":"https:\/\/www.ficoba.org\/es\/feriadip-edicion-2022-la-consolidacion-de-un-gran-punto-de-encuentro-para-el-sector\/#breadcrumb","itemListElement":[{"@type":"ListItem","position":1,"name":"Portada","item":"https:\/\/www.ficoba.org\/es\/"},{"@type":"ListItem","position":2,"name":"FERIAD\u2019IP Edici\u00f3n 2022, la consolidaci\u00f3n de un gran punto de encuentro para el sector"}]},{"@type":"WebSite","@id":"https:\/\/www.ficoba.org\/es\/#website","url":"https:\/\/www.ficoba.org\/es\/","name":"Ficoba, Recinto Ferial de Gipuzkoa","description":"Ficoba, recinto ferial de Gipuzkoa","publisher":{"@id":"https:\/\/www.ficoba.org\/es\/#organization"},"alternateName":"Ficoba","potentialAction":[{"@type":"SearchAction","target":{"@type":"EntryPoint","urlTemplate":"https:\/\/www.ficoba.org\/es\/?s={search_term_string}"},"query-input":{"@type":"PropertyValueSpecification","valueRequired":true,"valueName":"search_term_string"}}],"inLanguage":"es"},{"@type":"Organization","@id":"https:\/\/www.ficoba.org\/es\/#organization","name":"Ficoba, Reciento Ferial de Gipuzkoa","url":"https:\/\/www.ficoba.org\/es\/","logo":{"@type":"ImageObject","inLanguage":"es","@id":"https:\/\/www.ficoba.org\/es\/#\/schema\/logo\/image\/","url":"https:\/\/www.ficoba.org\/wp-content\/uploads\/2018\/11\/logo_ficoba.png","contentUrl":"https:\/\/www.ficoba.org\/wp-content\/uploads\/2018\/11\/logo_ficoba.png","width":200,"height":124,"caption":"Ficoba, Reciento Ferial de Gipuzkoa"},"image":{"@id":"https:\/\/www.ficoba.org\/es\/#\/schema\/logo\/image\/"},"sameAs":["https:\/\/www.facebook.com\/FICOBAFUNDAZIOA\/","https:\/\/x.com\/FicobaFundazioa","https:\/\/www.youtube.com\/channel\/UCvo2JGluemyCf5KPRmEF9JQ","https:\/\/www.linkedin.com\/company\/ficoba\/","https:\/\/www.instagram.com\/ficobafundazioa\/"]},{"@type":"Person","@id":"https:\/\/www.ficoba.org\/es\/#\/schema\/person\/8a96a121e5dbd393e6e6b5a7ee7ed407","name":"ficoba","image":{"@type":"ImageObject","inLanguage":"es","@id":"https:\/\/www.ficoba.org\/es\/#\/schema\/person\/image\/","url":"https:\/\/secure.gravatar.com\/avatar\/c90cc0e07f75fecbe4165c1906a4cd61b0179a28caae2205d37516e4fb7c30c1?s=96&d=mm&r=g","contentUrl":"https:\/\/secure.gravatar.com\/avatar\/c90cc0e07f75fecbe4165c1906a4cd61b0179a28caae2205d37516e4fb7c30c1?s=96&d=mm&r=g","caption":"ficoba"}}]}},"_links":{"self":[{"href":"https:\/\/www.ficoba.org\/es\/wp-json\/wp\/v2\/posts\/11056","targetHints":{"allow":["GET"]}}],"collection":[{"href":"https:\/\/www.ficoba.org\/es\/wp-json\/wp\/v2\/posts"}],"about":[{"href":"https:\/\/www.ficoba.org\/es\/wp-json\/wp\/v2\/types\/post"}],"author":[{"embeddable":true,"href":"https:\/\/www.ficoba.org\/es\/wp-json\/wp\/v2\/users\/2"}],"replies":[{"embeddable":true,"href":"https:\/\/www.ficoba.org\/es\/wp-json\/wp\/v2\/comments?post=11056"}],"version-history":[{"count":1,"href":"https:\/\/www.ficoba.org\/es\/wp-json\/wp\/v2\/posts\/11056\/revisions"}],"predecessor-version":[{"id":11061,"href":"https:\/\/www.ficoba.org\/es\/wp-json\/wp\/v2\/posts\/11056\/revisions\/11061"}],"wp:featuredmedia":[{"embeddable":true,"href":"https:\/\/www.ficoba.org\/es\/wp-json\/wp\/v2\/media\/11057"}],"wp:attachment":[{"href":"https:\/\/www.ficoba.org\/es\/wp-json\/wp\/v2\/media?parent=11056"}],"wp:term":[{"taxonomy":"category","embeddable":true,"href":"https:\/\/www.ficoba.org\/es\/wp-json\/wp\/v2\/categories?post=11056"},{"taxonomy":"post_tag","embeddable":true,"href":"https:\/\/www.ficoba.org\/es\/wp-json\/wp\/v2\/tags?post=11056"}],"curies":[{"name":"wp","href":"https:\/\/api.w.org\/{rel}","templated":true}]}}