{"id":11021,"date":"2022-09-28T12:16:55","date_gmt":"2022-09-28T10:16:55","guid":{"rendered":"https:\/\/www.ficoba.org\/?p=11021"},"modified":"2022-09-28T12:16:55","modified_gmt":"2022-09-28T10:16:55","slug":"jornadas-sobre-cambio-normativo-y-transformacion-urbana-hacia-unas-ciudades-mas-sostenibles","status":"publish","type":"post","link":"https:\/\/www.ficoba.org\/es\/jornadas-sobre-cambio-normativo-y-transformacion-urbana-hacia-unas-ciudades-mas-sostenibles\/","title":{"rendered":"Jornadas sobre cambio normativo y transformaci\u00f3n urbana: hacia unas ciudades m\u00e1s sostenibles"},"content":{"rendered":"<p><strong>\u00a0<\/strong><\/p>\n<ul>\n<li><strong>El encuentro, impulsado por el Ayuntamiento de Irun, tendr\u00e1 lugar en Ficoba el 5 y 6 de octubre<\/strong><\/li>\n<\/ul>\n<ul>\n<li><strong>Mar\u00eda Jos\u00e9 Rallo, secretaria general de Transportes y Movilidad, Ministerio de Transportes, Movilidad y Agenda Urbana, inauguraci\u00f3n y Pere Navarro, director general de la DGT acompa\u00f1ar\u00e1n al alcalde de Irun en los actos de inauguraci\u00f3n y clausura, respectivamente<\/strong><\/li>\n<\/ul>\n<ul>\n<li><strong>El programa completo ya se puede consultar en la p\u00e1gina web www.jornadastransformacionurbana.org\/programa\/<\/strong><\/li>\n<\/ul>\n<p><strong>\u00a0<\/strong>Los cambios normativos, como las zonas de bajas emisiones (ZBE) y la Ley de Movilidad Sostenible y Financiaci\u00f3n del Transporte, est\u00e1n acelerando la transici\u00f3n hacia unas ciudades cada vez m\u00e1s sostenibles. Una nueva realidad del entorno urbano que afecta a instituciones, empresas y profesionales, y a la ciudadan\u00eda.<\/p>\n<p>Por ello, estas Jornadas sobre cambio normativo y transformaci\u00f3n urbana, impulsadas por el ayuntamiento de Irun en colaboraci\u00f3n con la FEMP (Federaci\u00f3n Espa\u00f1ola de Municipios y Provincias), adem\u00e1s de abordar contenidos especializados relacionados con la movilidad, la crisis clim\u00e1tica y la transici\u00f3n energ\u00e9tica, tambi\u00e9n abrir\u00e1n un espacio para tratar temas especialmente ligados al d\u00eda a d\u00eda de los ciudadanos.<\/p>\n<p>El alcalde de Irun, Jos\u00e9 Antonio Santano, hablaba de ese doble objetivo: \u00ab<em>Las jornadas van a tener una parte m\u00e1s t\u00e9cnica en el que repasaremos el gran reto que la movilidad supone para nuestras ciudades y los cambios a los que nos vamos a tener que enfrentar. Pero todos estos cambios solo se pueden hacer con la ciudadan\u00eda y por eso tambi\u00e9n es importante socializar c\u00f3mo tienen que ser esos espacios sostenibles, qu\u00e9 cambios y que beneficios nos traen, etc<\/em>. y las jornadas tendr\u00e1n charlas muy interesantes para la ciudadan\u00eda\u00bb.<\/p>\n<p>As\u00ed, el p\u00fablico general est\u00e1 invitado a asistir en el Auditorio de Ficoba a dos conferencias en las que se tratar\u00e1n temas como la nueva movilidad en las ciudades y su impacto positivo en el comercio o c\u00f3mo decidir la compra de un nuevo veh\u00edculo y el impacto de las nuevas normativas en la decisi\u00f3n.<\/p>\n<p><strong>Un programa profesional para debatir y reflexionar<\/strong><\/p>\n<p>El grueso del programa se ha dise\u00f1ado para que representantes municipales, de instituciones p\u00fablicas, empresas p\u00fablicas de transporte y operadores de transporte de todo el Estado reflexionen y debatan, a trav\u00e9s de los casos de uso que se est\u00e1n implantado en diversas ciudades y de la aportaci\u00f3n de expertos, en torno a los desaf\u00edos y oportunidades que las nuevas normativas suponen para las urbes.<\/p>\n<p>Las personas encargadas de mostrar esos casos de uso ser\u00e1n, adem\u00e1s de representantes municipales e institucionales, expertos en movilidad sostenible, expertos en soluciones tecnol\u00f3gicas y expertos en financiaci\u00f3n y gesti\u00f3n de fondos estatales y europeos.<\/p>\n<p>Los temas que se abordar\u00e1n son muchos y variados. En la primera jornada del mi\u00e9rcoles 5 de octubre los contenidos girar\u00e1n en torno a los modos de transporte urbano sostenibles y la trasformaci\u00f3n urbana: \u00a0una gu\u00eda para la introducci\u00f3n de criterios de seguridad vial en la redacci\u00f3n de los planes de movilidad urbana sostenible; la financiaci\u00f3n del transporte p\u00fablico urbano y la determinaci\u00f3n de las tarifas, Las Zonas de Bajas Emisiones en el marco de la Ley de Cambio Clim\u00e1tico y Transici\u00f3n Energ\u00e9tica; y un debate del Borrador de la Propuesta de Ordenanza Tipo de la FEMP sobre la creaci\u00f3n y gesti\u00f3n de las Zonas de Bajas Emisiones (ZBE).<\/p>\n<p>El jueves 6 de octubre el protagonismo ser\u00e1 para la participaci\u00f3n y colaboraci\u00f3n ciudadana en los nuevos retos de movilidad, el Plan de Movilidad Urbana Sostenible (PMUS) de Irun y La infraestructura urbana de la recarga del veh\u00edculo el\u00e9ctrico.<\/p>\n<p>La ponencia de clausura correr\u00e1 a cargo de Pere Navarro, director general de la DGT.<\/p>\n<p>Por otra parte, cabe resaltar que en el marco de las jornadas la FEMP celebrar\u00e1 su comisi\u00f3n de Movilidad, en las que presentar\u00e1 y dar\u00e1 el visto bueno al modelo de ordenanza tipo para las zonas de bajas emisiones.<\/p>\n<p><strong>Sesi\u00f3n inaugural y acto de clausura<\/strong><\/p>\n<p>La inauguraci\u00f3n de estas primeras Jornadas de cambio normativo y transformaci\u00f3n urbana tendr\u00e1 lugar el mi\u00e9rcoles 5 de octubre a las 09.00 horas con la participaci\u00f3n de Jos\u00e9 Antonio Santano, alcalde de Irun; Mar\u00eda Jos\u00e9 Rallo, secretaria general de Transportes y Movilidad, Ministerio de Transportes, Movilidad y Agenda Urbana; y Rafaela Romero, Diputada de Movilidad y Ordenaci\u00f3n del Territorio, de la Diputaci\u00f3n Foral de Gipuzkoa.<\/p>\n<p>&nbsp;<\/p>\n<p>El acto de clausura se celebrar\u00e1 el jueves 6 de octubre a las 13.50. En esta ocasi\u00f3n, el alcalde Irun estar\u00e1 acompa\u00f1ado por el director general de la DGT, Pere Navarro.<\/p>\n<p>&nbsp;<\/p>\n<p>&nbsp;<\/p>\n<p><strong>M\u00e1s informaci\u00f3n: https:\/\/www.jornadastransformacionurbana.org\/<\/strong><\/p>\n","protected":false},"excerpt":{"rendered":"<p>\u00a0 El encuentro, impulsado por el Ayuntamiento de Irun, tendr\u00e1 lugar en Ficoba el 5 y 6 de octubre Mar\u00eda Jos\u00e9 Rallo, secretaria general de Transportes y Movilidad, Ministerio de [&hellip;]<\/p>\n","protected":false},"author":2,"featured_media":11022,"comment_status":"closed","ping_status":"closed","sticky":false,"template":"","format":"standard","meta":{"_et_pb_use_builder":"","_et_pb_old_content":"","_et_gb_content_width":"","footnotes":""},"categories":[3],"tags":[307,308,53,306,305],"class_list":["post-11021","post","type-post","status-publish","format-standard","has-post-thumbnail","hentry","category-eventos-y-ferias","tag-ayuntamiento-de-irun","tag-femp","tag-ficoba-2","tag-movilidad-sosytenible","tag-zonas-de-bajas-emisiones"],"yoast_head":"<!-- This site is optimized with the Yoast SEO plugin v26.8 - https:\/\/yoast.com\/product\/yoast-seo-wordpress\/ -->\n<title>Jornadas sobre cambio normativo y transformaci\u00f3n urbana: hacia unas ciudades m\u00e1s sostenibles - Ficoba<\/title>\n<meta name=\"robots\" content=\"index, follow, max-snippet:-1, max-image-preview:large, max-video-preview:-1\" \/>\n<link rel=\"canonical\" href=\"https:\/\/www.ficoba.org\/es\/jornadas-sobre-cambio-normativo-y-transformacion-urbana-hacia-unas-ciudades-mas-sostenibles\/\" \/>\n<meta name=\"twitter:label1\" content=\"Escrito por\" \/>\n\t<meta name=\"twitter:data1\" content=\"ficoba\" \/>\n\t<meta name=\"twitter:label2\" content=\"Tiempo de lectura\" \/>\n\t<meta name=\"twitter:data2\" content=\"4 minutos\" \/>\n<script type=\"application\/ld+json\" class=\"yoast-schema-graph\">{\"@context\":\"https:\/\/schema.org\",\"@graph\":[{\"@type\":\"Article\",\"@id\":\"https:\/\/www.ficoba.org\/es\/jornadas-sobre-cambio-normativo-y-transformacion-urbana-hacia-unas-ciudades-mas-sostenibles\/#article\",\"isPartOf\":{\"@id\":\"https:\/\/www.ficoba.org\/es\/jornadas-sobre-cambio-normativo-y-transformacion-urbana-hacia-unas-ciudades-mas-sostenibles\/\"},\"author\":{\"name\":\"ficoba\",\"@id\":\"https:\/\/www.ficoba.org\/es\/#\/schema\/person\/8a96a121e5dbd393e6e6b5a7ee7ed407\"},\"headline\":\"Jornadas sobre cambio normativo y transformaci\u00f3n urbana: hacia unas ciudades m\u00e1s sostenibles\",\"datePublished\":\"2022-09-28T10:16:55+00:00\",\"mainEntityOfPage\":{\"@id\":\"https:\/\/www.ficoba.org\/es\/jornadas-sobre-cambio-normativo-y-transformacion-urbana-hacia-unas-ciudades-mas-sostenibles\/\"},\"wordCount\":827,\"publisher\":{\"@id\":\"https:\/\/www.ficoba.org\/es\/#organization\"},\"image\":{\"@id\":\"https:\/\/www.ficoba.org\/es\/jornadas-sobre-cambio-normativo-y-transformacion-urbana-hacia-unas-ciudades-mas-sostenibles\/#primaryimage\"},\"thumbnailUrl\":\"https:\/\/www.ficoba.org\/wp-content\/uploads\/2022\/09\/Jornadas-1-scaled.jpg\",\"keywords\":[\"ayuntamiento de irun\",\"FEMP\",\"Ficoba\",\"movilidad sosytenible\",\"zonas de bajas emisiones\"],\"articleSection\":[\"Eventos y ferias\"],\"inLanguage\":\"es\"},{\"@type\":\"WebPage\",\"@id\":\"https:\/\/www.ficoba.org\/es\/jornadas-sobre-cambio-normativo-y-transformacion-urbana-hacia-unas-ciudades-mas-sostenibles\/\",\"url\":\"https:\/\/www.ficoba.org\/es\/jornadas-sobre-cambio-normativo-y-transformacion-urbana-hacia-unas-ciudades-mas-sostenibles\/\",\"name\":\"Jornadas sobre cambio normativo y transformaci\u00f3n urbana: hacia unas ciudades m\u00e1s sostenibles - Ficoba\",\"isPartOf\":{\"@id\":\"https:\/\/www.ficoba.org\/es\/#website\"},\"primaryImageOfPage\":{\"@id\":\"https:\/\/www.ficoba.org\/es\/jornadas-sobre-cambio-normativo-y-transformacion-urbana-hacia-unas-ciudades-mas-sostenibles\/#primaryimage\"},\"image\":{\"@id\":\"https:\/\/www.ficoba.org\/es\/jornadas-sobre-cambio-normativo-y-transformacion-urbana-hacia-unas-ciudades-mas-sostenibles\/#primaryimage\"},\"thumbnailUrl\":\"https:\/\/www.ficoba.org\/wp-content\/uploads\/2022\/09\/Jornadas-1-scaled.jpg\",\"datePublished\":\"2022-09-28T10:16:55+00:00\",\"breadcrumb\":{\"@id\":\"https:\/\/www.ficoba.org\/es\/jornadas-sobre-cambio-normativo-y-transformacion-urbana-hacia-unas-ciudades-mas-sostenibles\/#breadcrumb\"},\"inLanguage\":\"es\",\"potentialAction\":[{\"@type\":\"ReadAction\",\"target\":[\"https:\/\/www.ficoba.org\/es\/jornadas-sobre-cambio-normativo-y-transformacion-urbana-hacia-unas-ciudades-mas-sostenibles\/\"]}]},{\"@type\":\"ImageObject\",\"inLanguage\":\"es\",\"@id\":\"https:\/\/www.ficoba.org\/es\/jornadas-sobre-cambio-normativo-y-transformacion-urbana-hacia-unas-ciudades-mas-sostenibles\/#primaryimage\",\"url\":\"https:\/\/www.ficoba.org\/wp-content\/uploads\/2022\/09\/Jornadas-1-scaled.jpg\",\"contentUrl\":\"https:\/\/www.ficoba.org\/wp-content\/uploads\/2022\/09\/Jornadas-1-scaled.jpg\",\"width\":2560,\"height\":1321},{\"@type\":\"BreadcrumbList\",\"@id\":\"https:\/\/www.ficoba.org\/es\/jornadas-sobre-cambio-normativo-y-transformacion-urbana-hacia-unas-ciudades-mas-sostenibles\/#breadcrumb\",\"itemListElement\":[{\"@type\":\"ListItem\",\"position\":1,\"name\":\"Portada\",\"item\":\"https:\/\/www.ficoba.org\/es\/\"},{\"@type\":\"ListItem\",\"position\":2,\"name\":\"Jornadas sobre cambio normativo y transformaci\u00f3n urbana: hacia unas ciudades m\u00e1s sostenibles\"}]},{\"@type\":\"WebSite\",\"@id\":\"https:\/\/www.ficoba.org\/es\/#website\",\"url\":\"https:\/\/www.ficoba.org\/es\/\",\"name\":\"Ficoba, Recinto Ferial de Gipuzkoa\",\"description\":\"Ficoba, recinto ferial de Gipuzkoa\",\"publisher\":{\"@id\":\"https:\/\/www.ficoba.org\/es\/#organization\"},\"alternateName\":\"Ficoba\",\"potentialAction\":[{\"@type\":\"SearchAction\",\"target\":{\"@type\":\"EntryPoint\",\"urlTemplate\":\"https:\/\/www.ficoba.org\/es\/?s={search_term_string}\"},\"query-input\":{\"@type\":\"PropertyValueSpecification\",\"valueRequired\":true,\"valueName\":\"search_term_string\"}}],\"inLanguage\":\"es\"},{\"@type\":\"Organization\",\"@id\":\"https:\/\/www.ficoba.org\/es\/#organization\",\"name\":\"Ficoba, Reciento Ferial de Gipuzkoa\",\"url\":\"https:\/\/www.ficoba.org\/es\/\",\"logo\":{\"@type\":\"ImageObject\",\"inLanguage\":\"es\",\"@id\":\"https:\/\/www.ficoba.org\/es\/#\/schema\/logo\/image\/\",\"url\":\"https:\/\/www.ficoba.org\/wp-content\/uploads\/2018\/11\/logo_ficoba.png\",\"contentUrl\":\"https:\/\/www.ficoba.org\/wp-content\/uploads\/2018\/11\/logo_ficoba.png\",\"width\":200,\"height\":124,\"caption\":\"Ficoba, Reciento Ferial de Gipuzkoa\"},\"image\":{\"@id\":\"https:\/\/www.ficoba.org\/es\/#\/schema\/logo\/image\/\"},\"sameAs\":[\"https:\/\/www.facebook.com\/FICOBAFUNDAZIOA\/\",\"https:\/\/x.com\/FicobaFundazioa\",\"https:\/\/www.youtube.com\/channel\/UCvo2JGluemyCf5KPRmEF9JQ\",\"https:\/\/www.linkedin.com\/company\/ficoba\/\",\"https:\/\/www.instagram.com\/ficobafundazioa\/\"]},{\"@type\":\"Person\",\"@id\":\"https:\/\/www.ficoba.org\/es\/#\/schema\/person\/8a96a121e5dbd393e6e6b5a7ee7ed407\",\"name\":\"ficoba\",\"image\":{\"@type\":\"ImageObject\",\"inLanguage\":\"es\",\"@id\":\"https:\/\/www.ficoba.org\/es\/#\/schema\/person\/image\/\",\"url\":\"https:\/\/secure.gravatar.com\/avatar\/c90cc0e07f75fecbe4165c1906a4cd61b0179a28caae2205d37516e4fb7c30c1?s=96&d=mm&r=g\",\"contentUrl\":\"https:\/\/secure.gravatar.com\/avatar\/c90cc0e07f75fecbe4165c1906a4cd61b0179a28caae2205d37516e4fb7c30c1?s=96&d=mm&r=g\",\"caption\":\"ficoba\"}}]}<\/script>\n<!-- \/ Yoast SEO plugin. -->","yoast_head_json":{"title":"Jornadas sobre cambio normativo y transformaci\u00f3n urbana: hacia unas ciudades m\u00e1s sostenibles - Ficoba","robots":{"index":"index","follow":"follow","max-snippet":"max-snippet:-1","max-image-preview":"max-image-preview:large","max-video-preview":"max-video-preview:-1"},"canonical":"https:\/\/www.ficoba.org\/es\/jornadas-sobre-cambio-normativo-y-transformacion-urbana-hacia-unas-ciudades-mas-sostenibles\/","twitter_misc":{"Escrito por":"ficoba","Tiempo de lectura":"4 minutos"},"schema":{"@context":"https:\/\/schema.org","@graph":[{"@type":"Article","@id":"https:\/\/www.ficoba.org\/es\/jornadas-sobre-cambio-normativo-y-transformacion-urbana-hacia-unas-ciudades-mas-sostenibles\/#article","isPartOf":{"@id":"https:\/\/www.ficoba.org\/es\/jornadas-sobre-cambio-normativo-y-transformacion-urbana-hacia-unas-ciudades-mas-sostenibles\/"},"author":{"name":"ficoba","@id":"https:\/\/www.ficoba.org\/es\/#\/schema\/person\/8a96a121e5dbd393e6e6b5a7ee7ed407"},"headline":"Jornadas sobre cambio normativo y transformaci\u00f3n urbana: hacia unas ciudades m\u00e1s sostenibles","datePublished":"2022-09-28T10:16:55+00:00","mainEntityOfPage":{"@id":"https:\/\/www.ficoba.org\/es\/jornadas-sobre-cambio-normativo-y-transformacion-urbana-hacia-unas-ciudades-mas-sostenibles\/"},"wordCount":827,"publisher":{"@id":"https:\/\/www.ficoba.org\/es\/#organization"},"image":{"@id":"https:\/\/www.ficoba.org\/es\/jornadas-sobre-cambio-normativo-y-transformacion-urbana-hacia-unas-ciudades-mas-sostenibles\/#primaryimage"},"thumbnailUrl":"https:\/\/www.ficoba.org\/wp-content\/uploads\/2022\/09\/Jornadas-1-scaled.jpg","keywords":["ayuntamiento de irun","FEMP","Ficoba","movilidad sosytenible","zonas de bajas emisiones"],"articleSection":["Eventos y ferias"],"inLanguage":"es"},{"@type":"WebPage","@id":"https:\/\/www.ficoba.org\/es\/jornadas-sobre-cambio-normativo-y-transformacion-urbana-hacia-unas-ciudades-mas-sostenibles\/","url":"https:\/\/www.ficoba.org\/es\/jornadas-sobre-cambio-normativo-y-transformacion-urbana-hacia-unas-ciudades-mas-sostenibles\/","name":"Jornadas sobre cambio normativo y transformaci\u00f3n urbana: hacia unas ciudades m\u00e1s sostenibles - Ficoba","isPartOf":{"@id":"https:\/\/www.ficoba.org\/es\/#website"},"primaryImageOfPage":{"@id":"https:\/\/www.ficoba.org\/es\/jornadas-sobre-cambio-normativo-y-transformacion-urbana-hacia-unas-ciudades-mas-sostenibles\/#primaryimage"},"image":{"@id":"https:\/\/www.ficoba.org\/es\/jornadas-sobre-cambio-normativo-y-transformacion-urbana-hacia-unas-ciudades-mas-sostenibles\/#primaryimage"},"thumbnailUrl":"https:\/\/www.ficoba.org\/wp-content\/uploads\/2022\/09\/Jornadas-1-scaled.jpg","datePublished":"2022-09-28T10:16:55+00:00","breadcrumb":{"@id":"https:\/\/www.ficoba.org\/es\/jornadas-sobre-cambio-normativo-y-transformacion-urbana-hacia-unas-ciudades-mas-sostenibles\/#breadcrumb"},"inLanguage":"es","potentialAction":[{"@type":"ReadAction","target":["https:\/\/www.ficoba.org\/es\/jornadas-sobre-cambio-normativo-y-transformacion-urbana-hacia-unas-ciudades-mas-sostenibles\/"]}]},{"@type":"ImageObject","inLanguage":"es","@id":"https:\/\/www.ficoba.org\/es\/jornadas-sobre-cambio-normativo-y-transformacion-urbana-hacia-unas-ciudades-mas-sostenibles\/#primaryimage","url":"https:\/\/www.ficoba.org\/wp-content\/uploads\/2022\/09\/Jornadas-1-scaled.jpg","contentUrl":"https:\/\/www.ficoba.org\/wp-content\/uploads\/2022\/09\/Jornadas-1-scaled.jpg","width":2560,"height":1321},{"@type":"BreadcrumbList","@id":"https:\/\/www.ficoba.org\/es\/jornadas-sobre-cambio-normativo-y-transformacion-urbana-hacia-unas-ciudades-mas-sostenibles\/#breadcrumb","itemListElement":[{"@type":"ListItem","position":1,"name":"Portada","item":"https:\/\/www.ficoba.org\/es\/"},{"@type":"ListItem","position":2,"name":"Jornadas sobre cambio normativo y transformaci\u00f3n urbana: hacia unas ciudades m\u00e1s sostenibles"}]},{"@type":"WebSite","@id":"https:\/\/www.ficoba.org\/es\/#website","url":"https:\/\/www.ficoba.org\/es\/","name":"Ficoba, Recinto Ferial de Gipuzkoa","description":"Ficoba, recinto ferial de Gipuzkoa","publisher":{"@id":"https:\/\/www.ficoba.org\/es\/#organization"},"alternateName":"Ficoba","potentialAction":[{"@type":"SearchAction","target":{"@type":"EntryPoint","urlTemplate":"https:\/\/www.ficoba.org\/es\/?s={search_term_string}"},"query-input":{"@type":"PropertyValueSpecification","valueRequired":true,"valueName":"search_term_string"}}],"inLanguage":"es"},{"@type":"Organization","@id":"https:\/\/www.ficoba.org\/es\/#organization","name":"Ficoba, Reciento Ferial de Gipuzkoa","url":"https:\/\/www.ficoba.org\/es\/","logo":{"@type":"ImageObject","inLanguage":"es","@id":"https:\/\/www.ficoba.org\/es\/#\/schema\/logo\/image\/","url":"https:\/\/www.ficoba.org\/wp-content\/uploads\/2018\/11\/logo_ficoba.png","contentUrl":"https:\/\/www.ficoba.org\/wp-content\/uploads\/2018\/11\/logo_ficoba.png","width":200,"height":124,"caption":"Ficoba, Reciento Ferial de Gipuzkoa"},"image":{"@id":"https:\/\/www.ficoba.org\/es\/#\/schema\/logo\/image\/"},"sameAs":["https:\/\/www.facebook.com\/FICOBAFUNDAZIOA\/","https:\/\/x.com\/FicobaFundazioa","https:\/\/www.youtube.com\/channel\/UCvo2JGluemyCf5KPRmEF9JQ","https:\/\/www.linkedin.com\/company\/ficoba\/","https:\/\/www.instagram.com\/ficobafundazioa\/"]},{"@type":"Person","@id":"https:\/\/www.ficoba.org\/es\/#\/schema\/person\/8a96a121e5dbd393e6e6b5a7ee7ed407","name":"ficoba","image":{"@type":"ImageObject","inLanguage":"es","@id":"https:\/\/www.ficoba.org\/es\/#\/schema\/person\/image\/","url":"https:\/\/secure.gravatar.com\/avatar\/c90cc0e07f75fecbe4165c1906a4cd61b0179a28caae2205d37516e4fb7c30c1?s=96&d=mm&r=g","contentUrl":"https:\/\/secure.gravatar.com\/avatar\/c90cc0e07f75fecbe4165c1906a4cd61b0179a28caae2205d37516e4fb7c30c1?s=96&d=mm&r=g","caption":"ficoba"}}]}},"_links":{"self":[{"href":"https:\/\/www.ficoba.org\/es\/wp-json\/wp\/v2\/posts\/11021","targetHints":{"allow":["GET"]}}],"collection":[{"href":"https:\/\/www.ficoba.org\/es\/wp-json\/wp\/v2\/posts"}],"about":[{"href":"https:\/\/www.ficoba.org\/es\/wp-json\/wp\/v2\/types\/post"}],"author":[{"embeddable":true,"href":"https:\/\/www.ficoba.org\/es\/wp-json\/wp\/v2\/users\/2"}],"replies":[{"embeddable":true,"href":"https:\/\/www.ficoba.org\/es\/wp-json\/wp\/v2\/comments?post=11021"}],"version-history":[{"count":1,"href":"https:\/\/www.ficoba.org\/es\/wp-json\/wp\/v2\/posts\/11021\/revisions"}],"predecessor-version":[{"id":11026,"href":"https:\/\/www.ficoba.org\/es\/wp-json\/wp\/v2\/posts\/11021\/revisions\/11026"}],"wp:featuredmedia":[{"embeddable":true,"href":"https:\/\/www.ficoba.org\/es\/wp-json\/wp\/v2\/media\/11022"}],"wp:attachment":[{"href":"https:\/\/www.ficoba.org\/es\/wp-json\/wp\/v2\/media?parent=11021"}],"wp:term":[{"taxonomy":"category","embeddable":true,"href":"https:\/\/www.ficoba.org\/es\/wp-json\/wp\/v2\/categories?post=11021"},{"taxonomy":"post_tag","embeddable":true,"href":"https:\/\/www.ficoba.org\/es\/wp-json\/wp\/v2\/tags?post=11021"}],"curies":[{"name":"wp","href":"https:\/\/api.w.org\/{rel}","templated":true}]}}