{"id":10917,"date":"2022-09-14T12:36:37","date_gmt":"2022-09-14T10:36:37","guid":{"rendered":"https:\/\/www.ficoba.org\/?p=10917"},"modified":"2022-09-14T12:36:37","modified_gmt":"2022-09-14T10:36:37","slug":"uhinak-2022-cuando-luchar-contra-el-cambio-climatico-es-una-labor-de-equipo","status":"publish","type":"post","link":"https:\/\/www.ficoba.org\/es\/uhinak-2022-cuando-luchar-contra-el-cambio-climatico-es-una-labor-de-equipo\/","title":{"rendered":"Uhinak 2022: cuando luchar contra el cambio clim\u00e1tico es una labor de equipo"},"content":{"rendered":"<ul>\n<li><strong>La quinta edici\u00f3n del congreso de cambio clim\u00e1tico y litoral se celebrar\u00e1 en Ficoba el 16 y 17 de noviembre con la participaci\u00f3n de m\u00e1s de 150 expertos y congresistas<\/strong><\/li>\n<\/ul>\n<p><em>\u00a0<\/em>El congreso Uhinak, impulsado por Ficoba y el centro tecnol\u00f3gico AZTI, celebra su quinta edici\u00f3n en Ficoba con el lema \u201cNos movemos para actuar y comunicar ante la emergencia clim\u00e1tica\u201d.<\/p>\n<p>El cambio clim\u00e1tico desde los inicios de este congreso en 2015 se ha trasformado en emergencia clim\u00e1tica. Se ha convertido en una realidad urgente frente a la que hay que empezar a tomar decisiones y, por supuesto, planificarlas.<\/p>\n<p>Los grandes retos previos para articular medidas eficaces, como se coment\u00f3 en la anterior edici\u00f3n de Uhinak celebrada en 2020, son dos: adquirir conocimiento y trasladarlo hasta los \u00e1mbitos en los que se toman las decisiones y a la propia ciudadan\u00eda.<\/p>\n<p>Y ah\u00ed Uhinak tiene un importante papel que jugar como un espacio en el que se encuentran, debaten y reflexionan todos los actores que tienen que unir fuerzas y trabajar conjuntamente para hacer frente al desaf\u00edo del cambio clim\u00e1tico: representantes del sector p\u00fablico, de la pol\u00edtica, de la empresa, del periodismo, t\u00e9cnicos, expertos de centros tecnol\u00f3gicos y de investigaci\u00f3n.<\/p>\n<p>Todos ellos volver\u00e1n a reunirse en Ficoba, en esta ocasi\u00f3n en formato presencial, el 16 y 17 de noviembre para sumar fuerzas, trabajar en equipo y avanzar en la toma de medidas y decisiones para frenar ese cambio clim\u00e1tico que ya hemos empezado a percibir como una seria amenaza.<\/p>\n<p><strong>Bloques tem\u00e1ticos y conferencias <\/strong><\/p>\n<p>El programa de los dos d\u00edas del congreso es apretado con el objetivo de abordar desde m\u00faltiples puntos de vista la situaci\u00f3n actual de nuestro litoral, su posible evoluci\u00f3n en los pr\u00f3ximos a\u00f1os, el incremento de los eventos extremos y c\u00f3mo afrontar este escenario de emergencia clim\u00e1tica en nuestras costas.<\/p>\n<p>Para ello, el contenido de la quinta edici\u00f3n de Uhinak se ha articulado en torno a cuatro bloques tem\u00e1ticos: situaci\u00f3n actual y en 2050 de nuestro litoral en un contexto de cambio clim\u00e1tico; eventos extremos y las medidas de adaptaci\u00f3n; mitigaci\u00f3n del cambio clim\u00e1tico y la restauraci\u00f3n de la biodiversidad; gobernanza, las herramientas de gesti\u00f3n y la comunicaci\u00f3n. Todos los bloques contar\u00e1n con la participaci\u00f3n de destacadas personalidades internacionales y nacionales, que ya se pueden consultar en la p\u00e1gina web del congreso (www.uhinak.com).<\/p>\n<p>Para las conferencias de apertura de las dos jornadas del congreso han confirmado su participaci\u00f3n Francisco Doblas Reyes, director del Earth Science Department perteneciente al Barcelona Supercomputing Center, que hablar\u00e1 en su intervenci\u00f3n del 16 de noviembre de los aspectos f\u00edsicos del cambio clim\u00e1tico en el sexto informe del panel intergubernamental sobre el cambio clim\u00e1tico (IPCC).<\/p>\n<p>El 17 de noviembre ser\u00e1 el turno de Richard Bellerby, miembro del Norwegian Institute for Water Research, que abordar\u00e1 la investigaci\u00f3n sobre la acidificaci\u00f3n de los oc\u00e9anos hacia soluciones basadas en la naturaleza, la mitigaci\u00f3n y la adaptaci\u00f3n.<\/p>\n<p><strong>\u00a0<\/strong><strong>Sobre Uhinak<\/strong><\/p>\n<p>Uhinak es un Congreso Transfronterizo de cambio Clim\u00e1tico y Litoral promovido por Ficoba y el centro tecnol\u00f3gico AZTI, con el apoyo de m\u00faltiples instituciones como el Departamento de Desarrollo Econ\u00f3mico, Sostenibilidad y Medio Ambiente del Gobierno Vasco a trav\u00e9s de su sociedad p\u00fablica Ihobe, la Diputaci\u00f3n Foral de Gipuzkoa (Departamento de Medio Ambiente), Communaut\u00e9 d\u2019agglom\u00e9ration Pays Basque y la Regi\u00f3n Nouvelle Aquitaine.<\/p>\n<p>El objetivo de Uhinak es conocer las necesidades de los gestores que tienen que adoptar medidas frente al cambio clim\u00e1tico y ver qu\u00e9 puede aportar la comunidad cient\u00edfica y tecnol\u00f3gica para solucionarlo. Todo ello en un contexto que favorece el intercambio de experiencias, el conocimiento de buenas pr\u00e1cticas, promueve la colaboraci\u00f3n en la gesti\u00f3n y mantenimiento del litoral a trav\u00e9s de la cooperaci\u00f3n transfronteriza, la creaci\u00f3n de sinergias y nuevas oportunidades empresariales como consecuencia de las medidas que hay que ir adoptando progresivamente para hacer frente al cambio clim\u00e1tico.<\/p>\n<p><strong>www.uhinak.com<\/strong><\/p>\n","protected":false},"excerpt":{"rendered":"<p>La quinta edici\u00f3n del congreso de cambio clim\u00e1tico y litoral se celebrar\u00e1 en Ficoba el 16 y 17 de noviembre con la participaci\u00f3n de m\u00e1s de 150 expertos y congresistas [&hellip;]<\/p>\n","protected":false},"author":2,"featured_media":10918,"comment_status":"closed","ping_status":"closed","sticky":false,"template":"","format":"standard","meta":{"_et_pb_use_builder":"","_et_pb_old_content":"","_et_gb_content_width":"","footnotes":""},"categories":[3],"tags":[158,187,160,159],"class_list":["post-10917","post","type-post","status-publish","format-standard","has-post-thumbnail","hentry","category-eventos-y-ferias","tag-cambio-climatico","tag-cambio-climatico-y-litoral","tag-congreso-cambio-climatico","tag-emergencia-climatica"],"yoast_head":"<!-- This site is optimized with the Yoast SEO plugin v26.8 - https:\/\/yoast.com\/product\/yoast-seo-wordpress\/ -->\n<title>Uhinak 2022: cuando luchar contra el cambio clim\u00e1tico es una labor de equipo - Ficoba<\/title>\n<meta name=\"robots\" content=\"index, follow, max-snippet:-1, max-image-preview:large, max-video-preview:-1\" \/>\n<link rel=\"canonical\" href=\"https:\/\/www.ficoba.org\/es\/uhinak-2022-cuando-luchar-contra-el-cambio-climatico-es-una-labor-de-equipo\/\" \/>\n<meta name=\"twitter:label1\" content=\"Escrito por\" \/>\n\t<meta name=\"twitter:data1\" content=\"ficoba\" \/>\n\t<meta name=\"twitter:label2\" content=\"Tiempo de lectura\" \/>\n\t<meta name=\"twitter:data2\" content=\"3 minutos\" \/>\n<script type=\"application\/ld+json\" class=\"yoast-schema-graph\">{\"@context\":\"https:\/\/schema.org\",\"@graph\":[{\"@type\":\"Article\",\"@id\":\"https:\/\/www.ficoba.org\/es\/uhinak-2022-cuando-luchar-contra-el-cambio-climatico-es-una-labor-de-equipo\/#article\",\"isPartOf\":{\"@id\":\"https:\/\/www.ficoba.org\/es\/uhinak-2022-cuando-luchar-contra-el-cambio-climatico-es-una-labor-de-equipo\/\"},\"author\":{\"name\":\"ficoba\",\"@id\":\"https:\/\/www.ficoba.org\/es\/#\/schema\/person\/8a96a121e5dbd393e6e6b5a7ee7ed407\"},\"headline\":\"Uhinak 2022: cuando luchar contra el cambio clim\u00e1tico es una labor de equipo\",\"datePublished\":\"2022-09-14T10:36:37+00:00\",\"mainEntityOfPage\":{\"@id\":\"https:\/\/www.ficoba.org\/es\/uhinak-2022-cuando-luchar-contra-el-cambio-climatico-es-una-labor-de-equipo\/\"},\"wordCount\":712,\"publisher\":{\"@id\":\"https:\/\/www.ficoba.org\/es\/#organization\"},\"image\":{\"@id\":\"https:\/\/www.ficoba.org\/es\/uhinak-2022-cuando-luchar-contra-el-cambio-climatico-es-una-labor-de-equipo\/#primaryimage\"},\"thumbnailUrl\":\"https:\/\/www.ficoba.org\/wp-content\/uploads\/2022\/09\/180306_120-scaled.jpg\",\"keywords\":[\"Cambio clim\u00e1tico\",\"cambio clim\u00e1tico y litoral\",\"congreso cambio clim\u00e1tico\",\"emergencia clim\u00e1tica\"],\"articleSection\":[\"Eventos y ferias\"],\"inLanguage\":\"es\"},{\"@type\":\"WebPage\",\"@id\":\"https:\/\/www.ficoba.org\/es\/uhinak-2022-cuando-luchar-contra-el-cambio-climatico-es-una-labor-de-equipo\/\",\"url\":\"https:\/\/www.ficoba.org\/es\/uhinak-2022-cuando-luchar-contra-el-cambio-climatico-es-una-labor-de-equipo\/\",\"name\":\"Uhinak 2022: cuando luchar contra el cambio clim\u00e1tico es una labor de equipo - Ficoba\",\"isPartOf\":{\"@id\":\"https:\/\/www.ficoba.org\/es\/#website\"},\"primaryImageOfPage\":{\"@id\":\"https:\/\/www.ficoba.org\/es\/uhinak-2022-cuando-luchar-contra-el-cambio-climatico-es-una-labor-de-equipo\/#primaryimage\"},\"image\":{\"@id\":\"https:\/\/www.ficoba.org\/es\/uhinak-2022-cuando-luchar-contra-el-cambio-climatico-es-una-labor-de-equipo\/#primaryimage\"},\"thumbnailUrl\":\"https:\/\/www.ficoba.org\/wp-content\/uploads\/2022\/09\/180306_120-scaled.jpg\",\"datePublished\":\"2022-09-14T10:36:37+00:00\",\"breadcrumb\":{\"@id\":\"https:\/\/www.ficoba.org\/es\/uhinak-2022-cuando-luchar-contra-el-cambio-climatico-es-una-labor-de-equipo\/#breadcrumb\"},\"inLanguage\":\"es\",\"potentialAction\":[{\"@type\":\"ReadAction\",\"target\":[\"https:\/\/www.ficoba.org\/es\/uhinak-2022-cuando-luchar-contra-el-cambio-climatico-es-una-labor-de-equipo\/\"]}]},{\"@type\":\"ImageObject\",\"inLanguage\":\"es\",\"@id\":\"https:\/\/www.ficoba.org\/es\/uhinak-2022-cuando-luchar-contra-el-cambio-climatico-es-una-labor-de-equipo\/#primaryimage\",\"url\":\"https:\/\/www.ficoba.org\/wp-content\/uploads\/2022\/09\/180306_120-scaled.jpg\",\"contentUrl\":\"https:\/\/www.ficoba.org\/wp-content\/uploads\/2022\/09\/180306_120-scaled.jpg\",\"width\":2560,\"height\":1707},{\"@type\":\"BreadcrumbList\",\"@id\":\"https:\/\/www.ficoba.org\/es\/uhinak-2022-cuando-luchar-contra-el-cambio-climatico-es-una-labor-de-equipo\/#breadcrumb\",\"itemListElement\":[{\"@type\":\"ListItem\",\"position\":1,\"name\":\"Portada\",\"item\":\"https:\/\/www.ficoba.org\/es\/\"},{\"@type\":\"ListItem\",\"position\":2,\"name\":\"Uhinak 2022: cuando luchar contra el cambio clim\u00e1tico es una labor de equipo\"}]},{\"@type\":\"WebSite\",\"@id\":\"https:\/\/www.ficoba.org\/es\/#website\",\"url\":\"https:\/\/www.ficoba.org\/es\/\",\"name\":\"Ficoba, Recinto Ferial de Gipuzkoa\",\"description\":\"Ficoba, recinto ferial de Gipuzkoa\",\"publisher\":{\"@id\":\"https:\/\/www.ficoba.org\/es\/#organization\"},\"alternateName\":\"Ficoba\",\"potentialAction\":[{\"@type\":\"SearchAction\",\"target\":{\"@type\":\"EntryPoint\",\"urlTemplate\":\"https:\/\/www.ficoba.org\/es\/?s={search_term_string}\"},\"query-input\":{\"@type\":\"PropertyValueSpecification\",\"valueRequired\":true,\"valueName\":\"search_term_string\"}}],\"inLanguage\":\"es\"},{\"@type\":\"Organization\",\"@id\":\"https:\/\/www.ficoba.org\/es\/#organization\",\"name\":\"Ficoba, Reciento Ferial de Gipuzkoa\",\"url\":\"https:\/\/www.ficoba.org\/es\/\",\"logo\":{\"@type\":\"ImageObject\",\"inLanguage\":\"es\",\"@id\":\"https:\/\/www.ficoba.org\/es\/#\/schema\/logo\/image\/\",\"url\":\"https:\/\/www.ficoba.org\/wp-content\/uploads\/2018\/11\/logo_ficoba.png\",\"contentUrl\":\"https:\/\/www.ficoba.org\/wp-content\/uploads\/2018\/11\/logo_ficoba.png\",\"width\":200,\"height\":124,\"caption\":\"Ficoba, Reciento Ferial de Gipuzkoa\"},\"image\":{\"@id\":\"https:\/\/www.ficoba.org\/es\/#\/schema\/logo\/image\/\"},\"sameAs\":[\"https:\/\/www.facebook.com\/FICOBAFUNDAZIOA\/\",\"https:\/\/x.com\/FicobaFundazioa\",\"https:\/\/www.youtube.com\/channel\/UCvo2JGluemyCf5KPRmEF9JQ\",\"https:\/\/www.linkedin.com\/company\/ficoba\/\",\"https:\/\/www.instagram.com\/ficobafundazioa\/\"]},{\"@type\":\"Person\",\"@id\":\"https:\/\/www.ficoba.org\/es\/#\/schema\/person\/8a96a121e5dbd393e6e6b5a7ee7ed407\",\"name\":\"ficoba\",\"image\":{\"@type\":\"ImageObject\",\"inLanguage\":\"es\",\"@id\":\"https:\/\/www.ficoba.org\/es\/#\/schema\/person\/image\/\",\"url\":\"https:\/\/secure.gravatar.com\/avatar\/c90cc0e07f75fecbe4165c1906a4cd61b0179a28caae2205d37516e4fb7c30c1?s=96&d=mm&r=g\",\"contentUrl\":\"https:\/\/secure.gravatar.com\/avatar\/c90cc0e07f75fecbe4165c1906a4cd61b0179a28caae2205d37516e4fb7c30c1?s=96&d=mm&r=g\",\"caption\":\"ficoba\"}}]}<\/script>\n<!-- \/ Yoast SEO plugin. -->","yoast_head_json":{"title":"Uhinak 2022: cuando luchar contra el cambio clim\u00e1tico es una labor de equipo - Ficoba","robots":{"index":"index","follow":"follow","max-snippet":"max-snippet:-1","max-image-preview":"max-image-preview:large","max-video-preview":"max-video-preview:-1"},"canonical":"https:\/\/www.ficoba.org\/es\/uhinak-2022-cuando-luchar-contra-el-cambio-climatico-es-una-labor-de-equipo\/","twitter_misc":{"Escrito por":"ficoba","Tiempo de lectura":"3 minutos"},"schema":{"@context":"https:\/\/schema.org","@graph":[{"@type":"Article","@id":"https:\/\/www.ficoba.org\/es\/uhinak-2022-cuando-luchar-contra-el-cambio-climatico-es-una-labor-de-equipo\/#article","isPartOf":{"@id":"https:\/\/www.ficoba.org\/es\/uhinak-2022-cuando-luchar-contra-el-cambio-climatico-es-una-labor-de-equipo\/"},"author":{"name":"ficoba","@id":"https:\/\/www.ficoba.org\/es\/#\/schema\/person\/8a96a121e5dbd393e6e6b5a7ee7ed407"},"headline":"Uhinak 2022: cuando luchar contra el cambio clim\u00e1tico es una labor de equipo","datePublished":"2022-09-14T10:36:37+00:00","mainEntityOfPage":{"@id":"https:\/\/www.ficoba.org\/es\/uhinak-2022-cuando-luchar-contra-el-cambio-climatico-es-una-labor-de-equipo\/"},"wordCount":712,"publisher":{"@id":"https:\/\/www.ficoba.org\/es\/#organization"},"image":{"@id":"https:\/\/www.ficoba.org\/es\/uhinak-2022-cuando-luchar-contra-el-cambio-climatico-es-una-labor-de-equipo\/#primaryimage"},"thumbnailUrl":"https:\/\/www.ficoba.org\/wp-content\/uploads\/2022\/09\/180306_120-scaled.jpg","keywords":["Cambio clim\u00e1tico","cambio clim\u00e1tico y litoral","congreso cambio clim\u00e1tico","emergencia clim\u00e1tica"],"articleSection":["Eventos y ferias"],"inLanguage":"es"},{"@type":"WebPage","@id":"https:\/\/www.ficoba.org\/es\/uhinak-2022-cuando-luchar-contra-el-cambio-climatico-es-una-labor-de-equipo\/","url":"https:\/\/www.ficoba.org\/es\/uhinak-2022-cuando-luchar-contra-el-cambio-climatico-es-una-labor-de-equipo\/","name":"Uhinak 2022: cuando luchar contra el cambio clim\u00e1tico es una labor de equipo - Ficoba","isPartOf":{"@id":"https:\/\/www.ficoba.org\/es\/#website"},"primaryImageOfPage":{"@id":"https:\/\/www.ficoba.org\/es\/uhinak-2022-cuando-luchar-contra-el-cambio-climatico-es-una-labor-de-equipo\/#primaryimage"},"image":{"@id":"https:\/\/www.ficoba.org\/es\/uhinak-2022-cuando-luchar-contra-el-cambio-climatico-es-una-labor-de-equipo\/#primaryimage"},"thumbnailUrl":"https:\/\/www.ficoba.org\/wp-content\/uploads\/2022\/09\/180306_120-scaled.jpg","datePublished":"2022-09-14T10:36:37+00:00","breadcrumb":{"@id":"https:\/\/www.ficoba.org\/es\/uhinak-2022-cuando-luchar-contra-el-cambio-climatico-es-una-labor-de-equipo\/#breadcrumb"},"inLanguage":"es","potentialAction":[{"@type":"ReadAction","target":["https:\/\/www.ficoba.org\/es\/uhinak-2022-cuando-luchar-contra-el-cambio-climatico-es-una-labor-de-equipo\/"]}]},{"@type":"ImageObject","inLanguage":"es","@id":"https:\/\/www.ficoba.org\/es\/uhinak-2022-cuando-luchar-contra-el-cambio-climatico-es-una-labor-de-equipo\/#primaryimage","url":"https:\/\/www.ficoba.org\/wp-content\/uploads\/2022\/09\/180306_120-scaled.jpg","contentUrl":"https:\/\/www.ficoba.org\/wp-content\/uploads\/2022\/09\/180306_120-scaled.jpg","width":2560,"height":1707},{"@type":"BreadcrumbList","@id":"https:\/\/www.ficoba.org\/es\/uhinak-2022-cuando-luchar-contra-el-cambio-climatico-es-una-labor-de-equipo\/#breadcrumb","itemListElement":[{"@type":"ListItem","position":1,"name":"Portada","item":"https:\/\/www.ficoba.org\/es\/"},{"@type":"ListItem","position":2,"name":"Uhinak 2022: cuando luchar contra el cambio clim\u00e1tico es una labor de equipo"}]},{"@type":"WebSite","@id":"https:\/\/www.ficoba.org\/es\/#website","url":"https:\/\/www.ficoba.org\/es\/","name":"Ficoba, Recinto Ferial de Gipuzkoa","description":"Ficoba, recinto ferial de Gipuzkoa","publisher":{"@id":"https:\/\/www.ficoba.org\/es\/#organization"},"alternateName":"Ficoba","potentialAction":[{"@type":"SearchAction","target":{"@type":"EntryPoint","urlTemplate":"https:\/\/www.ficoba.org\/es\/?s={search_term_string}"},"query-input":{"@type":"PropertyValueSpecification","valueRequired":true,"valueName":"search_term_string"}}],"inLanguage":"es"},{"@type":"Organization","@id":"https:\/\/www.ficoba.org\/es\/#organization","name":"Ficoba, Reciento Ferial de Gipuzkoa","url":"https:\/\/www.ficoba.org\/es\/","logo":{"@type":"ImageObject","inLanguage":"es","@id":"https:\/\/www.ficoba.org\/es\/#\/schema\/logo\/image\/","url":"https:\/\/www.ficoba.org\/wp-content\/uploads\/2018\/11\/logo_ficoba.png","contentUrl":"https:\/\/www.ficoba.org\/wp-content\/uploads\/2018\/11\/logo_ficoba.png","width":200,"height":124,"caption":"Ficoba, Reciento Ferial de Gipuzkoa"},"image":{"@id":"https:\/\/www.ficoba.org\/es\/#\/schema\/logo\/image\/"},"sameAs":["https:\/\/www.facebook.com\/FICOBAFUNDAZIOA\/","https:\/\/x.com\/FicobaFundazioa","https:\/\/www.youtube.com\/channel\/UCvo2JGluemyCf5KPRmEF9JQ","https:\/\/www.linkedin.com\/company\/ficoba\/","https:\/\/www.instagram.com\/ficobafundazioa\/"]},{"@type":"Person","@id":"https:\/\/www.ficoba.org\/es\/#\/schema\/person\/8a96a121e5dbd393e6e6b5a7ee7ed407","name":"ficoba","image":{"@type":"ImageObject","inLanguage":"es","@id":"https:\/\/www.ficoba.org\/es\/#\/schema\/person\/image\/","url":"https:\/\/secure.gravatar.com\/avatar\/c90cc0e07f75fecbe4165c1906a4cd61b0179a28caae2205d37516e4fb7c30c1?s=96&d=mm&r=g","contentUrl":"https:\/\/secure.gravatar.com\/avatar\/c90cc0e07f75fecbe4165c1906a4cd61b0179a28caae2205d37516e4fb7c30c1?s=96&d=mm&r=g","caption":"ficoba"}}]}},"_links":{"self":[{"href":"https:\/\/www.ficoba.org\/es\/wp-json\/wp\/v2\/posts\/10917","targetHints":{"allow":["GET"]}}],"collection":[{"href":"https:\/\/www.ficoba.org\/es\/wp-json\/wp\/v2\/posts"}],"about":[{"href":"https:\/\/www.ficoba.org\/es\/wp-json\/wp\/v2\/types\/post"}],"author":[{"embeddable":true,"href":"https:\/\/www.ficoba.org\/es\/wp-json\/wp\/v2\/users\/2"}],"replies":[{"embeddable":true,"href":"https:\/\/www.ficoba.org\/es\/wp-json\/wp\/v2\/comments?post=10917"}],"version-history":[{"count":1,"href":"https:\/\/www.ficoba.org\/es\/wp-json\/wp\/v2\/posts\/10917\/revisions"}],"predecessor-version":[{"id":10926,"href":"https:\/\/www.ficoba.org\/es\/wp-json\/wp\/v2\/posts\/10917\/revisions\/10926"}],"wp:featuredmedia":[{"embeddable":true,"href":"https:\/\/www.ficoba.org\/es\/wp-json\/wp\/v2\/media\/10918"}],"wp:attachment":[{"href":"https:\/\/www.ficoba.org\/es\/wp-json\/wp\/v2\/media?parent=10917"}],"wp:term":[{"taxonomy":"category","embeddable":true,"href":"https:\/\/www.ficoba.org\/es\/wp-json\/wp\/v2\/categories?post=10917"},{"taxonomy":"post_tag","embeddable":true,"href":"https:\/\/www.ficoba.org\/es\/wp-json\/wp\/v2\/tags?post=10917"}],"curies":[{"name":"wp","href":"https:\/\/api.w.org\/{rel}","templated":true}]}}