{"id":10825,"date":"2022-09-02T12:37:05","date_gmt":"2022-09-02T10:37:05","guid":{"rendered":"https:\/\/www.ficoba.org\/?p=10825"},"modified":"2022-09-02T12:37:05","modified_gmt":"2022-09-02T10:37:05","slug":"ficoba-reunira-en-irun-las-mejores-colecciones-de-sellos-entre-el-21-y-el-25-de-septiembre","status":"publish","type":"post","link":"https:\/\/www.ficoba.org\/es\/ficoba-reunira-en-irun-las-mejores-colecciones-de-sellos-entre-el-21-y-el-25-de-septiembre\/","title":{"rendered":"Ficoba reunir\u00e1 en Irun las mejores colecciones de sellos entre el 21 y el 25 de septiembre"},"content":{"rendered":"<ul>\n<li><strong>Acoger\u00e1 la Exposici\u00f3n Filat\u00e9lica Nacional, Exfilna 2022, y la 9 Convenci\u00f3n Europea de Coleccionismo (ECC) <\/strong><\/li>\n<\/ul>\n<ul>\n<li><strong>Presentaciones de sellos, conferencias, m\u00e1s de 600 cuadros expositores, en otros, conforman un amplio programa de actos <\/strong><\/li>\n<\/ul>\n<p><strong>\u00a0<\/strong><\/p>\n<p>La Exposici\u00f3n Filat\u00e9lica Nacional 2022, EXFILNA, se celebra este a\u00f1o en Irun, en Ficoba. Se trata la sexag\u00e9sima edici\u00f3n del encuentro anual m\u00e1s importante para los aficionados a la filatelia en el Estado y se desarrollar\u00e1 entre los d\u00edas 21 y el 25 de septiembre. El recinto ferial de Gipuzkoa acoger\u00e1 simultaneamente junto a EXFILNA 2022, la 9 Convenci\u00f3n Europea del Coleccionismo.<\/p>\n<p>Para esta edici\u00f3n de Exfilna se han inscrito un total de 129 expositores que mostrar\u00e1n 603 cuadros. Las colecciones compiten por los galardones que otorga el jurado de esta muestra y que integra diferentes categor\u00edas. El programa de Exfilna 2022 tambi\u00e9n incluye la emisi\u00f3n y presentaci\u00f3n del sello conmemorativo de esta edici\u00f3n y, en esta ocasi\u00f3n, est\u00e1 dedicado al 500 Aniversario de la Batalla de San Marcial. Junto a este timbre, durante Exfilna ver\u00e1 la luz otra emisi\u00f3n, est\u00e1\u00a0 dedicada al Centenario de la Sociedad Irungo Atsegi\u00f1a Elkatea.<\/p>\n<p>Adem\u00e1s, en el Recinto Ferial de Gipuzkoa se han organizado presentaciones de libros, conferencias y mesas redondas a lo largo de los cinco d\u00edas en los que se podr\u00e1 visitar esta exposici\u00f3n. El grueso de las actividades van a tener lugar en Ficoba con dos excepeciones, en Hondarribia, concretamente, en su Casa de Cultura se podr\u00e1 contemplar una muestra filat\u00e9lica sobre la Reina Juana y \u00a0en \u00a0el Centro Comercial Mendibil tendr\u00e1 lugar la entrega de premios a los alumnos ganadores y colegios participantes en el concurso de dibujo \u201cUn sello para Txingudi que forma parte del programa de Exfilna 2022. En esta competici\u00f3n han tomado parte m\u00e1s de 1.000 de centros escolares de la Bah\u00eda de Txingudi y los ganadores van a ver convertidos sus dise\u00f1os en sellos.<\/p>\n<p>Con el lema Vive los sellos entre la mar y la monta\u00f1a, Exfilna 2022 constituye una gran oportunidad de acercarse a la variedad, riqueza y capacidad para contar historias y reflejar los acontecimientos relevantes que tienen los sellos, unos trozos de papel.<\/p>\n<p>Exfilna Irun est\u00e1 organizada por FESOFI, Federaci\u00f3n de Sociedades Filat\u00e9licas, Correos y la Sociedad Filat\u00e9lica y Numism\u00e1tica del Bidasoa. Su patrocinio corre a cargo del Ayuntamiento de Irun y del Gobierno Vasco y cuenta con quince colaboradores espa\u00f1oles y franceses.<\/p>\n<h3><strong><em>\u00a0<\/em><\/strong><\/h3>\n","protected":false},"excerpt":{"rendered":"<p>Acoger\u00e1 la Exposici\u00f3n Filat\u00e9lica Nacional, Exfilna 2022, y la 9 Convenci\u00f3n Europea de Coleccionismo (ECC) Presentaciones de sellos, conferencias, m\u00e1s de 600 cuadros expositores, en otros, conforman un amplio programa [&hellip;]<\/p>\n","protected":false},"author":2,"featured_media":10826,"comment_status":"closed","ping_status":"closed","sticky":false,"template":"","format":"standard","meta":{"_et_pb_use_builder":"","_et_pb_old_content":"","_et_gb_content_width":"","footnotes":""},"categories":[3],"tags":[300,301],"class_list":["post-10825","post","type-post","status-publish","format-standard","has-post-thumbnail","hentry","category-eventos-y-ferias","tag-filatelia","tag-sellos-coleccionismom"],"yoast_head":"<!-- This site is optimized with the Yoast SEO plugin v26.8 - https:\/\/yoast.com\/product\/yoast-seo-wordpress\/ -->\n<title>Ficoba reunir\u00e1 en Irun las mejores colecciones de sellos entre el 21 y el 25 de septiembre - Ficoba<\/title>\n<meta name=\"robots\" content=\"index, follow, max-snippet:-1, max-image-preview:large, max-video-preview:-1\" \/>\n<link rel=\"canonical\" href=\"https:\/\/www.ficoba.org\/es\/ficoba-reunira-en-irun-las-mejores-colecciones-de-sellos-entre-el-21-y-el-25-de-septiembre\/\" \/>\n<meta name=\"twitter:label1\" content=\"Escrito por\" \/>\n\t<meta name=\"twitter:data1\" content=\"ficoba\" \/>\n\t<meta name=\"twitter:label2\" content=\"Tiempo de lectura\" \/>\n\t<meta name=\"twitter:data2\" content=\"2 minutos\" \/>\n<script type=\"application\/ld+json\" class=\"yoast-schema-graph\">{\"@context\":\"https:\/\/schema.org\",\"@graph\":[{\"@type\":\"Article\",\"@id\":\"https:\/\/www.ficoba.org\/es\/ficoba-reunira-en-irun-las-mejores-colecciones-de-sellos-entre-el-21-y-el-25-de-septiembre\/#article\",\"isPartOf\":{\"@id\":\"https:\/\/www.ficoba.org\/es\/ficoba-reunira-en-irun-las-mejores-colecciones-de-sellos-entre-el-21-y-el-25-de-septiembre\/\"},\"author\":{\"name\":\"ficoba\",\"@id\":\"https:\/\/www.ficoba.org\/es\/#\/schema\/person\/8a96a121e5dbd393e6e6b5a7ee7ed407\"},\"headline\":\"Ficoba reunir\u00e1 en Irun las mejores colecciones de sellos entre el 21 y el 25 de septiembre\",\"datePublished\":\"2022-09-02T10:37:05+00:00\",\"mainEntityOfPage\":{\"@id\":\"https:\/\/www.ficoba.org\/es\/ficoba-reunira-en-irun-las-mejores-colecciones-de-sellos-entre-el-21-y-el-25-de-septiembre\/\"},\"wordCount\":428,\"publisher\":{\"@id\":\"https:\/\/www.ficoba.org\/es\/#organization\"},\"image\":{\"@id\":\"https:\/\/www.ficoba.org\/es\/ficoba-reunira-en-irun-las-mejores-colecciones-de-sellos-entre-el-21-y-el-25-de-septiembre\/#primaryimage\"},\"thumbnailUrl\":\"https:\/\/www.ficoba.org\/wp-content\/uploads\/2022\/09\/AF-CARTEL-EXFILNA-2022_64x86-1536x2048-1.jpg\",\"keywords\":[\"filatelia\",\"sellos coleccionismom\"],\"articleSection\":[\"Eventos y ferias\"],\"inLanguage\":\"es\"},{\"@type\":\"WebPage\",\"@id\":\"https:\/\/www.ficoba.org\/es\/ficoba-reunira-en-irun-las-mejores-colecciones-de-sellos-entre-el-21-y-el-25-de-septiembre\/\",\"url\":\"https:\/\/www.ficoba.org\/es\/ficoba-reunira-en-irun-las-mejores-colecciones-de-sellos-entre-el-21-y-el-25-de-septiembre\/\",\"name\":\"Ficoba reunir\u00e1 en Irun las mejores colecciones de sellos entre el 21 y el 25 de septiembre - Ficoba\",\"isPartOf\":{\"@id\":\"https:\/\/www.ficoba.org\/es\/#website\"},\"primaryImageOfPage\":{\"@id\":\"https:\/\/www.ficoba.org\/es\/ficoba-reunira-en-irun-las-mejores-colecciones-de-sellos-entre-el-21-y-el-25-de-septiembre\/#primaryimage\"},\"image\":{\"@id\":\"https:\/\/www.ficoba.org\/es\/ficoba-reunira-en-irun-las-mejores-colecciones-de-sellos-entre-el-21-y-el-25-de-septiembre\/#primaryimage\"},\"thumbnailUrl\":\"https:\/\/www.ficoba.org\/wp-content\/uploads\/2022\/09\/AF-CARTEL-EXFILNA-2022_64x86-1536x2048-1.jpg\",\"datePublished\":\"2022-09-02T10:37:05+00:00\",\"breadcrumb\":{\"@id\":\"https:\/\/www.ficoba.org\/es\/ficoba-reunira-en-irun-las-mejores-colecciones-de-sellos-entre-el-21-y-el-25-de-septiembre\/#breadcrumb\"},\"inLanguage\":\"es\",\"potentialAction\":[{\"@type\":\"ReadAction\",\"target\":[\"https:\/\/www.ficoba.org\/es\/ficoba-reunira-en-irun-las-mejores-colecciones-de-sellos-entre-el-21-y-el-25-de-septiembre\/\"]}]},{\"@type\":\"ImageObject\",\"inLanguage\":\"es\",\"@id\":\"https:\/\/www.ficoba.org\/es\/ficoba-reunira-en-irun-las-mejores-colecciones-de-sellos-entre-el-21-y-el-25-de-septiembre\/#primaryimage\",\"url\":\"https:\/\/www.ficoba.org\/wp-content\/uploads\/2022\/09\/AF-CARTEL-EXFILNA-2022_64x86-1536x2048-1.jpg\",\"contentUrl\":\"https:\/\/www.ficoba.org\/wp-content\/uploads\/2022\/09\/AF-CARTEL-EXFILNA-2022_64x86-1536x2048-1.jpg\",\"width\":1536,\"height\":2048},{\"@type\":\"BreadcrumbList\",\"@id\":\"https:\/\/www.ficoba.org\/es\/ficoba-reunira-en-irun-las-mejores-colecciones-de-sellos-entre-el-21-y-el-25-de-septiembre\/#breadcrumb\",\"itemListElement\":[{\"@type\":\"ListItem\",\"position\":1,\"name\":\"Portada\",\"item\":\"https:\/\/www.ficoba.org\/es\/\"},{\"@type\":\"ListItem\",\"position\":2,\"name\":\"Ficoba reunir\u00e1 en Irun las mejores colecciones de sellos entre el 21 y el 25 de septiembre\"}]},{\"@type\":\"WebSite\",\"@id\":\"https:\/\/www.ficoba.org\/es\/#website\",\"url\":\"https:\/\/www.ficoba.org\/es\/\",\"name\":\"Ficoba, Recinto Ferial de Gipuzkoa\",\"description\":\"Ficoba, recinto ferial de Gipuzkoa\",\"publisher\":{\"@id\":\"https:\/\/www.ficoba.org\/es\/#organization\"},\"alternateName\":\"Ficoba\",\"potentialAction\":[{\"@type\":\"SearchAction\",\"target\":{\"@type\":\"EntryPoint\",\"urlTemplate\":\"https:\/\/www.ficoba.org\/es\/?s={search_term_string}\"},\"query-input\":{\"@type\":\"PropertyValueSpecification\",\"valueRequired\":true,\"valueName\":\"search_term_string\"}}],\"inLanguage\":\"es\"},{\"@type\":\"Organization\",\"@id\":\"https:\/\/www.ficoba.org\/es\/#organization\",\"name\":\"Ficoba, Reciento Ferial de Gipuzkoa\",\"url\":\"https:\/\/www.ficoba.org\/es\/\",\"logo\":{\"@type\":\"ImageObject\",\"inLanguage\":\"es\",\"@id\":\"https:\/\/www.ficoba.org\/es\/#\/schema\/logo\/image\/\",\"url\":\"https:\/\/www.ficoba.org\/wp-content\/uploads\/2018\/11\/logo_ficoba.png\",\"contentUrl\":\"https:\/\/www.ficoba.org\/wp-content\/uploads\/2018\/11\/logo_ficoba.png\",\"width\":200,\"height\":124,\"caption\":\"Ficoba, Reciento Ferial de Gipuzkoa\"},\"image\":{\"@id\":\"https:\/\/www.ficoba.org\/es\/#\/schema\/logo\/image\/\"},\"sameAs\":[\"https:\/\/www.facebook.com\/FICOBAFUNDAZIOA\/\",\"https:\/\/x.com\/FicobaFundazioa\",\"https:\/\/www.youtube.com\/channel\/UCvo2JGluemyCf5KPRmEF9JQ\",\"https:\/\/www.linkedin.com\/company\/ficoba\/\",\"https:\/\/www.instagram.com\/ficobafundazioa\/\"]},{\"@type\":\"Person\",\"@id\":\"https:\/\/www.ficoba.org\/es\/#\/schema\/person\/8a96a121e5dbd393e6e6b5a7ee7ed407\",\"name\":\"ficoba\",\"image\":{\"@type\":\"ImageObject\",\"inLanguage\":\"es\",\"@id\":\"https:\/\/www.ficoba.org\/es\/#\/schema\/person\/image\/\",\"url\":\"https:\/\/secure.gravatar.com\/avatar\/c90cc0e07f75fecbe4165c1906a4cd61b0179a28caae2205d37516e4fb7c30c1?s=96&d=mm&r=g\",\"contentUrl\":\"https:\/\/secure.gravatar.com\/avatar\/c90cc0e07f75fecbe4165c1906a4cd61b0179a28caae2205d37516e4fb7c30c1?s=96&d=mm&r=g\",\"caption\":\"ficoba\"}}]}<\/script>\n<!-- \/ Yoast SEO plugin. -->","yoast_head_json":{"title":"Ficoba reunir\u00e1 en Irun las mejores colecciones de sellos entre el 21 y el 25 de septiembre - Ficoba","robots":{"index":"index","follow":"follow","max-snippet":"max-snippet:-1","max-image-preview":"max-image-preview:large","max-video-preview":"max-video-preview:-1"},"canonical":"https:\/\/www.ficoba.org\/es\/ficoba-reunira-en-irun-las-mejores-colecciones-de-sellos-entre-el-21-y-el-25-de-septiembre\/","twitter_misc":{"Escrito por":"ficoba","Tiempo de lectura":"2 minutos"},"schema":{"@context":"https:\/\/schema.org","@graph":[{"@type":"Article","@id":"https:\/\/www.ficoba.org\/es\/ficoba-reunira-en-irun-las-mejores-colecciones-de-sellos-entre-el-21-y-el-25-de-septiembre\/#article","isPartOf":{"@id":"https:\/\/www.ficoba.org\/es\/ficoba-reunira-en-irun-las-mejores-colecciones-de-sellos-entre-el-21-y-el-25-de-septiembre\/"},"author":{"name":"ficoba","@id":"https:\/\/www.ficoba.org\/es\/#\/schema\/person\/8a96a121e5dbd393e6e6b5a7ee7ed407"},"headline":"Ficoba reunir\u00e1 en Irun las mejores colecciones de sellos entre el 21 y el 25 de septiembre","datePublished":"2022-09-02T10:37:05+00:00","mainEntityOfPage":{"@id":"https:\/\/www.ficoba.org\/es\/ficoba-reunira-en-irun-las-mejores-colecciones-de-sellos-entre-el-21-y-el-25-de-septiembre\/"},"wordCount":428,"publisher":{"@id":"https:\/\/www.ficoba.org\/es\/#organization"},"image":{"@id":"https:\/\/www.ficoba.org\/es\/ficoba-reunira-en-irun-las-mejores-colecciones-de-sellos-entre-el-21-y-el-25-de-septiembre\/#primaryimage"},"thumbnailUrl":"https:\/\/www.ficoba.org\/wp-content\/uploads\/2022\/09\/AF-CARTEL-EXFILNA-2022_64x86-1536x2048-1.jpg","keywords":["filatelia","sellos coleccionismom"],"articleSection":["Eventos y ferias"],"inLanguage":"es"},{"@type":"WebPage","@id":"https:\/\/www.ficoba.org\/es\/ficoba-reunira-en-irun-las-mejores-colecciones-de-sellos-entre-el-21-y-el-25-de-septiembre\/","url":"https:\/\/www.ficoba.org\/es\/ficoba-reunira-en-irun-las-mejores-colecciones-de-sellos-entre-el-21-y-el-25-de-septiembre\/","name":"Ficoba reunir\u00e1 en Irun las mejores colecciones de sellos entre el 21 y el 25 de septiembre - Ficoba","isPartOf":{"@id":"https:\/\/www.ficoba.org\/es\/#website"},"primaryImageOfPage":{"@id":"https:\/\/www.ficoba.org\/es\/ficoba-reunira-en-irun-las-mejores-colecciones-de-sellos-entre-el-21-y-el-25-de-septiembre\/#primaryimage"},"image":{"@id":"https:\/\/www.ficoba.org\/es\/ficoba-reunira-en-irun-las-mejores-colecciones-de-sellos-entre-el-21-y-el-25-de-septiembre\/#primaryimage"},"thumbnailUrl":"https:\/\/www.ficoba.org\/wp-content\/uploads\/2022\/09\/AF-CARTEL-EXFILNA-2022_64x86-1536x2048-1.jpg","datePublished":"2022-09-02T10:37:05+00:00","breadcrumb":{"@id":"https:\/\/www.ficoba.org\/es\/ficoba-reunira-en-irun-las-mejores-colecciones-de-sellos-entre-el-21-y-el-25-de-septiembre\/#breadcrumb"},"inLanguage":"es","potentialAction":[{"@type":"ReadAction","target":["https:\/\/www.ficoba.org\/es\/ficoba-reunira-en-irun-las-mejores-colecciones-de-sellos-entre-el-21-y-el-25-de-septiembre\/"]}]},{"@type":"ImageObject","inLanguage":"es","@id":"https:\/\/www.ficoba.org\/es\/ficoba-reunira-en-irun-las-mejores-colecciones-de-sellos-entre-el-21-y-el-25-de-septiembre\/#primaryimage","url":"https:\/\/www.ficoba.org\/wp-content\/uploads\/2022\/09\/AF-CARTEL-EXFILNA-2022_64x86-1536x2048-1.jpg","contentUrl":"https:\/\/www.ficoba.org\/wp-content\/uploads\/2022\/09\/AF-CARTEL-EXFILNA-2022_64x86-1536x2048-1.jpg","width":1536,"height":2048},{"@type":"BreadcrumbList","@id":"https:\/\/www.ficoba.org\/es\/ficoba-reunira-en-irun-las-mejores-colecciones-de-sellos-entre-el-21-y-el-25-de-septiembre\/#breadcrumb","itemListElement":[{"@type":"ListItem","position":1,"name":"Portada","item":"https:\/\/www.ficoba.org\/es\/"},{"@type":"ListItem","position":2,"name":"Ficoba reunir\u00e1 en Irun las mejores colecciones de sellos entre el 21 y el 25 de septiembre"}]},{"@type":"WebSite","@id":"https:\/\/www.ficoba.org\/es\/#website","url":"https:\/\/www.ficoba.org\/es\/","name":"Ficoba, Recinto Ferial de Gipuzkoa","description":"Ficoba, recinto ferial de Gipuzkoa","publisher":{"@id":"https:\/\/www.ficoba.org\/es\/#organization"},"alternateName":"Ficoba","potentialAction":[{"@type":"SearchAction","target":{"@type":"EntryPoint","urlTemplate":"https:\/\/www.ficoba.org\/es\/?s={search_term_string}"},"query-input":{"@type":"PropertyValueSpecification","valueRequired":true,"valueName":"search_term_string"}}],"inLanguage":"es"},{"@type":"Organization","@id":"https:\/\/www.ficoba.org\/es\/#organization","name":"Ficoba, Reciento Ferial de Gipuzkoa","url":"https:\/\/www.ficoba.org\/es\/","logo":{"@type":"ImageObject","inLanguage":"es","@id":"https:\/\/www.ficoba.org\/es\/#\/schema\/logo\/image\/","url":"https:\/\/www.ficoba.org\/wp-content\/uploads\/2018\/11\/logo_ficoba.png","contentUrl":"https:\/\/www.ficoba.org\/wp-content\/uploads\/2018\/11\/logo_ficoba.png","width":200,"height":124,"caption":"Ficoba, Reciento Ferial de Gipuzkoa"},"image":{"@id":"https:\/\/www.ficoba.org\/es\/#\/schema\/logo\/image\/"},"sameAs":["https:\/\/www.facebook.com\/FICOBAFUNDAZIOA\/","https:\/\/x.com\/FicobaFundazioa","https:\/\/www.youtube.com\/channel\/UCvo2JGluemyCf5KPRmEF9JQ","https:\/\/www.linkedin.com\/company\/ficoba\/","https:\/\/www.instagram.com\/ficobafundazioa\/"]},{"@type":"Person","@id":"https:\/\/www.ficoba.org\/es\/#\/schema\/person\/8a96a121e5dbd393e6e6b5a7ee7ed407","name":"ficoba","image":{"@type":"ImageObject","inLanguage":"es","@id":"https:\/\/www.ficoba.org\/es\/#\/schema\/person\/image\/","url":"https:\/\/secure.gravatar.com\/avatar\/c90cc0e07f75fecbe4165c1906a4cd61b0179a28caae2205d37516e4fb7c30c1?s=96&d=mm&r=g","contentUrl":"https:\/\/secure.gravatar.com\/avatar\/c90cc0e07f75fecbe4165c1906a4cd61b0179a28caae2205d37516e4fb7c30c1?s=96&d=mm&r=g","caption":"ficoba"}}]}},"_links":{"self":[{"href":"https:\/\/www.ficoba.org\/es\/wp-json\/wp\/v2\/posts\/10825","targetHints":{"allow":["GET"]}}],"collection":[{"href":"https:\/\/www.ficoba.org\/es\/wp-json\/wp\/v2\/posts"}],"about":[{"href":"https:\/\/www.ficoba.org\/es\/wp-json\/wp\/v2\/types\/post"}],"author":[{"embeddable":true,"href":"https:\/\/www.ficoba.org\/es\/wp-json\/wp\/v2\/users\/2"}],"replies":[{"embeddable":true,"href":"https:\/\/www.ficoba.org\/es\/wp-json\/wp\/v2\/comments?post=10825"}],"version-history":[{"count":1,"href":"https:\/\/www.ficoba.org\/es\/wp-json\/wp\/v2\/posts\/10825\/revisions"}],"predecessor-version":[{"id":10830,"href":"https:\/\/www.ficoba.org\/es\/wp-json\/wp\/v2\/posts\/10825\/revisions\/10830"}],"wp:featuredmedia":[{"embeddable":true,"href":"https:\/\/www.ficoba.org\/es\/wp-json\/wp\/v2\/media\/10826"}],"wp:attachment":[{"href":"https:\/\/www.ficoba.org\/es\/wp-json\/wp\/v2\/media?parent=10825"}],"wp:term":[{"taxonomy":"category","embeddable":true,"href":"https:\/\/www.ficoba.org\/es\/wp-json\/wp\/v2\/categories?post=10825"},{"taxonomy":"post_tag","embeddable":true,"href":"https:\/\/www.ficoba.org\/es\/wp-json\/wp\/v2\/tags?post=10825"}],"curies":[{"name":"wp","href":"https:\/\/api.w.org\/{rel}","templated":true}]}}