{"id":10459,"date":"2022-06-06T12:16:48","date_gmt":"2022-06-06T10:16:48","guid":{"rendered":"https:\/\/www.ficoba.org\/?p=10459"},"modified":"2022-06-06T12:16:48","modified_gmt":"2022-06-06T10:16:48","slug":"bioterra-se-prepara-ya-para-la-celebracion-el-proximo-ano-de-su-edicion-numero-20","status":"publish","type":"post","link":"https:\/\/www.ficoba.org\/es\/bioterra-se-prepara-ya-para-la-celebracion-el-proximo-ano-de-su-edicion-numero-20\/","title":{"rendered":"Bioterra se prepara ya para la celebraci\u00f3n el pr\u00f3ximo a\u00f1o de su edici\u00f3n n\u00famero 20"},"content":{"rendered":"<p>Las cifras de la 19 edici\u00f3n de la feria Bioterra, que ha tenido lugar este fin de semana en Ficoba, han dejado preparado el camino para que la celebraci\u00f3n en 2023 de la vig\u00e9sima edici\u00f3n de la feria de Euskadi de productos ecol\u00f3gicos, bioconstrucci\u00f3n, energ\u00edas renovables y consumo responsable sea un \u00e9xito.<\/p>\n<p>Cerca de 10.000 personas han visitado los stands de las 116 empresas expositoras y han tomado parte en las m\u00e1s 50 actividades entre conferencias, talleres, demostraciones, showcooking, etc. celebradas en los tres d\u00edas de feria.<\/p>\n<p>La mayor afluencia de visitantes ha correspondido a Gipuzkoa, con cerca de un 81%, seguida del visitante de Iparralde, que este a\u00f1o ha incrementado su presencia hasta alcanzar el 8%, y del de Navarra con un 5%. En cuanto a las comarcas guipuzcoanas que han aportado m\u00e1s p\u00fablico se encuentran Bidasoaldea (43,3%) y donostialdea (40,77%), seguidas por Tolosaldea (10,08).<\/p>\n<p>Como ha afirmado la directora del certamen, Maialen Gazta\u00f1aga, \u201cuna edici\u00f3n m\u00e1s, y ya van 19, Bioterra ha dejado un gran sabor de boca. Ha habido un gran ambiente durante los tres d\u00edas de feria. Visitantes en los stands de las empresas expositoras, personas participando en todas las actividades. Y para poner la guinda, el tiempo nos ha respetado y las actividades al aire libre, tanto la Bioterraza, como el Yoga Day, se han podido celebrar en las mejores condiciones. As\u00ed que con estas buenas vibraciones nos ponemos ya a trabajar en una edici\u00f3n muy especial: la vig\u00e9sima edici\u00f3n de Bioterra\u201d.<\/p>\n<p>En estos 19 a\u00f1os de trayectoria Bioterra ha alcanzado sus objetivos y se ha convertido en la feria ecol\u00f3gica de referencia del norte del Estado y el sur de Francia, gracias a la calidad de las m\u00e1s de 2.000 empresas expositoras que han acudido en estos a\u00f1os a la feria, a las m\u00e1s de 174.000 personas que la han visitado y a su vocaci\u00f3n divulgativa, tan importante como la propia exposici\u00f3n, con el objetivo de que la feria constituya, tanto para el profesional como para el consumidor, un foro de formaci\u00f3n, informaci\u00f3n e intercambio de conocimientos y estrategias de negocio.<\/p>\n<p>Por todo ello, hoy Bioterra es una cita consolidada y con prestigio en el sector, capaz de dar respuesta a las necesidades de los expositores, que buscan un tratamiento profesional, y a los visitantes, cada d\u00eda m\u00e1s y mejor informados y con mayores conocimientos en materia de sostenibilidad.<\/p>\n<p><a href=\"http:\/\/bioterra.ficoba.org\">http:\/\/bioterra.ficoba.org<\/a><\/p>\n","protected":false},"excerpt":{"rendered":"<p>Las cifras de la 19 edici\u00f3n de la feria Bioterra, que ha tenido lugar este fin de semana en Ficoba, han dejado preparado el camino para que la celebraci\u00f3n en [&hellip;]<\/p>\n","protected":false},"author":2,"featured_media":10460,"comment_status":"closed","ping_status":"closed","sticky":false,"template":"","format":"standard","meta":{"_et_pb_use_builder":"","_et_pb_old_content":"","_et_gb_content_width":"","footnotes":""},"categories":[3],"tags":[],"class_list":["post-10459","post","type-post","status-publish","format-standard","has-post-thumbnail","hentry","category-eventos-y-ferias"],"yoast_head":"<!-- This site is optimized with the Yoast SEO plugin v26.8 - https:\/\/yoast.com\/product\/yoast-seo-wordpress\/ -->\n<title>Bioterra se prepara ya para la celebraci\u00f3n el pr\u00f3ximo a\u00f1o de su edici\u00f3n n\u00famero 20 - Ficoba<\/title>\n<meta name=\"robots\" content=\"index, follow, max-snippet:-1, max-image-preview:large, max-video-preview:-1\" \/>\n<link rel=\"canonical\" href=\"https:\/\/www.ficoba.org\/es\/bioterra-se-prepara-ya-para-la-celebracion-el-proximo-ano-de-su-edicion-numero-20\/\" \/>\n<meta name=\"twitter:label1\" content=\"Escrito por\" \/>\n\t<meta name=\"twitter:data1\" content=\"ficoba\" \/>\n\t<meta name=\"twitter:label2\" content=\"Tiempo de lectura\" \/>\n\t<meta name=\"twitter:data2\" content=\"2 minutos\" \/>\n<script type=\"application\/ld+json\" class=\"yoast-schema-graph\">{\"@context\":\"https:\/\/schema.org\",\"@graph\":[{\"@type\":\"Article\",\"@id\":\"https:\/\/www.ficoba.org\/es\/bioterra-se-prepara-ya-para-la-celebracion-el-proximo-ano-de-su-edicion-numero-20\/#article\",\"isPartOf\":{\"@id\":\"https:\/\/www.ficoba.org\/es\/bioterra-se-prepara-ya-para-la-celebracion-el-proximo-ano-de-su-edicion-numero-20\/\"},\"author\":{\"name\":\"ficoba\",\"@id\":\"https:\/\/www.ficoba.org\/es\/#\/schema\/person\/8a96a121e5dbd393e6e6b5a7ee7ed407\"},\"headline\":\"Bioterra se prepara ya para la celebraci\u00f3n el pr\u00f3ximo a\u00f1o de su edici\u00f3n n\u00famero 20\",\"datePublished\":\"2022-06-06T10:16:48+00:00\",\"mainEntityOfPage\":{\"@id\":\"https:\/\/www.ficoba.org\/es\/bioterra-se-prepara-ya-para-la-celebracion-el-proximo-ano-de-su-edicion-numero-20\/\"},\"wordCount\":433,\"publisher\":{\"@id\":\"https:\/\/www.ficoba.org\/es\/#organization\"},\"image\":{\"@id\":\"https:\/\/www.ficoba.org\/es\/bioterra-se-prepara-ya-para-la-celebracion-el-proximo-ano-de-su-edicion-numero-20\/#primaryimage\"},\"thumbnailUrl\":\"https:\/\/www.ficoba.org\/wp-content\/uploads\/2022\/06\/Bioterra-14.jpg\",\"articleSection\":[\"Eventos y ferias\"],\"inLanguage\":\"es\"},{\"@type\":\"WebPage\",\"@id\":\"https:\/\/www.ficoba.org\/es\/bioterra-se-prepara-ya-para-la-celebracion-el-proximo-ano-de-su-edicion-numero-20\/\",\"url\":\"https:\/\/www.ficoba.org\/es\/bioterra-se-prepara-ya-para-la-celebracion-el-proximo-ano-de-su-edicion-numero-20\/\",\"name\":\"Bioterra se prepara ya para la celebraci\u00f3n el pr\u00f3ximo a\u00f1o de su edici\u00f3n n\u00famero 20 - Ficoba\",\"isPartOf\":{\"@id\":\"https:\/\/www.ficoba.org\/es\/#website\"},\"primaryImageOfPage\":{\"@id\":\"https:\/\/www.ficoba.org\/es\/bioterra-se-prepara-ya-para-la-celebracion-el-proximo-ano-de-su-edicion-numero-20\/#primaryimage\"},\"image\":{\"@id\":\"https:\/\/www.ficoba.org\/es\/bioterra-se-prepara-ya-para-la-celebracion-el-proximo-ano-de-su-edicion-numero-20\/#primaryimage\"},\"thumbnailUrl\":\"https:\/\/www.ficoba.org\/wp-content\/uploads\/2022\/06\/Bioterra-14.jpg\",\"datePublished\":\"2022-06-06T10:16:48+00:00\",\"breadcrumb\":{\"@id\":\"https:\/\/www.ficoba.org\/es\/bioterra-se-prepara-ya-para-la-celebracion-el-proximo-ano-de-su-edicion-numero-20\/#breadcrumb\"},\"inLanguage\":\"es\",\"potentialAction\":[{\"@type\":\"ReadAction\",\"target\":[\"https:\/\/www.ficoba.org\/es\/bioterra-se-prepara-ya-para-la-celebracion-el-proximo-ano-de-su-edicion-numero-20\/\"]}]},{\"@type\":\"ImageObject\",\"inLanguage\":\"es\",\"@id\":\"https:\/\/www.ficoba.org\/es\/bioterra-se-prepara-ya-para-la-celebracion-el-proximo-ano-de-su-edicion-numero-20\/#primaryimage\",\"url\":\"https:\/\/www.ficoba.org\/wp-content\/uploads\/2022\/06\/Bioterra-14.jpg\",\"contentUrl\":\"https:\/\/www.ficoba.org\/wp-content\/uploads\/2022\/06\/Bioterra-14.jpg\",\"width\":1500,\"height\":1000},{\"@type\":\"BreadcrumbList\",\"@id\":\"https:\/\/www.ficoba.org\/es\/bioterra-se-prepara-ya-para-la-celebracion-el-proximo-ano-de-su-edicion-numero-20\/#breadcrumb\",\"itemListElement\":[{\"@type\":\"ListItem\",\"position\":1,\"name\":\"Portada\",\"item\":\"https:\/\/www.ficoba.org\/es\/\"},{\"@type\":\"ListItem\",\"position\":2,\"name\":\"Bioterra se prepara ya para la celebraci\u00f3n el pr\u00f3ximo a\u00f1o de su edici\u00f3n n\u00famero 20\"}]},{\"@type\":\"WebSite\",\"@id\":\"https:\/\/www.ficoba.org\/es\/#website\",\"url\":\"https:\/\/www.ficoba.org\/es\/\",\"name\":\"Ficoba, Recinto Ferial de Gipuzkoa\",\"description\":\"Ficoba, recinto ferial de Gipuzkoa\",\"publisher\":{\"@id\":\"https:\/\/www.ficoba.org\/es\/#organization\"},\"alternateName\":\"Ficoba\",\"potentialAction\":[{\"@type\":\"SearchAction\",\"target\":{\"@type\":\"EntryPoint\",\"urlTemplate\":\"https:\/\/www.ficoba.org\/es\/?s={search_term_string}\"},\"query-input\":{\"@type\":\"PropertyValueSpecification\",\"valueRequired\":true,\"valueName\":\"search_term_string\"}}],\"inLanguage\":\"es\"},{\"@type\":\"Organization\",\"@id\":\"https:\/\/www.ficoba.org\/es\/#organization\",\"name\":\"Ficoba, Reciento Ferial de Gipuzkoa\",\"url\":\"https:\/\/www.ficoba.org\/es\/\",\"logo\":{\"@type\":\"ImageObject\",\"inLanguage\":\"es\",\"@id\":\"https:\/\/www.ficoba.org\/es\/#\/schema\/logo\/image\/\",\"url\":\"https:\/\/www.ficoba.org\/wp-content\/uploads\/2018\/11\/logo_ficoba.png\",\"contentUrl\":\"https:\/\/www.ficoba.org\/wp-content\/uploads\/2018\/11\/logo_ficoba.png\",\"width\":200,\"height\":124,\"caption\":\"Ficoba, Reciento Ferial de Gipuzkoa\"},\"image\":{\"@id\":\"https:\/\/www.ficoba.org\/es\/#\/schema\/logo\/image\/\"},\"sameAs\":[\"https:\/\/www.facebook.com\/FICOBAFUNDAZIOA\/\",\"https:\/\/x.com\/FicobaFundazioa\",\"https:\/\/www.youtube.com\/channel\/UCvo2JGluemyCf5KPRmEF9JQ\",\"https:\/\/www.linkedin.com\/company\/ficoba\/\",\"https:\/\/www.instagram.com\/ficobafundazioa\/\"]},{\"@type\":\"Person\",\"@id\":\"https:\/\/www.ficoba.org\/es\/#\/schema\/person\/8a96a121e5dbd393e6e6b5a7ee7ed407\",\"name\":\"ficoba\",\"image\":{\"@type\":\"ImageObject\",\"inLanguage\":\"es\",\"@id\":\"https:\/\/www.ficoba.org\/es\/#\/schema\/person\/image\/\",\"url\":\"https:\/\/secure.gravatar.com\/avatar\/c90cc0e07f75fecbe4165c1906a4cd61b0179a28caae2205d37516e4fb7c30c1?s=96&d=mm&r=g\",\"contentUrl\":\"https:\/\/secure.gravatar.com\/avatar\/c90cc0e07f75fecbe4165c1906a4cd61b0179a28caae2205d37516e4fb7c30c1?s=96&d=mm&r=g\",\"caption\":\"ficoba\"}}]}<\/script>\n<!-- \/ Yoast SEO plugin. -->","yoast_head_json":{"title":"Bioterra se prepara ya para la celebraci\u00f3n el pr\u00f3ximo a\u00f1o de su edici\u00f3n n\u00famero 20 - Ficoba","robots":{"index":"index","follow":"follow","max-snippet":"max-snippet:-1","max-image-preview":"max-image-preview:large","max-video-preview":"max-video-preview:-1"},"canonical":"https:\/\/www.ficoba.org\/es\/bioterra-se-prepara-ya-para-la-celebracion-el-proximo-ano-de-su-edicion-numero-20\/","twitter_misc":{"Escrito por":"ficoba","Tiempo de lectura":"2 minutos"},"schema":{"@context":"https:\/\/schema.org","@graph":[{"@type":"Article","@id":"https:\/\/www.ficoba.org\/es\/bioterra-se-prepara-ya-para-la-celebracion-el-proximo-ano-de-su-edicion-numero-20\/#article","isPartOf":{"@id":"https:\/\/www.ficoba.org\/es\/bioterra-se-prepara-ya-para-la-celebracion-el-proximo-ano-de-su-edicion-numero-20\/"},"author":{"name":"ficoba","@id":"https:\/\/www.ficoba.org\/es\/#\/schema\/person\/8a96a121e5dbd393e6e6b5a7ee7ed407"},"headline":"Bioterra se prepara ya para la celebraci\u00f3n el pr\u00f3ximo a\u00f1o de su edici\u00f3n n\u00famero 20","datePublished":"2022-06-06T10:16:48+00:00","mainEntityOfPage":{"@id":"https:\/\/www.ficoba.org\/es\/bioterra-se-prepara-ya-para-la-celebracion-el-proximo-ano-de-su-edicion-numero-20\/"},"wordCount":433,"publisher":{"@id":"https:\/\/www.ficoba.org\/es\/#organization"},"image":{"@id":"https:\/\/www.ficoba.org\/es\/bioterra-se-prepara-ya-para-la-celebracion-el-proximo-ano-de-su-edicion-numero-20\/#primaryimage"},"thumbnailUrl":"https:\/\/www.ficoba.org\/wp-content\/uploads\/2022\/06\/Bioterra-14.jpg","articleSection":["Eventos y ferias"],"inLanguage":"es"},{"@type":"WebPage","@id":"https:\/\/www.ficoba.org\/es\/bioterra-se-prepara-ya-para-la-celebracion-el-proximo-ano-de-su-edicion-numero-20\/","url":"https:\/\/www.ficoba.org\/es\/bioterra-se-prepara-ya-para-la-celebracion-el-proximo-ano-de-su-edicion-numero-20\/","name":"Bioterra se prepara ya para la celebraci\u00f3n el pr\u00f3ximo a\u00f1o de su edici\u00f3n n\u00famero 20 - Ficoba","isPartOf":{"@id":"https:\/\/www.ficoba.org\/es\/#website"},"primaryImageOfPage":{"@id":"https:\/\/www.ficoba.org\/es\/bioterra-se-prepara-ya-para-la-celebracion-el-proximo-ano-de-su-edicion-numero-20\/#primaryimage"},"image":{"@id":"https:\/\/www.ficoba.org\/es\/bioterra-se-prepara-ya-para-la-celebracion-el-proximo-ano-de-su-edicion-numero-20\/#primaryimage"},"thumbnailUrl":"https:\/\/www.ficoba.org\/wp-content\/uploads\/2022\/06\/Bioterra-14.jpg","datePublished":"2022-06-06T10:16:48+00:00","breadcrumb":{"@id":"https:\/\/www.ficoba.org\/es\/bioterra-se-prepara-ya-para-la-celebracion-el-proximo-ano-de-su-edicion-numero-20\/#breadcrumb"},"inLanguage":"es","potentialAction":[{"@type":"ReadAction","target":["https:\/\/www.ficoba.org\/es\/bioterra-se-prepara-ya-para-la-celebracion-el-proximo-ano-de-su-edicion-numero-20\/"]}]},{"@type":"ImageObject","inLanguage":"es","@id":"https:\/\/www.ficoba.org\/es\/bioterra-se-prepara-ya-para-la-celebracion-el-proximo-ano-de-su-edicion-numero-20\/#primaryimage","url":"https:\/\/www.ficoba.org\/wp-content\/uploads\/2022\/06\/Bioterra-14.jpg","contentUrl":"https:\/\/www.ficoba.org\/wp-content\/uploads\/2022\/06\/Bioterra-14.jpg","width":1500,"height":1000},{"@type":"BreadcrumbList","@id":"https:\/\/www.ficoba.org\/es\/bioterra-se-prepara-ya-para-la-celebracion-el-proximo-ano-de-su-edicion-numero-20\/#breadcrumb","itemListElement":[{"@type":"ListItem","position":1,"name":"Portada","item":"https:\/\/www.ficoba.org\/es\/"},{"@type":"ListItem","position":2,"name":"Bioterra se prepara ya para la celebraci\u00f3n el pr\u00f3ximo a\u00f1o de su edici\u00f3n n\u00famero 20"}]},{"@type":"WebSite","@id":"https:\/\/www.ficoba.org\/es\/#website","url":"https:\/\/www.ficoba.org\/es\/","name":"Ficoba, Recinto Ferial de Gipuzkoa","description":"Ficoba, recinto ferial de Gipuzkoa","publisher":{"@id":"https:\/\/www.ficoba.org\/es\/#organization"},"alternateName":"Ficoba","potentialAction":[{"@type":"SearchAction","target":{"@type":"EntryPoint","urlTemplate":"https:\/\/www.ficoba.org\/es\/?s={search_term_string}"},"query-input":{"@type":"PropertyValueSpecification","valueRequired":true,"valueName":"search_term_string"}}],"inLanguage":"es"},{"@type":"Organization","@id":"https:\/\/www.ficoba.org\/es\/#organization","name":"Ficoba, Reciento Ferial de Gipuzkoa","url":"https:\/\/www.ficoba.org\/es\/","logo":{"@type":"ImageObject","inLanguage":"es","@id":"https:\/\/www.ficoba.org\/es\/#\/schema\/logo\/image\/","url":"https:\/\/www.ficoba.org\/wp-content\/uploads\/2018\/11\/logo_ficoba.png","contentUrl":"https:\/\/www.ficoba.org\/wp-content\/uploads\/2018\/11\/logo_ficoba.png","width":200,"height":124,"caption":"Ficoba, Reciento Ferial de Gipuzkoa"},"image":{"@id":"https:\/\/www.ficoba.org\/es\/#\/schema\/logo\/image\/"},"sameAs":["https:\/\/www.facebook.com\/FICOBAFUNDAZIOA\/","https:\/\/x.com\/FicobaFundazioa","https:\/\/www.youtube.com\/channel\/UCvo2JGluemyCf5KPRmEF9JQ","https:\/\/www.linkedin.com\/company\/ficoba\/","https:\/\/www.instagram.com\/ficobafundazioa\/"]},{"@type":"Person","@id":"https:\/\/www.ficoba.org\/es\/#\/schema\/person\/8a96a121e5dbd393e6e6b5a7ee7ed407","name":"ficoba","image":{"@type":"ImageObject","inLanguage":"es","@id":"https:\/\/www.ficoba.org\/es\/#\/schema\/person\/image\/","url":"https:\/\/secure.gravatar.com\/avatar\/c90cc0e07f75fecbe4165c1906a4cd61b0179a28caae2205d37516e4fb7c30c1?s=96&d=mm&r=g","contentUrl":"https:\/\/secure.gravatar.com\/avatar\/c90cc0e07f75fecbe4165c1906a4cd61b0179a28caae2205d37516e4fb7c30c1?s=96&d=mm&r=g","caption":"ficoba"}}]}},"_links":{"self":[{"href":"https:\/\/www.ficoba.org\/es\/wp-json\/wp\/v2\/posts\/10459","targetHints":{"allow":["GET"]}}],"collection":[{"href":"https:\/\/www.ficoba.org\/es\/wp-json\/wp\/v2\/posts"}],"about":[{"href":"https:\/\/www.ficoba.org\/es\/wp-json\/wp\/v2\/types\/post"}],"author":[{"embeddable":true,"href":"https:\/\/www.ficoba.org\/es\/wp-json\/wp\/v2\/users\/2"}],"replies":[{"embeddable":true,"href":"https:\/\/www.ficoba.org\/es\/wp-json\/wp\/v2\/comments?post=10459"}],"version-history":[{"count":1,"href":"https:\/\/www.ficoba.org\/es\/wp-json\/wp\/v2\/posts\/10459\/revisions"}],"predecessor-version":[{"id":10464,"href":"https:\/\/www.ficoba.org\/es\/wp-json\/wp\/v2\/posts\/10459\/revisions\/10464"}],"wp:featuredmedia":[{"embeddable":true,"href":"https:\/\/www.ficoba.org\/es\/wp-json\/wp\/v2\/media\/10460"}],"wp:attachment":[{"href":"https:\/\/www.ficoba.org\/es\/wp-json\/wp\/v2\/media?parent=10459"}],"wp:term":[{"taxonomy":"category","embeddable":true,"href":"https:\/\/www.ficoba.org\/es\/wp-json\/wp\/v2\/categories?post=10459"},{"taxonomy":"post_tag","embeddable":true,"href":"https:\/\/www.ficoba.org\/es\/wp-json\/wp\/v2\/tags?post=10459"}],"curies":[{"name":"wp","href":"https:\/\/api.w.org\/{rel}","templated":true}]}}