{"id":10065,"date":"2022-04-29T11:55:04","date_gmt":"2022-04-29T09:55:04","guid":{"rendered":"https:\/\/www.ficoba.org\/?p=10065"},"modified":"2022-04-29T11:55:04","modified_gmt":"2022-04-29T09:55:04","slug":"go-mobility-by-mubil-clausura-una-edicion-marcada-por-las-buenas-expectativas-de-un-sector-en-crecimiento","status":"publish","type":"post","link":"https:\/\/www.ficoba.org\/es\/go-mobility-by-mubil-clausura-una-edicion-marcada-por-las-buenas-expectativas-de-un-sector-en-crecimiento\/","title":{"rendered":"Go Mobility by MUBIL clausura una edici\u00f3n marcada por las buenas expectativas de un sector en crecimiento"},"content":{"rendered":"<p>Go Mobility by MUBIL cerr\u00f3 ayer jueves sus puertas tras dos d\u00edas de feria que han supuesto el reencuentro de la industria de la movilidad sostenible del sur de Europa en un sal\u00f3n presencial celebrado en Ficoba.<\/p>\n<p>El sector ten\u00eda ganas de reencontrarse, y eso se ha notado en los tres pabellones del recinto ferial que han gozado de un excelente ambiente. Cerca de 1.500 personas se han acercado estos d\u00edas a Ficoba para conocer de primera mano las propuestas de productos y servicios de las 102 empresas expositoras que han participado en esta tercera edici\u00f3n de la feria.<\/p>\n<p>En un primer an\u00e1lisis de las encuestas realizadas a los expositores se constata un alto nivel de satisfacci\u00f3n por la calidad del visitante que ha atra\u00eddo la feria. De hecho, el 87% de los encuestados muestra su inter\u00e9s por volver a participar en la pr\u00f3xima edici\u00f3n de Go Mobility by MUBIL.<\/p>\n<p>En este sentido se ha manifestado Ane Insausti, directora de MUBIL, quien ha se\u00f1alado que \u201che tenido la oportunidad de charlar con muchas de las firmas expositoras y como valoraci\u00f3n me remito a sus palabras. Todas coinciden en afirmar que su paso por Go Mobility by MUBIL ha sido muy provechoso, que han tenido muchas consultas y que han realizado contactos de calidad. As\u00ed que mi valoraci\u00f3n de c\u00f3mo ha discurrido la feria es altamente satisfactoria\u201d.<\/p>\n<p>Una satisfacci\u00f3n que se hace extensiva a los visitantes que han valorado muy positivamente tanto la variedad como la novedad de las propuestas que han encontrado en Go Mobility by MUBIL, as\u00ed como la calidad y el inter\u00e9s de la tem\u00e1tica del programa de conferencias en el que han intervenido personalidades destacadas del \u00e1mbito de la movilidad sostenible.<\/p>\n<p>Respecto a la procedencia de los cerca de 1.5000 visitantes profesionales, el 59% ha llegado desde Euskadi, el 32 del Estado, principalmente de Madrid y Barcelona, y un 9% de pa\u00edses europeos.<\/p>\n<p>Asimismo, han querido resaltar el marco que ofrece la feria como punto de encuentro del sector en el que surgen nuevas posibilidades de partenariado entre las propias empresas, entidades p\u00fablicas y administraciones.<\/p>\n<p>Tanto las firmas expositoras como los visitantes han coincidido en destacar la importancia de eventos como Go Mobility by MUBIL para potenciar la actividad en torno a un sector clave de la econom\u00eda, en el que los plazos de las leyes que marcan el camino hacia una movilidad sostenible est\u00e1n a la vuelta de la esquina y son muchos los agentes que tienen que tomar decisiones, desde las instituciones y las grandes operadoras hasta las propias personas usuarias particulares.<\/p>\n<p>En este sentido cabe destacar la presencia en Go Mobility by MUBIL de un nutrido grupo de grandes compradores, tanto nacionales como internacionales, que tienen previsto realizar inversiones en estos sectores en los pr\u00f3ximos 24 meses y que acuden a citas como Go Mobility by MUBIL para buscar los productos y servicios que m\u00e1s se ajustan a sus necesidades.<\/p>\n<p>Go Mobility by MUBIL ha celebrado su tercera edici\u00f3n bajo el lema \u201cel presente y el futuro de la movilidad sostenible\u201d los d\u00edas 27 y 28 de abril de 2022, en el Recinto Ferial Ficoba de Irun. Esta exposici\u00f3n industrial, impulsada por MUBIL Fundazioa, creada dentro del marco Etorkizuna Eraikiz de la Diputaci\u00f3n Foral de Gipuzkoa, y organizada por \u00e9sta en colaboraci\u00f3n con Ficoba, cuenta con el apoyo del propio ente foral y del Gobierno Vasco, ha reunido al conjunto de actores de la cadena de valor de la nueva movilidad.<\/p>\n<p><strong>www.gomobility.eus<\/strong><\/p>\n<p>&nbsp;<\/p>\n","protected":false},"excerpt":{"rendered":"<p>Go Mobility by MUBIL cerr\u00f3 ayer jueves sus puertas tras dos d\u00edas de feria que han supuesto el reencuentro de la industria de la movilidad sostenible del sur de Europa [&hellip;]<\/p>\n","protected":false},"author":2,"featured_media":10082,"comment_status":"closed","ping_status":"closed","sticky":false,"template":"","format":"standard","meta":{"_et_pb_use_builder":"","_et_pb_old_content":"","_et_gb_content_width":"","footnotes":""},"categories":[3],"tags":[294,243,242,244,118],"class_list":["post-10065","post","type-post","status-publish","format-standard","has-post-thumbnail","hentry","category-eventos-y-ferias","tag-e-mobility","tag-movilidad-conectada","tag-movilidad-limpia","tag-movilidad-segura","tag-movilidad-sostenible"],"yoast_head":"<!-- This site is optimized with the Yoast SEO plugin v26.8 - https:\/\/yoast.com\/product\/yoast-seo-wordpress\/ -->\n<title>Go Mobility by MUBIL clausura una edici\u00f3n marcada por las buenas expectativas de un sector en crecimiento - Ficoba<\/title>\n<meta name=\"robots\" content=\"index, follow, max-snippet:-1, max-image-preview:large, max-video-preview:-1\" \/>\n<link rel=\"canonical\" href=\"https:\/\/www.ficoba.org\/es\/go-mobility-by-mubil-clausura-una-edicion-marcada-por-las-buenas-expectativas-de-un-sector-en-crecimiento\/\" \/>\n<meta name=\"twitter:label1\" content=\"Escrito por\" \/>\n\t<meta name=\"twitter:data1\" content=\"ficoba\" \/>\n\t<meta name=\"twitter:label2\" content=\"Tiempo de lectura\" \/>\n\t<meta name=\"twitter:data2\" content=\"3 minutos\" \/>\n<script type=\"application\/ld+json\" class=\"yoast-schema-graph\">{\"@context\":\"https:\/\/schema.org\",\"@graph\":[{\"@type\":\"Article\",\"@id\":\"https:\/\/www.ficoba.org\/es\/go-mobility-by-mubil-clausura-una-edicion-marcada-por-las-buenas-expectativas-de-un-sector-en-crecimiento\/#article\",\"isPartOf\":{\"@id\":\"https:\/\/www.ficoba.org\/es\/go-mobility-by-mubil-clausura-una-edicion-marcada-por-las-buenas-expectativas-de-un-sector-en-crecimiento\/\"},\"author\":{\"name\":\"ficoba\",\"@id\":\"https:\/\/www.ficoba.org\/es\/#\/schema\/person\/8a96a121e5dbd393e6e6b5a7ee7ed407\"},\"headline\":\"Go Mobility by MUBIL clausura una edici\u00f3n marcada por las buenas expectativas de un sector en crecimiento\",\"datePublished\":\"2022-04-29T09:55:04+00:00\",\"mainEntityOfPage\":{\"@id\":\"https:\/\/www.ficoba.org\/es\/go-mobility-by-mubil-clausura-una-edicion-marcada-por-las-buenas-expectativas-de-un-sector-en-crecimiento\/\"},\"wordCount\":617,\"publisher\":{\"@id\":\"https:\/\/www.ficoba.org\/es\/#organization\"},\"image\":{\"@id\":\"https:\/\/www.ficoba.org\/es\/go-mobility-by-mubil-clausura-una-edicion-marcada-por-las-buenas-expectativas-de-un-sector-en-crecimiento\/#primaryimage\"},\"thumbnailUrl\":\"https:\/\/www.ficoba.org\/wp-content\/uploads\/2022\/04\/Go-Mobility-6.jpg\",\"keywords\":[\"e-mobility\",\"movilidad conectada\",\"movilidad limpia\",\"movilidad segura\",\"Movilidad sostenible\"],\"articleSection\":[\"Eventos y ferias\"],\"inLanguage\":\"es\"},{\"@type\":\"WebPage\",\"@id\":\"https:\/\/www.ficoba.org\/es\/go-mobility-by-mubil-clausura-una-edicion-marcada-por-las-buenas-expectativas-de-un-sector-en-crecimiento\/\",\"url\":\"https:\/\/www.ficoba.org\/es\/go-mobility-by-mubil-clausura-una-edicion-marcada-por-las-buenas-expectativas-de-un-sector-en-crecimiento\/\",\"name\":\"Go Mobility by MUBIL clausura una edici\u00f3n marcada por las buenas expectativas de un sector en crecimiento - Ficoba\",\"isPartOf\":{\"@id\":\"https:\/\/www.ficoba.org\/es\/#website\"},\"primaryImageOfPage\":{\"@id\":\"https:\/\/www.ficoba.org\/es\/go-mobility-by-mubil-clausura-una-edicion-marcada-por-las-buenas-expectativas-de-un-sector-en-crecimiento\/#primaryimage\"},\"image\":{\"@id\":\"https:\/\/www.ficoba.org\/es\/go-mobility-by-mubil-clausura-una-edicion-marcada-por-las-buenas-expectativas-de-un-sector-en-crecimiento\/#primaryimage\"},\"thumbnailUrl\":\"https:\/\/www.ficoba.org\/wp-content\/uploads\/2022\/04\/Go-Mobility-6.jpg\",\"datePublished\":\"2022-04-29T09:55:04+00:00\",\"breadcrumb\":{\"@id\":\"https:\/\/www.ficoba.org\/es\/go-mobility-by-mubil-clausura-una-edicion-marcada-por-las-buenas-expectativas-de-un-sector-en-crecimiento\/#breadcrumb\"},\"inLanguage\":\"es\",\"potentialAction\":[{\"@type\":\"ReadAction\",\"target\":[\"https:\/\/www.ficoba.org\/es\/go-mobility-by-mubil-clausura-una-edicion-marcada-por-las-buenas-expectativas-de-un-sector-en-crecimiento\/\"]}]},{\"@type\":\"ImageObject\",\"inLanguage\":\"es\",\"@id\":\"https:\/\/www.ficoba.org\/es\/go-mobility-by-mubil-clausura-una-edicion-marcada-por-las-buenas-expectativas-de-un-sector-en-crecimiento\/#primaryimage\",\"url\":\"https:\/\/www.ficoba.org\/wp-content\/uploads\/2022\/04\/Go-Mobility-6.jpg\",\"contentUrl\":\"https:\/\/www.ficoba.org\/wp-content\/uploads\/2022\/04\/Go-Mobility-6.jpg\",\"width\":683,\"height\":1024},{\"@type\":\"BreadcrumbList\",\"@id\":\"https:\/\/www.ficoba.org\/es\/go-mobility-by-mubil-clausura-una-edicion-marcada-por-las-buenas-expectativas-de-un-sector-en-crecimiento\/#breadcrumb\",\"itemListElement\":[{\"@type\":\"ListItem\",\"position\":1,\"name\":\"Portada\",\"item\":\"https:\/\/www.ficoba.org\/es\/\"},{\"@type\":\"ListItem\",\"position\":2,\"name\":\"Go Mobility by MUBIL clausura una edici\u00f3n marcada por las buenas expectativas de un sector en crecimiento\"}]},{\"@type\":\"WebSite\",\"@id\":\"https:\/\/www.ficoba.org\/es\/#website\",\"url\":\"https:\/\/www.ficoba.org\/es\/\",\"name\":\"Ficoba, Recinto Ferial de Gipuzkoa\",\"description\":\"Ficoba, recinto ferial de Gipuzkoa\",\"publisher\":{\"@id\":\"https:\/\/www.ficoba.org\/es\/#organization\"},\"alternateName\":\"Ficoba\",\"potentialAction\":[{\"@type\":\"SearchAction\",\"target\":{\"@type\":\"EntryPoint\",\"urlTemplate\":\"https:\/\/www.ficoba.org\/es\/?s={search_term_string}\"},\"query-input\":{\"@type\":\"PropertyValueSpecification\",\"valueRequired\":true,\"valueName\":\"search_term_string\"}}],\"inLanguage\":\"es\"},{\"@type\":\"Organization\",\"@id\":\"https:\/\/www.ficoba.org\/es\/#organization\",\"name\":\"Ficoba, Reciento Ferial de Gipuzkoa\",\"url\":\"https:\/\/www.ficoba.org\/es\/\",\"logo\":{\"@type\":\"ImageObject\",\"inLanguage\":\"es\",\"@id\":\"https:\/\/www.ficoba.org\/es\/#\/schema\/logo\/image\/\",\"url\":\"https:\/\/www.ficoba.org\/wp-content\/uploads\/2018\/11\/logo_ficoba.png\",\"contentUrl\":\"https:\/\/www.ficoba.org\/wp-content\/uploads\/2018\/11\/logo_ficoba.png\",\"width\":200,\"height\":124,\"caption\":\"Ficoba, Reciento Ferial de Gipuzkoa\"},\"image\":{\"@id\":\"https:\/\/www.ficoba.org\/es\/#\/schema\/logo\/image\/\"},\"sameAs\":[\"https:\/\/www.facebook.com\/FICOBAFUNDAZIOA\/\",\"https:\/\/x.com\/FicobaFundazioa\",\"https:\/\/www.youtube.com\/channel\/UCvo2JGluemyCf5KPRmEF9JQ\",\"https:\/\/www.linkedin.com\/company\/ficoba\/\",\"https:\/\/www.instagram.com\/ficobafundazioa\/\"]},{\"@type\":\"Person\",\"@id\":\"https:\/\/www.ficoba.org\/es\/#\/schema\/person\/8a96a121e5dbd393e6e6b5a7ee7ed407\",\"name\":\"ficoba\",\"image\":{\"@type\":\"ImageObject\",\"inLanguage\":\"es\",\"@id\":\"https:\/\/www.ficoba.org\/es\/#\/schema\/person\/image\/\",\"url\":\"https:\/\/secure.gravatar.com\/avatar\/c90cc0e07f75fecbe4165c1906a4cd61b0179a28caae2205d37516e4fb7c30c1?s=96&d=mm&r=g\",\"contentUrl\":\"https:\/\/secure.gravatar.com\/avatar\/c90cc0e07f75fecbe4165c1906a4cd61b0179a28caae2205d37516e4fb7c30c1?s=96&d=mm&r=g\",\"caption\":\"ficoba\"}}]}<\/script>\n<!-- \/ Yoast SEO plugin. -->","yoast_head_json":{"title":"Go Mobility by MUBIL clausura una edici\u00f3n marcada por las buenas expectativas de un sector en crecimiento - Ficoba","robots":{"index":"index","follow":"follow","max-snippet":"max-snippet:-1","max-image-preview":"max-image-preview:large","max-video-preview":"max-video-preview:-1"},"canonical":"https:\/\/www.ficoba.org\/es\/go-mobility-by-mubil-clausura-una-edicion-marcada-por-las-buenas-expectativas-de-un-sector-en-crecimiento\/","twitter_misc":{"Escrito por":"ficoba","Tiempo de lectura":"3 minutos"},"schema":{"@context":"https:\/\/schema.org","@graph":[{"@type":"Article","@id":"https:\/\/www.ficoba.org\/es\/go-mobility-by-mubil-clausura-una-edicion-marcada-por-las-buenas-expectativas-de-un-sector-en-crecimiento\/#article","isPartOf":{"@id":"https:\/\/www.ficoba.org\/es\/go-mobility-by-mubil-clausura-una-edicion-marcada-por-las-buenas-expectativas-de-un-sector-en-crecimiento\/"},"author":{"name":"ficoba","@id":"https:\/\/www.ficoba.org\/es\/#\/schema\/person\/8a96a121e5dbd393e6e6b5a7ee7ed407"},"headline":"Go Mobility by MUBIL clausura una edici\u00f3n marcada por las buenas expectativas de un sector en crecimiento","datePublished":"2022-04-29T09:55:04+00:00","mainEntityOfPage":{"@id":"https:\/\/www.ficoba.org\/es\/go-mobility-by-mubil-clausura-una-edicion-marcada-por-las-buenas-expectativas-de-un-sector-en-crecimiento\/"},"wordCount":617,"publisher":{"@id":"https:\/\/www.ficoba.org\/es\/#organization"},"image":{"@id":"https:\/\/www.ficoba.org\/es\/go-mobility-by-mubil-clausura-una-edicion-marcada-por-las-buenas-expectativas-de-un-sector-en-crecimiento\/#primaryimage"},"thumbnailUrl":"https:\/\/www.ficoba.org\/wp-content\/uploads\/2022\/04\/Go-Mobility-6.jpg","keywords":["e-mobility","movilidad conectada","movilidad limpia","movilidad segura","Movilidad sostenible"],"articleSection":["Eventos y ferias"],"inLanguage":"es"},{"@type":"WebPage","@id":"https:\/\/www.ficoba.org\/es\/go-mobility-by-mubil-clausura-una-edicion-marcada-por-las-buenas-expectativas-de-un-sector-en-crecimiento\/","url":"https:\/\/www.ficoba.org\/es\/go-mobility-by-mubil-clausura-una-edicion-marcada-por-las-buenas-expectativas-de-un-sector-en-crecimiento\/","name":"Go Mobility by MUBIL clausura una edici\u00f3n marcada por las buenas expectativas de un sector en crecimiento - Ficoba","isPartOf":{"@id":"https:\/\/www.ficoba.org\/es\/#website"},"primaryImageOfPage":{"@id":"https:\/\/www.ficoba.org\/es\/go-mobility-by-mubil-clausura-una-edicion-marcada-por-las-buenas-expectativas-de-un-sector-en-crecimiento\/#primaryimage"},"image":{"@id":"https:\/\/www.ficoba.org\/es\/go-mobility-by-mubil-clausura-una-edicion-marcada-por-las-buenas-expectativas-de-un-sector-en-crecimiento\/#primaryimage"},"thumbnailUrl":"https:\/\/www.ficoba.org\/wp-content\/uploads\/2022\/04\/Go-Mobility-6.jpg","datePublished":"2022-04-29T09:55:04+00:00","breadcrumb":{"@id":"https:\/\/www.ficoba.org\/es\/go-mobility-by-mubil-clausura-una-edicion-marcada-por-las-buenas-expectativas-de-un-sector-en-crecimiento\/#breadcrumb"},"inLanguage":"es","potentialAction":[{"@type":"ReadAction","target":["https:\/\/www.ficoba.org\/es\/go-mobility-by-mubil-clausura-una-edicion-marcada-por-las-buenas-expectativas-de-un-sector-en-crecimiento\/"]}]},{"@type":"ImageObject","inLanguage":"es","@id":"https:\/\/www.ficoba.org\/es\/go-mobility-by-mubil-clausura-una-edicion-marcada-por-las-buenas-expectativas-de-un-sector-en-crecimiento\/#primaryimage","url":"https:\/\/www.ficoba.org\/wp-content\/uploads\/2022\/04\/Go-Mobility-6.jpg","contentUrl":"https:\/\/www.ficoba.org\/wp-content\/uploads\/2022\/04\/Go-Mobility-6.jpg","width":683,"height":1024},{"@type":"BreadcrumbList","@id":"https:\/\/www.ficoba.org\/es\/go-mobility-by-mubil-clausura-una-edicion-marcada-por-las-buenas-expectativas-de-un-sector-en-crecimiento\/#breadcrumb","itemListElement":[{"@type":"ListItem","position":1,"name":"Portada","item":"https:\/\/www.ficoba.org\/es\/"},{"@type":"ListItem","position":2,"name":"Go Mobility by MUBIL clausura una edici\u00f3n marcada por las buenas expectativas de un sector en crecimiento"}]},{"@type":"WebSite","@id":"https:\/\/www.ficoba.org\/es\/#website","url":"https:\/\/www.ficoba.org\/es\/","name":"Ficoba, Recinto Ferial de Gipuzkoa","description":"Ficoba, recinto ferial de Gipuzkoa","publisher":{"@id":"https:\/\/www.ficoba.org\/es\/#organization"},"alternateName":"Ficoba","potentialAction":[{"@type":"SearchAction","target":{"@type":"EntryPoint","urlTemplate":"https:\/\/www.ficoba.org\/es\/?s={search_term_string}"},"query-input":{"@type":"PropertyValueSpecification","valueRequired":true,"valueName":"search_term_string"}}],"inLanguage":"es"},{"@type":"Organization","@id":"https:\/\/www.ficoba.org\/es\/#organization","name":"Ficoba, Reciento Ferial de Gipuzkoa","url":"https:\/\/www.ficoba.org\/es\/","logo":{"@type":"ImageObject","inLanguage":"es","@id":"https:\/\/www.ficoba.org\/es\/#\/schema\/logo\/image\/","url":"https:\/\/www.ficoba.org\/wp-content\/uploads\/2018\/11\/logo_ficoba.png","contentUrl":"https:\/\/www.ficoba.org\/wp-content\/uploads\/2018\/11\/logo_ficoba.png","width":200,"height":124,"caption":"Ficoba, Reciento Ferial de Gipuzkoa"},"image":{"@id":"https:\/\/www.ficoba.org\/es\/#\/schema\/logo\/image\/"},"sameAs":["https:\/\/www.facebook.com\/FICOBAFUNDAZIOA\/","https:\/\/x.com\/FicobaFundazioa","https:\/\/www.youtube.com\/channel\/UCvo2JGluemyCf5KPRmEF9JQ","https:\/\/www.linkedin.com\/company\/ficoba\/","https:\/\/www.instagram.com\/ficobafundazioa\/"]},{"@type":"Person","@id":"https:\/\/www.ficoba.org\/es\/#\/schema\/person\/8a96a121e5dbd393e6e6b5a7ee7ed407","name":"ficoba","image":{"@type":"ImageObject","inLanguage":"es","@id":"https:\/\/www.ficoba.org\/es\/#\/schema\/person\/image\/","url":"https:\/\/secure.gravatar.com\/avatar\/c90cc0e07f75fecbe4165c1906a4cd61b0179a28caae2205d37516e4fb7c30c1?s=96&d=mm&r=g","contentUrl":"https:\/\/secure.gravatar.com\/avatar\/c90cc0e07f75fecbe4165c1906a4cd61b0179a28caae2205d37516e4fb7c30c1?s=96&d=mm&r=g","caption":"ficoba"}}]}},"_links":{"self":[{"href":"https:\/\/www.ficoba.org\/es\/wp-json\/wp\/v2\/posts\/10065","targetHints":{"allow":["GET"]}}],"collection":[{"href":"https:\/\/www.ficoba.org\/es\/wp-json\/wp\/v2\/posts"}],"about":[{"href":"https:\/\/www.ficoba.org\/es\/wp-json\/wp\/v2\/types\/post"}],"author":[{"embeddable":true,"href":"https:\/\/www.ficoba.org\/es\/wp-json\/wp\/v2\/users\/2"}],"replies":[{"embeddable":true,"href":"https:\/\/www.ficoba.org\/es\/wp-json\/wp\/v2\/comments?post=10065"}],"version-history":[{"count":1,"href":"https:\/\/www.ficoba.org\/es\/wp-json\/wp\/v2\/posts\/10065\/revisions"}],"predecessor-version":[{"id":10086,"href":"https:\/\/www.ficoba.org\/es\/wp-json\/wp\/v2\/posts\/10065\/revisions\/10086"}],"wp:featuredmedia":[{"embeddable":true,"href":"https:\/\/www.ficoba.org\/es\/wp-json\/wp\/v2\/media\/10082"}],"wp:attachment":[{"href":"https:\/\/www.ficoba.org\/es\/wp-json\/wp\/v2\/media?parent=10065"}],"wp:term":[{"taxonomy":"category","embeddable":true,"href":"https:\/\/www.ficoba.org\/es\/wp-json\/wp\/v2\/categories?post=10065"},{"taxonomy":"post_tag","embeddable":true,"href":"https:\/\/www.ficoba.org\/es\/wp-json\/wp\/v2\/tags?post=10065"}],"curies":[{"name":"wp","href":"https:\/\/api.w.org\/{rel}","templated":true}]}}